{"id":22004,"date":"2022-09-22T12:07:53","date_gmt":"2022-09-22T12:07:53","guid":{"rendered":"https:\/\/www.northcdatacenters.com\/ch-de\/?p=22004"},"modified":"2026-04-21T13:25:53","modified_gmt":"2026-04-21T13:25:53","slug":"datacenter-verfuegbarkeit-bei-einer-strommangellage-in-der-schweiz","status":"publish","type":"post","link":"https:\/\/www.northcdatacenters.com\/ch-de\/datacenter\/datacenter-verfuegbarkeit-bei-einer-strommangellage-in-der-schweiz\/","title":{"rendered":"Datacenter Verf\u00fcgbarkeit bei einer Strommangellage in der Schweiz"},"content":{"rendered":"<div class=\"wpb-content-wrapper\"><p>[vc_row el_class=&#187;border-bottom&#187;][vc_column][vc_column_text css=&#187;&#187; lead=&#187;true&#187;]<strong>Kein Risiko bedroht die Schweiz gem\u00e4ss nationaler Risikoanalyse \u201eKatastrophen und Notlagen Schweiz\u201c des Bundesamts f\u00fcr Bev\u00f6lkerungsschutz aktuell mehr als jenes einer Strommangellage.<\/strong><\/p>\n<p><strong>Die Gef\u00e4hrdung weisst ein hohes Schadenspotenzial mit einer gleichzeitig relativ hohen Eintrittswahrscheinlichkeit auf. Gr\u00fcnde, die zu einer langandauernden Strommangellage f\u00fchren k\u00f6nnen, sind vielf\u00e4ltig, komplex und oft unvorhersehbar.<\/strong><\/p>\n<p><strong>Die l\u00fcckenhafte Gasversorgung, die kurzzeitigen Ausf\u00e4lle franz\u00f6sischer Kernkraftwerke und die derzeitige Trockenheit haben die momentane Situation versch\u00e4rft. Kommen weitere Kraftwerksausf\u00e4lle und ein langer, kalter, tr\u00fcber und windstiller Winter hinzu, k\u00f6nnte die Situation in Europa bereits im Winter 2022\/23 kritisch werden.<\/strong><\/p>\n<p><strong>Ein sorgf\u00e4ltig vorbereiteter Notfallplan ist in einer solchen Krisensituation von entscheidender Bedeutung. Deshalb investiert NorthC in eine \u00e4usserst gute Vorbereitung aller ihrer Datacenter und sorgt daf\u00fcr, dass die Verf\u00fcgbarkeit gegeben ist.<\/strong>[\/vc_column_text]\n    <picture class=\"responsive-picture \">\n                                              <source srcset=\"https:\/\/www.northcdatacenters.com\/ch-de\/wp-content\/uploads\/sites\/3\/2022\/09\/20220829_142414-scaled.webp 2560w, https:\/\/www.northcdatacenters.com\/ch-de\/wp-content\/uploads\/sites\/3\/2022\/09\/20220829_142414-300x225.webp 300w, https:\/\/www.northcdatacenters.com\/ch-de\/wp-content\/uploads\/sites\/3\/2022\/09\/20220829_142414-1024x768.webp 1024w, https:\/\/www.northcdatacenters.com\/ch-de\/wp-content\/uploads\/sites\/3\/2022\/09\/20220829_142414-768x576.webp 768w, https:\/\/www.northcdatacenters.com\/ch-de\/wp-content\/uploads\/sites\/3\/2022\/09\/20220829_142414-1536x1152.webp 1536w, https:\/\/www.northcdatacenters.com\/ch-de\/wp-content\/uploads\/sites\/3\/2022\/09\/20220829_142414-2048x1536.webp 2048w, https:\/\/www.northcdatacenters.com\/ch-de\/wp-content\/uploads\/sites\/3\/2022\/09\/20220829_142414-1440x1080.webp 1440w, https:\/\/www.northcdatacenters.com\/ch-de\/wp-content\/uploads\/sites\/3\/2022\/09\/20220829_142414-175x131.webp 175w, https:\/\/www.northcdatacenters.com\/ch-de\/wp-content\/uploads\/sites\/3\/2022\/09\/20220829_142414-480x360.webp 480w, https:\/\/www.northcdatacenters.com\/ch-de\/wp-content\/uploads\/sites\/3\/2022\/09\/20220829_142414-667x500.webp 667w\" media=\"(min-width: 1200px)\">\n                                                  <source srcset=\"https:\/\/www.northcdatacenters.com\/ch-de\/wp-content\/uploads\/sites\/3\/2022\/09\/20220829_142414-scaled.webp 2560w, https:\/\/www.northcdatacenters.com\/ch-de\/wp-content\/uploads\/sites\/3\/2022\/09\/20220829_142414-300x225.webp 300w, https:\/\/www.northcdatacenters.com\/ch-de\/wp-content\/uploads\/sites\/3\/2022\/09\/20220829_142414-1024x768.webp 1024w, https:\/\/www.northcdatacenters.com\/ch-de\/wp-content\/uploads\/sites\/3\/2022\/09\/20220829_142414-768x576.webp 768w, https:\/\/www.northcdatacenters.com\/ch-de\/wp-content\/uploads\/sites\/3\/2022\/09\/20220829_142414-1536x1152.webp 1536w, https:\/\/www.northcdatacenters.com\/ch-de\/wp-content\/uploads\/sites\/3\/2022\/09\/20220829_142414-2048x1536.webp 2048w, https:\/\/www.northcdatacenters.com\/ch-de\/wp-content\/uploads\/sites\/3\/2022\/09\/20220829_142414-1440x1080.webp 1440w, https:\/\/www.northcdatacenters.com\/ch-de\/wp-content\/uploads\/sites\/3\/2022\/09\/20220829_142414-175x131.webp 175w, https:\/\/www.northcdatacenters.com\/ch-de\/wp-content\/uploads\/sites\/3\/2022\/09\/20220829_142414-480x360.webp 480w, https:\/\/www.northcdatacenters.com\/ch-de\/wp-content\/uploads\/sites\/3\/2022\/09\/20220829_142414-667x500.webp 667w\" media=\"(min-width: 992px)\">\n                                                  <source srcset=\"https:\/\/www.northcdatacenters.com\/ch-de\/wp-content\/uploads\/sites\/3\/2022\/09\/20220829_142414-scaled.webp 2560w, https:\/\/www.northcdatacenters.com\/ch-de\/wp-content\/uploads\/sites\/3\/2022\/09\/20220829_142414-300x225.webp 300w, https:\/\/www.northcdatacenters.com\/ch-de\/wp-content\/uploads\/sites\/3\/2022\/09\/20220829_142414-1024x768.webp 1024w, https:\/\/www.northcdatacenters.com\/ch-de\/wp-content\/uploads\/sites\/3\/2022\/09\/20220829_142414-768x576.webp 768w, https:\/\/www.northcdatacenters.com\/ch-de\/wp-content\/uploads\/sites\/3\/2022\/09\/20220829_142414-1536x1152.webp 1536w, https:\/\/www.northcdatacenters.com\/ch-de\/wp-content\/uploads\/sites\/3\/2022\/09\/20220829_142414-2048x1536.webp 2048w, https:\/\/www.northcdatacenters.com\/ch-de\/wp-content\/uploads\/sites\/3\/2022\/09\/20220829_142414-1440x1080.webp 1440w, https:\/\/www.northcdatacenters.com\/ch-de\/wp-content\/uploads\/sites\/3\/2022\/09\/20220829_142414-175x131.webp 175w, https:\/\/www.northcdatacenters.com\/ch-de\/wp-content\/uploads\/sites\/3\/2022\/09\/20220829_142414-480x360.webp 480w, https:\/\/www.northcdatacenters.com\/ch-de\/wp-content\/uploads\/sites\/3\/2022\/09\/20220829_142414-667x500.webp 667w\" media=\"(min-width: 768px)\">\n                                                  <source srcset=\"https:\/\/www.northcdatacenters.com\/ch-de\/wp-content\/uploads\/sites\/3\/2022\/09\/20220829_142414-scaled.webp 2560w, https:\/\/www.northcdatacenters.com\/ch-de\/wp-content\/uploads\/sites\/3\/2022\/09\/20220829_142414-300x225.webp 300w, https:\/\/www.northcdatacenters.com\/ch-de\/wp-content\/uploads\/sites\/3\/2022\/09\/20220829_142414-1024x768.webp 1024w, https:\/\/www.northcdatacenters.com\/ch-de\/wp-content\/uploads\/sites\/3\/2022\/09\/20220829_142414-768x576.webp 768w, https:\/\/www.northcdatacenters.com\/ch-de\/wp-content\/uploads\/sites\/3\/2022\/09\/20220829_142414-1536x1152.webp 1536w, https:\/\/www.northcdatacenters.com\/ch-de\/wp-content\/uploads\/sites\/3\/2022\/09\/20220829_142414-2048x1536.webp 2048w, https:\/\/www.northcdatacenters.com\/ch-de\/wp-content\/uploads\/sites\/3\/2022\/09\/20220829_142414-1440x1080.webp 1440w, https:\/\/www.northcdatacenters.com\/ch-de\/wp-content\/uploads\/sites\/3\/2022\/09\/20220829_142414-175x131.webp 175w, https:\/\/www.northcdatacenters.com\/ch-de\/wp-content\/uploads\/sites\/3\/2022\/09\/20220829_142414-480x360.webp 480w, https:\/\/www.northcdatacenters.com\/ch-de\/wp-content\/uploads\/sites\/3\/2022\/09\/20220829_142414-667x500.webp 667w\" media=\"(min-width: 576px)\">\n                        \n      <img decoding=\"async\" src=\"https:\/\/www.northcdatacenters.com\/ch-de\/wp-content\/uploads\/sites\/3\/2022\/09\/20220829_142414-scaled.webp\" alt=\"Abb.: Tanklager und Steuerung im NorthC Datacenter Biel (Bern)\" loading=\"auto\" width=\"\" height=\"\">\n    <\/picture>\n[vc_column_text css=&#187;&#187;]<em>Abb.: Tanklager und Steuerung im NorthC Datacenter Biel (Bern)<\/em>[\/vc_column_text][vc_column_text css=&#187;&#187;]<\/p>\n<h2>Strommangellage \u2013 denkbar und real<\/h2>\n<p>Bei einer Strommangellage handelt es sich um eine Mangellage nach Artikel 2 des Landesversorgungsgesetzes (LVG), die die Wirtschaft nicht aus eigener Kraft \u00fcberwinden kann. Eine Strommangellage bedeutet ein Ungleichgewicht von Stromangebot und Stromnachfrage \u00fcber einen l\u00e4ngeren Zeitraum. Die entstehende Angebotsverknappung kann von den Energieversorgungsunternehmen auf Basis der regul\u00e4ren Marktmechanismen nicht mehr verhindert werden.<\/p>\n<p>&nbsp;<\/p>\n<h2>Massnahmen des Bundes gegen eine Strommangellage<\/h2>\n<p>Bei einer Strommangellage \u00fcbernimmt der Bund die Verantwortung und Lenkung der Energieproduktion und hat dies \u00fcber die Vereinigung OSTRAL (Organisation f\u00fcr Stromversorgung in Ausserordentlichen Lagen) mit einem abgestuften Massnahmen-modell definiert. <em>Empfehlenswerte Information zu: <\/em><a href=\"http:\/\/www.ostral.ch\/\"><em>www.ostral.ch<\/em><\/a><\/p>\n<ul class=\"check-list\">\n<li><strong>Sparappelle: <\/strong><br \/>\nBev\u00f6lkerungsorientierte Sparmassnahme, noch ohne Erlass von Verboten und Einschr\u00e4nkungen umsetzbar und auf freiwilliger Basis einzuhalten.<\/li>\n<li><strong>Verbrauchseinschr\u00e4nkungen:<\/strong><br \/>\nVerbote gegen nicht absolut notwendige, energieintensive Ger\u00e4te und Einrichtungen, wie beispielsweise Beleuchtungen zu Werbezwecken, Rolltreppen oder Komfort-heizungen im Aussenbereich.<\/li>\n<li><strong>Kontingentierung:<\/strong><br \/>\nAlle Grossverbraucher (Jahresverbrauch von mehr als 100\u2019000 kWh) sind verpflichtet, eine bestimmte Strommenge (10-15%) einzusparen.<\/li>\n<li><strong>Netzabschaltungen:<\/strong><br \/>\nDie Energieversorger und Netzbetreiber trennen die Verbraucher in ihrer Region gleichermassen f\u00fcr jeweils einige Stunden (normalerweise \u2264 4 Stunden) alternierend vom Netz. Anschliessend ist die Versorgung des vom Netz genommenen Gebietes wieder f\u00fcr 8 Stunden gew\u00e4hrleistet.<\/li>\n<\/ul>\n<p>&nbsp;<\/p>\n<h2>Datacenter Verf\u00fcgbarkeit bei einer Strommangellage<\/h2>\n<p>In unseren Datacentern sind Server und IT-Appliklationen die vom Bundesamt f\u00fcr Bev\u00f6lkerungsschutz (BABS) als besonders sch\u00fctzenswert deklariert sind. Aus diesem Grund werden unsere Rechenzentren als kritische Infrastrukturen eingestuft und im Notfall von anderen Grossverbrauchern priorisiert betrachtet.<\/p>\n<p>Was ist ein Notfall? In der Schweiz kann derzeit nur der Bundesrat \u00fcber Notf\u00e4lle mit gr\u00f6sseren partiellen und zeitlich definierten Stromabschaltungen entscheiden. Ob die Rechenzentren in der Schweiz generell einen Sonderstatus (z.B. systemrelevant) erhalten werden, ist derzeit von den zust\u00e4ndigen Beh\u00f6rden in Abkl\u00e4rung.<\/p>\n<p>&nbsp;<\/p>\n<h2>Was unternimmt NorthC Schweiz AG als Datacenter Betreiber in Bezug auf die Strommangellage?<\/h2>\n<h6>Stromkontingentierung:<\/h6>\n<p>Die Datacenter der NorthC Schweiz AG wurden nach modernsten Standards designt und gebaut. Hochverf\u00fcgbar, sicher und \u00e4usserst Energieeffizient. Unsere Datacenters sind bereits auf eine sehr hohe Energieeffizienz optimiert und lassen eine weitere kurzfristige Einsparung um bis zu 15% nicht zu. Zumal die Datacenter generell Ihren h\u00f6chsten Energiebezug in den richtig heissen Sommertagen haben und im Winter bei kalten Temperaturen schon maximal Effizient laufen. (Free-Cooling) Eine mittelfristige Energiereduktion kann nur noch \u00fcber eine Erh\u00f6hung der Temperatur im Kunden K\u00fchlgang erfolgen.<\/p>\n<p>Unsere Datacenter werden zu 100 % mit \u00d6kostrom, wobei die im Datacenter erzeugte Abw\u00e4rme f\u00fcr die Beheizung der umliegenden Geb\u00e4ude und Nahw\u00e4rmenetze genutzt wird. Ebenso wird diese Abw\u00e4rme verwendet um die Notstromaggregate auf Betriebstemperatur zu halten, damit diese im Notfall innert wenigen Minuten verf\u00fcgbar sind.<\/p>\n<p>Im Fall der Kontingentierungsmassnahme sind wir mit dem Bundesamt f\u00fcr Energie in Verhandlungen, unsere Notstromaggregate als Quellen von fehlender Energie im Versorgungsnetz zu nutzen. Die Kontingentierung bestehen darin, die Rechenzentren mit selbst erzeugter Energie zu versorgen oder die verbrauchte Energie nicht nur in Form von W\u00e4rme, sondern auch in Form von elektrischer Energie dem Energieversorger zur Verf\u00fcgung zu stellen, sprich zur\u00fcck ins Netz einzuspeisen.[\/vc_column_text]\n    <picture class=\"responsive-picture \">\n                                              <source srcset=\"https:\/\/www.northcdatacenters.com\/ch-de\/wp-content\/uploads\/sites\/3\/2022\/09\/IMG_5404-scaled.webp 2560w, https:\/\/www.northcdatacenters.com\/ch-de\/wp-content\/uploads\/sites\/3\/2022\/09\/IMG_5404-300x225.webp 300w, https:\/\/www.northcdatacenters.com\/ch-de\/wp-content\/uploads\/sites\/3\/2022\/09\/IMG_5404-1024x768.webp 1024w, https:\/\/www.northcdatacenters.com\/ch-de\/wp-content\/uploads\/sites\/3\/2022\/09\/IMG_5404-768x576.webp 768w, https:\/\/www.northcdatacenters.com\/ch-de\/wp-content\/uploads\/sites\/3\/2022\/09\/IMG_5404-1536x1152.webp 1536w, https:\/\/www.northcdatacenters.com\/ch-de\/wp-content\/uploads\/sites\/3\/2022\/09\/IMG_5404-2048x1536.webp 2048w, https:\/\/www.northcdatacenters.com\/ch-de\/wp-content\/uploads\/sites\/3\/2022\/09\/IMG_5404-1440x1080.webp 1440w, https:\/\/www.northcdatacenters.com\/ch-de\/wp-content\/uploads\/sites\/3\/2022\/09\/IMG_5404-175x131.webp 175w, https:\/\/www.northcdatacenters.com\/ch-de\/wp-content\/uploads\/sites\/3\/2022\/09\/IMG_5404-480x360.webp 480w, https:\/\/www.northcdatacenters.com\/ch-de\/wp-content\/uploads\/sites\/3\/2022\/09\/IMG_5404-667x500.webp 667w\" media=\"(min-width: 1200px)\">\n                                                  <source srcset=\"https:\/\/www.northcdatacenters.com\/ch-de\/wp-content\/uploads\/sites\/3\/2022\/09\/IMG_5404-scaled.webp 2560w, https:\/\/www.northcdatacenters.com\/ch-de\/wp-content\/uploads\/sites\/3\/2022\/09\/IMG_5404-300x225.webp 300w, https:\/\/www.northcdatacenters.com\/ch-de\/wp-content\/uploads\/sites\/3\/2022\/09\/IMG_5404-1024x768.webp 1024w, https:\/\/www.northcdatacenters.com\/ch-de\/wp-content\/uploads\/sites\/3\/2022\/09\/IMG_5404-768x576.webp 768w, https:\/\/www.northcdatacenters.com\/ch-de\/wp-content\/uploads\/sites\/3\/2022\/09\/IMG_5404-1536x1152.webp 1536w, https:\/\/www.northcdatacenters.com\/ch-de\/wp-content\/uploads\/sites\/3\/2022\/09\/IMG_5404-2048x1536.webp 2048w, https:\/\/www.northcdatacenters.com\/ch-de\/wp-content\/uploads\/sites\/3\/2022\/09\/IMG_5404-1440x1080.webp 1440w, https:\/\/www.northcdatacenters.com\/ch-de\/wp-content\/uploads\/sites\/3\/2022\/09\/IMG_5404-175x131.webp 175w, https:\/\/www.northcdatacenters.com\/ch-de\/wp-content\/uploads\/sites\/3\/2022\/09\/IMG_5404-480x360.webp 480w, https:\/\/www.northcdatacenters.com\/ch-de\/wp-content\/uploads\/sites\/3\/2022\/09\/IMG_5404-667x500.webp 667w\" media=\"(min-width: 992px)\">\n                                                  <source srcset=\"https:\/\/www.northcdatacenters.com\/ch-de\/wp-content\/uploads\/sites\/3\/2022\/09\/IMG_5404-scaled.webp 2560w, https:\/\/www.northcdatacenters.com\/ch-de\/wp-content\/uploads\/sites\/3\/2022\/09\/IMG_5404-300x225.webp 300w, https:\/\/www.northcdatacenters.com\/ch-de\/wp-content\/uploads\/sites\/3\/2022\/09\/IMG_5404-1024x768.webp 1024w, https:\/\/www.northcdatacenters.com\/ch-de\/wp-content\/uploads\/sites\/3\/2022\/09\/IMG_5404-768x576.webp 768w, https:\/\/www.northcdatacenters.com\/ch-de\/wp-content\/uploads\/sites\/3\/2022\/09\/IMG_5404-1536x1152.webp 1536w, https:\/\/www.northcdatacenters.com\/ch-de\/wp-content\/uploads\/sites\/3\/2022\/09\/IMG_5404-2048x1536.webp 2048w, https:\/\/www.northcdatacenters.com\/ch-de\/wp-content\/uploads\/sites\/3\/2022\/09\/IMG_5404-1440x1080.webp 1440w, https:\/\/www.northcdatacenters.com\/ch-de\/wp-content\/uploads\/sites\/3\/2022\/09\/IMG_5404-175x131.webp 175w, https:\/\/www.northcdatacenters.com\/ch-de\/wp-content\/uploads\/sites\/3\/2022\/09\/IMG_5404-480x360.webp 480w, https:\/\/www.northcdatacenters.com\/ch-de\/wp-content\/uploads\/sites\/3\/2022\/09\/IMG_5404-667x500.webp 667w\" media=\"(min-width: 768px)\">\n                                                  <source srcset=\"https:\/\/www.northcdatacenters.com\/ch-de\/wp-content\/uploads\/sites\/3\/2022\/09\/IMG_5404-scaled.webp 2560w, https:\/\/www.northcdatacenters.com\/ch-de\/wp-content\/uploads\/sites\/3\/2022\/09\/IMG_5404-300x225.webp 300w, https:\/\/www.northcdatacenters.com\/ch-de\/wp-content\/uploads\/sites\/3\/2022\/09\/IMG_5404-1024x768.webp 1024w, https:\/\/www.northcdatacenters.com\/ch-de\/wp-content\/uploads\/sites\/3\/2022\/09\/IMG_5404-768x576.webp 768w, https:\/\/www.northcdatacenters.com\/ch-de\/wp-content\/uploads\/sites\/3\/2022\/09\/IMG_5404-1536x1152.webp 1536w, https:\/\/www.northcdatacenters.com\/ch-de\/wp-content\/uploads\/sites\/3\/2022\/09\/IMG_5404-2048x1536.webp 2048w, https:\/\/www.northcdatacenters.com\/ch-de\/wp-content\/uploads\/sites\/3\/2022\/09\/IMG_5404-1440x1080.webp 1440w, https:\/\/www.northcdatacenters.com\/ch-de\/wp-content\/uploads\/sites\/3\/2022\/09\/IMG_5404-175x131.webp 175w, https:\/\/www.northcdatacenters.com\/ch-de\/wp-content\/uploads\/sites\/3\/2022\/09\/IMG_5404-480x360.webp 480w, https:\/\/www.northcdatacenters.com\/ch-de\/wp-content\/uploads\/sites\/3\/2022\/09\/IMG_5404-667x500.webp 667w\" media=\"(min-width: 576px)\">\n                        \n      <img decoding=\"async\" src=\"https:\/\/www.northcdatacenters.com\/ch-de\/wp-content\/uploads\/sites\/3\/2022\/09\/IMG_5404-scaled.webp\" alt=\"Abb.: NorthC Datacenter M\u00fcnchenstein (Basel) 1 mit eigenem Tanklager von 150'000 Liter Brennstoff.\" loading=\"auto\" width=\"\" height=\"\">\n    <\/picture>\n[vc_column_text css=&#187;&#187;]<em>Abb.: NorthC Datacenter M\u00fcnchenstein (Basel) 1 mit eigenem Tanklager von 150&#8217;000 Liter <\/em>[\/vc_column_text][vc_column_text]<\/p>\n<h6>Stromabschaltung:<\/h6>\n<p>Gem\u00e4ss heutiger Annahmen k\u00f6nnen Abschaltzeiten von mehreren Stunden rotierend in einem Versorgungsgebiet von einem Energieversorger in Betracht gezogen werden. NorthC verf\u00fcgt an Ihren Standorten \u00fcber verschiedene Versorger in getrennten Versorgungsgebieten. Unabh\u00e4ngig von Ausfallort, Ausfallzeit, sowie der Art von dem Unterbruch werden unsere Dieselgeneratoren in Betrieb genommen und \u00fcberbr\u00fccken damit die Stroml\u00fccke f\u00fcr unsere Kunden und deren IT-Equipment.<\/p>\n<p>Die Diesellager in unserern Datacentern der NorthC Schweiz AG wurden alle gef\u00fcllt und umfassen eine F\u00fcllungskapazit\u00e4t von M\u00fcnchenstein 150&#8217;000 Liter und in Biel von 40&#8217;000 Liter. Die Brennstoffkapazit\u00e4ten speisen unsere Notstromaggregate die eine totale Kapazit\u00e4t von 12 MW elektrische Leistung haben.<\/p>\n<p>Der autonome Betrieb in M\u00fcnchenstein betr\u00e4gt garantiert 5 Tage und in Biel 2 Tage, wobei in Biel ein Liefervertrag f\u00fcr Diesel die Laufzeit l\u00e4nger definiert.<\/p>\n<p>So garantieren wir auch im falle einer Strommangellage oder einer Netzabschaltung eine Verf\u00fcgbarkeit von 100%.[\/vc_column_text]\n    <picture class=\"responsive-picture \">\n                                              <source srcset=\"https:\/\/www.northcdatacenters.com\/ch-de\/wp-content\/uploads\/sites\/3\/2022\/09\/20220829_112756-scaled.webp 2560w, https:\/\/www.northcdatacenters.com\/ch-de\/wp-content\/uploads\/sites\/3\/2022\/09\/20220829_112756-300x225.webp 300w, https:\/\/www.northcdatacenters.com\/ch-de\/wp-content\/uploads\/sites\/3\/2022\/09\/20220829_112756-1024x768.webp 1024w, https:\/\/www.northcdatacenters.com\/ch-de\/wp-content\/uploads\/sites\/3\/2022\/09\/20220829_112756-768x576.webp 768w, https:\/\/www.northcdatacenters.com\/ch-de\/wp-content\/uploads\/sites\/3\/2022\/09\/20220829_112756-1536x1152.webp 1536w, https:\/\/www.northcdatacenters.com\/ch-de\/wp-content\/uploads\/sites\/3\/2022\/09\/20220829_112756-2048x1536.webp 2048w, https:\/\/www.northcdatacenters.com\/ch-de\/wp-content\/uploads\/sites\/3\/2022\/09\/20220829_112756-1440x1080.webp 1440w, https:\/\/www.northcdatacenters.com\/ch-de\/wp-content\/uploads\/sites\/3\/2022\/09\/20220829_112756-175x131.webp 175w, https:\/\/www.northcdatacenters.com\/ch-de\/wp-content\/uploads\/sites\/3\/2022\/09\/20220829_112756-480x360.webp 480w, https:\/\/www.northcdatacenters.com\/ch-de\/wp-content\/uploads\/sites\/3\/2022\/09\/20220829_112756-667x500.webp 667w\" media=\"(min-width: 1200px)\">\n                                                  <source srcset=\"https:\/\/www.northcdatacenters.com\/ch-de\/wp-content\/uploads\/sites\/3\/2022\/09\/20220829_112756-scaled.webp 2560w, https:\/\/www.northcdatacenters.com\/ch-de\/wp-content\/uploads\/sites\/3\/2022\/09\/20220829_112756-300x225.webp 300w, https:\/\/www.northcdatacenters.com\/ch-de\/wp-content\/uploads\/sites\/3\/2022\/09\/20220829_112756-1024x768.webp 1024w, https:\/\/www.northcdatacenters.com\/ch-de\/wp-content\/uploads\/sites\/3\/2022\/09\/20220829_112756-768x576.webp 768w, https:\/\/www.northcdatacenters.com\/ch-de\/wp-content\/uploads\/sites\/3\/2022\/09\/20220829_112756-1536x1152.webp 1536w, https:\/\/www.northcdatacenters.com\/ch-de\/wp-content\/uploads\/sites\/3\/2022\/09\/20220829_112756-2048x1536.webp 2048w, https:\/\/www.northcdatacenters.com\/ch-de\/wp-content\/uploads\/sites\/3\/2022\/09\/20220829_112756-1440x1080.webp 1440w, https:\/\/www.northcdatacenters.com\/ch-de\/wp-content\/uploads\/sites\/3\/2022\/09\/20220829_112756-175x131.webp 175w, https:\/\/www.northcdatacenters.com\/ch-de\/wp-content\/uploads\/sites\/3\/2022\/09\/20220829_112756-480x360.webp 480w, https:\/\/www.northcdatacenters.com\/ch-de\/wp-content\/uploads\/sites\/3\/2022\/09\/20220829_112756-667x500.webp 667w\" media=\"(min-width: 992px)\">\n                                                  <source srcset=\"https:\/\/www.northcdatacenters.com\/ch-de\/wp-content\/uploads\/sites\/3\/2022\/09\/20220829_112756-scaled.webp 2560w, https:\/\/www.northcdatacenters.com\/ch-de\/wp-content\/uploads\/sites\/3\/2022\/09\/20220829_112756-300x225.webp 300w, https:\/\/www.northcdatacenters.com\/ch-de\/wp-content\/uploads\/sites\/3\/2022\/09\/20220829_112756-1024x768.webp 1024w, https:\/\/www.northcdatacenters.com\/ch-de\/wp-content\/uploads\/sites\/3\/2022\/09\/20220829_112756-768x576.webp 768w, https:\/\/www.northcdatacenters.com\/ch-de\/wp-content\/uploads\/sites\/3\/2022\/09\/20220829_112756-1536x1152.webp 1536w, https:\/\/www.northcdatacenters.com\/ch-de\/wp-content\/uploads\/sites\/3\/2022\/09\/20220829_112756-2048x1536.webp 2048w, https:\/\/www.northcdatacenters.com\/ch-de\/wp-content\/uploads\/sites\/3\/2022\/09\/20220829_112756-1440x1080.webp 1440w, https:\/\/www.northcdatacenters.com\/ch-de\/wp-content\/uploads\/sites\/3\/2022\/09\/20220829_112756-175x131.webp 175w, https:\/\/www.northcdatacenters.com\/ch-de\/wp-content\/uploads\/sites\/3\/2022\/09\/20220829_112756-480x360.webp 480w, https:\/\/www.northcdatacenters.com\/ch-de\/wp-content\/uploads\/sites\/3\/2022\/09\/20220829_112756-667x500.webp 667w\" media=\"(min-width: 768px)\">\n                                                  <source srcset=\"https:\/\/www.northcdatacenters.com\/ch-de\/wp-content\/uploads\/sites\/3\/2022\/09\/20220829_112756-scaled.webp 2560w, https:\/\/www.northcdatacenters.com\/ch-de\/wp-content\/uploads\/sites\/3\/2022\/09\/20220829_112756-300x225.webp 300w, https:\/\/www.northcdatacenters.com\/ch-de\/wp-content\/uploads\/sites\/3\/2022\/09\/20220829_112756-1024x768.webp 1024w, https:\/\/www.northcdatacenters.com\/ch-de\/wp-content\/uploads\/sites\/3\/2022\/09\/20220829_112756-768x576.webp 768w, https:\/\/www.northcdatacenters.com\/ch-de\/wp-content\/uploads\/sites\/3\/2022\/09\/20220829_112756-1536x1152.webp 1536w, https:\/\/www.northcdatacenters.com\/ch-de\/wp-content\/uploads\/sites\/3\/2022\/09\/20220829_112756-2048x1536.webp 2048w, https:\/\/www.northcdatacenters.com\/ch-de\/wp-content\/uploads\/sites\/3\/2022\/09\/20220829_112756-1440x1080.webp 1440w, https:\/\/www.northcdatacenters.com\/ch-de\/wp-content\/uploads\/sites\/3\/2022\/09\/20220829_112756-175x131.webp 175w, https:\/\/www.northcdatacenters.com\/ch-de\/wp-content\/uploads\/sites\/3\/2022\/09\/20220829_112756-480x360.webp 480w, https:\/\/www.northcdatacenters.com\/ch-de\/wp-content\/uploads\/sites\/3\/2022\/09\/20220829_112756-667x500.webp 667w\" media=\"(min-width: 576px)\">\n                        \n      <img decoding=\"async\" src=\"https:\/\/www.northcdatacenters.com\/ch-de\/wp-content\/uploads\/sites\/3\/2022\/09\/20220829_112756-scaled.webp\" alt=\"Abb.: Notstrom Aggregate in den Datacentern mit einer Kapazit\u00e4t von Total 12 MW Leistung\" loading=\"auto\" width=\"\" height=\"\">\n    <\/picture>\n[vc_column_text]<em>Abb.: Notstrom Aggregate in den Datacentern mit einer Kapazit\u00e4t von Total 12 MW Leistung<\/em>[\/vc_column_text][\/vc_column][\/vc_row][vc_row full_width=&#187;stretch_row&#187; north_c_background_color=&#187;bg-gray-200&#8243;][vc_column]<div class=\"cta\">\n  <div class=\"cta-grid\">\n    <div class=\"cta-picture\">\n      <picture class=\"responsive-picture d-block\">\n  <img decoding=\"async\" src=\"https:\/\/www.northcdatacenters.com\/ch-de\/wp-content\/uploads\/sites\/3\/2024\/11\/Alwyn-Lehmann-1-1256x1256.webp\" srcset=\"https:\/\/www.northcdatacenters.com\/ch-de\/wp-content\/uploads\/sites\/3\/2024\/11\/Alwyn-Lehmann-1-1256x1256.webp 1256w, https:\/\/www.northcdatacenters.com\/ch-de\/wp-content\/uploads\/sites\/3\/2024\/11\/Alwyn-Lehmann-1-e1762777165725-300x300.webp 300w, https:\/\/www.northcdatacenters.com\/ch-de\/wp-content\/uploads\/sites\/3\/2024\/11\/Alwyn-Lehmann-1-1024x1024.webp 1024w, https:\/\/www.northcdatacenters.com\/ch-de\/wp-content\/uploads\/sites\/3\/2024\/11\/Alwyn-Lehmann-1-768x768.webp 768w, https:\/\/www.northcdatacenters.com\/ch-de\/wp-content\/uploads\/sites\/3\/2024\/11\/Alwyn-Lehmann-1-1536x1536.webp 1536w, https:\/\/www.northcdatacenters.com\/ch-de\/wp-content\/uploads\/sites\/3\/2024\/11\/Alwyn-Lehmann-1-250x250.webp 250w, https:\/\/www.northcdatacenters.com\/ch-de\/wp-content\/uploads\/sites\/3\/2024\/11\/Alwyn-Lehmann-1-740x740.webp 740w, https:\/\/www.northcdatacenters.com\/ch-de\/wp-content\/uploads\/sites\/3\/2024\/11\/Alwyn-Lehmann-1-175x175.webp 175w, https:\/\/www.northcdatacenters.com\/ch-de\/wp-content\/uploads\/sites\/3\/2024\/11\/Alwyn-Lehmann-1-360x360.webp 360w, https:\/\/www.northcdatacenters.com\/ch-de\/wp-content\/uploads\/sites\/3\/2024\/11\/Alwyn-Lehmann-1-500x500.webp 500w, https:\/\/www.northcdatacenters.com\/ch-de\/wp-content\/uploads\/sites\/3\/2024\/11\/Alwyn-Lehmann-1-e1762777165725-400x400.webp 400w, https:\/\/www.northcdatacenters.com\/ch-de\/wp-content\/uploads\/sites\/3\/2024\/11\/Alwyn-Lehmann-1-e1762777165725-600x600.webp 600w, https:\/\/www.northcdatacenters.com\/ch-de\/wp-content\/uploads\/sites\/3\/2024\/11\/Alwyn-Lehmann-1.webp 1920w\"\n  class=\"\" style=\"\"\n  loading=\"lazy\"\n  sizes=\"(min-width: 992px) 1280px, 100vw\" \/><\/picture>\n          <\/div>\n\n    <div class=\"text text-white d-flex flex-column gap-4 justify-content-center align-items-center p-6 pb-12 px-lg-12 px-xxl-28\">\n      <h6 class=\"text-primary lh214 font-extrabold text-center mb-0\"><\/h6>\n      <h3 class=\"mb-2 text-center text-sm-5xl mb-sm-6 text-balance\">Sie ben\u00f6tigen eine Beratung f\u00fcr Ihre spezifische Situation?<\/h3>\n      <div class=\"buttons d-flex flex-column flex-lg-row flex-wrap gap-4 align-items-center justify-content-center dark-background\">\n                  \n  <button class=\"btn btn-primary\" type=\"button\" data-bs-toggle=\"offcanvas\" data-bs-target=\"#offcanvas_15\" aria-controls=\"offcanvas_15\">\n    Angebot anfordern  <\/button>\n                  \n  \n  <button class=\"btn btn-secondary\" type=\"button\" data-bs-toggle=\"offcanvas\" data-bs-target=\"#offcanvas_34\" aria-controls=\"offcanvas_34\">\n    Besichtigung anfordern  <\/button>\n\n              <\/div>\n    <\/div>\n  <\/div>\n<\/div>[\/vc_column][\/vc_row]<\/p>\n<\/div>","protected":false},"excerpt":{"rendered":"<p>[vc_row el_class=&#187;border-bottom&#187;][vc_column][vc_column_text css=&#187;&#187; lead=&#187;true&#187;]Kein Risiko bedroht die Schweiz gem\u00e4ss nationaler Risikoanalyse \u201eKatastrophen und Notlagen Schweiz\u201c des Bundesamts f\u00fcr Bev\u00f6lkerungsschutz aktuell mehr als jenes einer Strommangellage. Die Gef\u00e4hrdung weisst ein hohes Schadenspotenzial mit einer gleichzeitig relativ hohen Eintrittswahrscheinlichkeit auf. Gr\u00fcnde, die zu einer langandauernden Strommangellage f\u00fchren k\u00f6nnen, sind vielf\u00e4ltig, komplex und oft unvorhersehbar. Die l\u00fcckenhafte Gasversorgung, &#8230;<\/p>\n","protected":false},"author":15,"featured_media":22018,"comment_status":"closed","ping_status":"closed","sticky":false,"template":"","format":"standard","meta":{"_acf_changed":false,"_relevanssi_hide_post":"","_relevanssi_hide_content":"","_relevanssi_pin_for_all":"","_relevanssi_pin_keywords":"","_relevanssi_unpin_keywords":"","_relevanssi_related_keywords":"","_relevanssi_related_include_ids":"","_relevanssi_related_exclude_ids":"","_relevanssi_related_no_append":"","_relevanssi_related_not_related":"","_relevanssi_related_posts":"","_relevanssi_noindex_reason":"","footnotes":""},"categories":[58],"tags":[],"class_list":["post-22004","post","type-post","status-publish","format-standard","has-post-thumbnail","hentry","category-datacenter"],"acf":[],"yoast_head":"<!-- This site is optimized with the Yoast SEO Premium plugin v27.4 (Yoast SEO v27.4) - https:\/\/yoast.com\/product\/yoast-seo-premium-wordpress\/ -->\n<title>Datacenter Verf\u00fcgbarkeit bei einer Strommangellage<\/title>\n<meta name=\"description\" content=\"Bei einer Strommangellage sind Ihre Server und Daten in den Rechenzentren von NorthC in sehr guten H\u00e4nden.\" \/>\n<meta name=\"robots\" content=\"index, follow, max-snippet:-1, max-image-preview:large, max-video-preview:-1\" \/>\n<link rel=\"canonical\" href=\"https:\/\/www.northcdatacenters.com\/ch-de\/datacenter\/datacenter-verfuegbarkeit-bei-einer-strommangellage-in-der-schweiz\/\" \/>\n<meta property=\"og:locale\" content=\"de_DE\" \/>\n<meta property=\"og:type\" content=\"article\" \/>\n<meta property=\"og:title\" content=\"Datacenter Verf\u00fcgbarkeit bei einer Strommangellage in der Schweiz\" \/>\n<meta property=\"og:description\" content=\"Bei einer Strommangellage sind Ihre Server und Daten in den Rechenzentren von NorthC in sehr guten H\u00e4nden.\" \/>\n<meta property=\"og:url\" content=\"https:\/\/www.northcdatacenters.com\/ch-de\/datacenter\/datacenter-verfuegbarkeit-bei-einer-strommangellage-in-der-schweiz\/\" \/>\n<meta property=\"og:site_name\" content=\"NorthC Datacenters (CH-DE)\" \/>\n<meta property=\"article:published_time\" content=\"2022-09-22T12:07:53+00:00\" \/>\n<meta property=\"article:modified_time\" content=\"2026-04-21T13:25:53+00:00\" \/>\n<meta property=\"og:image\" content=\"https:\/\/www.northcdatacenters.com\/ch-de\/wp-content\/uploads\/sites\/3\/2022\/09\/cropped-20220829_112831-scaled-e1663772009964.jpg\" \/>\n<meta name=\"author\" content=\"basvanderweijden\" \/>\n<meta name=\"twitter:card\" content=\"summary_large_image\" \/>\n<meta name=\"twitter:label1\" content=\"Geschrieben von\" \/>\n\t<meta name=\"twitter:data1\" content=\"basvanderweijden\" \/>\n\t<meta name=\"twitter:label2\" content=\"Gesch\u00e4tzte Lesezeit\" \/>\n\t<meta name=\"twitter:data2\" content=\"7\u00a0Minuten\" \/>\n<script type=\"application\/ld+json\" class=\"yoast-schema-graph\">{\"@context\":\"https:\\\/\\\/schema.org\",\"@graph\":[{\"@type\":\"Article\",\"@id\":\"https:\\\/\\\/www.northcdatacenters.com\\\/ch-de\\\/datacenter\\\/datacenter-verfuegbarkeit-bei-einer-strommangellage-in-der-schweiz\\\/#article\",\"isPartOf\":{\"@id\":\"https:\\\/\\\/www.northcdatacenters.com\\\/ch-de\\\/datacenter\\\/datacenter-verfuegbarkeit-bei-einer-strommangellage-in-der-schweiz\\\/\"},\"author\":{\"name\":\"basvanderweijden\",\"@id\":\"https:\\\/\\\/www.northcdatacenters.com\\\/ch-de\\\/#\\\/schema\\\/person\\\/836c6d81baaaa140e8abd70adbf19540\"},\"headline\":\"Datacenter Verf\u00fcgbarkeit bei einer Strommangellage in der Schweiz\",\"datePublished\":\"2022-09-22T12:07:53+00:00\",\"dateModified\":\"2026-04-21T13:25:53+00:00\",\"mainEntityOfPage\":{\"@id\":\"https:\\\/\\\/www.northcdatacenters.com\\\/ch-de\\\/datacenter\\\/datacenter-verfuegbarkeit-bei-einer-strommangellage-in-der-schweiz\\\/\"},\"wordCount\":1032,\"publisher\":{\"@id\":\"https:\\\/\\\/www.northcdatacenters.com\\\/ch-de\\\/#organization\"},\"image\":{\"@id\":\"https:\\\/\\\/www.northcdatacenters.com\\\/ch-de\\\/datacenter\\\/datacenter-verfuegbarkeit-bei-einer-strommangellage-in-der-schweiz\\\/#primaryimage\"},\"thumbnailUrl\":\"https:\\\/\\\/www.northcdatacenters.com\\\/ch-de\\\/wp-content\\\/uploads\\\/sites\\\/3\\\/2022\\\/09\\\/20220829_112831-scaled.webp\",\"articleSection\":[\"Datacenter\"],\"inLanguage\":\"de-CH\"},{\"@type\":\"WebPage\",\"@id\":\"https:\\\/\\\/www.northcdatacenters.com\\\/ch-de\\\/datacenter\\\/datacenter-verfuegbarkeit-bei-einer-strommangellage-in-der-schweiz\\\/\",\"url\":\"https:\\\/\\\/www.northcdatacenters.com\\\/ch-de\\\/datacenter\\\/datacenter-verfuegbarkeit-bei-einer-strommangellage-in-der-schweiz\\\/\",\"name\":\"Datacenter Verf\u00fcgbarkeit bei einer Strommangellage\",\"isPartOf\":{\"@id\":\"https:\\\/\\\/www.northcdatacenters.com\\\/ch-de\\\/#website\"},\"primaryImageOfPage\":{\"@id\":\"https:\\\/\\\/www.northcdatacenters.com\\\/ch-de\\\/datacenter\\\/datacenter-verfuegbarkeit-bei-einer-strommangellage-in-der-schweiz\\\/#primaryimage\"},\"image\":{\"@id\":\"https:\\\/\\\/www.northcdatacenters.com\\\/ch-de\\\/datacenter\\\/datacenter-verfuegbarkeit-bei-einer-strommangellage-in-der-schweiz\\\/#primaryimage\"},\"thumbnailUrl\":\"https:\\\/\\\/www.northcdatacenters.com\\\/ch-de\\\/wp-content\\\/uploads\\\/sites\\\/3\\\/2022\\\/09\\\/20220829_112831-scaled.webp\",\"datePublished\":\"2022-09-22T12:07:53+00:00\",\"dateModified\":\"2026-04-21T13:25:53+00:00\",\"description\":\"Bei einer Strommangellage sind Ihre Server und Daten in den Rechenzentren von NorthC in sehr guten H\u00e4nden.\",\"breadcrumb\":{\"@id\":\"https:\\\/\\\/www.northcdatacenters.com\\\/ch-de\\\/datacenter\\\/datacenter-verfuegbarkeit-bei-einer-strommangellage-in-der-schweiz\\\/#breadcrumb\"},\"inLanguage\":\"de-CH\",\"potentialAction\":[{\"@type\":\"ReadAction\",\"target\":[\"https:\\\/\\\/www.northcdatacenters.com\\\/ch-de\\\/datacenter\\\/datacenter-verfuegbarkeit-bei-einer-strommangellage-in-der-schweiz\\\/\"]}]},{\"@type\":\"ImageObject\",\"inLanguage\":\"de-CH\",\"@id\":\"https:\\\/\\\/www.northcdatacenters.com\\\/ch-de\\\/datacenter\\\/datacenter-verfuegbarkeit-bei-einer-strommangellage-in-der-schweiz\\\/#primaryimage\",\"url\":\"https:\\\/\\\/www.northcdatacenters.com\\\/ch-de\\\/wp-content\\\/uploads\\\/sites\\\/3\\\/2022\\\/09\\\/20220829_112831-scaled.webp\",\"contentUrl\":\"https:\\\/\\\/www.northcdatacenters.com\\\/ch-de\\\/wp-content\\\/uploads\\\/sites\\\/3\\\/2022\\\/09\\\/20220829_112831-scaled.webp\",\"width\":2560,\"height\":1920,\"caption\":\"Notstromaggregat2 M\u00fcnchenstein01 CH\"},{\"@type\":\"BreadcrumbList\",\"@id\":\"https:\\\/\\\/www.northcdatacenters.com\\\/ch-de\\\/datacenter\\\/datacenter-verfuegbarkeit-bei-einer-strommangellage-in-der-schweiz\\\/#breadcrumb\",\"itemListElement\":[{\"@type\":\"ListItem\",\"position\":1,\"name\":\"Home\",\"item\":\"https:\\\/\\\/www.northcdatacenters.com\\\/ch-de\\\/\"},{\"@type\":\"ListItem\",\"position\":2,\"name\":\"Datacenter Verf\u00fcgbarkeit bei einer Strommangellage in der Schweiz\"}]},{\"@type\":\"WebSite\",\"@id\":\"https:\\\/\\\/www.northcdatacenters.com\\\/ch-de\\\/#website\",\"url\":\"https:\\\/\\\/www.northcdatacenters.com\\\/ch-de\\\/\",\"name\":\"NorthC Datacenters\",\"description\":\"Digital business, Personal connections.\",\"publisher\":{\"@id\":\"https:\\\/\\\/www.northcdatacenters.com\\\/ch-de\\\/#organization\"},\"potentialAction\":[{\"@type\":\"SearchAction\",\"target\":{\"@type\":\"EntryPoint\",\"urlTemplate\":\"https:\\\/\\\/www.northcdatacenters.com\\\/ch-de\\\/?s={search_term_string}\"},\"query-input\":{\"@type\":\"PropertyValueSpecification\",\"valueRequired\":true,\"valueName\":\"search_term_string\"}}],\"inLanguage\":\"de-CH\"},{\"@type\":\"Organization\",\"@id\":\"https:\\\/\\\/www.northcdatacenters.com\\\/ch-de\\\/#organization\",\"name\":\"NorthC Datacenters\",\"url\":\"https:\\\/\\\/www.northcdatacenters.com\\\/ch-de\\\/\",\"logo\":{\"@type\":\"ImageObject\",\"inLanguage\":\"de-CH\",\"@id\":\"https:\\\/\\\/www.northcdatacenters.com\\\/ch-de\\\/#\\\/schema\\\/logo\\\/image\\\/\",\"url\":\"https:\\\/\\\/www.northcdatacenters.com\\\/ch-de\\\/wp-content\\\/uploads\\\/sites\\\/3\\\/2024\\\/11\\\/Logo_NorthC.svg\",\"contentUrl\":\"https:\\\/\\\/www.northcdatacenters.com\\\/ch-de\\\/wp-content\\\/uploads\\\/sites\\\/3\\\/2024\\\/11\\\/Logo_NorthC.svg\",\"width\":110,\"height\":24,\"caption\":\"NorthC Datacenters\"},\"image\":{\"@id\":\"https:\\\/\\\/www.northcdatacenters.com\\\/ch-de\\\/#\\\/schema\\\/logo\\\/image\\\/\"},\"sameAs\":[\"https:\\\/\\\/www.linkedin.com\\\/company\\\/northc-datacenters-schweiz\\\/\"]},{\"@type\":\"Person\",\"@id\":\"https:\\\/\\\/www.northcdatacenters.com\\\/ch-de\\\/#\\\/schema\\\/person\\\/836c6d81baaaa140e8abd70adbf19540\",\"name\":\"basvanderweijden\",\"url\":\"https:\\\/\\\/www.northcdatacenters.com\\\/ch-de\\\/author\\\/basvanderweijden\\\/\"}]}<\/script>\n<!-- \/ Yoast SEO Premium plugin. -->","yoast_head_json":{"title":"Datacenter Verf\u00fcgbarkeit bei einer Strommangellage","description":"Bei einer Strommangellage sind Ihre Server und Daten in den Rechenzentren von NorthC in sehr guten H\u00e4nden.","robots":{"index":"index","follow":"follow","max-snippet":"max-snippet:-1","max-image-preview":"max-image-preview:large","max-video-preview":"max-video-preview:-1"},"canonical":"https:\/\/www.northcdatacenters.com\/ch-de\/datacenter\/datacenter-verfuegbarkeit-bei-einer-strommangellage-in-der-schweiz\/","og_locale":"de_DE","og_type":"article","og_title":"Datacenter Verf\u00fcgbarkeit bei einer Strommangellage in der Schweiz","og_description":"Bei einer Strommangellage sind Ihre Server und Daten in den Rechenzentren von NorthC in sehr guten H\u00e4nden.","og_url":"https:\/\/www.northcdatacenters.com\/ch-de\/datacenter\/datacenter-verfuegbarkeit-bei-einer-strommangellage-in-der-schweiz\/","og_site_name":"NorthC Datacenters (CH-DE)","article_published_time":"2022-09-22T12:07:53+00:00","article_modified_time":"2026-04-21T13:25:53+00:00","og_image":[{"url":"https:\/\/www.northcdatacenters.com\/ch-de\/wp-content\/uploads\/sites\/3\/2022\/09\/cropped-20220829_112831-scaled-e1663772009964.jpg","type":"","width":"","height":""}],"author":"basvanderweijden","twitter_card":"summary_large_image","twitter_misc":{"Geschrieben von":"basvanderweijden","Gesch\u00e4tzte Lesezeit":"7\u00a0Minuten"},"schema":{"@context":"https:\/\/schema.org","@graph":[{"@type":"Article","@id":"https:\/\/www.northcdatacenters.com\/ch-de\/datacenter\/datacenter-verfuegbarkeit-bei-einer-strommangellage-in-der-schweiz\/#article","isPartOf":{"@id":"https:\/\/www.northcdatacenters.com\/ch-de\/datacenter\/datacenter-verfuegbarkeit-bei-einer-strommangellage-in-der-schweiz\/"},"author":{"name":"basvanderweijden","@id":"https:\/\/www.northcdatacenters.com\/ch-de\/#\/schema\/person\/836c6d81baaaa140e8abd70adbf19540"},"headline":"Datacenter Verf\u00fcgbarkeit bei einer Strommangellage in der Schweiz","datePublished":"2022-09-22T12:07:53+00:00","dateModified":"2026-04-21T13:25:53+00:00","mainEntityOfPage":{"@id":"https:\/\/www.northcdatacenters.com\/ch-de\/datacenter\/datacenter-verfuegbarkeit-bei-einer-strommangellage-in-der-schweiz\/"},"wordCount":1032,"publisher":{"@id":"https:\/\/www.northcdatacenters.com\/ch-de\/#organization"},"image":{"@id":"https:\/\/www.northcdatacenters.com\/ch-de\/datacenter\/datacenter-verfuegbarkeit-bei-einer-strommangellage-in-der-schweiz\/#primaryimage"},"thumbnailUrl":"https:\/\/www.northcdatacenters.com\/ch-de\/wp-content\/uploads\/sites\/3\/2022\/09\/20220829_112831-scaled.webp","articleSection":["Datacenter"],"inLanguage":"de-CH"},{"@type":"WebPage","@id":"https:\/\/www.northcdatacenters.com\/ch-de\/datacenter\/datacenter-verfuegbarkeit-bei-einer-strommangellage-in-der-schweiz\/","url":"https:\/\/www.northcdatacenters.com\/ch-de\/datacenter\/datacenter-verfuegbarkeit-bei-einer-strommangellage-in-der-schweiz\/","name":"Datacenter Verf\u00fcgbarkeit bei einer Strommangellage","isPartOf":{"@id":"https:\/\/www.northcdatacenters.com\/ch-de\/#website"},"primaryImageOfPage":{"@id":"https:\/\/www.northcdatacenters.com\/ch-de\/datacenter\/datacenter-verfuegbarkeit-bei-einer-strommangellage-in-der-schweiz\/#primaryimage"},"image":{"@id":"https:\/\/www.northcdatacenters.com\/ch-de\/datacenter\/datacenter-verfuegbarkeit-bei-einer-strommangellage-in-der-schweiz\/#primaryimage"},"thumbnailUrl":"https:\/\/www.northcdatacenters.com\/ch-de\/wp-content\/uploads\/sites\/3\/2022\/09\/20220829_112831-scaled.webp","datePublished":"2022-09-22T12:07:53+00:00","dateModified":"2026-04-21T13:25:53+00:00","description":"Bei einer Strommangellage sind Ihre Server und Daten in den Rechenzentren von NorthC in sehr guten H\u00e4nden.","breadcrumb":{"@id":"https:\/\/www.northcdatacenters.com\/ch-de\/datacenter\/datacenter-verfuegbarkeit-bei-einer-strommangellage-in-der-schweiz\/#breadcrumb"},"inLanguage":"de-CH","potentialAction":[{"@type":"ReadAction","target":["https:\/\/www.northcdatacenters.com\/ch-de\/datacenter\/datacenter-verfuegbarkeit-bei-einer-strommangellage-in-der-schweiz\/"]}]},{"@type":"ImageObject","inLanguage":"de-CH","@id":"https:\/\/www.northcdatacenters.com\/ch-de\/datacenter\/datacenter-verfuegbarkeit-bei-einer-strommangellage-in-der-schweiz\/#primaryimage","url":"https:\/\/www.northcdatacenters.com\/ch-de\/wp-content\/uploads\/sites\/3\/2022\/09\/20220829_112831-scaled.webp","contentUrl":"https:\/\/www.northcdatacenters.com\/ch-de\/wp-content\/uploads\/sites\/3\/2022\/09\/20220829_112831-scaled.webp","width":2560,"height":1920,"caption":"Notstromaggregat2 M\u00fcnchenstein01 CH"},{"@type":"BreadcrumbList","@id":"https:\/\/www.northcdatacenters.com\/ch-de\/datacenter\/datacenter-verfuegbarkeit-bei-einer-strommangellage-in-der-schweiz\/#breadcrumb","itemListElement":[{"@type":"ListItem","position":1,"name":"Home","item":"https:\/\/www.northcdatacenters.com\/ch-de\/"},{"@type":"ListItem","position":2,"name":"Datacenter Verf\u00fcgbarkeit bei einer Strommangellage in der Schweiz"}]},{"@type":"WebSite","@id":"https:\/\/www.northcdatacenters.com\/ch-de\/#website","url":"https:\/\/www.northcdatacenters.com\/ch-de\/","name":"NorthC Datacenters","description":"Digital business, Personal connections.","publisher":{"@id":"https:\/\/www.northcdatacenters.com\/ch-de\/#organization"},"potentialAction":[{"@type":"SearchAction","target":{"@type":"EntryPoint","urlTemplate":"https:\/\/www.northcdatacenters.com\/ch-de\/?s={search_term_string}"},"query-input":{"@type":"PropertyValueSpecification","valueRequired":true,"valueName":"search_term_string"}}],"inLanguage":"de-CH"},{"@type":"Organization","@id":"https:\/\/www.northcdatacenters.com\/ch-de\/#organization","name":"NorthC Datacenters","url":"https:\/\/www.northcdatacenters.com\/ch-de\/","logo":{"@type":"ImageObject","inLanguage":"de-CH","@id":"https:\/\/www.northcdatacenters.com\/ch-de\/#\/schema\/logo\/image\/","url":"https:\/\/www.northcdatacenters.com\/ch-de\/wp-content\/uploads\/sites\/3\/2024\/11\/Logo_NorthC.svg","contentUrl":"https:\/\/www.northcdatacenters.com\/ch-de\/wp-content\/uploads\/sites\/3\/2024\/11\/Logo_NorthC.svg","width":110,"height":24,"caption":"NorthC Datacenters"},"image":{"@id":"https:\/\/www.northcdatacenters.com\/ch-de\/#\/schema\/logo\/image\/"},"sameAs":["https:\/\/www.linkedin.com\/company\/northc-datacenters-schweiz\/"]},{"@type":"Person","@id":"https:\/\/www.northcdatacenters.com\/ch-de\/#\/schema\/person\/836c6d81baaaa140e8abd70adbf19540","name":"basvanderweijden","url":"https:\/\/www.northcdatacenters.com\/ch-de\/author\/basvanderweijden\/"}]}},"_links":{"self":[{"href":"https:\/\/www.northcdatacenters.com\/ch-de\/wp-json\/wp\/v2\/posts\/22004","targetHints":{"allow":["GET"]}}],"collection":[{"href":"https:\/\/www.northcdatacenters.com\/ch-de\/wp-json\/wp\/v2\/posts"}],"about":[{"href":"https:\/\/www.northcdatacenters.com\/ch-de\/wp-json\/wp\/v2\/types\/post"}],"author":[{"embeddable":true,"href":"https:\/\/www.northcdatacenters.com\/ch-de\/wp-json\/wp\/v2\/users\/15"}],"replies":[{"embeddable":true,"href":"https:\/\/www.northcdatacenters.com\/ch-de\/wp-json\/wp\/v2\/comments?post=22004"}],"version-history":[{"count":3,"href":"https:\/\/www.northcdatacenters.com\/ch-de\/wp-json\/wp\/v2\/posts\/22004\/revisions"}],"predecessor-version":[{"id":31684,"href":"https:\/\/www.northcdatacenters.com\/ch-de\/wp-json\/wp\/v2\/posts\/22004\/revisions\/31684"}],"wp:featuredmedia":[{"embeddable":true,"href":"https:\/\/www.northcdatacenters.com\/ch-de\/wp-json\/wp\/v2\/media\/22018"}],"wp:attachment":[{"href":"https:\/\/www.northcdatacenters.com\/ch-de\/wp-json\/wp\/v2\/media?parent=22004"}],"wp:term":[{"taxonomy":"category","embeddable":true,"href":"https:\/\/www.northcdatacenters.com\/ch-de\/wp-json\/wp\/v2\/categories?post=22004"},{"taxonomy":"post_tag","embeddable":true,"href":"https:\/\/www.northcdatacenters.com\/ch-de\/wp-json\/wp\/v2\/tags?post=22004"}],"curies":[{"name":"wp","href":"https:\/\/api.w.org\/{rel}","templated":true}]}}