{"id":22833,"date":"2023-05-11T14:39:56","date_gmt":"2023-05-11T14:39:56","guid":{"rendered":"https:\/\/www.northcdatacenters.com\/ch-de\/?p=22833"},"modified":"2026-04-21T13:24:22","modified_gmt":"2026-04-21T13:24:22","slug":"regierungsraete-der-kantone-basel-landschaft-und-glarus-besuchen-unternehmen-in-muenchenstein","status":"publish","type":"post","link":"https:\/\/www.northcdatacenters.com\/ch-de\/media-corner\/regierungsraete-der-kantone-basel-landschaft-und-glarus-besuchen-unternehmen-in-muenchenstein\/","title":{"rendered":"Regierungsr\u00e4te der Kantone Basel-Landschaft und Glarus besuchen NorthC in M\u00fcnchenstein"},"content":{"rendered":"<div class=\"wpb-content-wrapper\"><p>[vc_row vc_row_spacing=&#187;dont-add-spacer adds-own-spacer add-spacer-top&#187; el_class=&#187;border-bottom&#187;][vc_column][vc_column_text css=&#187;&#187;]<strong>Der Regierungsrat des Kantons Basel-Landschaft hat gestern den Glarner Regierungsrat zu einem offiziellen Besuch empfangen, nachdem die Baselbieter Regierung vor einem Jahr Ehrengast an der Glarner Landsgemeinde war. Im Rahmen dieses Besuches statteten die beiden Regierungen in M\u00fcnchenstein zwei Unternehmen aus den Bereichen Rechenzentrumsbetrieb (NorthC Datacenters) und IT-Dienstleistungen (Selution AG) einen Besuch ab.<\/strong><\/p>\n<p>Die Regierungsr\u00e4te der Kantone Basel-Landschaft und Glarus haben sich gestern zu einem Freundschaftsbesuch getroffen. Im Rahmen dieses Besuches besichtigten sie das Rechenzentrum von NorthC Datacenters in M\u00fcnchenstein, einem der f\u00fchrenden Anbieter von Rechenzentren in Europa. Kathrin Schweizer, Regierungsratspr\u00e4sidentin und Sicherheitsdirektorin des Kantons Basel-Landschaft, zieht ein positives Fazit: \u00abDatacenter wie das von NorthC Datacenters sind ein wichtiger Bestandteil der regionalen IT-Infrastruktur. Sie zeigen, wie wichtig Rechenzentren f\u00fcr die Digitalisierung und die digitale Souver\u00e4nit\u00e4t der Region sind.\u00bb<\/p>\n<p>Das Team von NorthC, zeigte sich \u00fcber den Besuch der Regierungen erfreut: \u00abWir sind stolz, dass wir den beiden Kantonsregierungen unser Rechenzentrum zeigen d\u00fcrfen. Mit unseren Rechenzentren in M\u00fcnchenstein leisten wir einen wichtigen Beitrag zur digitalen Infrastruktur des Baselbiets.\u00bb NorthC Datacenters betreibt in M\u00fcnchenstein zwei von insgesamt f\u00fcnf Rechenzentren in den beiden Basel. Diese erm\u00f6glichen Basler Unternehmen die sichere Lagerung ihrer Daten.<\/p>\n<p>Daran anschliessend besuchten die Regierungsr\u00e4te den IT-Dienstleister Selution AG, der im Bereich der Cyber-Sicherheit t\u00e4tig ist. Dort konnten sie sich ein Bild \u00fcber die neuesten Entwicklungen im Bereich der Cyber-Sicherheit machen, um sich vor den neuesten Angriffsmethoden zu sch\u00fctzen.<\/p>\n<p>Der gemeinsame Besuch von Regierungsr\u00e4ten der Kantone Basel-Landschaft und Glarus ist Ausdruck der engen Verbundenheit zwischen den beiden Regionen. Die Regierungsr\u00e4te bekr\u00e4ftigten, dass der Austausch zwischen den Regionen auch k\u00fcnftig weiter gepflegt werden soll. Der Landammann des Kantons Glarus, Benjamin M\u00fchlemann, betont den Nutzen solcher Besuche: \u00abIch habe mich sehr \u00fcber den Austausch mit den Baselbieter Kollegen gefreut. Es war auch spannend zu sehen, welchen Beitrag diese Unternehmen f\u00fcr die Region leisten.\u00bb[\/vc_column_text][\/vc_column][\/vc_row][vc_row full_width=&#187;stretch_row&#187; north_c_background_color=&#187;bg-gray-200&#8243;][vc_column]<div class=\"cta\">\n  <div class=\"cta-grid\">\n    <div class=\"cta-picture\">\n      <picture class=\"responsive-picture d-block\">\n  <img decoding=\"async\" src=\"https:\/\/www.northcdatacenters.com\/ch-de\/wp-content\/uploads\/sites\/3\/2023\/05\/Alwyn-Lehmann-1256x1256.webp\" srcset=\"https:\/\/www.northcdatacenters.com\/ch-de\/wp-content\/uploads\/sites\/3\/2023\/05\/Alwyn-Lehmann-1256x1256.webp 1256w, https:\/\/www.northcdatacenters.com\/ch-de\/wp-content\/uploads\/sites\/3\/2023\/05\/Alwyn-Lehmann-300x300.webp 300w, https:\/\/www.northcdatacenters.com\/ch-de\/wp-content\/uploads\/sites\/3\/2023\/05\/Alwyn-Lehmann-1024x1024.webp 1024w, https:\/\/www.northcdatacenters.com\/ch-de\/wp-content\/uploads\/sites\/3\/2023\/05\/Alwyn-Lehmann-768x768.webp 768w, https:\/\/www.northcdatacenters.com\/ch-de\/wp-content\/uploads\/sites\/3\/2023\/05\/Alwyn-Lehmann-1536x1536.webp 1536w, https:\/\/www.northcdatacenters.com\/ch-de\/wp-content\/uploads\/sites\/3\/2023\/05\/Alwyn-Lehmann-250x250.webp 250w, https:\/\/www.northcdatacenters.com\/ch-de\/wp-content\/uploads\/sites\/3\/2023\/05\/Alwyn-Lehmann-740x740.webp 740w, https:\/\/www.northcdatacenters.com\/ch-de\/wp-content\/uploads\/sites\/3\/2023\/05\/Alwyn-Lehmann-175x175.webp 175w, https:\/\/www.northcdatacenters.com\/ch-de\/wp-content\/uploads\/sites\/3\/2023\/05\/Alwyn-Lehmann-360x360.webp 360w, https:\/\/www.northcdatacenters.com\/ch-de\/wp-content\/uploads\/sites\/3\/2023\/05\/Alwyn-Lehmann-500x500.webp 500w, https:\/\/www.northcdatacenters.com\/ch-de\/wp-content\/uploads\/sites\/3\/2023\/05\/Alwyn-Lehmann.webp 1920w\"\n  class=\"\" style=\"\"\n  loading=\"lazy\"\n  sizes=\"(min-width: 992px) 1280px, 100vw\" \/><\/picture>\n          <\/div>\n\n    <div class=\"text text-white d-flex flex-column gap-4 justify-content-center align-items-center p-6 pb-12 px-lg-12 px-xxl-28\">\n      <h6 class=\"text-primary lh214 font-extrabold text-center mb-0\">Kontakt aufnehmen<\/h6>\n      <h3 class=\"mb-2 text-center text-sm-5xl mb-sm-6 text-balance\">Sie ben\u00f6tigen eine Beratung f\u00fcr Ihre spezifische Situation?<\/h3>\n      <div class=\"buttons d-flex flex-column flex-lg-row flex-wrap gap-4 align-items-center justify-content-center dark-background\">\n                  \n  <button class=\"btn btn-primary\" type=\"button\" data-bs-toggle=\"offcanvas\" data-bs-target=\"#offcanvas_15\" aria-controls=\"offcanvas_15\">\n    Angebot anfordern  <\/button>\n                  \n  \n  <button class=\"btn btn-secondary\" type=\"button\" data-bs-toggle=\"offcanvas\" data-bs-target=\"#offcanvas_34\" aria-controls=\"offcanvas_34\">\n    Besichtigung anforderen  <\/button>\n\n              <\/div>\n    <\/div>\n  <\/div>\n<\/div>[\/vc_column][\/vc_row]<\/p>\n<\/div>","protected":false},"excerpt":{"rendered":"<p>[vc_row vc_row_spacing=&#187;dont-add-spacer adds-own-spacer add-spacer-top&#187; el_class=&#187;border-bottom&#187;][vc_column][vc_column_text css=&#187;&#187;]Der Regierungsrat des Kantons Basel-Landschaft hat gestern den Glarner Regierungsrat zu einem offiziellen Besuch empfangen, nachdem die Baselbieter Regierung vor einem Jahr Ehrengast an der Glarner Landsgemeinde war. Im Rahmen dieses Besuches statteten die beiden Regierungen in M\u00fcnchenstein zwei Unternehmen aus den Bereichen Rechenzentrumsbetrieb (NorthC Datacenters) und IT-Dienstleistungen (Selution AG) &#8230;<\/p>\n","protected":false},"author":16,"featured_media":25506,"comment_status":"closed","ping_status":"closed","sticky":false,"template":"","format":"standard","meta":{"_acf_changed":false,"_relevanssi_hide_post":"","_relevanssi_hide_content":"","_relevanssi_pin_for_all":"","_relevanssi_pin_keywords":"","_relevanssi_unpin_keywords":"","_relevanssi_related_keywords":"","_relevanssi_related_include_ids":"","_relevanssi_related_exclude_ids":"","_relevanssi_related_no_append":"","_relevanssi_related_not_related":"","_relevanssi_related_posts":"","_relevanssi_noindex_reason":"","footnotes":""},"categories":[48],"tags":[],"class_list":["post-22833","post","type-post","status-publish","format-standard","has-post-thumbnail","hentry","category-media-corner"],"acf":[],"yoast_head":"<!-- This site is optimized with the Yoast SEO Premium plugin v27.4 (Yoast SEO v27.4) - https:\/\/yoast.com\/product\/yoast-seo-premium-wordpress\/ -->\n<title>Regierungsr\u00e4te besuchen NorthC<\/title>\n<meta name=\"description\" content=\"Regierungsr\u00e4te der Kantone Basel-Landschaft und Glarus haben sich heute in unserem Rechenzentrum in M\u00fcnchenstein getroffen.\" \/>\n<meta name=\"robots\" content=\"index, follow, max-snippet:-1, max-image-preview:large, max-video-preview:-1\" \/>\n<link rel=\"canonical\" href=\"https:\/\/www.northcdatacenters.com\/ch-de\/media-corner\/regierungsraete-der-kantone-basel-landschaft-und-glarus-besuchen-unternehmen-in-muenchenstein\/\" \/>\n<meta property=\"og:locale\" content=\"de_DE\" \/>\n<meta property=\"og:type\" content=\"article\" \/>\n<meta property=\"og:title\" content=\"Regierungsr\u00e4te der Kantone Basel-Landschaft und Glarus besuchen NorthC in M\u00fcnchenstein\" \/>\n<meta property=\"og:description\" content=\"Regierungsr\u00e4te der Kantone Basel-Landschaft und Glarus haben sich heute in unserem Rechenzentrum in M\u00fcnchenstein getroffen.\" \/>\n<meta property=\"og:url\" content=\"https:\/\/www.northcdatacenters.com\/ch-de\/media-corner\/regierungsraete-der-kantone-basel-landschaft-und-glarus-besuchen-unternehmen-in-muenchenstein\/\" \/>\n<meta property=\"og:site_name\" content=\"NorthC Datacenters (CH-DE)\" \/>\n<meta property=\"article:published_time\" content=\"2023-05-11T14:39:56+00:00\" \/>\n<meta property=\"article:modified_time\" content=\"2026-04-21T13:24:22+00:00\" \/>\n<meta property=\"og:image\" content=\"https:\/\/www.northcdatacenters.com\/ch-de\/wp-content\/uploads\/sites\/3\/2024\/07\/Switzerland_Digital_Flag-scaled.jpg\" \/>\n<meta name=\"author\" content=\"Martin\" \/>\n<meta name=\"twitter:card\" content=\"summary_large_image\" \/>\n<meta name=\"twitter:label1\" content=\"Geschrieben von\" \/>\n\t<meta name=\"twitter:data1\" content=\"Martin\" \/>\n\t<meta name=\"twitter:label2\" content=\"Gesch\u00e4tzte Lesezeit\" \/>\n\t<meta name=\"twitter:data2\" content=\"3\u00a0Minuten\" \/>\n<script type=\"application\/ld+json\" class=\"yoast-schema-graph\">{\"@context\":\"https:\\\/\\\/schema.org\",\"@graph\":[{\"@type\":\"Article\",\"@id\":\"https:\\\/\\\/www.northcdatacenters.com\\\/ch-de\\\/media-corner\\\/regierungsraete-der-kantone-basel-landschaft-und-glarus-besuchen-unternehmen-in-muenchenstein\\\/#article\",\"isPartOf\":{\"@id\":\"https:\\\/\\\/www.northcdatacenters.com\\\/ch-de\\\/media-corner\\\/regierungsraete-der-kantone-basel-landschaft-und-glarus-besuchen-unternehmen-in-muenchenstein\\\/\"},\"author\":{\"name\":\"Martin\",\"@id\":\"https:\\\/\\\/www.northcdatacenters.com\\\/ch-de\\\/#\\\/schema\\\/person\\\/d9dc31297e84c0bf28cb42b588ffd95c\"},\"headline\":\"Regierungsr\u00e4te der Kantone Basel-Landschaft und Glarus besuchen NorthC in M\u00fcnchenstein\",\"datePublished\":\"2023-05-11T14:39:56+00:00\",\"dateModified\":\"2026-04-21T13:24:22+00:00\",\"mainEntityOfPage\":{\"@id\":\"https:\\\/\\\/www.northcdatacenters.com\\\/ch-de\\\/media-corner\\\/regierungsraete-der-kantone-basel-landschaft-und-glarus-besuchen-unternehmen-in-muenchenstein\\\/\"},\"wordCount\":433,\"publisher\":{\"@id\":\"https:\\\/\\\/www.northcdatacenters.com\\\/ch-de\\\/#organization\"},\"image\":{\"@id\":\"https:\\\/\\\/www.northcdatacenters.com\\\/ch-de\\\/media-corner\\\/regierungsraete-der-kantone-basel-landschaft-und-glarus-besuchen-unternehmen-in-muenchenstein\\\/#primaryimage\"},\"thumbnailUrl\":\"https:\\\/\\\/www.northcdatacenters.com\\\/ch-de\\\/wp-content\\\/uploads\\\/sites\\\/3\\\/2024\\\/07\\\/Switzerland_Digital_Flag-scaled.webp\",\"articleSection\":[\"Media Corner\"],\"inLanguage\":\"de-CH\"},{\"@type\":\"WebPage\",\"@id\":\"https:\\\/\\\/www.northcdatacenters.com\\\/ch-de\\\/media-corner\\\/regierungsraete-der-kantone-basel-landschaft-und-glarus-besuchen-unternehmen-in-muenchenstein\\\/\",\"url\":\"https:\\\/\\\/www.northcdatacenters.com\\\/ch-de\\\/media-corner\\\/regierungsraete-der-kantone-basel-landschaft-und-glarus-besuchen-unternehmen-in-muenchenstein\\\/\",\"name\":\"Regierungsr\u00e4te besuchen NorthC\",\"isPartOf\":{\"@id\":\"https:\\\/\\\/www.northcdatacenters.com\\\/ch-de\\\/#website\"},\"primaryImageOfPage\":{\"@id\":\"https:\\\/\\\/www.northcdatacenters.com\\\/ch-de\\\/media-corner\\\/regierungsraete-der-kantone-basel-landschaft-und-glarus-besuchen-unternehmen-in-muenchenstein\\\/#primaryimage\"},\"image\":{\"@id\":\"https:\\\/\\\/www.northcdatacenters.com\\\/ch-de\\\/media-corner\\\/regierungsraete-der-kantone-basel-landschaft-und-glarus-besuchen-unternehmen-in-muenchenstein\\\/#primaryimage\"},\"thumbnailUrl\":\"https:\\\/\\\/www.northcdatacenters.com\\\/ch-de\\\/wp-content\\\/uploads\\\/sites\\\/3\\\/2024\\\/07\\\/Switzerland_Digital_Flag-scaled.webp\",\"datePublished\":\"2023-05-11T14:39:56+00:00\",\"dateModified\":\"2026-04-21T13:24:22+00:00\",\"description\":\"Regierungsr\u00e4te der Kantone Basel-Landschaft und Glarus haben sich heute in unserem Rechenzentrum in M\u00fcnchenstein getroffen.\",\"breadcrumb\":{\"@id\":\"https:\\\/\\\/www.northcdatacenters.com\\\/ch-de\\\/media-corner\\\/regierungsraete-der-kantone-basel-landschaft-und-glarus-besuchen-unternehmen-in-muenchenstein\\\/#breadcrumb\"},\"inLanguage\":\"de-CH\",\"potentialAction\":[{\"@type\":\"ReadAction\",\"target\":[\"https:\\\/\\\/www.northcdatacenters.com\\\/ch-de\\\/media-corner\\\/regierungsraete-der-kantone-basel-landschaft-und-glarus-besuchen-unternehmen-in-muenchenstein\\\/\"]}]},{\"@type\":\"ImageObject\",\"inLanguage\":\"de-CH\",\"@id\":\"https:\\\/\\\/www.northcdatacenters.com\\\/ch-de\\\/media-corner\\\/regierungsraete-der-kantone-basel-landschaft-und-glarus-besuchen-unternehmen-in-muenchenstein\\\/#primaryimage\",\"url\":\"https:\\\/\\\/www.northcdatacenters.com\\\/ch-de\\\/wp-content\\\/uploads\\\/sites\\\/3\\\/2024\\\/07\\\/Switzerland_Digital_Flag-scaled.webp\",\"contentUrl\":\"https:\\\/\\\/www.northcdatacenters.com\\\/ch-de\\\/wp-content\\\/uploads\\\/sites\\\/3\\\/2024\\\/07\\\/Switzerland_Digital_Flag-scaled.webp\",\"width\":2560,\"height\":1440,\"caption\":\"Digital Switzerland - Die digitale Zukunft der Schweiz: Innovation, Technologie und Vernetzung\"},{\"@type\":\"BreadcrumbList\",\"@id\":\"https:\\\/\\\/www.northcdatacenters.com\\\/ch-de\\\/media-corner\\\/regierungsraete-der-kantone-basel-landschaft-und-glarus-besuchen-unternehmen-in-muenchenstein\\\/#breadcrumb\",\"itemListElement\":[{\"@type\":\"ListItem\",\"position\":1,\"name\":\"Home\",\"item\":\"https:\\\/\\\/www.northcdatacenters.com\\\/ch-de\\\/\"},{\"@type\":\"ListItem\",\"position\":2,\"name\":\"Regierungsr\u00e4te der Kantone Basel-Landschaft und Glarus besuchen NorthC in M\u00fcnchenstein\"}]},{\"@type\":\"WebSite\",\"@id\":\"https:\\\/\\\/www.northcdatacenters.com\\\/ch-de\\\/#website\",\"url\":\"https:\\\/\\\/www.northcdatacenters.com\\\/ch-de\\\/\",\"name\":\"NorthC Datacenters\",\"description\":\"Digital business, Personal connections.\",\"publisher\":{\"@id\":\"https:\\\/\\\/www.northcdatacenters.com\\\/ch-de\\\/#organization\"},\"potentialAction\":[{\"@type\":\"SearchAction\",\"target\":{\"@type\":\"EntryPoint\",\"urlTemplate\":\"https:\\\/\\\/www.northcdatacenters.com\\\/ch-de\\\/?s={search_term_string}\"},\"query-input\":{\"@type\":\"PropertyValueSpecification\",\"valueRequired\":true,\"valueName\":\"search_term_string\"}}],\"inLanguage\":\"de-CH\"},{\"@type\":\"Organization\",\"@id\":\"https:\\\/\\\/www.northcdatacenters.com\\\/ch-de\\\/#organization\",\"name\":\"NorthC Datacenters\",\"url\":\"https:\\\/\\\/www.northcdatacenters.com\\\/ch-de\\\/\",\"logo\":{\"@type\":\"ImageObject\",\"inLanguage\":\"de-CH\",\"@id\":\"https:\\\/\\\/www.northcdatacenters.com\\\/ch-de\\\/#\\\/schema\\\/logo\\\/image\\\/\",\"url\":\"https:\\\/\\\/www.northcdatacenters.com\\\/ch-de\\\/wp-content\\\/uploads\\\/sites\\\/3\\\/2024\\\/11\\\/Logo_NorthC.svg\",\"contentUrl\":\"https:\\\/\\\/www.northcdatacenters.com\\\/ch-de\\\/wp-content\\\/uploads\\\/sites\\\/3\\\/2024\\\/11\\\/Logo_NorthC.svg\",\"width\":110,\"height\":24,\"caption\":\"NorthC Datacenters\"},\"image\":{\"@id\":\"https:\\\/\\\/www.northcdatacenters.com\\\/ch-de\\\/#\\\/schema\\\/logo\\\/image\\\/\"},\"sameAs\":[\"https:\\\/\\\/www.linkedin.com\\\/company\\\/northc-datacenters-schweiz\\\/\"]},{\"@type\":\"Person\",\"@id\":\"https:\\\/\\\/www.northcdatacenters.com\\\/ch-de\\\/#\\\/schema\\\/person\\\/d9dc31297e84c0bf28cb42b588ffd95c\",\"name\":\"Martin\",\"url\":\"https:\\\/\\\/www.northcdatacenters.com\\\/ch-de\\\/author\\\/martinming\\\/\"}]}<\/script>\n<!-- \/ Yoast SEO Premium plugin. -->","yoast_head_json":{"title":"Regierungsr\u00e4te besuchen NorthC","description":"Regierungsr\u00e4te der Kantone Basel-Landschaft und Glarus haben sich heute in unserem Rechenzentrum in M\u00fcnchenstein getroffen.","robots":{"index":"index","follow":"follow","max-snippet":"max-snippet:-1","max-image-preview":"max-image-preview:large","max-video-preview":"max-video-preview:-1"},"canonical":"https:\/\/www.northcdatacenters.com\/ch-de\/media-corner\/regierungsraete-der-kantone-basel-landschaft-und-glarus-besuchen-unternehmen-in-muenchenstein\/","og_locale":"de_DE","og_type":"article","og_title":"Regierungsr\u00e4te der Kantone Basel-Landschaft und Glarus besuchen NorthC in M\u00fcnchenstein","og_description":"Regierungsr\u00e4te der Kantone Basel-Landschaft und Glarus haben sich heute in unserem Rechenzentrum in M\u00fcnchenstein getroffen.","og_url":"https:\/\/www.northcdatacenters.com\/ch-de\/media-corner\/regierungsraete-der-kantone-basel-landschaft-und-glarus-besuchen-unternehmen-in-muenchenstein\/","og_site_name":"NorthC Datacenters (CH-DE)","article_published_time":"2023-05-11T14:39:56+00:00","article_modified_time":"2026-04-21T13:24:22+00:00","og_image":[{"url":"https:\/\/www.northcdatacenters.com\/ch-de\/wp-content\/uploads\/sites\/3\/2024\/07\/Switzerland_Digital_Flag-scaled.jpg","type":"","width":"","height":""}],"author":"Martin","twitter_card":"summary_large_image","twitter_misc":{"Geschrieben von":"Martin","Gesch\u00e4tzte Lesezeit":"3\u00a0Minuten"},"schema":{"@context":"https:\/\/schema.org","@graph":[{"@type":"Article","@id":"https:\/\/www.northcdatacenters.com\/ch-de\/media-corner\/regierungsraete-der-kantone-basel-landschaft-und-glarus-besuchen-unternehmen-in-muenchenstein\/#article","isPartOf":{"@id":"https:\/\/www.northcdatacenters.com\/ch-de\/media-corner\/regierungsraete-der-kantone-basel-landschaft-und-glarus-besuchen-unternehmen-in-muenchenstein\/"},"author":{"name":"Martin","@id":"https:\/\/www.northcdatacenters.com\/ch-de\/#\/schema\/person\/d9dc31297e84c0bf28cb42b588ffd95c"},"headline":"Regierungsr\u00e4te der Kantone Basel-Landschaft und Glarus besuchen NorthC in M\u00fcnchenstein","datePublished":"2023-05-11T14:39:56+00:00","dateModified":"2026-04-21T13:24:22+00:00","mainEntityOfPage":{"@id":"https:\/\/www.northcdatacenters.com\/ch-de\/media-corner\/regierungsraete-der-kantone-basel-landschaft-und-glarus-besuchen-unternehmen-in-muenchenstein\/"},"wordCount":433,"publisher":{"@id":"https:\/\/www.northcdatacenters.com\/ch-de\/#organization"},"image":{"@id":"https:\/\/www.northcdatacenters.com\/ch-de\/media-corner\/regierungsraete-der-kantone-basel-landschaft-und-glarus-besuchen-unternehmen-in-muenchenstein\/#primaryimage"},"thumbnailUrl":"https:\/\/www.northcdatacenters.com\/ch-de\/wp-content\/uploads\/sites\/3\/2024\/07\/Switzerland_Digital_Flag-scaled.webp","articleSection":["Media Corner"],"inLanguage":"de-CH"},{"@type":"WebPage","@id":"https:\/\/www.northcdatacenters.com\/ch-de\/media-corner\/regierungsraete-der-kantone-basel-landschaft-und-glarus-besuchen-unternehmen-in-muenchenstein\/","url":"https:\/\/www.northcdatacenters.com\/ch-de\/media-corner\/regierungsraete-der-kantone-basel-landschaft-und-glarus-besuchen-unternehmen-in-muenchenstein\/","name":"Regierungsr\u00e4te besuchen NorthC","isPartOf":{"@id":"https:\/\/www.northcdatacenters.com\/ch-de\/#website"},"primaryImageOfPage":{"@id":"https:\/\/www.northcdatacenters.com\/ch-de\/media-corner\/regierungsraete-der-kantone-basel-landschaft-und-glarus-besuchen-unternehmen-in-muenchenstein\/#primaryimage"},"image":{"@id":"https:\/\/www.northcdatacenters.com\/ch-de\/media-corner\/regierungsraete-der-kantone-basel-landschaft-und-glarus-besuchen-unternehmen-in-muenchenstein\/#primaryimage"},"thumbnailUrl":"https:\/\/www.northcdatacenters.com\/ch-de\/wp-content\/uploads\/sites\/3\/2024\/07\/Switzerland_Digital_Flag-scaled.webp","datePublished":"2023-05-11T14:39:56+00:00","dateModified":"2026-04-21T13:24:22+00:00","description":"Regierungsr\u00e4te der Kantone Basel-Landschaft und Glarus haben sich heute in unserem Rechenzentrum in M\u00fcnchenstein getroffen.","breadcrumb":{"@id":"https:\/\/www.northcdatacenters.com\/ch-de\/media-corner\/regierungsraete-der-kantone-basel-landschaft-und-glarus-besuchen-unternehmen-in-muenchenstein\/#breadcrumb"},"inLanguage":"de-CH","potentialAction":[{"@type":"ReadAction","target":["https:\/\/www.northcdatacenters.com\/ch-de\/media-corner\/regierungsraete-der-kantone-basel-landschaft-und-glarus-besuchen-unternehmen-in-muenchenstein\/"]}]},{"@type":"ImageObject","inLanguage":"de-CH","@id":"https:\/\/www.northcdatacenters.com\/ch-de\/media-corner\/regierungsraete-der-kantone-basel-landschaft-und-glarus-besuchen-unternehmen-in-muenchenstein\/#primaryimage","url":"https:\/\/www.northcdatacenters.com\/ch-de\/wp-content\/uploads\/sites\/3\/2024\/07\/Switzerland_Digital_Flag-scaled.webp","contentUrl":"https:\/\/www.northcdatacenters.com\/ch-de\/wp-content\/uploads\/sites\/3\/2024\/07\/Switzerland_Digital_Flag-scaled.webp","width":2560,"height":1440,"caption":"Digital Switzerland - Die digitale Zukunft der Schweiz: Innovation, Technologie und Vernetzung"},{"@type":"BreadcrumbList","@id":"https:\/\/www.northcdatacenters.com\/ch-de\/media-corner\/regierungsraete-der-kantone-basel-landschaft-und-glarus-besuchen-unternehmen-in-muenchenstein\/#breadcrumb","itemListElement":[{"@type":"ListItem","position":1,"name":"Home","item":"https:\/\/www.northcdatacenters.com\/ch-de\/"},{"@type":"ListItem","position":2,"name":"Regierungsr\u00e4te der Kantone Basel-Landschaft und Glarus besuchen NorthC in M\u00fcnchenstein"}]},{"@type":"WebSite","@id":"https:\/\/www.northcdatacenters.com\/ch-de\/#website","url":"https:\/\/www.northcdatacenters.com\/ch-de\/","name":"NorthC Datacenters","description":"Digital business, Personal connections.","publisher":{"@id":"https:\/\/www.northcdatacenters.com\/ch-de\/#organization"},"potentialAction":[{"@type":"SearchAction","target":{"@type":"EntryPoint","urlTemplate":"https:\/\/www.northcdatacenters.com\/ch-de\/?s={search_term_string}"},"query-input":{"@type":"PropertyValueSpecification","valueRequired":true,"valueName":"search_term_string"}}],"inLanguage":"de-CH"},{"@type":"Organization","@id":"https:\/\/www.northcdatacenters.com\/ch-de\/#organization","name":"NorthC Datacenters","url":"https:\/\/www.northcdatacenters.com\/ch-de\/","logo":{"@type":"ImageObject","inLanguage":"de-CH","@id":"https:\/\/www.northcdatacenters.com\/ch-de\/#\/schema\/logo\/image\/","url":"https:\/\/www.northcdatacenters.com\/ch-de\/wp-content\/uploads\/sites\/3\/2024\/11\/Logo_NorthC.svg","contentUrl":"https:\/\/www.northcdatacenters.com\/ch-de\/wp-content\/uploads\/sites\/3\/2024\/11\/Logo_NorthC.svg","width":110,"height":24,"caption":"NorthC Datacenters"},"image":{"@id":"https:\/\/www.northcdatacenters.com\/ch-de\/#\/schema\/logo\/image\/"},"sameAs":["https:\/\/www.linkedin.com\/company\/northc-datacenters-schweiz\/"]},{"@type":"Person","@id":"https:\/\/www.northcdatacenters.com\/ch-de\/#\/schema\/person\/d9dc31297e84c0bf28cb42b588ffd95c","name":"Martin","url":"https:\/\/www.northcdatacenters.com\/ch-de\/author\/martinming\/"}]}},"_links":{"self":[{"href":"https:\/\/www.northcdatacenters.com\/ch-de\/wp-json\/wp\/v2\/posts\/22833","targetHints":{"allow":["GET"]}}],"collection":[{"href":"https:\/\/www.northcdatacenters.com\/ch-de\/wp-json\/wp\/v2\/posts"}],"about":[{"href":"https:\/\/www.northcdatacenters.com\/ch-de\/wp-json\/wp\/v2\/types\/post"}],"author":[{"embeddable":true,"href":"https:\/\/www.northcdatacenters.com\/ch-de\/wp-json\/wp\/v2\/users\/16"}],"replies":[{"embeddable":true,"href":"https:\/\/www.northcdatacenters.com\/ch-de\/wp-json\/wp\/v2\/comments?post=22833"}],"version-history":[{"count":2,"href":"https:\/\/www.northcdatacenters.com\/ch-de\/wp-json\/wp\/v2\/posts\/22833\/revisions"}],"predecessor-version":[{"id":31681,"href":"https:\/\/www.northcdatacenters.com\/ch-de\/wp-json\/wp\/v2\/posts\/22833\/revisions\/31681"}],"wp:featuredmedia":[{"embeddable":true,"href":"https:\/\/www.northcdatacenters.com\/ch-de\/wp-json\/wp\/v2\/media\/25506"}],"wp:attachment":[{"href":"https:\/\/www.northcdatacenters.com\/ch-de\/wp-json\/wp\/v2\/media?parent=22833"}],"wp:term":[{"taxonomy":"category","embeddable":true,"href":"https:\/\/www.northcdatacenters.com\/ch-de\/wp-json\/wp\/v2\/categories?post=22833"},{"taxonomy":"post_tag","embeddable":true,"href":"https:\/\/www.northcdatacenters.com\/ch-de\/wp-json\/wp\/v2\/tags?post=22833"}],"curies":[{"name":"wp","href":"https:\/\/api.w.org\/{rel}","templated":true}]}}