{"id":22844,"date":"2023-06-01T06:44:00","date_gmt":"2023-06-01T06:44:00","guid":{"rendered":"https:\/\/www.northcdatacenters.com\/ch-de\/?p=22844"},"modified":"2026-04-21T13:23:54","modified_gmt":"2026-04-21T13:23:54","slug":"nachhaltige-rechenzentren-einblick-von-unserem-experten-erich-hohermuth-bei-northc-datacenters-schweiz","status":"publish","type":"post","link":"https:\/\/www.northcdatacenters.com\/ch-de\/media-corner\/nachhaltige-rechenzentren-einblick-von-unserem-experten-erich-hohermuth-bei-northc-datacenters-schweiz\/","title":{"rendered":"Nachhaltige Rechenzentren: Einblick von unserem Experten Erich Hohermuth bei NorthC Datacenters Schweiz!"},"content":{"rendered":"<div class=\"wpb-content-wrapper\"><p>[vc_row vc_row_spacing=&#187;dont-add-spacer adds-own-spacer add-spacer-top&#187; el_class=&#187;border-bottom&#187;][vc_column][vc_column_text]Wir bei NorthC Schweiz AG sind uns bewusst, dass Rechenzentren aufgrund ihres Stromverbrauchs gelegentlich kritisiert werden. Aus diesem Grund nehmen wir diese Bedenken ernst und setzen uns aktiv daf\u00fcr ein, nachhaltige L\u00f6sungen zu finden.<br \/>\nUnser gesch\u00e4tzter Kollege und Experte Erich Hohermuth erl\u00e4utert in der Podiumsdiskussion im IT-Markt, wie NorthC Schweiz AG vorgeht.<\/p>\n<p><strong>Was muss ein RZ-Betreiber heute bieten, um morgen noch im Gesch\u00e4ft zu sein?<\/strong><\/p>\n<p>An erster Stelle steht nat\u00fcrlich die Verf\u00fcgbarkeit und Sicherheit der Daten, auch andere Themen wie Energieeffizienz und Konnektivit\u00e4t (tiefe Latenz) gewinnen zunehmend an Bedeutung. So investieren wir unter anderem kontinuierlich und intensiv in Abw\u00e4rmeprojekte, den Einsatz von umweltfreundlichem gr\u00fcnen Wasserstoff sowie den modularen Aus- und Aufbau unserer Rechenzentren. Sehr wichtig ist auch eine pers\u00f6nliche und individuelle Betreuung der Kundinnen und Kunden.<\/p>\n<p><strong>Algenfarmen, Abw\u00e4rmenutzung, alternative Energie: Wie wichtig ist das Thema Nachhaltigkeit bei Schweizer Rechenzentren?<\/strong><\/p>\n<p>Nachhaltigkeit ist ein Thema, das heute bereits von grosser Bedeutung ist. Aus diesem Grund hat es sich NorthC Datacenters zum Ziel gesetzt, bis 2030 CO\u2082-neutral zu werden. So ist unser neues Rechenzentrum im niederl\u00e4ndischen Groningen das europaweite erste, in dem Brennstoffzellen installiert wurden, um auch den Notstrom komplett CO\u2082-neutral erzeugen zu k\u00f6nnen. Neben der bereits genutzten Abw\u00e4rme, pr\u00fcfen wir auch in der Schweiz die Nutzung von gr\u00fcnem Wasserstoff, um alle Prim\u00e4r- und Notstromgeneratoren unserer Rechenzentren CO\u2082-neutral zu betreiben.<\/p>\n<p><strong>Und wie nachhaltig sind die Rechenzentren hierzulande wirklich?<\/strong><\/p>\n<p>F\u00fcr die Energieversorgung unserer Rechenzentren in der Schweiz nutzen wir bereits heute 100 % \u00d6kostrom. In den n\u00e4chsten Jahren wollen wir vermehrt energieautarke Anlagen einsetzen und selbst nachhaltige Energie produzieren. Zudem nutzen wir die in den Rechenzentren erzeugte W\u00e4rme, wo immer m\u00f6glich f\u00fcr die Beheizung umliegender Geb\u00e4ude und speisen diese in das Nahw\u00e4rmenetz ein. Auch arbeiten wir daran, die Energieeffizienz unserer Rechenzentren weiter zu steigern.<\/p>\n<p><strong>Wie hat sich das Schweizer RZ-Gesch\u00e4ft in den vergangenen 12 Monaten entwickelt?<\/strong><\/p>\n<p>Steigende Energiepreise und Versorgungsengp\u00e4sse haben die Branche in den letzten 12 Monaten zweifellos stark beeinflusst. Dies best\u00e4rkt uns in unserem Ziel, bis 2030 CO\u2082-neutral zu werden und Energie m\u00f6glichst effizient zu nutzen. Trotz der Energiekrise ist die Nachfrage nach Rechenzentrumsdienstleistungen gestiegen. Viele Unternehmen haben w\u00e4hrend der Pandemie den Wert eines sicheren und zuverl\u00e4ssigen Datenmanagements in der Schweiz erkannt.<\/p>\n<p><strong>Wie viel Raum bleibt hierzulande neben den grossen Hyperscalern noch f\u00fcr lokale Anbieter?<\/strong><\/p>\n<p>Wir sehen eine wachsende Nachfrage nach dem Bed\u00fcrfnis, dass Daten in der Schweiz gespeichert werden. Zudem stellen wir ein wachsendes Bed\u00fcrfnis nach regionalen IT-L\u00f6sungen mit internationaler Reichweite fest. Unsere Rechenzentren bieten daf\u00fcr direkten Zugang zu einem breiten \u00d6kosystem von regionalen, nationalen und internationalen Cloud- und Netzwerkbetreibern. Wir k\u00f6nnen Unternehmen zudem individuellere und pers\u00f6nlichere L\u00f6sungen wie Hyperscaler anbieten. Der Bedarf an lokalen Anbietern ist aus unserer Sicht also weiterhin vorhanden.[\/vc_column_text]\n    <picture class=\"responsive-picture \">\n                                                \n      <img decoding=\"async\" src=\"\" alt=\"\" loading=\"auto\" width=\"\" height=\"\">\n    <\/picture>\n[\/vc_column][\/vc_row][vc_row full_width=&#187;stretch_row&#187; north_c_background_color=&#187;bg-gray-200&#8243;][vc_column]<div class=\"cta\">\n  <div class=\"cta-grid\">\n    <div class=\"cta-picture\">\n      <picture class=\"responsive-picture d-block\">\n  <img decoding=\"async\" src=\"https:\/\/www.northcdatacenters.com\/ch-de\/wp-content\/uploads\/sites\/3\/2024\/07\/Orlando-Palumbo-1-1256x1256.webp\" srcset=\"https:\/\/www.northcdatacenters.com\/ch-de\/wp-content\/uploads\/sites\/3\/2024\/07\/Orlando-Palumbo-1-1256x1256.webp 1256w, https:\/\/www.northcdatacenters.com\/ch-de\/wp-content\/uploads\/sites\/3\/2024\/07\/Orlando-Palumbo-1-300x300.webp 300w, https:\/\/www.northcdatacenters.com\/ch-de\/wp-content\/uploads\/sites\/3\/2024\/07\/Orlando-Palumbo-1-1024x1024.webp 1024w, https:\/\/www.northcdatacenters.com\/ch-de\/wp-content\/uploads\/sites\/3\/2024\/07\/Orlando-Palumbo-1-768x768.webp 768w, https:\/\/www.northcdatacenters.com\/ch-de\/wp-content\/uploads\/sites\/3\/2024\/07\/Orlando-Palumbo-1-1536x1536.webp 1536w, https:\/\/www.northcdatacenters.com\/ch-de\/wp-content\/uploads\/sites\/3\/2024\/07\/Orlando-Palumbo-1-250x250.webp 250w, https:\/\/www.northcdatacenters.com\/ch-de\/wp-content\/uploads\/sites\/3\/2024\/07\/Orlando-Palumbo-1-740x740.webp 740w, https:\/\/www.northcdatacenters.com\/ch-de\/wp-content\/uploads\/sites\/3\/2024\/07\/Orlando-Palumbo-1-175x175.webp 175w, https:\/\/www.northcdatacenters.com\/ch-de\/wp-content\/uploads\/sites\/3\/2024\/07\/Orlando-Palumbo-1-360x360.webp 360w, https:\/\/www.northcdatacenters.com\/ch-de\/wp-content\/uploads\/sites\/3\/2024\/07\/Orlando-Palumbo-1-500x500.webp 500w, https:\/\/www.northcdatacenters.com\/ch-de\/wp-content\/uploads\/sites\/3\/2024\/07\/Orlando-Palumbo-1.webp 1920w\"\n  class=\"\" style=\"\"\n  loading=\"lazy\"\n  sizes=\"(min-width: 992px) 1280px, 100vw\" \/><\/picture>\n          <\/div>\n\n    <div class=\"text text-white d-flex flex-column gap-4 justify-content-center align-items-center p-6 pb-12 px-lg-12 px-xxl-28\">\n      <h6 class=\"text-primary lh214 font-extrabold text-center mb-0\"><\/h6>\n      <h3 class=\"mb-2 text-center text-sm-5xl mb-sm-6 text-balance\">Sie ben\u00f6tigen eine Beratung f\u00fcr Ihre spezifische Situation?<\/h3>\n      <div class=\"buttons d-flex flex-column flex-lg-row flex-wrap gap-4 align-items-center justify-content-center dark-background\">\n                  \n  <button class=\"btn btn-primary\" type=\"button\" data-bs-toggle=\"offcanvas\" data-bs-target=\"#offcanvas_15\" aria-controls=\"offcanvas_15\">\n    Angebot anfordern  <\/button>\n                  \n  \n  <button class=\"btn btn-secondary\" type=\"button\" data-bs-toggle=\"offcanvas\" data-bs-target=\"#offcanvas_34\" aria-controls=\"offcanvas_34\">\n    Besichtigung anfordern  <\/button>\n\n              <\/div>\n    <\/div>\n  <\/div>\n<\/div>[\/vc_column][\/vc_row]<\/p>\n<\/div>","protected":false},"excerpt":{"rendered":"<p>[vc_row vc_row_spacing=&#187;dont-add-spacer adds-own-spacer add-spacer-top&#187; el_class=&#187;border-bottom&#187;][vc_column][vc_column_text]Wir bei NorthC Schweiz AG sind uns bewusst, dass Rechenzentren aufgrund ihres Stromverbrauchs gelegentlich kritisiert werden. Aus diesem Grund nehmen wir diese Bedenken ernst und setzen uns aktiv daf\u00fcr ein, nachhaltige L\u00f6sungen zu finden. Unser gesch\u00e4tzter Kollege und Experte Erich Hohermuth erl\u00e4utert in der Podiumsdiskussion im IT-Markt, wie NorthC Schweiz AG &#8230;<\/p>\n","protected":false},"author":29,"featured_media":22891,"comment_status":"closed","ping_status":"closed","sticky":false,"template":"","format":"standard","meta":{"_acf_changed":false,"_relevanssi_hide_post":"","_relevanssi_hide_content":"","_relevanssi_pin_for_all":"","_relevanssi_pin_keywords":"","_relevanssi_unpin_keywords":"","_relevanssi_related_keywords":"","_relevanssi_related_include_ids":"","_relevanssi_related_exclude_ids":"","_relevanssi_related_no_append":"","_relevanssi_related_not_related":"","_relevanssi_related_posts":"","_relevanssi_noindex_reason":"","footnotes":""},"categories":[58,48,59],"tags":[],"class_list":["post-22844","post","type-post","status-publish","format-standard","has-post-thumbnail","hentry","category-datacenter","category-media-corner","category-nachhaltigkeit"],"acf":[],"yoast_head":"<!-- This site is optimized with the Yoast SEO Premium plugin v27.4 (Yoast SEO v27.4) - https:\/\/yoast.com\/product\/yoast-seo-premium-wordpress\/ -->\n<title>Podiumsfragen IT-Markt<\/title>\n<meta name=\"description\" content=\"Nachhaltige Rechenzentren: Einblick von unserem Experten Erich Hohermuth bei NorthC Datacenters Schweiz!\" \/>\n<meta name=\"robots\" content=\"index, follow, max-snippet:-1, max-image-preview:large, max-video-preview:-1\" \/>\n<link rel=\"canonical\" href=\"https:\/\/www.northcdatacenters.com\/ch-de\/media-corner\/nachhaltige-rechenzentren-einblick-von-unserem-experten-erich-hohermuth-bei-northc-datacenters-schweiz\/\" \/>\n<meta property=\"og:locale\" content=\"de_DE\" \/>\n<meta property=\"og:type\" content=\"article\" \/>\n<meta property=\"og:title\" content=\"Nachhaltige Rechenzentren: Einblick von unserem Experten Erich Hohermuth bei NorthC Datacenters Schweiz!\" \/>\n<meta property=\"og:description\" content=\"Nachhaltige Rechenzentren: Einblick von unserem Experten Erich Hohermuth bei NorthC Datacenters Schweiz!\" \/>\n<meta property=\"og:url\" content=\"https:\/\/www.northcdatacenters.com\/ch-de\/media-corner\/nachhaltige-rechenzentren-einblick-von-unserem-experten-erich-hohermuth-bei-northc-datacenters-schweiz\/\" \/>\n<meta property=\"og:site_name\" content=\"NorthC Datacenters (CH-DE)\" \/>\n<meta property=\"article:published_time\" content=\"2023-06-01T06:44:00+00:00\" \/>\n<meta property=\"article:modified_time\" content=\"2026-04-21T13:23:54+00:00\" \/>\n<meta property=\"og:image\" content=\"https:\/\/www.northcdatacenters.com\/ch-de\/wp-content\/uploads\/sites\/3\/2023\/06\/Sustainable-2.jpg\" \/>\n<meta name=\"author\" content=\"bart\" \/>\n<meta name=\"twitter:card\" content=\"summary_large_image\" \/>\n<meta name=\"twitter:label1\" content=\"Geschrieben von\" \/>\n\t<meta name=\"twitter:data1\" content=\"bart\" \/>\n\t<meta name=\"twitter:label2\" content=\"Gesch\u00e4tzte Lesezeit\" \/>\n\t<meta name=\"twitter:data2\" content=\"4\u00a0Minuten\" \/>\n<script type=\"application\/ld+json\" class=\"yoast-schema-graph\">{\"@context\":\"https:\\\/\\\/schema.org\",\"@graph\":[{\"@type\":\"Article\",\"@id\":\"https:\\\/\\\/www.northcdatacenters.com\\\/ch-de\\\/media-corner\\\/nachhaltige-rechenzentren-einblick-von-unserem-experten-erich-hohermuth-bei-northc-datacenters-schweiz\\\/#article\",\"isPartOf\":{\"@id\":\"https:\\\/\\\/www.northcdatacenters.com\\\/ch-de\\\/media-corner\\\/nachhaltige-rechenzentren-einblick-von-unserem-experten-erich-hohermuth-bei-northc-datacenters-schweiz\\\/\"},\"author\":{\"name\":\"bart\",\"@id\":\"https:\\\/\\\/www.northcdatacenters.com\\\/ch-de\\\/#\\\/schema\\\/person\\\/4e2e959aecc399691a29faebf0697676\"},\"headline\":\"Nachhaltige Rechenzentren: Einblick von unserem Experten Erich Hohermuth bei NorthC Datacenters Schweiz!\",\"datePublished\":\"2023-06-01T06:44:00+00:00\",\"dateModified\":\"2026-04-21T13:23:54+00:00\",\"mainEntityOfPage\":{\"@id\":\"https:\\\/\\\/www.northcdatacenters.com\\\/ch-de\\\/media-corner\\\/nachhaltige-rechenzentren-einblick-von-unserem-experten-erich-hohermuth-bei-northc-datacenters-schweiz\\\/\"},\"wordCount\":589,\"publisher\":{\"@id\":\"https:\\\/\\\/www.northcdatacenters.com\\\/ch-de\\\/#organization\"},\"image\":{\"@id\":\"https:\\\/\\\/www.northcdatacenters.com\\\/ch-de\\\/media-corner\\\/nachhaltige-rechenzentren-einblick-von-unserem-experten-erich-hohermuth-bei-northc-datacenters-schweiz\\\/#primaryimage\"},\"thumbnailUrl\":\"https:\\\/\\\/www.northcdatacenters.com\\\/ch-de\\\/wp-content\\\/uploads\\\/sites\\\/3\\\/2023\\\/06\\\/Sustainable-2.webp\",\"articleSection\":[\"Datacenter\",\"Media Corner\",\"Nachhaltigkeit\"],\"inLanguage\":\"de-CH\"},{\"@type\":\"WebPage\",\"@id\":\"https:\\\/\\\/www.northcdatacenters.com\\\/ch-de\\\/media-corner\\\/nachhaltige-rechenzentren-einblick-von-unserem-experten-erich-hohermuth-bei-northc-datacenters-schweiz\\\/\",\"url\":\"https:\\\/\\\/www.northcdatacenters.com\\\/ch-de\\\/media-corner\\\/nachhaltige-rechenzentren-einblick-von-unserem-experten-erich-hohermuth-bei-northc-datacenters-schweiz\\\/\",\"name\":\"Podiumsfragen IT-Markt\",\"isPartOf\":{\"@id\":\"https:\\\/\\\/www.northcdatacenters.com\\\/ch-de\\\/#website\"},\"primaryImageOfPage\":{\"@id\":\"https:\\\/\\\/www.northcdatacenters.com\\\/ch-de\\\/media-corner\\\/nachhaltige-rechenzentren-einblick-von-unserem-experten-erich-hohermuth-bei-northc-datacenters-schweiz\\\/#primaryimage\"},\"image\":{\"@id\":\"https:\\\/\\\/www.northcdatacenters.com\\\/ch-de\\\/media-corner\\\/nachhaltige-rechenzentren-einblick-von-unserem-experten-erich-hohermuth-bei-northc-datacenters-schweiz\\\/#primaryimage\"},\"thumbnailUrl\":\"https:\\\/\\\/www.northcdatacenters.com\\\/ch-de\\\/wp-content\\\/uploads\\\/sites\\\/3\\\/2023\\\/06\\\/Sustainable-2.webp\",\"datePublished\":\"2023-06-01T06:44:00+00:00\",\"dateModified\":\"2026-04-21T13:23:54+00:00\",\"description\":\"Nachhaltige Rechenzentren: Einblick von unserem Experten Erich Hohermuth bei NorthC Datacenters Schweiz!\",\"breadcrumb\":{\"@id\":\"https:\\\/\\\/www.northcdatacenters.com\\\/ch-de\\\/media-corner\\\/nachhaltige-rechenzentren-einblick-von-unserem-experten-erich-hohermuth-bei-northc-datacenters-schweiz\\\/#breadcrumb\"},\"inLanguage\":\"de-CH\",\"potentialAction\":[{\"@type\":\"ReadAction\",\"target\":[\"https:\\\/\\\/www.northcdatacenters.com\\\/ch-de\\\/media-corner\\\/nachhaltige-rechenzentren-einblick-von-unserem-experten-erich-hohermuth-bei-northc-datacenters-schweiz\\\/\"]}]},{\"@type\":\"ImageObject\",\"inLanguage\":\"de-CH\",\"@id\":\"https:\\\/\\\/www.northcdatacenters.com\\\/ch-de\\\/media-corner\\\/nachhaltige-rechenzentren-einblick-von-unserem-experten-erich-hohermuth-bei-northc-datacenters-schweiz\\\/#primaryimage\",\"url\":\"https:\\\/\\\/www.northcdatacenters.com\\\/ch-de\\\/wp-content\\\/uploads\\\/sites\\\/3\\\/2023\\\/06\\\/Sustainable-2.webp\",\"contentUrl\":\"https:\\\/\\\/www.northcdatacenters.com\\\/ch-de\\\/wp-content\\\/uploads\\\/sites\\\/3\\\/2023\\\/06\\\/Sustainable-2.webp\",\"width\":1998,\"height\":1000,\"caption\":\"NorthC baut nachhaltige Rechenzentren\"},{\"@type\":\"BreadcrumbList\",\"@id\":\"https:\\\/\\\/www.northcdatacenters.com\\\/ch-de\\\/media-corner\\\/nachhaltige-rechenzentren-einblick-von-unserem-experten-erich-hohermuth-bei-northc-datacenters-schweiz\\\/#breadcrumb\",\"itemListElement\":[{\"@type\":\"ListItem\",\"position\":1,\"name\":\"Home\",\"item\":\"https:\\\/\\\/www.northcdatacenters.com\\\/ch-de\\\/\"},{\"@type\":\"ListItem\",\"position\":2,\"name\":\"Nachhaltige Rechenzentren: Einblick von unserem Experten Erich Hohermuth bei NorthC Datacenters Schweiz!\"}]},{\"@type\":\"WebSite\",\"@id\":\"https:\\\/\\\/www.northcdatacenters.com\\\/ch-de\\\/#website\",\"url\":\"https:\\\/\\\/www.northcdatacenters.com\\\/ch-de\\\/\",\"name\":\"NorthC Datacenters\",\"description\":\"Digital business, Personal connections.\",\"publisher\":{\"@id\":\"https:\\\/\\\/www.northcdatacenters.com\\\/ch-de\\\/#organization\"},\"potentialAction\":[{\"@type\":\"SearchAction\",\"target\":{\"@type\":\"EntryPoint\",\"urlTemplate\":\"https:\\\/\\\/www.northcdatacenters.com\\\/ch-de\\\/?s={search_term_string}\"},\"query-input\":{\"@type\":\"PropertyValueSpecification\",\"valueRequired\":true,\"valueName\":\"search_term_string\"}}],\"inLanguage\":\"de-CH\"},{\"@type\":\"Organization\",\"@id\":\"https:\\\/\\\/www.northcdatacenters.com\\\/ch-de\\\/#organization\",\"name\":\"NorthC Datacenters\",\"url\":\"https:\\\/\\\/www.northcdatacenters.com\\\/ch-de\\\/\",\"logo\":{\"@type\":\"ImageObject\",\"inLanguage\":\"de-CH\",\"@id\":\"https:\\\/\\\/www.northcdatacenters.com\\\/ch-de\\\/#\\\/schema\\\/logo\\\/image\\\/\",\"url\":\"https:\\\/\\\/www.northcdatacenters.com\\\/ch-de\\\/wp-content\\\/uploads\\\/sites\\\/3\\\/2024\\\/11\\\/Logo_NorthC.svg\",\"contentUrl\":\"https:\\\/\\\/www.northcdatacenters.com\\\/ch-de\\\/wp-content\\\/uploads\\\/sites\\\/3\\\/2024\\\/11\\\/Logo_NorthC.svg\",\"width\":110,\"height\":24,\"caption\":\"NorthC Datacenters\"},\"image\":{\"@id\":\"https:\\\/\\\/www.northcdatacenters.com\\\/ch-de\\\/#\\\/schema\\\/logo\\\/image\\\/\"},\"sameAs\":[\"https:\\\/\\\/www.linkedin.com\\\/company\\\/northc-datacenters-schweiz\\\/\"]},{\"@type\":\"Person\",\"@id\":\"https:\\\/\\\/www.northcdatacenters.com\\\/ch-de\\\/#\\\/schema\\\/person\\\/4e2e959aecc399691a29faebf0697676\",\"name\":\"bart\",\"url\":\"https:\\\/\\\/www.northcdatacenters.com\\\/ch-de\\\/author\\\/bart\\\/\"}]}<\/script>\n<!-- \/ Yoast SEO Premium plugin. -->","yoast_head_json":{"title":"Podiumsfragen IT-Markt","description":"Nachhaltige Rechenzentren: Einblick von unserem Experten Erich Hohermuth bei NorthC Datacenters Schweiz!","robots":{"index":"index","follow":"follow","max-snippet":"max-snippet:-1","max-image-preview":"max-image-preview:large","max-video-preview":"max-video-preview:-1"},"canonical":"https:\/\/www.northcdatacenters.com\/ch-de\/media-corner\/nachhaltige-rechenzentren-einblick-von-unserem-experten-erich-hohermuth-bei-northc-datacenters-schweiz\/","og_locale":"de_DE","og_type":"article","og_title":"Nachhaltige Rechenzentren: Einblick von unserem Experten Erich Hohermuth bei NorthC Datacenters Schweiz!","og_description":"Nachhaltige Rechenzentren: Einblick von unserem Experten Erich Hohermuth bei NorthC Datacenters Schweiz!","og_url":"https:\/\/www.northcdatacenters.com\/ch-de\/media-corner\/nachhaltige-rechenzentren-einblick-von-unserem-experten-erich-hohermuth-bei-northc-datacenters-schweiz\/","og_site_name":"NorthC Datacenters (CH-DE)","article_published_time":"2023-06-01T06:44:00+00:00","article_modified_time":"2026-04-21T13:23:54+00:00","og_image":[{"url":"https:\/\/www.northcdatacenters.com\/ch-de\/wp-content\/uploads\/sites\/3\/2023\/06\/Sustainable-2.jpg","type":"","width":"","height":""}],"author":"bart","twitter_card":"summary_large_image","twitter_misc":{"Geschrieben von":"bart","Gesch\u00e4tzte Lesezeit":"4\u00a0Minuten"},"schema":{"@context":"https:\/\/schema.org","@graph":[{"@type":"Article","@id":"https:\/\/www.northcdatacenters.com\/ch-de\/media-corner\/nachhaltige-rechenzentren-einblick-von-unserem-experten-erich-hohermuth-bei-northc-datacenters-schweiz\/#article","isPartOf":{"@id":"https:\/\/www.northcdatacenters.com\/ch-de\/media-corner\/nachhaltige-rechenzentren-einblick-von-unserem-experten-erich-hohermuth-bei-northc-datacenters-schweiz\/"},"author":{"name":"bart","@id":"https:\/\/www.northcdatacenters.com\/ch-de\/#\/schema\/person\/4e2e959aecc399691a29faebf0697676"},"headline":"Nachhaltige Rechenzentren: Einblick von unserem Experten Erich Hohermuth bei NorthC Datacenters Schweiz!","datePublished":"2023-06-01T06:44:00+00:00","dateModified":"2026-04-21T13:23:54+00:00","mainEntityOfPage":{"@id":"https:\/\/www.northcdatacenters.com\/ch-de\/media-corner\/nachhaltige-rechenzentren-einblick-von-unserem-experten-erich-hohermuth-bei-northc-datacenters-schweiz\/"},"wordCount":589,"publisher":{"@id":"https:\/\/www.northcdatacenters.com\/ch-de\/#organization"},"image":{"@id":"https:\/\/www.northcdatacenters.com\/ch-de\/media-corner\/nachhaltige-rechenzentren-einblick-von-unserem-experten-erich-hohermuth-bei-northc-datacenters-schweiz\/#primaryimage"},"thumbnailUrl":"https:\/\/www.northcdatacenters.com\/ch-de\/wp-content\/uploads\/sites\/3\/2023\/06\/Sustainable-2.webp","articleSection":["Datacenter","Media Corner","Nachhaltigkeit"],"inLanguage":"de-CH"},{"@type":"WebPage","@id":"https:\/\/www.northcdatacenters.com\/ch-de\/media-corner\/nachhaltige-rechenzentren-einblick-von-unserem-experten-erich-hohermuth-bei-northc-datacenters-schweiz\/","url":"https:\/\/www.northcdatacenters.com\/ch-de\/media-corner\/nachhaltige-rechenzentren-einblick-von-unserem-experten-erich-hohermuth-bei-northc-datacenters-schweiz\/","name":"Podiumsfragen IT-Markt","isPartOf":{"@id":"https:\/\/www.northcdatacenters.com\/ch-de\/#website"},"primaryImageOfPage":{"@id":"https:\/\/www.northcdatacenters.com\/ch-de\/media-corner\/nachhaltige-rechenzentren-einblick-von-unserem-experten-erich-hohermuth-bei-northc-datacenters-schweiz\/#primaryimage"},"image":{"@id":"https:\/\/www.northcdatacenters.com\/ch-de\/media-corner\/nachhaltige-rechenzentren-einblick-von-unserem-experten-erich-hohermuth-bei-northc-datacenters-schweiz\/#primaryimage"},"thumbnailUrl":"https:\/\/www.northcdatacenters.com\/ch-de\/wp-content\/uploads\/sites\/3\/2023\/06\/Sustainable-2.webp","datePublished":"2023-06-01T06:44:00+00:00","dateModified":"2026-04-21T13:23:54+00:00","description":"Nachhaltige Rechenzentren: Einblick von unserem Experten Erich Hohermuth bei NorthC Datacenters Schweiz!","breadcrumb":{"@id":"https:\/\/www.northcdatacenters.com\/ch-de\/media-corner\/nachhaltige-rechenzentren-einblick-von-unserem-experten-erich-hohermuth-bei-northc-datacenters-schweiz\/#breadcrumb"},"inLanguage":"de-CH","potentialAction":[{"@type":"ReadAction","target":["https:\/\/www.northcdatacenters.com\/ch-de\/media-corner\/nachhaltige-rechenzentren-einblick-von-unserem-experten-erich-hohermuth-bei-northc-datacenters-schweiz\/"]}]},{"@type":"ImageObject","inLanguage":"de-CH","@id":"https:\/\/www.northcdatacenters.com\/ch-de\/media-corner\/nachhaltige-rechenzentren-einblick-von-unserem-experten-erich-hohermuth-bei-northc-datacenters-schweiz\/#primaryimage","url":"https:\/\/www.northcdatacenters.com\/ch-de\/wp-content\/uploads\/sites\/3\/2023\/06\/Sustainable-2.webp","contentUrl":"https:\/\/www.northcdatacenters.com\/ch-de\/wp-content\/uploads\/sites\/3\/2023\/06\/Sustainable-2.webp","width":1998,"height":1000,"caption":"NorthC baut nachhaltige Rechenzentren"},{"@type":"BreadcrumbList","@id":"https:\/\/www.northcdatacenters.com\/ch-de\/media-corner\/nachhaltige-rechenzentren-einblick-von-unserem-experten-erich-hohermuth-bei-northc-datacenters-schweiz\/#breadcrumb","itemListElement":[{"@type":"ListItem","position":1,"name":"Home","item":"https:\/\/www.northcdatacenters.com\/ch-de\/"},{"@type":"ListItem","position":2,"name":"Nachhaltige Rechenzentren: Einblick von unserem Experten Erich Hohermuth bei NorthC Datacenters Schweiz!"}]},{"@type":"WebSite","@id":"https:\/\/www.northcdatacenters.com\/ch-de\/#website","url":"https:\/\/www.northcdatacenters.com\/ch-de\/","name":"NorthC Datacenters","description":"Digital business, Personal connections.","publisher":{"@id":"https:\/\/www.northcdatacenters.com\/ch-de\/#organization"},"potentialAction":[{"@type":"SearchAction","target":{"@type":"EntryPoint","urlTemplate":"https:\/\/www.northcdatacenters.com\/ch-de\/?s={search_term_string}"},"query-input":{"@type":"PropertyValueSpecification","valueRequired":true,"valueName":"search_term_string"}}],"inLanguage":"de-CH"},{"@type":"Organization","@id":"https:\/\/www.northcdatacenters.com\/ch-de\/#organization","name":"NorthC Datacenters","url":"https:\/\/www.northcdatacenters.com\/ch-de\/","logo":{"@type":"ImageObject","inLanguage":"de-CH","@id":"https:\/\/www.northcdatacenters.com\/ch-de\/#\/schema\/logo\/image\/","url":"https:\/\/www.northcdatacenters.com\/ch-de\/wp-content\/uploads\/sites\/3\/2024\/11\/Logo_NorthC.svg","contentUrl":"https:\/\/www.northcdatacenters.com\/ch-de\/wp-content\/uploads\/sites\/3\/2024\/11\/Logo_NorthC.svg","width":110,"height":24,"caption":"NorthC Datacenters"},"image":{"@id":"https:\/\/www.northcdatacenters.com\/ch-de\/#\/schema\/logo\/image\/"},"sameAs":["https:\/\/www.linkedin.com\/company\/northc-datacenters-schweiz\/"]},{"@type":"Person","@id":"https:\/\/www.northcdatacenters.com\/ch-de\/#\/schema\/person\/4e2e959aecc399691a29faebf0697676","name":"bart","url":"https:\/\/www.northcdatacenters.com\/ch-de\/author\/bart\/"}]}},"_links":{"self":[{"href":"https:\/\/www.northcdatacenters.com\/ch-de\/wp-json\/wp\/v2\/posts\/22844","targetHints":{"allow":["GET"]}}],"collection":[{"href":"https:\/\/www.northcdatacenters.com\/ch-de\/wp-json\/wp\/v2\/posts"}],"about":[{"href":"https:\/\/www.northcdatacenters.com\/ch-de\/wp-json\/wp\/v2\/types\/post"}],"author":[{"embeddable":true,"href":"https:\/\/www.northcdatacenters.com\/ch-de\/wp-json\/wp\/v2\/users\/29"}],"replies":[{"embeddable":true,"href":"https:\/\/www.northcdatacenters.com\/ch-de\/wp-json\/wp\/v2\/comments?post=22844"}],"version-history":[{"count":3,"href":"https:\/\/www.northcdatacenters.com\/ch-de\/wp-json\/wp\/v2\/posts\/22844\/revisions"}],"predecessor-version":[{"id":31680,"href":"https:\/\/www.northcdatacenters.com\/ch-de\/wp-json\/wp\/v2\/posts\/22844\/revisions\/31680"}],"wp:featuredmedia":[{"embeddable":true,"href":"https:\/\/www.northcdatacenters.com\/ch-de\/wp-json\/wp\/v2\/media\/22891"}],"wp:attachment":[{"href":"https:\/\/www.northcdatacenters.com\/ch-de\/wp-json\/wp\/v2\/media?parent=22844"}],"wp:term":[{"taxonomy":"category","embeddable":true,"href":"https:\/\/www.northcdatacenters.com\/ch-de\/wp-json\/wp\/v2\/categories?post=22844"},{"taxonomy":"post_tag","embeddable":true,"href":"https:\/\/www.northcdatacenters.com\/ch-de\/wp-json\/wp\/v2\/tags?post=22844"}],"curies":[{"name":"wp","href":"https:\/\/api.w.org\/{rel}","templated":true}]}}