{"id":22907,"date":"2023-06-07T11:17:05","date_gmt":"2023-06-07T11:17:05","guid":{"rendered":"https:\/\/www.northcdatacenters.com\/ch-de\/?p=22907"},"modified":"2026-04-21T13:23:31","modified_gmt":"2026-04-21T13:23:31","slug":"datenschutz-steht-im-zentrum-von-rechenzentren","status":"publish","type":"post","link":"https:\/\/www.northcdatacenters.com\/ch-de\/datacenter\/datenschutz-steht-im-zentrum-von-rechenzentren\/","title":{"rendered":"Datenschutz steht im Zentrum von Rechenzentren"},"content":{"rendered":"<div class=\"wpb-content-wrapper\"><p>[vc_row vc_row_spacing=&#187;dont-add-spacer adds-own-spacer add-spacer-top&#187; el_class=&#187;border-bottom&#187;][vc_column][vc_column_text css=&#187;&#187; lead=&#187;true&#187;]Bei der Verarbeitung von Daten m\u00fcssen sich Unternehmen an die Datenschutzvorschriften halten. Diese Verarbeitung erfolgt in Rechenzentren, die eine zentrale Rolle f\u00fcr die Einhaltung der Vorschriften spielen. Mittels entsprechender Massnahmen k\u00f6nnen die Daten vor Bedrohungen gesch\u00fctzt und dem Datenschutz somit Sorge getragen werden.[\/vc_column_text][vc_column_text css=&#187;&#187;]Die Datenmenge w\u00e4chst mit der Digitalisierung von Jahr zu Jahr. Damit nehmen auch Cyberangriffe zu. Zudem speichern Unternehmen Daten immer h\u00e4ufiger in der Cloud, wodurch die Datenspeicherung intransparenter wird. Dies f\u00fchrt zu einer steigenden Bedeutung des Datenschutzes, der eine ganzheitliche Betrachtung aller Faktoren erfordert. Mit der Revision des Datenschutzgesetzes (DSG), die Ende September in Kraft tritt, gewinnt das Thema zus\u00e4tzlich an Relevanz. Auch die EU-Datenschutz-Grundverordnung (DSGVO) ist f\u00fcr Schweizer Unternehmen wichtig, da praktisch jedes Schweizer Unternehmen Daten von Personen aus der EU verarbeitet.<\/p>\n<p>Eine zentrale Rolle bei der Einhaltung der Vorschriften spielt der Ort, an dem die Daten gespeichert werden: das Rechenzentrum. Um die Sicherheit und Vertraulichkeit der sensiblen Daten gew\u00e4hrleisten zu k\u00f6nnen, m\u00fcssen Rechenzentren hohe Anforderungen erf\u00fcllen. Nur so k\u00f6nnen die Eckpfeiler des Datenschutzes \u2013 Vertraulichkeit, Verf\u00fcgbarkeit und Datenintegrit\u00e4t \u2013 gew\u00e4hrleistet werden.<\/p>\n<p>&nbsp;<\/p>\n<h2>Ohne physische Sicherheit gibt es keine Integrit\u00e4t<\/h2>\n<p>Grundlage des Datenschutzes ist die physische Sicherheit der gespeicherten Daten. Auch das am besten gesicherte System n\u00fctzt nichts, wenn sich Unbefugte Zugang verschaffen k\u00f6nnen. Dies wird etwa mit einem kontrollierten Zugriffsverfahren, \u00dcberwachungssystemen oder Zugangskontrollen verhindert. Dar\u00fcber hinaus muss die st\u00e4ndige Verf\u00fcgbarkeit der Daten gew\u00e4hrleistet sein. Geeignete Rechenzentren verf\u00fcgen dazu \u00fcber redundante Stromversorgung, K\u00fchlung und Netzwerkanbindung, die eine maximale Verf\u00fcgbarkeit garantieren.<\/p>\n<p>&nbsp;<\/p>\n<h2>Betreiber tragen Verantwortung f\u00fcr Datenschutz<\/h2>\n<p>Betreiber von Rechenzentren m\u00fcssen sich ihrer Verantwortung f\u00fcr die Daten bewusst sein \u2013 Sicherheit ist ihr Kerngesch\u00e4ft. F\u00fcr bestimmte Daten oder Branchen gibt es zus\u00e4tzliche Bestimmungen, welche die Betreiber einhalten m\u00fcssen. Ein Beispiel hierf\u00fcr sind Daten aus dem Gesundheits- oder Finanzsektor, f\u00fcr die zus\u00e4tzliche Vorschriften gelten.<\/p>\n<p>Aufgrund der zunehmenden Beliebtheit von Cloud-Diensten erhalten Datacenter-Betreiber immer mehr Anfragen von Kunden, die wissen m\u00f6chten, wo ihre Daten gelagert sind. Die Bedeutung eines geordneten Prozesses ist deswegen hoch. Hier kann ein Colocation-Betreiber Firmen bei der Beantwortung solcher Anfragen unterst\u00fctzen. Bei Nichteinhaltung der EU-DSGVO drohen Unternehmen Bussgelder in H\u00f6he von bis zu 20 Millionen Euro oder 4 Prozent des Jahresumsatzes, vom Imageschaden ganz zu schweigen.<\/p>\n<p>&nbsp;<\/p>\n<h2>Sicherheit mit Prozessen gew\u00e4hrleisten<\/h2>\n<p>Datenschutz ist ein steter Prozess. Darum lohnt es sich, ein Sicherheitsmanagement einzuf\u00fchren, das regelm\u00e4ssig \u00fcberpr\u00fcft und aktualisiert wird. Interne Sicherheitsaudits und unabh\u00e4ngige Zertifizierungen gew\u00e4hrleisten die Kontrolle und \u00dcberpr\u00fcfung dieser Massnahmen. Ein Beispiel hierf\u00fcr ist die <a href=\"https:\/\/www.northcdatacenters.com\/ch-de\/ueber-uns\/zertifizierungen\/\" target=\"_blank\" rel=\"noopener\">ISO-27001-Zertifizierung<\/a>. Der Standard beschreibt die Anforderungen an Informationssicherheitssysteme und bescheinigt, dass sich ein Unternehmen klar an definierte Prozesse zum Datenschutz h\u00e4lt. F\u00fcr eine optimale Sicherheit ist das Zusammenspiel beider Parteien wichtig: Der Kunde muss f\u00fcr die digitale Sicherheit sorgen, der Betreiber daf\u00fcr, dass die Hardware den neusten Standards entspricht.[\/vc_column_text]\n    <picture class=\"responsive-picture \">\n                                              <source srcset=\"https:\/\/www.northcdatacenters.com\/ch-de\/wp-content\/uploads\/sites\/3\/2023\/10\/Managed-Security-scaled-e1696429651566.webp 1175w, https:\/\/www.northcdatacenters.com\/ch-de\/wp-content\/uploads\/sites\/3\/2023\/10\/Managed-Security-scaled-e1696429651566-248x300.webp 248w, https:\/\/www.northcdatacenters.com\/ch-de\/wp-content\/uploads\/sites\/3\/2023\/10\/Managed-Security-scaled-e1696429651566-847x1024.webp 847w, https:\/\/www.northcdatacenters.com\/ch-de\/wp-content\/uploads\/sites\/3\/2023\/10\/Managed-Security-scaled-e1696429651566-768x929.webp 768w, https:\/\/www.northcdatacenters.com\/ch-de\/wp-content\/uploads\/sites\/3\/2023\/10\/Managed-Security-scaled-e1696429651566-1039x1256.webp 1039w, https:\/\/www.northcdatacenters.com\/ch-de\/wp-content\/uploads\/sites\/3\/2023\/10\/Managed-Security-scaled-e1696429651566-175x212.webp 175w, https:\/\/www.northcdatacenters.com\/ch-de\/wp-content\/uploads\/sites\/3\/2023\/10\/Managed-Security-scaled-e1696429651566-298x360.webp 298w, https:\/\/www.northcdatacenters.com\/ch-de\/wp-content\/uploads\/sites\/3\/2023\/10\/Managed-Security-scaled-e1696429651566-413x500.webp 413w\" media=\"(min-width: 576px)\">\n                        \n      <img decoding=\"async\" src=\"https:\/\/www.northcdatacenters.com\/ch-de\/wp-content\/uploads\/sites\/3\/2023\/10\/Managed-Security-scaled-e1696429651566.webp\" alt=\"\" loading=\"auto\" width=\"\" height=\"\">\n    <\/picture>\n[\/vc_column][\/vc_row][vc_row full_width=&#187;stretch_row&#187; north_c_background_color=&#187;bg-gray-200&#8243;][vc_column]<div class=\"cta\">\n  <div class=\"cta-grid\">\n    <div class=\"cta-picture\">\n      <picture class=\"responsive-picture d-block\">\n  <img decoding=\"async\" src=\"https:\/\/www.northcdatacenters.com\/ch-de\/wp-content\/uploads\/sites\/3\/2023\/06\/KUN04319-scaled-837x1256.webp\" srcset=\"https:\/\/www.northcdatacenters.com\/ch-de\/wp-content\/uploads\/sites\/3\/2023\/06\/KUN04319-scaled-837x1256.webp 837w, https:\/\/www.northcdatacenters.com\/ch-de\/wp-content\/uploads\/sites\/3\/2023\/06\/KUN04319-scaled-200x300.webp 200w, https:\/\/www.northcdatacenters.com\/ch-de\/wp-content\/uploads\/sites\/3\/2023\/06\/KUN04319-scaled-683x1024.webp 683w, https:\/\/www.northcdatacenters.com\/ch-de\/wp-content\/uploads\/sites\/3\/2023\/06\/KUN04319-scaled-768x1152.webp 768w, https:\/\/www.northcdatacenters.com\/ch-de\/wp-content\/uploads\/sites\/3\/2023\/06\/KUN04319-scaled-1024x1536.webp 1024w, https:\/\/www.northcdatacenters.com\/ch-de\/wp-content\/uploads\/sites\/3\/2023\/06\/KUN04319-scaled-1366x2048.webp 1366w, https:\/\/www.northcdatacenters.com\/ch-de\/wp-content\/uploads\/sites\/3\/2023\/06\/KUN04319-scaled-175x262.webp 175w, https:\/\/www.northcdatacenters.com\/ch-de\/wp-content\/uploads\/sites\/3\/2023\/06\/KUN04319-scaled-240x360.webp 240w, https:\/\/www.northcdatacenters.com\/ch-de\/wp-content\/uploads\/sites\/3\/2023\/06\/KUN04319-scaled-333x500.webp 333w, https:\/\/www.northcdatacenters.com\/ch-de\/wp-content\/uploads\/sites\/3\/2023\/06\/KUN04319-scaled.webp 1707w\"\n  class=\"\" style=\"\"\n  loading=\"lazy\"\n  sizes=\"(min-width: 992px) 1280px, 100vw\" \/><\/picture>\n          <\/div>\n\n    <div class=\"text text-white d-flex flex-column gap-4 justify-content-center align-items-center p-6 pb-12 px-lg-12 px-xxl-28\">\n      <h6 class=\"text-primary lh214 font-extrabold text-center mb-0\"><\/h6>\n      <h3 class=\"mb-2 text-center text-sm-5xl mb-sm-6 text-balance\">Sie ben\u00f6tigen eine Beratung f\u00fcr Ihre spezifische Situation?<\/h3>\n      <div class=\"buttons d-flex flex-column flex-lg-row flex-wrap gap-4 align-items-center justify-content-center dark-background\">\n                  \n  <button class=\"btn btn-primary\" type=\"button\" data-bs-toggle=\"offcanvas\" data-bs-target=\"#offcanvas_15\" aria-controls=\"offcanvas_15\">\n    Angebot anfordern  <\/button>\n                  \n  \n  <button class=\"btn btn-secondary\" type=\"button\" data-bs-toggle=\"offcanvas\" data-bs-target=\"#offcanvas_34\" aria-controls=\"offcanvas_34\">\n    Besichtigung anfordern  <\/button>\n\n              <\/div>\n    <\/div>\n  <\/div>\n<\/div>[\/vc_column][\/vc_row]<\/p>\n<\/div>","protected":false},"excerpt":{"rendered":"<p>[vc_row vc_row_spacing=&#187;dont-add-spacer adds-own-spacer add-spacer-top&#187; el_class=&#187;border-bottom&#187;][vc_column][vc_column_text css=&#187;&#187; lead=&#187;true&#187;]Bei der Verarbeitung von Daten m\u00fcssen sich Unternehmen an die Datenschutzvorschriften halten. Diese Verarbeitung erfolgt in Rechenzentren, die eine zentrale Rolle f\u00fcr die Einhaltung der Vorschriften spielen. Mittels entsprechender Massnahmen k\u00f6nnen die Daten vor Bedrohungen gesch\u00fctzt und dem Datenschutz somit Sorge getragen werden.[\/vc_column_text][vc_column_text css=&#187;&#187;]Die Datenmenge w\u00e4chst mit der Digitalisierung &#8230;<\/p>\n","protected":false},"author":8,"featured_media":20991,"comment_status":"closed","ping_status":"closed","sticky":false,"template":"","format":"standard","meta":{"_acf_changed":false,"_relevanssi_hide_post":"","_relevanssi_hide_content":"","_relevanssi_pin_for_all":"","_relevanssi_pin_keywords":"","_relevanssi_unpin_keywords":"","_relevanssi_related_keywords":"","_relevanssi_related_include_ids":"","_relevanssi_related_exclude_ids":"","_relevanssi_related_no_append":"","_relevanssi_related_not_related":"","_relevanssi_related_posts":"","_relevanssi_noindex_reason":"","footnotes":""},"categories":[58,60],"tags":[],"class_list":["post-22907","post","type-post","status-publish","format-standard","has-post-thumbnail","hentry","category-datacenter","category-digitale-souveraenitaet"],"acf":[],"yoast_head":"<!-- This site is optimized with the Yoast SEO Premium plugin v27.5 (Yoast SEO v27.5) - https:\/\/yoast.com\/product\/yoast-seo-premium-wordpress\/ -->\n<title>Datenschutz steht im Zentrum von Rechenzentren<\/title>\n<meta name=\"description\" content=\"Der Datenschutz steht bei den Prozessen von Rechenzenterbetreiber an erster Stelle.\" \/>\n<meta name=\"robots\" content=\"index, follow, max-snippet:-1, max-image-preview:large, max-video-preview:-1\" \/>\n<link rel=\"canonical\" href=\"https:\/\/www.northcdatacenters.com\/ch-de\/datacenter\/datenschutz-steht-im-zentrum-von-rechenzentren\/\" \/>\n<meta property=\"og:locale\" content=\"de_DE\" \/>\n<meta property=\"og:type\" content=\"article\" \/>\n<meta property=\"og:title\" content=\"Datenschutz steht im Zentrum von Rechenzentren\" \/>\n<meta property=\"og:description\" content=\"Der Datenschutz steht bei den Prozessen von Rechenzenterbetreiber an erster Stelle.\" \/>\n<meta property=\"og:url\" content=\"https:\/\/www.northcdatacenters.com\/ch-de\/datacenter\/datenschutz-steht-im-zentrum-von-rechenzentren\/\" \/>\n<meta property=\"og:site_name\" content=\"NorthC Datacenters (CH-DE)\" \/>\n<meta property=\"article:published_time\" content=\"2023-06-07T11:17:05+00:00\" \/>\n<meta property=\"article:modified_time\" content=\"2026-04-21T13:23:31+00:00\" \/>\n<meta property=\"og:image\" content=\"https:\/\/www.northcdatacenters.com\/ch-de\/wp-content\/uploads\/sites\/3\/2023\/06\/cropped-Shutterstock_791568148.png\" \/>\n<meta name=\"author\" content=\"Yde van Opstal\" \/>\n<meta name=\"twitter:card\" content=\"summary_large_image\" \/>\n<meta name=\"twitter:label1\" content=\"Geschrieben von\" \/>\n\t<meta name=\"twitter:data1\" content=\"Yde van Opstal\" \/>\n\t<meta name=\"twitter:label2\" content=\"Gesch\u00e4tzte Lesezeit\" \/>\n\t<meta name=\"twitter:data2\" content=\"4\u00a0Minuten\" \/>\n<script type=\"application\/ld+json\" class=\"yoast-schema-graph\">{\"@context\":\"https:\\\/\\\/schema.org\",\"@graph\":[{\"@type\":\"Article\",\"@id\":\"https:\\\/\\\/www.northcdatacenters.com\\\/ch-de\\\/datacenter\\\/datenschutz-steht-im-zentrum-von-rechenzentren\\\/#article\",\"isPartOf\":{\"@id\":\"https:\\\/\\\/www.northcdatacenters.com\\\/ch-de\\\/datacenter\\\/datenschutz-steht-im-zentrum-von-rechenzentren\\\/\"},\"author\":{\"name\":\"Yde van Opstal\",\"@id\":\"https:\\\/\\\/www.northcdatacenters.com\\\/ch-de\\\/#\\\/schema\\\/person\\\/48bd24cc9de3798cd9082925b80e68ab\"},\"headline\":\"Datenschutz steht im Zentrum von Rechenzentren\",\"datePublished\":\"2023-06-07T11:17:05+00:00\",\"dateModified\":\"2026-04-21T13:23:31+00:00\",\"mainEntityOfPage\":{\"@id\":\"https:\\\/\\\/www.northcdatacenters.com\\\/ch-de\\\/datacenter\\\/datenschutz-steht-im-zentrum-von-rechenzentren\\\/\"},\"wordCount\":614,\"publisher\":{\"@id\":\"https:\\\/\\\/www.northcdatacenters.com\\\/ch-de\\\/#organization\"},\"image\":{\"@id\":\"https:\\\/\\\/www.northcdatacenters.com\\\/ch-de\\\/datacenter\\\/datenschutz-steht-im-zentrum-von-rechenzentren\\\/#primaryimage\"},\"thumbnailUrl\":\"https:\\\/\\\/www.northcdatacenters.com\\\/ch-de\\\/wp-content\\\/uploads\\\/sites\\\/3\\\/2022\\\/04\\\/Background_clientcase_weboke.webp\",\"articleSection\":[\"Datacenter\",\"Digitale Souver\u00e4nit\u00e4t\"],\"inLanguage\":\"de-CH\"},{\"@type\":\"WebPage\",\"@id\":\"https:\\\/\\\/www.northcdatacenters.com\\\/ch-de\\\/datacenter\\\/datenschutz-steht-im-zentrum-von-rechenzentren\\\/\",\"url\":\"https:\\\/\\\/www.northcdatacenters.com\\\/ch-de\\\/datacenter\\\/datenschutz-steht-im-zentrum-von-rechenzentren\\\/\",\"name\":\"Datenschutz steht im Zentrum von Rechenzentren\",\"isPartOf\":{\"@id\":\"https:\\\/\\\/www.northcdatacenters.com\\\/ch-de\\\/#website\"},\"primaryImageOfPage\":{\"@id\":\"https:\\\/\\\/www.northcdatacenters.com\\\/ch-de\\\/datacenter\\\/datenschutz-steht-im-zentrum-von-rechenzentren\\\/#primaryimage\"},\"image\":{\"@id\":\"https:\\\/\\\/www.northcdatacenters.com\\\/ch-de\\\/datacenter\\\/datenschutz-steht-im-zentrum-von-rechenzentren\\\/#primaryimage\"},\"thumbnailUrl\":\"https:\\\/\\\/www.northcdatacenters.com\\\/ch-de\\\/wp-content\\\/uploads\\\/sites\\\/3\\\/2022\\\/04\\\/Background_clientcase_weboke.webp\",\"datePublished\":\"2023-06-07T11:17:05+00:00\",\"dateModified\":\"2026-04-21T13:23:31+00:00\",\"description\":\"Der Datenschutz steht bei den Prozessen von Rechenzenterbetreiber an erster Stelle.\",\"breadcrumb\":{\"@id\":\"https:\\\/\\\/www.northcdatacenters.com\\\/ch-de\\\/datacenter\\\/datenschutz-steht-im-zentrum-von-rechenzentren\\\/#breadcrumb\"},\"inLanguage\":\"de-CH\",\"potentialAction\":[{\"@type\":\"ReadAction\",\"target\":[\"https:\\\/\\\/www.northcdatacenters.com\\\/ch-de\\\/datacenter\\\/datenschutz-steht-im-zentrum-von-rechenzentren\\\/\"]}]},{\"@type\":\"ImageObject\",\"inLanguage\":\"de-CH\",\"@id\":\"https:\\\/\\\/www.northcdatacenters.com\\\/ch-de\\\/datacenter\\\/datenschutz-steht-im-zentrum-von-rechenzentren\\\/#primaryimage\",\"url\":\"https:\\\/\\\/www.northcdatacenters.com\\\/ch-de\\\/wp-content\\\/uploads\\\/sites\\\/3\\\/2022\\\/04\\\/Background_clientcase_weboke.webp\",\"contentUrl\":\"https:\\\/\\\/www.northcdatacenters.com\\\/ch-de\\\/wp-content\\\/uploads\\\/sites\\\/3\\\/2022\\\/04\\\/Background_clientcase_weboke.webp\",\"width\":1920,\"height\":600,\"caption\":\"Symbolbild: Datenschutuz\"},{\"@type\":\"BreadcrumbList\",\"@id\":\"https:\\\/\\\/www.northcdatacenters.com\\\/ch-de\\\/datacenter\\\/datenschutz-steht-im-zentrum-von-rechenzentren\\\/#breadcrumb\",\"itemListElement\":[{\"@type\":\"ListItem\",\"position\":1,\"name\":\"Home\",\"item\":\"https:\\\/\\\/www.northcdatacenters.com\\\/ch-de\\\/\"},{\"@type\":\"ListItem\",\"position\":2,\"name\":\"Datenschutz steht im Zentrum von Rechenzentren\"}]},{\"@type\":\"WebSite\",\"@id\":\"https:\\\/\\\/www.northcdatacenters.com\\\/ch-de\\\/#website\",\"url\":\"https:\\\/\\\/www.northcdatacenters.com\\\/ch-de\\\/\",\"name\":\"NorthC Datacenters\",\"description\":\"Digital business, Personal connections.\",\"publisher\":{\"@id\":\"https:\\\/\\\/www.northcdatacenters.com\\\/ch-de\\\/#organization\"},\"potentialAction\":[{\"@type\":\"SearchAction\",\"target\":{\"@type\":\"EntryPoint\",\"urlTemplate\":\"https:\\\/\\\/www.northcdatacenters.com\\\/ch-de\\\/?s={search_term_string}\"},\"query-input\":{\"@type\":\"PropertyValueSpecification\",\"valueRequired\":true,\"valueName\":\"search_term_string\"}}],\"inLanguage\":\"de-CH\"},{\"@type\":\"Organization\",\"@id\":\"https:\\\/\\\/www.northcdatacenters.com\\\/ch-de\\\/#organization\",\"name\":\"NorthC Datacenters\",\"url\":\"https:\\\/\\\/www.northcdatacenters.com\\\/ch-de\\\/\",\"logo\":{\"@type\":\"ImageObject\",\"inLanguage\":\"de-CH\",\"@id\":\"https:\\\/\\\/www.northcdatacenters.com\\\/ch-de\\\/#\\\/schema\\\/logo\\\/image\\\/\",\"url\":\"https:\\\/\\\/www.northcdatacenters.com\\\/ch-de\\\/wp-content\\\/uploads\\\/sites\\\/3\\\/2024\\\/11\\\/Logo_NorthC.svg\",\"contentUrl\":\"https:\\\/\\\/www.northcdatacenters.com\\\/ch-de\\\/wp-content\\\/uploads\\\/sites\\\/3\\\/2024\\\/11\\\/Logo_NorthC.svg\",\"width\":110,\"height\":24,\"caption\":\"NorthC Datacenters\"},\"image\":{\"@id\":\"https:\\\/\\\/www.northcdatacenters.com\\\/ch-de\\\/#\\\/schema\\\/logo\\\/image\\\/\"},\"sameAs\":[\"https:\\\/\\\/www.linkedin.com\\\/company\\\/northc-datacenters-schweiz\\\/\"]},{\"@type\":\"Person\",\"@id\":\"https:\\\/\\\/www.northcdatacenters.com\\\/ch-de\\\/#\\\/schema\\\/person\\\/48bd24cc9de3798cd9082925b80e68ab\",\"name\":\"Yde van Opstal\",\"url\":\"https:\\\/\\\/www.northcdatacenters.com\\\/ch-de\\\/author\\\/ydevanopstal\\\/\"}]}<\/script>\n<!-- \/ Yoast SEO Premium plugin. -->","yoast_head_json":{"title":"Datenschutz steht im Zentrum von Rechenzentren","description":"Der Datenschutz steht bei den Prozessen von Rechenzenterbetreiber an erster Stelle.","robots":{"index":"index","follow":"follow","max-snippet":"max-snippet:-1","max-image-preview":"max-image-preview:large","max-video-preview":"max-video-preview:-1"},"canonical":"https:\/\/www.northcdatacenters.com\/ch-de\/datacenter\/datenschutz-steht-im-zentrum-von-rechenzentren\/","og_locale":"de_DE","og_type":"article","og_title":"Datenschutz steht im Zentrum von Rechenzentren","og_description":"Der Datenschutz steht bei den Prozessen von Rechenzenterbetreiber an erster Stelle.","og_url":"https:\/\/www.northcdatacenters.com\/ch-de\/datacenter\/datenschutz-steht-im-zentrum-von-rechenzentren\/","og_site_name":"NorthC Datacenters (CH-DE)","article_published_time":"2023-06-07T11:17:05+00:00","article_modified_time":"2026-04-21T13:23:31+00:00","og_image":[{"url":"https:\/\/www.northcdatacenters.com\/ch-de\/wp-content\/uploads\/sites\/3\/2023\/06\/cropped-Shutterstock_791568148.png","type":"","width":"","height":""}],"author":"Yde van Opstal","twitter_card":"summary_large_image","twitter_misc":{"Geschrieben von":"Yde van Opstal","Gesch\u00e4tzte Lesezeit":"4\u00a0Minuten"},"schema":{"@context":"https:\/\/schema.org","@graph":[{"@type":"Article","@id":"https:\/\/www.northcdatacenters.com\/ch-de\/datacenter\/datenschutz-steht-im-zentrum-von-rechenzentren\/#article","isPartOf":{"@id":"https:\/\/www.northcdatacenters.com\/ch-de\/datacenter\/datenschutz-steht-im-zentrum-von-rechenzentren\/"},"author":{"name":"Yde van Opstal","@id":"https:\/\/www.northcdatacenters.com\/ch-de\/#\/schema\/person\/48bd24cc9de3798cd9082925b80e68ab"},"headline":"Datenschutz steht im Zentrum von Rechenzentren","datePublished":"2023-06-07T11:17:05+00:00","dateModified":"2026-04-21T13:23:31+00:00","mainEntityOfPage":{"@id":"https:\/\/www.northcdatacenters.com\/ch-de\/datacenter\/datenschutz-steht-im-zentrum-von-rechenzentren\/"},"wordCount":614,"publisher":{"@id":"https:\/\/www.northcdatacenters.com\/ch-de\/#organization"},"image":{"@id":"https:\/\/www.northcdatacenters.com\/ch-de\/datacenter\/datenschutz-steht-im-zentrum-von-rechenzentren\/#primaryimage"},"thumbnailUrl":"https:\/\/www.northcdatacenters.com\/ch-de\/wp-content\/uploads\/sites\/3\/2022\/04\/Background_clientcase_weboke.webp","articleSection":["Datacenter","Digitale Souver\u00e4nit\u00e4t"],"inLanguage":"de-CH"},{"@type":"WebPage","@id":"https:\/\/www.northcdatacenters.com\/ch-de\/datacenter\/datenschutz-steht-im-zentrum-von-rechenzentren\/","url":"https:\/\/www.northcdatacenters.com\/ch-de\/datacenter\/datenschutz-steht-im-zentrum-von-rechenzentren\/","name":"Datenschutz steht im Zentrum von Rechenzentren","isPartOf":{"@id":"https:\/\/www.northcdatacenters.com\/ch-de\/#website"},"primaryImageOfPage":{"@id":"https:\/\/www.northcdatacenters.com\/ch-de\/datacenter\/datenschutz-steht-im-zentrum-von-rechenzentren\/#primaryimage"},"image":{"@id":"https:\/\/www.northcdatacenters.com\/ch-de\/datacenter\/datenschutz-steht-im-zentrum-von-rechenzentren\/#primaryimage"},"thumbnailUrl":"https:\/\/www.northcdatacenters.com\/ch-de\/wp-content\/uploads\/sites\/3\/2022\/04\/Background_clientcase_weboke.webp","datePublished":"2023-06-07T11:17:05+00:00","dateModified":"2026-04-21T13:23:31+00:00","description":"Der Datenschutz steht bei den Prozessen von Rechenzenterbetreiber an erster Stelle.","breadcrumb":{"@id":"https:\/\/www.northcdatacenters.com\/ch-de\/datacenter\/datenschutz-steht-im-zentrum-von-rechenzentren\/#breadcrumb"},"inLanguage":"de-CH","potentialAction":[{"@type":"ReadAction","target":["https:\/\/www.northcdatacenters.com\/ch-de\/datacenter\/datenschutz-steht-im-zentrum-von-rechenzentren\/"]}]},{"@type":"ImageObject","inLanguage":"de-CH","@id":"https:\/\/www.northcdatacenters.com\/ch-de\/datacenter\/datenschutz-steht-im-zentrum-von-rechenzentren\/#primaryimage","url":"https:\/\/www.northcdatacenters.com\/ch-de\/wp-content\/uploads\/sites\/3\/2022\/04\/Background_clientcase_weboke.webp","contentUrl":"https:\/\/www.northcdatacenters.com\/ch-de\/wp-content\/uploads\/sites\/3\/2022\/04\/Background_clientcase_weboke.webp","width":1920,"height":600,"caption":"Symbolbild: Datenschutuz"},{"@type":"BreadcrumbList","@id":"https:\/\/www.northcdatacenters.com\/ch-de\/datacenter\/datenschutz-steht-im-zentrum-von-rechenzentren\/#breadcrumb","itemListElement":[{"@type":"ListItem","position":1,"name":"Home","item":"https:\/\/www.northcdatacenters.com\/ch-de\/"},{"@type":"ListItem","position":2,"name":"Datenschutz steht im Zentrum von Rechenzentren"}]},{"@type":"WebSite","@id":"https:\/\/www.northcdatacenters.com\/ch-de\/#website","url":"https:\/\/www.northcdatacenters.com\/ch-de\/","name":"NorthC Datacenters","description":"Digital business, Personal connections.","publisher":{"@id":"https:\/\/www.northcdatacenters.com\/ch-de\/#organization"},"potentialAction":[{"@type":"SearchAction","target":{"@type":"EntryPoint","urlTemplate":"https:\/\/www.northcdatacenters.com\/ch-de\/?s={search_term_string}"},"query-input":{"@type":"PropertyValueSpecification","valueRequired":true,"valueName":"search_term_string"}}],"inLanguage":"de-CH"},{"@type":"Organization","@id":"https:\/\/www.northcdatacenters.com\/ch-de\/#organization","name":"NorthC Datacenters","url":"https:\/\/www.northcdatacenters.com\/ch-de\/","logo":{"@type":"ImageObject","inLanguage":"de-CH","@id":"https:\/\/www.northcdatacenters.com\/ch-de\/#\/schema\/logo\/image\/","url":"https:\/\/www.northcdatacenters.com\/ch-de\/wp-content\/uploads\/sites\/3\/2024\/11\/Logo_NorthC.svg","contentUrl":"https:\/\/www.northcdatacenters.com\/ch-de\/wp-content\/uploads\/sites\/3\/2024\/11\/Logo_NorthC.svg","width":110,"height":24,"caption":"NorthC Datacenters"},"image":{"@id":"https:\/\/www.northcdatacenters.com\/ch-de\/#\/schema\/logo\/image\/"},"sameAs":["https:\/\/www.linkedin.com\/company\/northc-datacenters-schweiz\/"]},{"@type":"Person","@id":"https:\/\/www.northcdatacenters.com\/ch-de\/#\/schema\/person\/48bd24cc9de3798cd9082925b80e68ab","name":"Yde van Opstal","url":"https:\/\/www.northcdatacenters.com\/ch-de\/author\/ydevanopstal\/"}]}},"_links":{"self":[{"href":"https:\/\/www.northcdatacenters.com\/ch-de\/wp-json\/wp\/v2\/posts\/22907","targetHints":{"allow":["GET"]}}],"collection":[{"href":"https:\/\/www.northcdatacenters.com\/ch-de\/wp-json\/wp\/v2\/posts"}],"about":[{"href":"https:\/\/www.northcdatacenters.com\/ch-de\/wp-json\/wp\/v2\/types\/post"}],"author":[{"embeddable":true,"href":"https:\/\/www.northcdatacenters.com\/ch-de\/wp-json\/wp\/v2\/users\/8"}],"replies":[{"embeddable":true,"href":"https:\/\/www.northcdatacenters.com\/ch-de\/wp-json\/wp\/v2\/comments?post=22907"}],"version-history":[{"count":3,"href":"https:\/\/www.northcdatacenters.com\/ch-de\/wp-json\/wp\/v2\/posts\/22907\/revisions"}],"predecessor-version":[{"id":31679,"href":"https:\/\/www.northcdatacenters.com\/ch-de\/wp-json\/wp\/v2\/posts\/22907\/revisions\/31679"}],"wp:featuredmedia":[{"embeddable":true,"href":"https:\/\/www.northcdatacenters.com\/ch-de\/wp-json\/wp\/v2\/media\/20991"}],"wp:attachment":[{"href":"https:\/\/www.northcdatacenters.com\/ch-de\/wp-json\/wp\/v2\/media?parent=22907"}],"wp:term":[{"taxonomy":"category","embeddable":true,"href":"https:\/\/www.northcdatacenters.com\/ch-de\/wp-json\/wp\/v2\/categories?post=22907"},{"taxonomy":"post_tag","embeddable":true,"href":"https:\/\/www.northcdatacenters.com\/ch-de\/wp-json\/wp\/v2\/tags?post=22907"}],"curies":[{"name":"wp","href":"https:\/\/api.w.org\/{rel}","templated":true}]}}