{"id":24089,"date":"2024-01-17T10:48:29","date_gmt":"2024-01-17T10:48:29","guid":{"rendered":"https:\/\/www.northcdatacenters.com\/ch-de\/?p=24089"},"modified":"2026-04-21T13:13:48","modified_gmt":"2026-04-21T13:13:48","slug":"employee-spotlight-werner-zaugg","status":"publish","type":"post","link":"https:\/\/www.northcdatacenters.com\/ch-de\/employee-spotlight\/employee-spotlight-werner-zaugg\/","title":{"rendered":"Employee Spotlight &#8211; Werner Zaugg"},"content":{"rendered":"<div class=\"wpb-content-wrapper\"><p>[vc_row vc_row_spacing=&#187;dont-add-spacer adds-own-spacer add-spacer-top&#187;][vc_column][vc_column_text]<strong>Werner Zaugg stiess gleich zum Start von NorthC Schweiz als Senior Account Manager zu unserem Team. Allerdings war er bereits damals ein &#171;alter Bekannter&#187;. Hier erfahren Sie, was ihm in seiner beruflichen Rolle besonders wichtig ist und wie er zu umfangreichen Schriftwerken steht. Innerhalb des \u201eEmployee Spotlights\u201c der NorthC Schweiz AG m\u00f6chten wir besondere Mitarbeiter ins Rampenlicht r\u00fccken und ihre herausragenden Leistungen, Beitr\u00e4ge und einzigartigen Qualit\u00e4ten zelebrieren. Blicken Sie mit uns hinter die Kulissen und lernen Sie Werner pers\u00f6nlich kennen.<\/strong>[\/vc_column_text][\/vc_column][\/vc_row][vc_row][vc_column][vc_column_text]<\/p>\n<h3><span data-contrast=\"none\">Wie bist du zu NorthC gekommen, und was hat dich dazu bewegt, hier zu arbeiten?<\/span><span data-ccp-props=\"{&quot;201341983&quot;:0,&quot;335559739&quot;:160,&quot;335559740&quot;:259}\">\u00a0<\/span><\/h3>\n<p><span data-contrast=\"auto\">Ich bin ein R\u00fcckkehrer. In der Vergangenheit war ich bereits f\u00fcr Tineo und danach Netrics t\u00e4tig. Zu diesem Zeitpunkt hatte ich die Firma verlassen. Als jedoch NorthC die Sparte Infrastruktur von Netrics \u00fcbernommen hatte und der Kontakt zu meinem Arbeitskollegen nach wie vor best\u00e4ndig war, hatte ich die M\u00f6glichkeit in diesem Zuge Teil der NorthC Familie zu werden und an meine alte Wirkungsst\u00e4tte zur\u00fcckzukehren. <\/span><\/p>\n<p><span data-ccp-props=\"{&quot;201341983&quot;:0,&quot;335559739&quot;:160,&quot;335559740&quot;:259}\">\u00a0<\/span><\/p>\n<h3><span data-contrast=\"none\">Wie beschreibst du deine t\u00e4glichen Aufgaben einem Freund, der nicht in unserer Branche ist?<\/span><\/h3>\n<p><span data-contrast=\"auto\">Der Aufgabenbereich Sales ist sehr abwechslungsreich und ich habe sowohl mit Projekten von bestehenden Kunden wie auch mit Neukunden zu tun. Ich begleite die Kunden von der Erstanfrage bis zum Projektabschluss. Um neue Kundenprojekte zu eruieren, besuchen wir auch verschiedene Events wie Messen und Netzwerkanl\u00e4sse. \u00a0Ziel ist es den Kunden einen Mehrwert sowie ein Kauferlebnis zu bieten.<\/span><\/p>\n<p>&nbsp;<\/p>\n<h3><span data-contrast=\"none\">Was gef\u00e4llt dir am meisten an der Zusammenarbeit mit deinem Team?<\/span><\/h3>\n<p><span data-contrast=\"auto\">Wir sind eine sehr homogene Truppe mit Sinn f\u00fcr Humor. Da wir uns zum Teil auch bereits l\u00e4nger kennen, ist ebenfalls ein Vertrauensverh\u00e4ltnis vorhanden, welches sich sehr positiv auf die Zusammenarbeit auswirkt. Ebenfalls werden auch neue Mitarbeiter sehr schnell in die Gruppe integriert.<\/span><\/p>\n<p>&nbsp;<\/p>\n<h3><span data-contrast=\"none\">Was ist ein Buch, Film oder Podcast, den du in letzter Zeit genossen hast und warum?<\/span><\/h3>\n<p><span data-contrast=\"auto\">B\u00fccher waren bis anhin alle zu dick f\u00fcr mich. In diesem Jahr habe ich jedoch begonnen welche von Stephen King zu lesen. Das letzte war \u201eDas Institut\u201c. <\/span><span data-contrast=\"auto\">Filme schaue ich regelm\u00e4ssig. Der letzte Kinofilm war Aquaman 2 (Teil 1 war besser). <\/span><span data-contrast=\"auto\">Im Bereich Podcast h\u00f6re ich Querbeet sehr verschiedene.<\/span><\/p>\n<p>&nbsp;<\/p>\n<h3><span data-contrast=\"none\">Was machst du gerne in deiner Freizeit?<\/span><span data-ccp-props=\"{&quot;201341983&quot;:0,&quot;335559739&quot;:160,&quot;335559740&quot;:259}\">\u00a0<\/span><\/h3>\n<p><span data-contrast=\"auto\">Da ich Kinder habe, wird die Freizeit meist von Ihnen etwas diktiert. Ich schaue meinem Sohn bei Fussballturnieren oder meinen beiden M\u00e4dchen bei Turnwettk\u00e4mpfen zu. Wir gehen zusammen ins Kino oder unternehmen sonst etwas. Zudem Jasse ich gerne und treffe mich mehrmals im Jahr mit Freunden f\u00fcr einen Jassabend.<\/span><\/p>\n<p>&nbsp;<\/p>\n<h3><span data-contrast=\"none\">Gibt es Hobbys oder Interessen, die dir bei deiner Arbeit helfen oder dich inspirieren?<\/span><span data-ccp-props=\"{&quot;201341983&quot;:0,&quot;335559739&quot;:160,&quot;335559740&quot;:259}\">\u00a0<\/span><\/h3>\n<p><span data-contrast=\"auto\">Das Leben mit Kindern macht einem sicher etwas stressresistenter und man l\u00e4sst sich nicht leicht aus der Ruhe bringen, was einem auch im Arbeitsalltag unterst\u00fctzt.<\/span><\/p>\n<p>&nbsp;<\/p>\n<h3><span data-contrast=\"none\">Wie gehst du mit Stress oder Druck um?<\/span><span data-ccp-props=\"{&quot;201341983&quot;:0,&quot;335559739&quot;:160,&quot;335559740&quot;:259}\">\u00a0<\/span><\/h3>\n<p><span data-contrast=\"auto\">In der Ruhe liegt die Kraft. Es kommt immer darauf an wie man den Druck aufnimmt und wie nahe man diesen an sich heranl\u00e4sst. Gegen Aussen merkt man mir diesen selten an. Im Inneren brodelt es manchmal schon etwas. Stress l\u00e4sst einem leicht etwas hektisch werden. Da gilt es Ruhe zu bewahren und sich selbst etwas mehr zu reflektieren.<\/span><\/p>\n<p>&nbsp;<\/p>\n<h3><span data-contrast=\"none\">Was ist ein beruflicher Erfolg, auf den du besonders stolz bist?<\/span><span data-ccp-props=\"{&quot;201341983&quot;:0,&quot;335559739&quot;:160,&quot;335559740&quot;:259}\">\u00a0<\/span><\/h3>\n<p><span data-contrast=\"auto\">\u00dcber die Jahre gibt es da viele. Sicher die Kundenzufriedenheit meiner Accounts und die dadurch minimierte K\u00fcndigungsrate.\u00a0 <\/span><span data-ccp-props=\"{&quot;201341983&quot;:0,&quot;335559739&quot;:160,&quot;335559740&quot;:259}\">\u00a0<\/span><\/p>\n<p><span data-ccp-props=\"{&quot;201341983&quot;:0,&quot;335559739&quot;:160,&quot;335559740&quot;:259}\">\u00a0<\/span><\/p>\n<h3><span data-contrast=\"none\">Gibt es bestimmte F\u00e4higkeiten oder Kenntnisse, die du in n\u00e4chster Zeit entwickeln m\u00f6chtest?<\/span><span data-ccp-props=\"{&quot;201341983&quot;:0,&quot;335559739&quot;:160,&quot;335559740&quot;:259}\">\u00a0<\/span><\/h3>\n<p><span data-contrast=\"auto\">Durch NorthC haben wir immer mehr mit internationalen Kunden und auch l\u00e4nder\u00fcbergreifenden Gesch\u00e4ften zu tun. Hierf\u00fcr gilt es nat\u00fcrlich auch wachsam zu sein und die M\u00e4rkte und das Zusammenspiel dieser L\u00e4nder zu beobachten. Da gibt es sicher noch Wissensl\u00fccken, welche ich in Zukunft schliessen m\u00f6chte. <\/span><span data-ccp-props=\"{&quot;201341983&quot;:0,&quot;335559739&quot;:160,&quot;335559740&quot;:259}\">\u00a0<\/span>[\/vc_column_text][\/vc_column][\/vc_row][vc_row full_width=&#187;stretch_row_content&#187;][vc_column]<div class=\"title-block px-3 title-block-image-right\">\n  <div class=\"container image-container\" style=\"--image-position-x: 50%;\">\n          <picture class=\"responsive-picture \">\n  <img decoding=\"async\" src=\"https:\/\/www.northcdatacenters.com\/ch-de\/wp-content\/uploads\/sites\/3\/2024\/01\/cropped-Werner-Zaugg.webp\" srcset=\"https:\/\/www.northcdatacenters.com\/ch-de\/wp-content\/uploads\/sites\/3\/2024\/01\/cropped-Werner-Zaugg.webp 599w, https:\/\/www.northcdatacenters.com\/ch-de\/wp-content\/uploads\/sites\/3\/2024\/01\/cropped-Werner-Zaugg-300x158.webp 300w, https:\/\/www.northcdatacenters.com\/ch-de\/wp-content\/uploads\/sites\/3\/2024\/01\/cropped-Werner-Zaugg-175x92.webp 175w, https:\/\/www.northcdatacenters.com\/ch-de\/wp-content\/uploads\/sites\/3\/2024\/01\/cropped-Werner-Zaugg-510x268.webp 510w\"\n  class=\"\" style=\"\"\n  loading=\"lazy\"\n  sizes=\"(min-width: 1400px) 1200px, (min-width: 1200px) 48vw, 100vw\" \/><\/picture>      <\/div>\n\n  <div class=\"d-none d-xl-block background-with-slanted-edge slanted\"><\/div>\n\n  <div class=\"container text-container\">\n    <div class=\"text-bg-white text py-9 px-6 d-flex flex-column\">\n              <h2 class=\"font-heavy lh-sm\">Infobox<\/h2>\n      \n      <div class=\"content lh-xl\">\n        <p>Werner Zaugg ist seit der Gr\u00fcndung der NorthC Schweiz AG ein integraler Bestandteil des Teams. Dank seines nat\u00fcrlichen Gesp\u00fcrs f\u00fcr die Bed\u00fcrfnisse seiner Kunden und seiner Ausbildung zum eidgen\u00f6ssisch diplomierten Verkaufsleiter weiss er genau, worauf es in seiner Rolle als Senior Account Manager ankommt \u2013 auf Beratung statt blossem Verkauf.<\/p>\n<p>Seine umfangreiche Erfahrung hat er \u00fcber knapp 20 Jahre in der Telekommunikationsbranche gesammelt. Gemeinsam mit seiner Familie lebt Werner knapp neben dem schweizerischen Durchschnitt, nur f\u00fcnf Minuten von Langenthal entfernt. Wer bei seinem Zuhause an eine idyllische Heimwerkerumgebung denkt, liegt jedoch falsch. Nach seinen eigenen Aussagen kann Werner keinen Nagel gerade in die Wand schlagen. Wir k\u00f6nnen aber bezeugen, dass er \u00fcber zahlreiche andere Talente verf\u00fcgt, und sind \u00e4usserst gl\u00fccklich, ihn in unserem Team zu haben.<\/p>\n      <\/div>\n\n          <\/div>\n  <\/div>\n<\/div>[\/vc_column][\/vc_row][vc_row full_width=&#187;stretch_row&#187; north_c_background_color=&#187;bg-gray-200&#8243;][vc_column]<div class=\"cta\">\n  <div class=\"cta-grid\">\n    <div class=\"cta-picture\">\n      <picture class=\"responsive-picture d-block\">\n  <img decoding=\"async\" src=\"https:\/\/www.northcdatacenters.com\/ch-de\/wp-content\/uploads\/sites\/3\/2023\/08\/Stephanie-1-1256x1256.webp\" srcset=\"https:\/\/www.northcdatacenters.com\/ch-de\/wp-content\/uploads\/sites\/3\/2023\/08\/Stephanie-1-1256x1256.webp 1256w, https:\/\/www.northcdatacenters.com\/ch-de\/wp-content\/uploads\/sites\/3\/2023\/08\/Stephanie-1-300x300.webp 300w, https:\/\/www.northcdatacenters.com\/ch-de\/wp-content\/uploads\/sites\/3\/2023\/08\/Stephanie-1-1024x1024.webp 1024w, https:\/\/www.northcdatacenters.com\/ch-de\/wp-content\/uploads\/sites\/3\/2023\/08\/Stephanie-1-768x768.webp 768w, https:\/\/www.northcdatacenters.com\/ch-de\/wp-content\/uploads\/sites\/3\/2023\/08\/Stephanie-1-1536x1536.webp 1536w, https:\/\/www.northcdatacenters.com\/ch-de\/wp-content\/uploads\/sites\/3\/2023\/08\/Stephanie-1-250x250.webp 250w, https:\/\/www.northcdatacenters.com\/ch-de\/wp-content\/uploads\/sites\/3\/2023\/08\/Stephanie-1-740x740.webp 740w, https:\/\/www.northcdatacenters.com\/ch-de\/wp-content\/uploads\/sites\/3\/2023\/08\/Stephanie-1-175x175.webp 175w, https:\/\/www.northcdatacenters.com\/ch-de\/wp-content\/uploads\/sites\/3\/2023\/08\/Stephanie-1-360x360.webp 360w, https:\/\/www.northcdatacenters.com\/ch-de\/wp-content\/uploads\/sites\/3\/2023\/08\/Stephanie-1-500x500.webp 500w, https:\/\/www.northcdatacenters.com\/ch-de\/wp-content\/uploads\/sites\/3\/2023\/08\/Stephanie-1.webp 1920w\"\n  class=\"\" style=\"\"\n  loading=\"lazy\"\n  sizes=\"(min-width: 992px) 1280px, 100vw\" \/><\/picture>\n          <\/div>\n\n    <div class=\"text text-white d-flex flex-column gap-4 justify-content-center align-items-center p-6 pb-12 px-lg-12 px-xxl-28\">\n      <h6 class=\"text-primary lh214 font-extrabold text-center mb-0\"><\/h6>\n      <h3 class=\"mb-2 text-center text-sm-5xl mb-sm-6 text-balance\">Sie ben\u00f6tigen eine Beratung f\u00fcr Ihre spezifische Situation?<\/h3>\n      <div class=\"buttons d-flex flex-column flex-lg-row flex-wrap gap-4 align-items-center justify-content-center dark-background\">\n                  \n  <button class=\"btn btn-primary\" type=\"button\" data-bs-toggle=\"offcanvas\" data-bs-target=\"#offcanvas_15\" aria-controls=\"offcanvas_15\">\n    Angebot anfordern  <\/button>\n                  \n  \n  <button class=\"btn btn-secondary\" type=\"button\" data-bs-toggle=\"offcanvas\" data-bs-target=\"#offcanvas_34\" aria-controls=\"offcanvas_34\">\n    Besichtigung anfordern  <\/button>\n\n              <\/div>\n    <\/div>\n  <\/div>\n<\/div>[\/vc_column][\/vc_row]<\/p>\n<\/div>","protected":false},"excerpt":{"rendered":"<p>[vc_row vc_row_spacing=&#187;dont-add-spacer adds-own-spacer add-spacer-top&#187;][vc_column][vc_column_text]Werner Zaugg stiess gleich zum Start von NorthC Schweiz als Senior Account Manager zu unserem Team. Allerdings war er bereits damals ein &#171;alter Bekannter&#187;. Hier erfahren Sie, was ihm in seiner beruflichen Rolle besonders wichtig ist und wie er zu umfangreichen Schriftwerken steht. Innerhalb des \u201eEmployee Spotlights\u201c der NorthC Schweiz AG m\u00f6chten &#8230;<\/p>\n","protected":false},"author":16,"featured_media":23745,"comment_status":"closed","ping_status":"closed","sticky":false,"template":"","format":"standard","meta":{"_acf_changed":false,"_relevanssi_hide_post":"","_relevanssi_hide_content":"","_relevanssi_pin_for_all":"","_relevanssi_pin_keywords":"","_relevanssi_unpin_keywords":"","_relevanssi_related_keywords":"","_relevanssi_related_include_ids":"","_relevanssi_related_exclude_ids":"","_relevanssi_related_no_append":"","_relevanssi_related_not_related":"","_relevanssi_related_posts":"","_relevanssi_noindex_reason":"","footnotes":""},"categories":[54],"tags":[],"class_list":["post-24089","post","type-post","status-publish","format-standard","has-post-thumbnail","hentry","category-employee-spotlight"],"acf":[],"yoast_head":"<!-- This site is optimized with the Yoast SEO Premium plugin v27.4 (Yoast SEO v27.4) - https:\/\/yoast.com\/product\/yoast-seo-premium-wordpress\/ -->\n<title>Employee Spotlight - Werner Zaugg<\/title>\n<meta name=\"description\" content=\"Innerhalb des \u201eEmployee Spotlights\u201c der NorthC Schweiz AG m\u00f6chten wir besondere Mitarbeiterinnen und Mitarbeiter ins Rampenlicht r\u00fccken.\" \/>\n<meta name=\"robots\" content=\"index, follow, max-snippet:-1, max-image-preview:large, max-video-preview:-1\" \/>\n<link rel=\"canonical\" href=\"https:\/\/www.northcdatacenters.com\/ch-de\/employee-spotlight\/employee-spotlight-werner-zaugg\/\" \/>\n<meta property=\"og:locale\" content=\"de_DE\" \/>\n<meta property=\"og:type\" content=\"article\" \/>\n<meta property=\"og:title\" content=\"Employee Spotlight - Werner Zaugg\" \/>\n<meta property=\"og:description\" content=\"Innerhalb des \u201eEmployee Spotlights\u201c der NorthC Schweiz AG m\u00f6chten wir besondere Mitarbeiterinnen und Mitarbeiter ins Rampenlicht r\u00fccken.\" \/>\n<meta property=\"og:url\" content=\"https:\/\/www.northcdatacenters.com\/ch-de\/employee-spotlight\/employee-spotlight-werner-zaugg\/\" \/>\n<meta property=\"og:site_name\" content=\"NorthC Datacenters (CH-DE)\" \/>\n<meta property=\"article:published_time\" content=\"2024-01-17T10:48:29+00:00\" \/>\n<meta property=\"article:modified_time\" content=\"2026-04-21T13:13:48+00:00\" \/>\n<meta property=\"og:image\" content=\"https:\/\/www.northcdatacenters.com\/ch-de\/wp-content\/uploads\/sites\/3\/2024\/01\/cropped-Werner-Zaugg.png\" \/>\n<meta name=\"author\" content=\"Martin\" \/>\n<meta name=\"twitter:card\" content=\"summary_large_image\" \/>\n<meta name=\"twitter:title\" content=\"Employee Spotlight - Werner Zaugg\" \/>\n<meta name=\"twitter:label1\" content=\"Geschrieben von\" \/>\n\t<meta name=\"twitter:data1\" content=\"Martin\" \/>\n\t<meta name=\"twitter:label2\" content=\"Gesch\u00e4tzte Lesezeit\" \/>\n\t<meta name=\"twitter:data2\" content=\"5\u00a0Minuten\" \/>\n<script type=\"application\/ld+json\" class=\"yoast-schema-graph\">{\"@context\":\"https:\\\/\\\/schema.org\",\"@graph\":[{\"@type\":\"Article\",\"@id\":\"https:\\\/\\\/www.northcdatacenters.com\\\/ch-de\\\/employee-spotlight\\\/employee-spotlight-werner-zaugg\\\/#article\",\"isPartOf\":{\"@id\":\"https:\\\/\\\/www.northcdatacenters.com\\\/ch-de\\\/employee-spotlight\\\/employee-spotlight-werner-zaugg\\\/\"},\"author\":{\"name\":\"Martin\",\"@id\":\"https:\\\/\\\/www.northcdatacenters.com\\\/ch-de\\\/#\\\/schema\\\/person\\\/d9dc31297e84c0bf28cb42b588ffd95c\"},\"headline\":\"Employee Spotlight &#8211; Werner Zaugg\",\"datePublished\":\"2024-01-17T10:48:29+00:00\",\"dateModified\":\"2026-04-21T13:13:48+00:00\",\"mainEntityOfPage\":{\"@id\":\"https:\\\/\\\/www.northcdatacenters.com\\\/ch-de\\\/employee-spotlight\\\/employee-spotlight-werner-zaugg\\\/\"},\"wordCount\":907,\"publisher\":{\"@id\":\"https:\\\/\\\/www.northcdatacenters.com\\\/ch-de\\\/#organization\"},\"image\":{\"@id\":\"https:\\\/\\\/www.northcdatacenters.com\\\/ch-de\\\/employee-spotlight\\\/employee-spotlight-werner-zaugg\\\/#primaryimage\"},\"thumbnailUrl\":\"https:\\\/\\\/www.northcdatacenters.com\\\/ch-de\\\/wp-content\\\/uploads\\\/sites\\\/3\\\/2023\\\/11\\\/MicrosoftTeams-image-4-scaled.webp\",\"articleSection\":[\"Employee Spotlight\"],\"inLanguage\":\"de-CH\"},{\"@type\":\"WebPage\",\"@id\":\"https:\\\/\\\/www.northcdatacenters.com\\\/ch-de\\\/employee-spotlight\\\/employee-spotlight-werner-zaugg\\\/\",\"url\":\"https:\\\/\\\/www.northcdatacenters.com\\\/ch-de\\\/employee-spotlight\\\/employee-spotlight-werner-zaugg\\\/\",\"name\":\"Employee Spotlight - Werner Zaugg\",\"isPartOf\":{\"@id\":\"https:\\\/\\\/www.northcdatacenters.com\\\/ch-de\\\/#website\"},\"primaryImageOfPage\":{\"@id\":\"https:\\\/\\\/www.northcdatacenters.com\\\/ch-de\\\/employee-spotlight\\\/employee-spotlight-werner-zaugg\\\/#primaryimage\"},\"image\":{\"@id\":\"https:\\\/\\\/www.northcdatacenters.com\\\/ch-de\\\/employee-spotlight\\\/employee-spotlight-werner-zaugg\\\/#primaryimage\"},\"thumbnailUrl\":\"https:\\\/\\\/www.northcdatacenters.com\\\/ch-de\\\/wp-content\\\/uploads\\\/sites\\\/3\\\/2023\\\/11\\\/MicrosoftTeams-image-4-scaled.webp\",\"datePublished\":\"2024-01-17T10:48:29+00:00\",\"dateModified\":\"2026-04-21T13:13:48+00:00\",\"description\":\"Innerhalb des \u201eEmployee Spotlights\u201c der NorthC Schweiz AG m\u00f6chten wir besondere Mitarbeiterinnen und Mitarbeiter ins Rampenlicht r\u00fccken.\",\"breadcrumb\":{\"@id\":\"https:\\\/\\\/www.northcdatacenters.com\\\/ch-de\\\/employee-spotlight\\\/employee-spotlight-werner-zaugg\\\/#breadcrumb\"},\"inLanguage\":\"de-CH\",\"potentialAction\":[{\"@type\":\"ReadAction\",\"target\":[\"https:\\\/\\\/www.northcdatacenters.com\\\/ch-de\\\/employee-spotlight\\\/employee-spotlight-werner-zaugg\\\/\"]}]},{\"@type\":\"ImageObject\",\"inLanguage\":\"de-CH\",\"@id\":\"https:\\\/\\\/www.northcdatacenters.com\\\/ch-de\\\/employee-spotlight\\\/employee-spotlight-werner-zaugg\\\/#primaryimage\",\"url\":\"https:\\\/\\\/www.northcdatacenters.com\\\/ch-de\\\/wp-content\\\/uploads\\\/sites\\\/3\\\/2023\\\/11\\\/MicrosoftTeams-image-4-scaled.webp\",\"contentUrl\":\"https:\\\/\\\/www.northcdatacenters.com\\\/ch-de\\\/wp-content\\\/uploads\\\/sites\\\/3\\\/2023\\\/11\\\/MicrosoftTeams-image-4-scaled.webp\",\"width\":2560,\"height\":1708,\"caption\":\"Bild: Employee Spotlight\"},{\"@type\":\"BreadcrumbList\",\"@id\":\"https:\\\/\\\/www.northcdatacenters.com\\\/ch-de\\\/employee-spotlight\\\/employee-spotlight-werner-zaugg\\\/#breadcrumb\",\"itemListElement\":[{\"@type\":\"ListItem\",\"position\":1,\"name\":\"Home\",\"item\":\"https:\\\/\\\/www.northcdatacenters.com\\\/ch-de\\\/\"},{\"@type\":\"ListItem\",\"position\":2,\"name\":\"Employee Spotlight &#8211; Werner Zaugg\"}]},{\"@type\":\"WebSite\",\"@id\":\"https:\\\/\\\/www.northcdatacenters.com\\\/ch-de\\\/#website\",\"url\":\"https:\\\/\\\/www.northcdatacenters.com\\\/ch-de\\\/\",\"name\":\"NorthC Datacenters\",\"description\":\"Digital business, Personal connections.\",\"publisher\":{\"@id\":\"https:\\\/\\\/www.northcdatacenters.com\\\/ch-de\\\/#organization\"},\"potentialAction\":[{\"@type\":\"SearchAction\",\"target\":{\"@type\":\"EntryPoint\",\"urlTemplate\":\"https:\\\/\\\/www.northcdatacenters.com\\\/ch-de\\\/?s={search_term_string}\"},\"query-input\":{\"@type\":\"PropertyValueSpecification\",\"valueRequired\":true,\"valueName\":\"search_term_string\"}}],\"inLanguage\":\"de-CH\"},{\"@type\":\"Organization\",\"@id\":\"https:\\\/\\\/www.northcdatacenters.com\\\/ch-de\\\/#organization\",\"name\":\"NorthC Datacenters\",\"url\":\"https:\\\/\\\/www.northcdatacenters.com\\\/ch-de\\\/\",\"logo\":{\"@type\":\"ImageObject\",\"inLanguage\":\"de-CH\",\"@id\":\"https:\\\/\\\/www.northcdatacenters.com\\\/ch-de\\\/#\\\/schema\\\/logo\\\/image\\\/\",\"url\":\"https:\\\/\\\/www.northcdatacenters.com\\\/ch-de\\\/wp-content\\\/uploads\\\/sites\\\/3\\\/2024\\\/11\\\/Logo_NorthC.svg\",\"contentUrl\":\"https:\\\/\\\/www.northcdatacenters.com\\\/ch-de\\\/wp-content\\\/uploads\\\/sites\\\/3\\\/2024\\\/11\\\/Logo_NorthC.svg\",\"width\":110,\"height\":24,\"caption\":\"NorthC Datacenters\"},\"image\":{\"@id\":\"https:\\\/\\\/www.northcdatacenters.com\\\/ch-de\\\/#\\\/schema\\\/logo\\\/image\\\/\"},\"sameAs\":[\"https:\\\/\\\/www.linkedin.com\\\/company\\\/northc-datacenters-schweiz\\\/\"]},{\"@type\":\"Person\",\"@id\":\"https:\\\/\\\/www.northcdatacenters.com\\\/ch-de\\\/#\\\/schema\\\/person\\\/d9dc31297e84c0bf28cb42b588ffd95c\",\"name\":\"Martin\",\"url\":\"https:\\\/\\\/www.northcdatacenters.com\\\/ch-de\\\/author\\\/martinming\\\/\"}]}<\/script>\n<!-- \/ Yoast SEO Premium plugin. -->","yoast_head_json":{"title":"Employee Spotlight - Werner Zaugg","description":"Innerhalb des \u201eEmployee Spotlights\u201c der NorthC Schweiz AG m\u00f6chten wir besondere Mitarbeiterinnen und Mitarbeiter ins Rampenlicht r\u00fccken.","robots":{"index":"index","follow":"follow","max-snippet":"max-snippet:-1","max-image-preview":"max-image-preview:large","max-video-preview":"max-video-preview:-1"},"canonical":"https:\/\/www.northcdatacenters.com\/ch-de\/employee-spotlight\/employee-spotlight-werner-zaugg\/","og_locale":"de_DE","og_type":"article","og_title":"Employee Spotlight - Werner Zaugg","og_description":"Innerhalb des \u201eEmployee Spotlights\u201c der NorthC Schweiz AG m\u00f6chten wir besondere Mitarbeiterinnen und Mitarbeiter ins Rampenlicht r\u00fccken.","og_url":"https:\/\/www.northcdatacenters.com\/ch-de\/employee-spotlight\/employee-spotlight-werner-zaugg\/","og_site_name":"NorthC Datacenters (CH-DE)","article_published_time":"2024-01-17T10:48:29+00:00","article_modified_time":"2026-04-21T13:13:48+00:00","og_image":[{"url":"https:\/\/www.northcdatacenters.com\/ch-de\/wp-content\/uploads\/sites\/3\/2024\/01\/cropped-Werner-Zaugg.png","type":"","width":"","height":""}],"author":"Martin","twitter_card":"summary_large_image","twitter_title":"Employee Spotlight - Werner Zaugg","twitter_misc":{"Geschrieben von":"Martin","Gesch\u00e4tzte Lesezeit":"5\u00a0Minuten"},"schema":{"@context":"https:\/\/schema.org","@graph":[{"@type":"Article","@id":"https:\/\/www.northcdatacenters.com\/ch-de\/employee-spotlight\/employee-spotlight-werner-zaugg\/#article","isPartOf":{"@id":"https:\/\/www.northcdatacenters.com\/ch-de\/employee-spotlight\/employee-spotlight-werner-zaugg\/"},"author":{"name":"Martin","@id":"https:\/\/www.northcdatacenters.com\/ch-de\/#\/schema\/person\/d9dc31297e84c0bf28cb42b588ffd95c"},"headline":"Employee Spotlight &#8211; Werner Zaugg","datePublished":"2024-01-17T10:48:29+00:00","dateModified":"2026-04-21T13:13:48+00:00","mainEntityOfPage":{"@id":"https:\/\/www.northcdatacenters.com\/ch-de\/employee-spotlight\/employee-spotlight-werner-zaugg\/"},"wordCount":907,"publisher":{"@id":"https:\/\/www.northcdatacenters.com\/ch-de\/#organization"},"image":{"@id":"https:\/\/www.northcdatacenters.com\/ch-de\/employee-spotlight\/employee-spotlight-werner-zaugg\/#primaryimage"},"thumbnailUrl":"https:\/\/www.northcdatacenters.com\/ch-de\/wp-content\/uploads\/sites\/3\/2023\/11\/MicrosoftTeams-image-4-scaled.webp","articleSection":["Employee Spotlight"],"inLanguage":"de-CH"},{"@type":"WebPage","@id":"https:\/\/www.northcdatacenters.com\/ch-de\/employee-spotlight\/employee-spotlight-werner-zaugg\/","url":"https:\/\/www.northcdatacenters.com\/ch-de\/employee-spotlight\/employee-spotlight-werner-zaugg\/","name":"Employee Spotlight - Werner Zaugg","isPartOf":{"@id":"https:\/\/www.northcdatacenters.com\/ch-de\/#website"},"primaryImageOfPage":{"@id":"https:\/\/www.northcdatacenters.com\/ch-de\/employee-spotlight\/employee-spotlight-werner-zaugg\/#primaryimage"},"image":{"@id":"https:\/\/www.northcdatacenters.com\/ch-de\/employee-spotlight\/employee-spotlight-werner-zaugg\/#primaryimage"},"thumbnailUrl":"https:\/\/www.northcdatacenters.com\/ch-de\/wp-content\/uploads\/sites\/3\/2023\/11\/MicrosoftTeams-image-4-scaled.webp","datePublished":"2024-01-17T10:48:29+00:00","dateModified":"2026-04-21T13:13:48+00:00","description":"Innerhalb des \u201eEmployee Spotlights\u201c der NorthC Schweiz AG m\u00f6chten wir besondere Mitarbeiterinnen und Mitarbeiter ins Rampenlicht r\u00fccken.","breadcrumb":{"@id":"https:\/\/www.northcdatacenters.com\/ch-de\/employee-spotlight\/employee-spotlight-werner-zaugg\/#breadcrumb"},"inLanguage":"de-CH","potentialAction":[{"@type":"ReadAction","target":["https:\/\/www.northcdatacenters.com\/ch-de\/employee-spotlight\/employee-spotlight-werner-zaugg\/"]}]},{"@type":"ImageObject","inLanguage":"de-CH","@id":"https:\/\/www.northcdatacenters.com\/ch-de\/employee-spotlight\/employee-spotlight-werner-zaugg\/#primaryimage","url":"https:\/\/www.northcdatacenters.com\/ch-de\/wp-content\/uploads\/sites\/3\/2023\/11\/MicrosoftTeams-image-4-scaled.webp","contentUrl":"https:\/\/www.northcdatacenters.com\/ch-de\/wp-content\/uploads\/sites\/3\/2023\/11\/MicrosoftTeams-image-4-scaled.webp","width":2560,"height":1708,"caption":"Bild: Employee Spotlight"},{"@type":"BreadcrumbList","@id":"https:\/\/www.northcdatacenters.com\/ch-de\/employee-spotlight\/employee-spotlight-werner-zaugg\/#breadcrumb","itemListElement":[{"@type":"ListItem","position":1,"name":"Home","item":"https:\/\/www.northcdatacenters.com\/ch-de\/"},{"@type":"ListItem","position":2,"name":"Employee Spotlight &#8211; Werner Zaugg"}]},{"@type":"WebSite","@id":"https:\/\/www.northcdatacenters.com\/ch-de\/#website","url":"https:\/\/www.northcdatacenters.com\/ch-de\/","name":"NorthC Datacenters","description":"Digital business, Personal connections.","publisher":{"@id":"https:\/\/www.northcdatacenters.com\/ch-de\/#organization"},"potentialAction":[{"@type":"SearchAction","target":{"@type":"EntryPoint","urlTemplate":"https:\/\/www.northcdatacenters.com\/ch-de\/?s={search_term_string}"},"query-input":{"@type":"PropertyValueSpecification","valueRequired":true,"valueName":"search_term_string"}}],"inLanguage":"de-CH"},{"@type":"Organization","@id":"https:\/\/www.northcdatacenters.com\/ch-de\/#organization","name":"NorthC Datacenters","url":"https:\/\/www.northcdatacenters.com\/ch-de\/","logo":{"@type":"ImageObject","inLanguage":"de-CH","@id":"https:\/\/www.northcdatacenters.com\/ch-de\/#\/schema\/logo\/image\/","url":"https:\/\/www.northcdatacenters.com\/ch-de\/wp-content\/uploads\/sites\/3\/2024\/11\/Logo_NorthC.svg","contentUrl":"https:\/\/www.northcdatacenters.com\/ch-de\/wp-content\/uploads\/sites\/3\/2024\/11\/Logo_NorthC.svg","width":110,"height":24,"caption":"NorthC Datacenters"},"image":{"@id":"https:\/\/www.northcdatacenters.com\/ch-de\/#\/schema\/logo\/image\/"},"sameAs":["https:\/\/www.linkedin.com\/company\/northc-datacenters-schweiz\/"]},{"@type":"Person","@id":"https:\/\/www.northcdatacenters.com\/ch-de\/#\/schema\/person\/d9dc31297e84c0bf28cb42b588ffd95c","name":"Martin","url":"https:\/\/www.northcdatacenters.com\/ch-de\/author\/martinming\/"}]}},"_links":{"self":[{"href":"https:\/\/www.northcdatacenters.com\/ch-de\/wp-json\/wp\/v2\/posts\/24089","targetHints":{"allow":["GET"]}}],"collection":[{"href":"https:\/\/www.northcdatacenters.com\/ch-de\/wp-json\/wp\/v2\/posts"}],"about":[{"href":"https:\/\/www.northcdatacenters.com\/ch-de\/wp-json\/wp\/v2\/types\/post"}],"author":[{"embeddable":true,"href":"https:\/\/www.northcdatacenters.com\/ch-de\/wp-json\/wp\/v2\/users\/16"}],"replies":[{"embeddable":true,"href":"https:\/\/www.northcdatacenters.com\/ch-de\/wp-json\/wp\/v2\/comments?post=24089"}],"version-history":[{"count":4,"href":"https:\/\/www.northcdatacenters.com\/ch-de\/wp-json\/wp\/v2\/posts\/24089\/revisions"}],"predecessor-version":[{"id":31661,"href":"https:\/\/www.northcdatacenters.com\/ch-de\/wp-json\/wp\/v2\/posts\/24089\/revisions\/31661"}],"wp:featuredmedia":[{"embeddable":true,"href":"https:\/\/www.northcdatacenters.com\/ch-de\/wp-json\/wp\/v2\/media\/23745"}],"wp:attachment":[{"href":"https:\/\/www.northcdatacenters.com\/ch-de\/wp-json\/wp\/v2\/media?parent=24089"}],"wp:term":[{"taxonomy":"category","embeddable":true,"href":"https:\/\/www.northcdatacenters.com\/ch-de\/wp-json\/wp\/v2\/categories?post=24089"},{"taxonomy":"post_tag","embeddable":true,"href":"https:\/\/www.northcdatacenters.com\/ch-de\/wp-json\/wp\/v2\/tags?post=24089"}],"curies":[{"name":"wp","href":"https:\/\/api.w.org\/{rel}","templated":true}]}}