{"id":28655,"date":"2025-03-20T14:01:53","date_gmt":"2025-03-20T14:01:53","guid":{"rendered":"https:\/\/www.northcdatacenters.com\/ch-de\/?p=28655"},"modified":"2026-04-21T12:55:35","modified_gmt":"2026-04-21T12:55:35","slug":"northc-weiht-datacenter-in-winterthur-offiziell-ein","status":"publish","type":"post","link":"https:\/\/www.northcdatacenters.com\/ch-de\/wissen\/northc-weiht-datacenter-in-winterthur-offiziell-ein\/","title":{"rendered":"NorthC weiht Datacenter in Winterthur offiziell ein"},"content":{"rendered":"<div class=\"wpb-content-wrapper\"><p>[vc_row vc_row_spacing=&#187;dont-add-spacer adds-own-spacer add-spacer-top&#187;][vc_column][vc_column_text]<strong>Winterthur, 20. M\u00e4rz 2025.<\/strong> Die NorthC Schweiz AG er\u00f6ffnet heute offiziell ihr Datacenter in Winterthur. Unterhalb des Turm Areals kombiniert es auf einer Fl\u00e4che von rund 1\u2019100 m2 eine zentrale Lage mit Colocation- und Connectivity-Services. Mit dem vierten Datacenter in der Schweiz treibt die NorthC Group ihre internationale Wachstumsstrategie weiter voran. Der Standort Winterthur spielt dabei eine zentrale Rolle als bedeutender Knotenpunkt f\u00fcr die regionale Datenkommunikation und bietet Unternehmen Zugang zu einer breiten Auswahl an Konnektivit\u00e4tsanbietern.<\/p>\n<p>Im Beisein von Vertretern aus Politik, der Handelskammer Winterthur sowie des Turm Areals konnte NorthC heute in Winterthur sein Datacenter sowie die neuen B\u00fcror\u00e4umlichkeiten einweihen. Es bietet KMU, aber auch grossen (internationalen) Unternehmen, massgeschneiderte Colocation-L\u00f6sungen, sichere und direkte Cloud-Anbindungen sowie garantierte Bandbreiten und Geschwindigkeiten f\u00fcr gesch\u00e4ftskritische Anwendungen. Dank der Anbindung an die NorthC Datacenter in M\u00fcnchenstein (Basel) 1&amp;2 und Biel (Bern) \u00fcber einen High-Speed-Backbone wird eine nahtlose, zuverl\u00e4ssige Verbindung zu einer Vielzahl von Cloud- und IT-Dienstleistern gew\u00e4hrleistet. Das Datacenter verf\u00fcgt \u00fcber eine Kapazit\u00e4t von 1,8 MW, mit Ausbaum\u00f6glichkeiten f\u00fcr weiteres Wachstum. Selbstverst\u00e4ndlich nutzt es 100% erneuerbarer Energie und gem\u00e4ss der 2030 Strategie des Unternehmens ist geplant, zu gegebener Zeit auch in Winterthur Projekte zu initiieren, um die entstehende Abw\u00e4rme sinnvoll und \u00f6kologisch zu abzugeben.<\/p>\n<p>Patrik Hofer, Managing Director Schweiz, NorthC, freut sich: \u00abRegionalit\u00e4t ist uns sehr wichtig \u2013 wir bieten regionale Datacenter mit internationaler Reichweite. Nach M\u00fcnchenstein und Biel k\u00f6nnen wir nun auch hier in Winterthur unser Datacenter sowie ein neues B\u00fcro einweihen. Die Nachfrage nach Outsourcing, Connectivity-Services und hybriden Cloud-L\u00f6sungen steigt bei Unternehmen aus verschiedenen Branchen stetig. Mit unserem regionalen Ansatz k\u00f6nnen wir massgeschneiderte L\u00f6sungen f\u00fcr die Region Winterthur anbieten, die den hohen Anspr\u00fcchen an Qualit\u00e4t, Sicherheit und Nachhaltigkeit gerecht werden. Regional arbeiten und global vernetzt sein: Die Daten bleiben lokal, die Reichweite ist global.\u00bb<\/p>\n<p>Diese Entwicklung wird auch von der lokalen Wirtschaft begr\u00fcsst. Dr. Ralph Peterli, Gesch\u00e4ftsf\u00fchrer der Handelskammer und Arbeitgebervereinigung Winterthur, betont die Bedeutung sicherer IT-Infrastrukturen f\u00fcr Unternehmen vor Ort: \u00abWinterthur beheimatet viele Technologie-Leader in unterschiedlichsten Bereichen. Ob Grosskonzern oder KMU: Alle Unternehmen bewirtschaften laufend steigende Datenvolumen und m\u00fcssen deren Sicherheit jederzeit gew\u00e4hrleisten k\u00f6nnen. Es ist gut zu wissen, dass mit NorthC ein regionales Unternehmen stabile und sichere IT-Infrastrukturen auf Stadtgebiet anbietet.\u00bb[\/vc_column_text]\n    <picture class=\"responsive-picture \">\n                                              <source srcset=\"https:\/\/www.northcdatacenters.com\/ch-de\/wp-content\/uploads\/sites\/3\/2025\/03\/001_NortC_Press_kunzmedia.ch_-scaled.webp 2560w, https:\/\/www.northcdatacenters.com\/ch-de\/wp-content\/uploads\/sites\/3\/2025\/03\/001_NortC_Press_kunzmedia.ch_-300x200.webp 300w, https:\/\/www.northcdatacenters.com\/ch-de\/wp-content\/uploads\/sites\/3\/2025\/03\/001_NortC_Press_kunzmedia.ch_-1024x683.webp 1024w, https:\/\/www.northcdatacenters.com\/ch-de\/wp-content\/uploads\/sites\/3\/2025\/03\/001_NortC_Press_kunzmedia.ch_-1500x1000.webp 1500w, https:\/\/www.northcdatacenters.com\/ch-de\/wp-content\/uploads\/sites\/3\/2025\/03\/001_NortC_Press_kunzmedia.ch_-768x512.webp 768w, https:\/\/www.northcdatacenters.com\/ch-de\/wp-content\/uploads\/sites\/3\/2025\/03\/001_NortC_Press_kunzmedia.ch_-1536x1024.webp 1536w, https:\/\/www.northcdatacenters.com\/ch-de\/wp-content\/uploads\/sites\/3\/2025\/03\/001_NortC_Press_kunzmedia.ch_-2048x1365.webp 2048w, https:\/\/www.northcdatacenters.com\/ch-de\/wp-content\/uploads\/sites\/3\/2025\/03\/001_NortC_Press_kunzmedia.ch_-1440x960.webp 1440w, https:\/\/www.northcdatacenters.com\/ch-de\/wp-content\/uploads\/sites\/3\/2025\/03\/001_NortC_Press_kunzmedia.ch_-175x117.webp 175w, https:\/\/www.northcdatacenters.com\/ch-de\/wp-content\/uploads\/sites\/3\/2025\/03\/001_NortC_Press_kunzmedia.ch_-510x340.webp 510w, https:\/\/www.northcdatacenters.com\/ch-de\/wp-content\/uploads\/sites\/3\/2025\/03\/001_NortC_Press_kunzmedia.ch_-750x500.webp 750w\" media=\"(min-width: 576px)\">\n                        \n      <img decoding=\"async\" src=\"https:\/\/www.northcdatacenters.com\/ch-de\/wp-content\/uploads\/sites\/3\/2025\/03\/001_NortC_Press_kunzmedia.ch_-scaled.webp\" alt=\"\" loading=\"auto\" width=\"\" height=\"\">\n    <\/picture>\n[vc_column_text]Das Team von NorthC Schweiz AG weiht sein Datacenter feierlich mit einem historischen Ribbon-Cutting ein.[\/vc_column_text][\/vc_column][\/vc_row][vc_row full_width=&#187;stretch_row_content&#187;][vc_column]<div class=\"title-block px-3 title-block-image-right\">\n  <div class=\"container image-container\" style=\"--image-position-x: 50%;\">\n          <div class=\"video-content video-thumbnail\">\n  <div class=\"video-content-grid\">\n    \n<div class=\"poster d-flex flex-column justify-content-end align-items-center align-items-xl-start apply-video-aspect-ratio\" style=\"--poster-image: url(https:\/\/www.northcdatacenters.com\/ch-de\/wp-content\/uploads\/sites\/3\/2025\/03\/001_NortC_Press_kunzmedia.ch_-2560x1080.webp); --aspect-ratio-x: 16; --aspect-ratio-y: 9;\">\n  <a href=\"#modal-video-69efcc02f3df8\" data-bs-toggle=\"modal\" class=\"stretched-link\" aria-label=\"Video abspielen\"><\/a>\n  <button type=\"button\" data-bs-target=\"#modal-video-69efcc02f3df8\" data-bs-toggle=\"modal\" \n    class=\"play-button bg-primary slanted slanted-from-top-right\" aria-label=\"Video abspielen\">\n    <i class=\"d-flex icon-play text-dark\" aria-hidden=\"true\"><jello-icon name=\"custom\/play\"><\/jello-icon><\/i>\n  <\/button>\n\n  <\/div>\n\n\n      <\/div>\n<\/div>\n      <\/div>\n\n  <div class=\"d-none d-xl-block background-with-slanted-edge slanted\"><\/div>\n\n  <div class=\"container text-container\">\n    <div class=\"text-bg-white text py-9 px-6 d-flex flex-column\">\n              <h2 class=\"font-heavy lh-sm\">Aftermovie unserer feierlichen Er\u00f6ffnung des NorthC Standorts in Winterthur!<\/h2>\n      \n      <div class=\"content lh-xl\">\n        <h3>Vielen Dank f\u00fcr Ihre Teilnahme!<\/h3>\n<p>Mit grosser Freude blicken wir auf einen unvergesslichen Anlass zur\u00fcck.<br \/>\nDie Stimmung, die Begegnungen, die Gespr\u00e4che \u2013 all das haben wir in einem kurzen Film und stimmungsvollen Bildern festgehalten.<br \/>\nJetzt reinschauen und die sch\u00f6nsten Highlights noch einmal erleben!<\/p>\n      <\/div>\n\n          <\/div>\n  <\/div>\n<\/div>[\/vc_column][\/vc_row][vc_row full_width=&#187;stretch_row&#187; north_c_background_color=&#187;bg-gray-200&#8243;][vc_column]<div class=\"cta\">\n  <div class=\"cta-grid\">\n    <div class=\"cta-picture\">\n      <picture class=\"responsive-picture d-block\">\n  <img decoding=\"async\" src=\"https:\/\/www.northcdatacenters.com\/ch-de\/wp-content\/uploads\/sites\/3\/2025\/07\/Murat-Turgut-Kontakt-NorthC-1256x1256.webp\" srcset=\"https:\/\/www.northcdatacenters.com\/ch-de\/wp-content\/uploads\/sites\/3\/2025\/07\/Murat-Turgut-Kontakt-NorthC-1256x1256.webp 1256w, https:\/\/www.northcdatacenters.com\/ch-de\/wp-content\/uploads\/sites\/3\/2025\/07\/Murat-Turgut-Kontakt-NorthC-300x300.webp 300w, https:\/\/www.northcdatacenters.com\/ch-de\/wp-content\/uploads\/sites\/3\/2025\/07\/Murat-Turgut-Kontakt-NorthC-1024x1024.webp 1024w, https:\/\/www.northcdatacenters.com\/ch-de\/wp-content\/uploads\/sites\/3\/2025\/07\/Murat-Turgut-Kontakt-NorthC-768x768.webp 768w, https:\/\/www.northcdatacenters.com\/ch-de\/wp-content\/uploads\/sites\/3\/2025\/07\/Murat-Turgut-Kontakt-NorthC-1536x1536.webp 1536w, https:\/\/www.northcdatacenters.com\/ch-de\/wp-content\/uploads\/sites\/3\/2025\/07\/Murat-Turgut-Kontakt-NorthC-250x250.webp 250w, https:\/\/www.northcdatacenters.com\/ch-de\/wp-content\/uploads\/sites\/3\/2025\/07\/Murat-Turgut-Kontakt-NorthC-740x740.webp 740w, https:\/\/www.northcdatacenters.com\/ch-de\/wp-content\/uploads\/sites\/3\/2025\/07\/Murat-Turgut-Kontakt-NorthC-175x175.webp 175w, https:\/\/www.northcdatacenters.com\/ch-de\/wp-content\/uploads\/sites\/3\/2025\/07\/Murat-Turgut-Kontakt-NorthC-360x360.webp 360w, https:\/\/www.northcdatacenters.com\/ch-de\/wp-content\/uploads\/sites\/3\/2025\/07\/Murat-Turgut-Kontakt-NorthC-500x500.webp 500w, https:\/\/www.northcdatacenters.com\/ch-de\/wp-content\/uploads\/sites\/3\/2025\/07\/Murat-Turgut-Kontakt-NorthC.webp 1920w\"\n  class=\"\" style=\"\"\n  loading=\"lazy\"\n  sizes=\"(min-width: 992px) 1280px, 100vw\" \/><\/picture>\n          <\/div>\n\n    <div class=\"text text-white d-flex flex-column gap-4 justify-content-center align-items-center p-6 pb-12 px-lg-12 px-xxl-28\">\n      <h6 class=\"text-primary lh214 font-extrabold text-center mb-0\"><\/h6>\n      <h3 class=\"mb-2 text-center text-sm-5xl mb-sm-6 text-balance\">M\u00f6chten Sie weitere Neuigkeiten, Tipps und Wissens-Updates von uns erhalten?<\/h3>\n      <div class=\"buttons d-flex flex-column flex-lg-row flex-wrap gap-4 align-items-center justify-content-center dark-background\">\n                  \n  <button class=\"btn btn-primary\" type=\"button\" data-bs-toggle=\"offcanvas\" data-bs-target=\"#offcanvas_39\" aria-controls=\"offcanvas_39\">\n    Newsletter anmelden  <\/button>\n                  \n  \n  <button class=\"btn btn-secondary\" type=\"button\" data-bs-toggle=\"offcanvas\" data-bs-target=\"#offcanvas_28\" aria-controls=\"offcanvas_28\">\n    Kontakt aufnehmen  <\/button>\n\n              <\/div>\n    <\/div>\n  <\/div>\n<\/div>[\/vc_column][\/vc_row]<\/p>\n<\/div>","protected":false},"excerpt":{"rendered":"<p>NorthC weiht Datacenter in Winterthur offiziell ein<\/p>\n","protected":false},"author":24,"featured_media":28658,"comment_status":"closed","ping_status":"closed","sticky":false,"template":"","format":"standard","meta":{"_acf_changed":false,"_relevanssi_hide_post":"","_relevanssi_hide_content":"","_relevanssi_pin_for_all":"","_relevanssi_pin_keywords":"","_relevanssi_unpin_keywords":"","_relevanssi_related_keywords":"","_relevanssi_related_include_ids":"","_relevanssi_related_exclude_ids":"","_relevanssi_related_no_append":"","_relevanssi_related_not_related":"","_relevanssi_related_posts":"","_relevanssi_noindex_reason":"","footnotes":""},"categories":[1],"tags":[],"class_list":["post-28655","post","type-post","status-publish","format-standard","has-post-thumbnail","hentry","category-wissen"],"acf":[],"yoast_head":"<!-- This site is optimized with the Yoast SEO Premium plugin v27.4 (Yoast SEO v27.4) - https:\/\/yoast.com\/product\/yoast-seo-premium-wordpress\/ -->\n<title>NorthC weiht Datacenter ein<\/title>\n<meta name=\"description\" content=\"NorthC Schweiz AG feiert die offizielle Einweihung ihres Datacenters in Winterthur \u2013 f\u00fcr eine sichere, nachhaltige und regionale digitale Infrastruktur.\" \/>\n<meta name=\"robots\" content=\"index, follow, max-snippet:-1, max-image-preview:large, max-video-preview:-1\" \/>\n<link rel=\"canonical\" href=\"https:\/\/www.northcdatacenters.com\/ch-de\/wissen\/northc-weiht-datacenter-in-winterthur-offiziell-ein\/\" \/>\n<meta property=\"og:locale\" content=\"de_DE\" \/>\n<meta property=\"og:type\" content=\"article\" \/>\n<meta property=\"og:title\" content=\"NorthC weiht Datacenter in Winterthur offiziell ein\" \/>\n<meta property=\"og:description\" content=\"Donald Badoux \u2013 Leitung der Aktivit\u00e4ten von NorthC Datacenters in der DACH-Region\" \/>\n<meta property=\"og:url\" content=\"https:\/\/www.northcdatacenters.com\/ch-de\/wissen\/northc-weiht-datacenter-in-winterthur-offiziell-ein\/\" \/>\n<meta property=\"og:site_name\" content=\"NorthC Datacenters (CH-DE)\" \/>\n<meta property=\"article:published_time\" content=\"2025-03-20T14:01:53+00:00\" \/>\n<meta property=\"article:modified_time\" content=\"2026-04-21T12:55:35+00:00\" \/>\n<meta property=\"og:image\" content=\"https:\/\/www.northcdatacenters.com\/ch-de\/wp-content\/uploads\/sites\/3\/2025\/03\/cropped-img-wintherthur-basel-2@2x.jpg\" \/>\n<meta name=\"author\" content=\"bettina\" \/>\n<meta name=\"twitter:card\" content=\"summary_large_image\" \/>\n<meta name=\"twitter:label1\" content=\"Geschrieben von\" \/>\n\t<meta name=\"twitter:data1\" content=\"bettina\" \/>\n\t<meta name=\"twitter:label2\" content=\"Gesch\u00e4tzte Lesezeit\" \/>\n\t<meta name=\"twitter:data2\" content=\"4\u00a0Minuten\" \/>\n<script type=\"application\/ld+json\" class=\"yoast-schema-graph\">{\"@context\":\"https:\\\/\\\/schema.org\",\"@graph\":[{\"@type\":\"Article\",\"@id\":\"https:\\\/\\\/www.northcdatacenters.com\\\/ch-de\\\/wissen\\\/northc-weiht-datacenter-in-winterthur-offiziell-ein\\\/#article\",\"isPartOf\":{\"@id\":\"https:\\\/\\\/www.northcdatacenters.com\\\/ch-de\\\/wissen\\\/northc-weiht-datacenter-in-winterthur-offiziell-ein\\\/\"},\"author\":{\"name\":\"bettina\",\"@id\":\"https:\\\/\\\/www.northcdatacenters.com\\\/ch-de\\\/#\\\/schema\\\/person\\\/2dfeec85b97bd1069af70ef59c2b813d\"},\"headline\":\"NorthC weiht Datacenter in Winterthur offiziell ein\",\"datePublished\":\"2025-03-20T14:01:53+00:00\",\"dateModified\":\"2026-04-21T12:55:35+00:00\",\"mainEntityOfPage\":{\"@id\":\"https:\\\/\\\/www.northcdatacenters.com\\\/ch-de\\\/wissen\\\/northc-weiht-datacenter-in-winterthur-offiziell-ein\\\/\"},\"wordCount\":598,\"publisher\":{\"@id\":\"https:\\\/\\\/www.northcdatacenters.com\\\/ch-de\\\/#organization\"},\"image\":{\"@id\":\"https:\\\/\\\/www.northcdatacenters.com\\\/ch-de\\\/wissen\\\/northc-weiht-datacenter-in-winterthur-offiziell-ein\\\/#primaryimage\"},\"thumbnailUrl\":\"https:\\\/\\\/www.northcdatacenters.com\\\/ch-de\\\/wp-content\\\/uploads\\\/sites\\\/3\\\/2025\\\/03\\\/cropped-img-wintherthur-basel-2@2x.webp\",\"articleSection\":[\"Wissen\"],\"inLanguage\":\"de-CH\"},{\"@type\":\"WebPage\",\"@id\":\"https:\\\/\\\/www.northcdatacenters.com\\\/ch-de\\\/wissen\\\/northc-weiht-datacenter-in-winterthur-offiziell-ein\\\/\",\"url\":\"https:\\\/\\\/www.northcdatacenters.com\\\/ch-de\\\/wissen\\\/northc-weiht-datacenter-in-winterthur-offiziell-ein\\\/\",\"name\":\"NorthC weiht Datacenter ein\",\"isPartOf\":{\"@id\":\"https:\\\/\\\/www.northcdatacenters.com\\\/ch-de\\\/#website\"},\"primaryImageOfPage\":{\"@id\":\"https:\\\/\\\/www.northcdatacenters.com\\\/ch-de\\\/wissen\\\/northc-weiht-datacenter-in-winterthur-offiziell-ein\\\/#primaryimage\"},\"image\":{\"@id\":\"https:\\\/\\\/www.northcdatacenters.com\\\/ch-de\\\/wissen\\\/northc-weiht-datacenter-in-winterthur-offiziell-ein\\\/#primaryimage\"},\"thumbnailUrl\":\"https:\\\/\\\/www.northcdatacenters.com\\\/ch-de\\\/wp-content\\\/uploads\\\/sites\\\/3\\\/2025\\\/03\\\/cropped-img-wintherthur-basel-2@2x.webp\",\"datePublished\":\"2025-03-20T14:01:53+00:00\",\"dateModified\":\"2026-04-21T12:55:35+00:00\",\"description\":\"NorthC Schweiz AG feiert die offizielle Einweihung ihres Datacenters in Winterthur \u2013 f\u00fcr eine sichere, nachhaltige und regionale digitale Infrastruktur.\",\"breadcrumb\":{\"@id\":\"https:\\\/\\\/www.northcdatacenters.com\\\/ch-de\\\/wissen\\\/northc-weiht-datacenter-in-winterthur-offiziell-ein\\\/#breadcrumb\"},\"inLanguage\":\"de-CH\",\"potentialAction\":[{\"@type\":\"ReadAction\",\"target\":[\"https:\\\/\\\/www.northcdatacenters.com\\\/ch-de\\\/wissen\\\/northc-weiht-datacenter-in-winterthur-offiziell-ein\\\/\"]}]},{\"@type\":\"ImageObject\",\"inLanguage\":\"de-CH\",\"@id\":\"https:\\\/\\\/www.northcdatacenters.com\\\/ch-de\\\/wissen\\\/northc-weiht-datacenter-in-winterthur-offiziell-ein\\\/#primaryimage\",\"url\":\"https:\\\/\\\/www.northcdatacenters.com\\\/ch-de\\\/wp-content\\\/uploads\\\/sites\\\/3\\\/2025\\\/03\\\/cropped-img-wintherthur-basel-2@2x.webp\",\"contentUrl\":\"https:\\\/\\\/www.northcdatacenters.com\\\/ch-de\\\/wp-content\\\/uploads\\\/sites\\\/3\\\/2025\\\/03\\\/cropped-img-wintherthur-basel-2@2x.webp\",\"width\":2519,\"height\":1145},{\"@type\":\"BreadcrumbList\",\"@id\":\"https:\\\/\\\/www.northcdatacenters.com\\\/ch-de\\\/wissen\\\/northc-weiht-datacenter-in-winterthur-offiziell-ein\\\/#breadcrumb\",\"itemListElement\":[{\"@type\":\"ListItem\",\"position\":1,\"name\":\"Home\",\"item\":\"https:\\\/\\\/www.northcdatacenters.com\\\/ch-de\\\/\"},{\"@type\":\"ListItem\",\"position\":2,\"name\":\"NorthC weiht Datacenter in Winterthur offiziell ein\"}]},{\"@type\":\"WebSite\",\"@id\":\"https:\\\/\\\/www.northcdatacenters.com\\\/ch-de\\\/#website\",\"url\":\"https:\\\/\\\/www.northcdatacenters.com\\\/ch-de\\\/\",\"name\":\"NorthC Datacenters\",\"description\":\"Digital business, Personal connections.\",\"publisher\":{\"@id\":\"https:\\\/\\\/www.northcdatacenters.com\\\/ch-de\\\/#organization\"},\"potentialAction\":[{\"@type\":\"SearchAction\",\"target\":{\"@type\":\"EntryPoint\",\"urlTemplate\":\"https:\\\/\\\/www.northcdatacenters.com\\\/ch-de\\\/?s={search_term_string}\"},\"query-input\":{\"@type\":\"PropertyValueSpecification\",\"valueRequired\":true,\"valueName\":\"search_term_string\"}}],\"inLanguage\":\"de-CH\"},{\"@type\":\"Organization\",\"@id\":\"https:\\\/\\\/www.northcdatacenters.com\\\/ch-de\\\/#organization\",\"name\":\"NorthC Datacenters\",\"url\":\"https:\\\/\\\/www.northcdatacenters.com\\\/ch-de\\\/\",\"logo\":{\"@type\":\"ImageObject\",\"inLanguage\":\"de-CH\",\"@id\":\"https:\\\/\\\/www.northcdatacenters.com\\\/ch-de\\\/#\\\/schema\\\/logo\\\/image\\\/\",\"url\":\"https:\\\/\\\/www.northcdatacenters.com\\\/ch-de\\\/wp-content\\\/uploads\\\/sites\\\/3\\\/2024\\\/11\\\/Logo_NorthC.svg\",\"contentUrl\":\"https:\\\/\\\/www.northcdatacenters.com\\\/ch-de\\\/wp-content\\\/uploads\\\/sites\\\/3\\\/2024\\\/11\\\/Logo_NorthC.svg\",\"width\":110,\"height\":24,\"caption\":\"NorthC Datacenters\"},\"image\":{\"@id\":\"https:\\\/\\\/www.northcdatacenters.com\\\/ch-de\\\/#\\\/schema\\\/logo\\\/image\\\/\"},\"sameAs\":[\"https:\\\/\\\/www.linkedin.com\\\/company\\\/northc-datacenters-schweiz\\\/\"]},{\"@type\":\"Person\",\"@id\":\"https:\\\/\\\/www.northcdatacenters.com\\\/ch-de\\\/#\\\/schema\\\/person\\\/2dfeec85b97bd1069af70ef59c2b813d\",\"name\":\"bettina\",\"url\":\"https:\\\/\\\/www.northcdatacenters.com\\\/ch-de\\\/author\\\/bettina\\\/\"}]}<\/script>\n<!-- \/ Yoast SEO Premium plugin. -->","yoast_head_json":{"title":"NorthC weiht Datacenter ein","description":"NorthC Schweiz AG feiert die offizielle Einweihung ihres Datacenters in Winterthur \u2013 f\u00fcr eine sichere, nachhaltige und regionale digitale Infrastruktur.","robots":{"index":"index","follow":"follow","max-snippet":"max-snippet:-1","max-image-preview":"max-image-preview:large","max-video-preview":"max-video-preview:-1"},"canonical":"https:\/\/www.northcdatacenters.com\/ch-de\/wissen\/northc-weiht-datacenter-in-winterthur-offiziell-ein\/","og_locale":"de_DE","og_type":"article","og_title":"NorthC weiht Datacenter in Winterthur offiziell ein","og_description":"Donald Badoux \u2013 Leitung der Aktivit\u00e4ten von NorthC Datacenters in der DACH-Region","og_url":"https:\/\/www.northcdatacenters.com\/ch-de\/wissen\/northc-weiht-datacenter-in-winterthur-offiziell-ein\/","og_site_name":"NorthC Datacenters (CH-DE)","article_published_time":"2025-03-20T14:01:53+00:00","article_modified_time":"2026-04-21T12:55:35+00:00","og_image":[{"url":"https:\/\/www.northcdatacenters.com\/ch-de\/wp-content\/uploads\/sites\/3\/2025\/03\/cropped-img-wintherthur-basel-2@2x.jpg","type":"","width":"","height":""}],"author":"bettina","twitter_card":"summary_large_image","twitter_misc":{"Geschrieben von":"bettina","Gesch\u00e4tzte Lesezeit":"4\u00a0Minuten"},"schema":{"@context":"https:\/\/schema.org","@graph":[{"@type":"Article","@id":"https:\/\/www.northcdatacenters.com\/ch-de\/wissen\/northc-weiht-datacenter-in-winterthur-offiziell-ein\/#article","isPartOf":{"@id":"https:\/\/www.northcdatacenters.com\/ch-de\/wissen\/northc-weiht-datacenter-in-winterthur-offiziell-ein\/"},"author":{"name":"bettina","@id":"https:\/\/www.northcdatacenters.com\/ch-de\/#\/schema\/person\/2dfeec85b97bd1069af70ef59c2b813d"},"headline":"NorthC weiht Datacenter in Winterthur offiziell ein","datePublished":"2025-03-20T14:01:53+00:00","dateModified":"2026-04-21T12:55:35+00:00","mainEntityOfPage":{"@id":"https:\/\/www.northcdatacenters.com\/ch-de\/wissen\/northc-weiht-datacenter-in-winterthur-offiziell-ein\/"},"wordCount":598,"publisher":{"@id":"https:\/\/www.northcdatacenters.com\/ch-de\/#organization"},"image":{"@id":"https:\/\/www.northcdatacenters.com\/ch-de\/wissen\/northc-weiht-datacenter-in-winterthur-offiziell-ein\/#primaryimage"},"thumbnailUrl":"https:\/\/www.northcdatacenters.com\/ch-de\/wp-content\/uploads\/sites\/3\/2025\/03\/cropped-img-wintherthur-basel-2@2x.webp","articleSection":["Wissen"],"inLanguage":"de-CH"},{"@type":"WebPage","@id":"https:\/\/www.northcdatacenters.com\/ch-de\/wissen\/northc-weiht-datacenter-in-winterthur-offiziell-ein\/","url":"https:\/\/www.northcdatacenters.com\/ch-de\/wissen\/northc-weiht-datacenter-in-winterthur-offiziell-ein\/","name":"NorthC weiht Datacenter ein","isPartOf":{"@id":"https:\/\/www.northcdatacenters.com\/ch-de\/#website"},"primaryImageOfPage":{"@id":"https:\/\/www.northcdatacenters.com\/ch-de\/wissen\/northc-weiht-datacenter-in-winterthur-offiziell-ein\/#primaryimage"},"image":{"@id":"https:\/\/www.northcdatacenters.com\/ch-de\/wissen\/northc-weiht-datacenter-in-winterthur-offiziell-ein\/#primaryimage"},"thumbnailUrl":"https:\/\/www.northcdatacenters.com\/ch-de\/wp-content\/uploads\/sites\/3\/2025\/03\/cropped-img-wintherthur-basel-2@2x.webp","datePublished":"2025-03-20T14:01:53+00:00","dateModified":"2026-04-21T12:55:35+00:00","description":"NorthC Schweiz AG feiert die offizielle Einweihung ihres Datacenters in Winterthur \u2013 f\u00fcr eine sichere, nachhaltige und regionale digitale Infrastruktur.","breadcrumb":{"@id":"https:\/\/www.northcdatacenters.com\/ch-de\/wissen\/northc-weiht-datacenter-in-winterthur-offiziell-ein\/#breadcrumb"},"inLanguage":"de-CH","potentialAction":[{"@type":"ReadAction","target":["https:\/\/www.northcdatacenters.com\/ch-de\/wissen\/northc-weiht-datacenter-in-winterthur-offiziell-ein\/"]}]},{"@type":"ImageObject","inLanguage":"de-CH","@id":"https:\/\/www.northcdatacenters.com\/ch-de\/wissen\/northc-weiht-datacenter-in-winterthur-offiziell-ein\/#primaryimage","url":"https:\/\/www.northcdatacenters.com\/ch-de\/wp-content\/uploads\/sites\/3\/2025\/03\/cropped-img-wintherthur-basel-2@2x.webp","contentUrl":"https:\/\/www.northcdatacenters.com\/ch-de\/wp-content\/uploads\/sites\/3\/2025\/03\/cropped-img-wintherthur-basel-2@2x.webp","width":2519,"height":1145},{"@type":"BreadcrumbList","@id":"https:\/\/www.northcdatacenters.com\/ch-de\/wissen\/northc-weiht-datacenter-in-winterthur-offiziell-ein\/#breadcrumb","itemListElement":[{"@type":"ListItem","position":1,"name":"Home","item":"https:\/\/www.northcdatacenters.com\/ch-de\/"},{"@type":"ListItem","position":2,"name":"NorthC weiht Datacenter in Winterthur offiziell ein"}]},{"@type":"WebSite","@id":"https:\/\/www.northcdatacenters.com\/ch-de\/#website","url":"https:\/\/www.northcdatacenters.com\/ch-de\/","name":"NorthC Datacenters","description":"Digital business, Personal connections.","publisher":{"@id":"https:\/\/www.northcdatacenters.com\/ch-de\/#organization"},"potentialAction":[{"@type":"SearchAction","target":{"@type":"EntryPoint","urlTemplate":"https:\/\/www.northcdatacenters.com\/ch-de\/?s={search_term_string}"},"query-input":{"@type":"PropertyValueSpecification","valueRequired":true,"valueName":"search_term_string"}}],"inLanguage":"de-CH"},{"@type":"Organization","@id":"https:\/\/www.northcdatacenters.com\/ch-de\/#organization","name":"NorthC Datacenters","url":"https:\/\/www.northcdatacenters.com\/ch-de\/","logo":{"@type":"ImageObject","inLanguage":"de-CH","@id":"https:\/\/www.northcdatacenters.com\/ch-de\/#\/schema\/logo\/image\/","url":"https:\/\/www.northcdatacenters.com\/ch-de\/wp-content\/uploads\/sites\/3\/2024\/11\/Logo_NorthC.svg","contentUrl":"https:\/\/www.northcdatacenters.com\/ch-de\/wp-content\/uploads\/sites\/3\/2024\/11\/Logo_NorthC.svg","width":110,"height":24,"caption":"NorthC Datacenters"},"image":{"@id":"https:\/\/www.northcdatacenters.com\/ch-de\/#\/schema\/logo\/image\/"},"sameAs":["https:\/\/www.linkedin.com\/company\/northc-datacenters-schweiz\/"]},{"@type":"Person","@id":"https:\/\/www.northcdatacenters.com\/ch-de\/#\/schema\/person\/2dfeec85b97bd1069af70ef59c2b813d","name":"bettina","url":"https:\/\/www.northcdatacenters.com\/ch-de\/author\/bettina\/"}]}},"_links":{"self":[{"href":"https:\/\/www.northcdatacenters.com\/ch-de\/wp-json\/wp\/v2\/posts\/28655","targetHints":{"allow":["GET"]}}],"collection":[{"href":"https:\/\/www.northcdatacenters.com\/ch-de\/wp-json\/wp\/v2\/posts"}],"about":[{"href":"https:\/\/www.northcdatacenters.com\/ch-de\/wp-json\/wp\/v2\/types\/post"}],"author":[{"embeddable":true,"href":"https:\/\/www.northcdatacenters.com\/ch-de\/wp-json\/wp\/v2\/users\/24"}],"replies":[{"embeddable":true,"href":"https:\/\/www.northcdatacenters.com\/ch-de\/wp-json\/wp\/v2\/comments?post=28655"}],"version-history":[{"count":5,"href":"https:\/\/www.northcdatacenters.com\/ch-de\/wp-json\/wp\/v2\/posts\/28655\/revisions"}],"predecessor-version":[{"id":31633,"href":"https:\/\/www.northcdatacenters.com\/ch-de\/wp-json\/wp\/v2\/posts\/28655\/revisions\/31633"}],"wp:featuredmedia":[{"embeddable":true,"href":"https:\/\/www.northcdatacenters.com\/ch-de\/wp-json\/wp\/v2\/media\/28658"}],"wp:attachment":[{"href":"https:\/\/www.northcdatacenters.com\/ch-de\/wp-json\/wp\/v2\/media?parent=28655"}],"wp:term":[{"taxonomy":"category","embeddable":true,"href":"https:\/\/www.northcdatacenters.com\/ch-de\/wp-json\/wp\/v2\/categories?post=28655"},{"taxonomy":"post_tag","embeddable":true,"href":"https:\/\/www.northcdatacenters.com\/ch-de\/wp-json\/wp\/v2\/tags?post=28655"}],"curies":[{"name":"wp","href":"https:\/\/api.w.org\/{rel}","templated":true}]}}