{"id":29182,"date":"2025-06-11T07:03:23","date_gmt":"2025-06-11T07:03:23","guid":{"rendered":"https:\/\/www.northcdatacenters.com\/ch-de\/?p=29182"},"modified":"2026-04-21T11:47:14","modified_gmt":"2026-04-21T11:47:14","slug":"wie-ki-und-nachhaltigkeit-laut-northc-hand-in-hand-gehen","status":"publish","type":"post","link":"https:\/\/www.northcdatacenters.com\/ch-de\/datacenter\/wie-ki-und-nachhaltigkeit-laut-northc-hand-in-hand-gehen\/","title":{"rendered":"Wie KI und Nachhaltigkeit laut NorthC Hand in Hand gehen"},"content":{"rendered":"<div class=\"wpb-content-wrapper\"><p>[vc_row][vc_column][vc_column_text css=&#187;&#187;]KI befl\u00fcgelt auch das RZ-Gesch\u00e4ft. Aber wie wirkt sich dieser Boom auf die Nachhaltigkeit aus? RZs verbrauchen ja auch ohne KI eine enorme Menge an Strom. Wie gr\u00fcn hiesige RZs sind, sagt Patrik Hofer, Managing \u00adDirector von \u00adNorthC Schweiz.<\/p>\n<p><em>Quelle: <a href=\"https:\/\/www.it-markt.ch\/news\/2025-05-28\/patrik-hofer-managing-director-northc-schweiz\">IT-Markt<\/a><\/em>[\/vc_column_text][vc_column_text]<\/p>\n<h3>Inwiefern hat die Popularit\u00e4t von KI zu einem Boost bei \u00adRZ-Dienstleistungen gef\u00fchrt?<\/h3>\n<p>Patrik Hofer: Mit dem zunehmenden Einsatz von k\u00fcnstlicher Intelligenz w\u00e4chst das Datenvolumen rasant \u2013 ein Trend, den wir in unseren Rechenzentren deutlich sp\u00fcren. Die Nachfrage nach skalierbaren, leistungsstarken Infrastrukturen steigt, weshalb wir unsere Kapazit\u00e4ten weiter ausbauen. Inzwischen bieten wir Racks mit bis zu 50 Kilowatt, ideal f\u00fcr rechenintensive KI-Workloads. Auch viele KMUs setzen sich zunehmend mit KI-Anwendungen auseinander. Diese Entwicklung unterstreicht den Wandel in der IT-Landschaft \u2013 hin zu datengetriebenen Gesch\u00e4ftsmodellen, die leistungsf\u00e4hige und zuverl\u00e4ssige Rechenzentrumsdienstleistungen erfordern.[\/vc_column_text][vc_column_text]<\/p>\n<h3>F\u00fchrt der KI-Boom zu einer Verschlechterung der Nachhaltigkeit von RZs?<\/h3>\n<p>Der Energieverbrauch in Rechenzentren wird zu einem grossen Teil durch die K\u00fchlung bestimmt, die notwendig ist, um Server vor \u00dcberhitzung zu sch\u00fctzen. K\u00fcnstliche Intelligenz bietet uns k\u00fcnftig die M\u00f6glichkeit, die K\u00fchlleistung dynamisch und bedarfsgenau anzupassen. Durch kontinuierliche Analyse von Temperatur-, Feuchtigkeits- und Energieverbrauchsdaten steuert die KI die L\u00fcftergeschwindigkeit und die K\u00fchlfl\u00fcssigkeitstemperatur in Echtzeit.[\/vc_column_text]\n    <picture class=\"responsive-picture \">\n                                              <source srcset=\"https:\/\/www.northcdatacenters.com\/ch-de\/wp-content\/uploads\/sites\/3\/2025\/06\/Biel-City-Microchip-Design.webp 1536w, https:\/\/www.northcdatacenters.com\/ch-de\/wp-content\/uploads\/sites\/3\/2025\/06\/Biel-City-Microchip-Design-300x200.webp 300w, https:\/\/www.northcdatacenters.com\/ch-de\/wp-content\/uploads\/sites\/3\/2025\/06\/Biel-City-Microchip-Design-1024x683.webp 1024w, https:\/\/www.northcdatacenters.com\/ch-de\/wp-content\/uploads\/sites\/3\/2025\/06\/Biel-City-Microchip-Design-1500x1000.webp 1500w, https:\/\/www.northcdatacenters.com\/ch-de\/wp-content\/uploads\/sites\/3\/2025\/06\/Biel-City-Microchip-Design-768x512.webp 768w, https:\/\/www.northcdatacenters.com\/ch-de\/wp-content\/uploads\/sites\/3\/2025\/06\/Biel-City-Microchip-Design-1440x960.webp 1440w, https:\/\/www.northcdatacenters.com\/ch-de\/wp-content\/uploads\/sites\/3\/2025\/06\/Biel-City-Microchip-Design-175x117.webp 175w, https:\/\/www.northcdatacenters.com\/ch-de\/wp-content\/uploads\/sites\/3\/2025\/06\/Biel-City-Microchip-Design-510x340.webp 510w, https:\/\/www.northcdatacenters.com\/ch-de\/wp-content\/uploads\/sites\/3\/2025\/06\/Biel-City-Microchip-Design-750x500.webp 750w\" media=\"(min-width: 576px)\">\n                        \n      <img decoding=\"async\" src=\"https:\/\/www.northcdatacenters.com\/ch-de\/wp-content\/uploads\/sites\/3\/2025\/06\/Biel-City-Microchip-Design.webp\" alt=\"\" loading=\"auto\" width=\"\" height=\"\">\n    <\/picture>\n[vc_column_text]<\/p>\n<h3>Wie gr\u00fcn sind die RZs in der Schweiz wirklich?<\/h3>\n<p>Ich kann nur f\u00fcr uns sprechen; unser Ziel ist es, bis 2030 vollst\u00e4ndig CO2-neutral zu werden. Dabei bauen wir auf die f\u00fcnf S\u00e4ulen der Nachhaltigkeit: gr\u00fcne Wasserstofftechnologie, 100 Prozent \u00d6kostrom, Restw\u00e4rmenutzung, modulare Bauweise und k\u00fcnstliche Intelligenz.[\/vc_column_text][vc_column_text]<\/p>\n<h3>Wo setzen Sie KI selbst ein und sehen bereits die erwarteten \u00adVorteile?<\/h3>\n<p>Ein konkretes Beispiel f\u00fcr die Effizienzsteigerung zeigt sich in unserem Rechenzentrum in Aalsmeer (NL), wo KI-basierte K\u00fchlung bereits zu einer Energieeinsparung von \u00fcber 4 Prozent gef\u00fchrt hat. Diese Technologie erlaubt es uns, unn\u00f6tigen Energieverbrauch zu vermeiden und die Ressourcen gezielt einzusetzen, was sowohl die Effizienz maximiert als auch die Betriebskosten senkt.[\/vc_column_text][vc_column_text]<\/p>\n<h3>Welche weiteren technologischen Trends treiben den Markt derzeit an?<\/h3>\n<p>Bandwidth on Demand \u2013 wird in modernen Rechenzentren zum Schl\u00fcssel f\u00fcr flexible, leistungsstarke Verbindungen. Ob KI-Workloads, hybride Cloud-Modelle oder Echtzeitanalysen: Unternehmen ben\u00f6tigen dynamisch skalierbare Netzwerkkapazit\u00e4ten mit ultraniedriger Latenz. Unsere Infrastruktur erm\u00f6glicht genau das \u2013 effizient, hochverf\u00fcgbar und \u00adexakt auf den Bedarf zugeschnitten. So wird Bandwidth on Demand zur Basis zukunftsf\u00e4higer IT-Strategien.[\/vc_column_text][\/vc_column][\/vc_row][vc_row full_width=&#187;stretch_row_content&#187;][vc_column]<div class=\"title-block px-3 title-block-image-right\">\n  <div class=\"container image-container\" style=\"--image-position-x: 50%;\">\n          <picture class=\"responsive-picture \">\n  <img decoding=\"async\" src=\"https:\/\/www.northcdatacenters.com\/ch-de\/wp-content\/uploads\/sites\/3\/2022\/11\/Patrik-Management-Portrait-02-1600x1143.webp\" srcset=\"\"\n  class=\"\" style=\"\"\n  loading=\"lazy\"\n  sizes=\"(min-width: 1400px) 1200px, (min-width: 1200px) 48vw, 100vw\" \/><\/picture>      <\/div>\n\n  <div class=\"d-none d-xl-block background-with-slanted-edge slanted\"><\/div>\n\n  <div class=\"container text-container\">\n    <div class=\"text-bg-white text py-9 px-6 d-flex flex-column\">\n              <h2 class=\"font-heavy lh-sm\">Infobox<\/h2>\n      \n      <div class=\"content lh-xl\">\n        Patrik Hofer, Managing Director von NorthC Schweiz, lebt mit seiner Familie in Bassersdorf und ist ein Experte f\u00fcr Organisations- und strategische Gesch\u00e4ftsentwicklung. Er ist seit \u00fcber 35 Jahren in der IT-Branche t\u00e4tig, davon die letzten 25 Jahren in leitenden Funktionen. Vor NorthC war er als CIO und Head of Operations bei green.ch AG t\u00e4tig. In dieser Funktion verantwortete er Planung, Steuerung, Optimierung sowie Automatisierung der IT-Teams des Internet- und Datencenter-Providers. Davor war der diplomierte Betriebs\u00f6konom in verschiedenen F\u00fchrungspositionen und Bereichen t\u00e4tig; bei Unternehmen wie VSHN AG, Nine Internet Solutions AG und der Nexphone AG, wo er sein umfangreiches, betriebswirtschaftliches Wissen im Bereich Managed Cloud Services einsetzte.      <\/div>\n\n          <\/div>\n  <\/div>\n<\/div>[\/vc_column][\/vc_row][vc_row full_width=&#187;stretch_row&#187; north_c_background_color=&#187;bg-gray-200&#8243;][vc_column]<div class=\"cta\">\n  <div class=\"cta-grid\">\n    <div class=\"cta-picture\">\n      <picture class=\"responsive-picture d-block\">\n  <img decoding=\"async\" src=\"https:\/\/www.northcdatacenters.com\/ch-de\/wp-content\/uploads\/sites\/3\/2025\/03\/Patrik-Hofer-1-e1741608642572.webp\" srcset=\"https:\/\/www.northcdatacenters.com\/ch-de\/wp-content\/uploads\/sites\/3\/2025\/03\/Patrik-Hofer-1-e1741608642572.webp 400w, https:\/\/www.northcdatacenters.com\/ch-de\/wp-content\/uploads\/sites\/3\/2025\/03\/Patrik-Hofer-1-e1741608642572-300x300.webp 300w, https:\/\/www.northcdatacenters.com\/ch-de\/wp-content\/uploads\/sites\/3\/2025\/03\/Patrik-Hofer-1-e1741608642572-250x250.webp 250w, https:\/\/www.northcdatacenters.com\/ch-de\/wp-content\/uploads\/sites\/3\/2025\/03\/Patrik-Hofer-1-e1741608642572-175x175.webp 175w, https:\/\/www.northcdatacenters.com\/ch-de\/wp-content\/uploads\/sites\/3\/2025\/03\/Patrik-Hofer-1-e1741608642572-360x360.webp 360w\"\n  class=\"\" style=\"\"\n  loading=\"lazy\"\n  sizes=\"(min-width: 992px) 1280px, 100vw\" \/><\/picture>\n          <\/div>\n\n    <div class=\"text text-white d-flex flex-column gap-4 justify-content-center align-items-center p-6 pb-12 px-lg-12 px-xxl-28\">\n      <h6 class=\"text-primary lh214 font-extrabold text-center mb-0\"><\/h6>\n      <h3 class=\"mb-2 text-center text-sm-5xl mb-sm-6 text-balance\">M\u00f6chten Sie weitere Neuigkeiten, Tipps und Wissens-Updates von uns erhalten?<\/h3>\n      <div class=\"buttons d-flex flex-column flex-lg-row flex-wrap gap-4 align-items-center justify-content-center dark-background\">\n                  \n  <button class=\"btn btn-primary\" type=\"button\" data-bs-toggle=\"offcanvas\" data-bs-target=\"#offcanvas_39\" aria-controls=\"offcanvas_39\">\n    Newsletter anmelden  <\/button>\n                  \n  \n  <button class=\"btn btn-secondary\" type=\"button\" data-bs-toggle=\"offcanvas\" data-bs-target=\"#offcanvas_28\" aria-controls=\"offcanvas_28\">\n    Kontakt aufnehmen  <\/button>\n\n              <\/div>\n    <\/div>\n  <\/div>\n<\/div>[\/vc_column][\/vc_row][vc_row][vc_column][\/vc_column][\/vc_row]<\/p>\n<\/div>","protected":false},"excerpt":{"rendered":"<p>[vc_row][vc_column][vc_column_text css=&#187;&#187;]KI befl\u00fcgelt auch das RZ-Gesch\u00e4ft. Aber wie wirkt sich dieser Boom auf die Nachhaltigkeit aus? RZs verbrauchen ja auch ohne KI eine enorme Menge an Strom. Wie gr\u00fcn hiesige RZs sind, sagt Patrik Hofer, Managing \u00adDirector von \u00adNorthC Schweiz. Quelle: IT-Markt[\/vc_column_text][vc_column_text] Inwiefern hat die Popularit\u00e4t von KI zu einem Boost bei \u00adRZ-Dienstleistungen gef\u00fchrt? Patrik &#8230;<\/p>\n","protected":false},"author":24,"featured_media":29189,"comment_status":"closed","ping_status":"closed","sticky":false,"template":"","format":"standard","meta":{"_acf_changed":false,"_relevanssi_hide_post":"","_relevanssi_hide_content":"","_relevanssi_pin_for_all":"","_relevanssi_pin_keywords":"","_relevanssi_unpin_keywords":"","_relevanssi_related_keywords":"","_relevanssi_related_include_ids":"","_relevanssi_related_exclude_ids":"","_relevanssi_related_no_append":"","_relevanssi_related_not_related":"","_relevanssi_related_posts":"","_relevanssi_noindex_reason":"","footnotes":""},"categories":[58,60,62],"tags":[],"class_list":["post-29182","post","type-post","status-publish","format-standard","has-post-thumbnail","hentry","category-datacenter","category-digitale-souveraenitaet","category-hightech"],"acf":[],"yoast_head":"<!-- This site is optimized with the Yoast SEO Premium plugin v27.4 (Yoast SEO v27.4) - https:\/\/yoast.com\/product\/yoast-seo-premium-wordpress\/ -->\n<title>KI und Nachhaltigkeit | Smarte, nachhaltige IT mit NorthC<\/title>\n<meta name=\"description\" content=\"Entdecken Sie, wie NorthC k\u00fcnstliche Intelligenz nutzt, um nachhaltige Rechenzentren zu betreiben.\" \/>\n<meta name=\"robots\" content=\"index, follow, max-snippet:-1, max-image-preview:large, max-video-preview:-1\" \/>\n<link rel=\"canonical\" href=\"https:\/\/www.northcdatacenters.com\/ch-de\/datacenter\/wie-ki-und-nachhaltigkeit-laut-northc-hand-in-hand-gehen\/\" \/>\n<meta property=\"og:locale\" content=\"de_DE\" \/>\n<meta property=\"og:type\" content=\"article\" \/>\n<meta property=\"og:title\" content=\"Wie KI und Nachhaltigkeit laut NorthC Hand in Hand gehen\" \/>\n<meta property=\"og:description\" content=\"Entdecken Sie, wie NorthC k\u00fcnstliche Intelligenz nutzt, um nachhaltige Rechenzentren zu betreiben.\" \/>\n<meta property=\"og:url\" content=\"https:\/\/www.northcdatacenters.com\/ch-de\/datacenter\/wie-ki-und-nachhaltigkeit-laut-northc-hand-in-hand-gehen\/\" \/>\n<meta property=\"og:site_name\" content=\"NorthC Datacenters (CH-DE)\" \/>\n<meta property=\"article:published_time\" content=\"2025-06-11T07:03:23+00:00\" \/>\n<meta property=\"article:modified_time\" content=\"2026-04-21T11:47:14+00:00\" \/>\n<meta property=\"og:image\" content=\"https:\/\/www.northcdatacenters.com\/ch-de\/wp-content\/uploads\/sites\/3\/2025\/01\/cropped-Racks-scaled-1.jpg\" \/>\n<meta name=\"author\" content=\"bettina\" \/>\n<meta name=\"twitter:card\" content=\"summary_large_image\" \/>\n<meta name=\"twitter:label1\" content=\"Geschrieben von\" \/>\n\t<meta name=\"twitter:data1\" content=\"bettina\" \/>\n\t<meta name=\"twitter:label2\" content=\"Gesch\u00e4tzte Lesezeit\" \/>\n\t<meta name=\"twitter:data2\" content=\"4\u00a0Minuten\" \/>\n<script type=\"application\/ld+json\" class=\"yoast-schema-graph\">{\"@context\":\"https:\\\/\\\/schema.org\",\"@graph\":[{\"@type\":\"Article\",\"@id\":\"https:\\\/\\\/www.northcdatacenters.com\\\/ch-de\\\/datacenter\\\/wie-ki-und-nachhaltigkeit-laut-northc-hand-in-hand-gehen\\\/#article\",\"isPartOf\":{\"@id\":\"https:\\\/\\\/www.northcdatacenters.com\\\/ch-de\\\/datacenter\\\/wie-ki-und-nachhaltigkeit-laut-northc-hand-in-hand-gehen\\\/\"},\"author\":{\"name\":\"bettina\",\"@id\":\"https:\\\/\\\/www.northcdatacenters.com\\\/ch-de\\\/#\\\/schema\\\/person\\\/2dfeec85b97bd1069af70ef59c2b813d\"},\"headline\":\"Wie KI und Nachhaltigkeit laut NorthC Hand in Hand gehen\",\"datePublished\":\"2025-06-11T07:03:23+00:00\",\"dateModified\":\"2026-04-21T11:47:14+00:00\",\"mainEntityOfPage\":{\"@id\":\"https:\\\/\\\/www.northcdatacenters.com\\\/ch-de\\\/datacenter\\\/wie-ki-und-nachhaltigkeit-laut-northc-hand-in-hand-gehen\\\/\"},\"wordCount\":675,\"publisher\":{\"@id\":\"https:\\\/\\\/www.northcdatacenters.com\\\/ch-de\\\/#organization\"},\"image\":{\"@id\":\"https:\\\/\\\/www.northcdatacenters.com\\\/ch-de\\\/datacenter\\\/wie-ki-und-nachhaltigkeit-laut-northc-hand-in-hand-gehen\\\/#primaryimage\"},\"thumbnailUrl\":\"https:\\\/\\\/www.northcdatacenters.com\\\/ch-de\\\/wp-content\\\/uploads\\\/sites\\\/3\\\/2025\\\/06\\\/ai-hightech-industry.webp\",\"articleSection\":[\"Datacenter\",\"Digitale Souver\u00e4nit\u00e4t\",\"Hightech\"],\"inLanguage\":\"de-CH\"},{\"@type\":\"WebPage\",\"@id\":\"https:\\\/\\\/www.northcdatacenters.com\\\/ch-de\\\/datacenter\\\/wie-ki-und-nachhaltigkeit-laut-northc-hand-in-hand-gehen\\\/\",\"url\":\"https:\\\/\\\/www.northcdatacenters.com\\\/ch-de\\\/datacenter\\\/wie-ki-und-nachhaltigkeit-laut-northc-hand-in-hand-gehen\\\/\",\"name\":\"KI und Nachhaltigkeit | Smarte, nachhaltige IT mit NorthC\",\"isPartOf\":{\"@id\":\"https:\\\/\\\/www.northcdatacenters.com\\\/ch-de\\\/#website\"},\"primaryImageOfPage\":{\"@id\":\"https:\\\/\\\/www.northcdatacenters.com\\\/ch-de\\\/datacenter\\\/wie-ki-und-nachhaltigkeit-laut-northc-hand-in-hand-gehen\\\/#primaryimage\"},\"image\":{\"@id\":\"https:\\\/\\\/www.northcdatacenters.com\\\/ch-de\\\/datacenter\\\/wie-ki-und-nachhaltigkeit-laut-northc-hand-in-hand-gehen\\\/#primaryimage\"},\"thumbnailUrl\":\"https:\\\/\\\/www.northcdatacenters.com\\\/ch-de\\\/wp-content\\\/uploads\\\/sites\\\/3\\\/2025\\\/06\\\/ai-hightech-industry.webp\",\"datePublished\":\"2025-06-11T07:03:23+00:00\",\"dateModified\":\"2026-04-21T11:47:14+00:00\",\"description\":\"Entdecken Sie, wie NorthC k\u00fcnstliche Intelligenz nutzt, um nachhaltige Rechenzentren zu betreiben.\",\"breadcrumb\":{\"@id\":\"https:\\\/\\\/www.northcdatacenters.com\\\/ch-de\\\/datacenter\\\/wie-ki-und-nachhaltigkeit-laut-northc-hand-in-hand-gehen\\\/#breadcrumb\"},\"inLanguage\":\"de-CH\",\"potentialAction\":[{\"@type\":\"ReadAction\",\"target\":[\"https:\\\/\\\/www.northcdatacenters.com\\\/ch-de\\\/datacenter\\\/wie-ki-und-nachhaltigkeit-laut-northc-hand-in-hand-gehen\\\/\"]}]},{\"@type\":\"ImageObject\",\"inLanguage\":\"de-CH\",\"@id\":\"https:\\\/\\\/www.northcdatacenters.com\\\/ch-de\\\/datacenter\\\/wie-ki-und-nachhaltigkeit-laut-northc-hand-in-hand-gehen\\\/#primaryimage\",\"url\":\"https:\\\/\\\/www.northcdatacenters.com\\\/ch-de\\\/wp-content\\\/uploads\\\/sites\\\/3\\\/2025\\\/06\\\/ai-hightech-industry.webp\",\"contentUrl\":\"https:\\\/\\\/www.northcdatacenters.com\\\/ch-de\\\/wp-content\\\/uploads\\\/sites\\\/3\\\/2025\\\/06\\\/ai-hightech-industry.webp\",\"width\":1920,\"height\":800},{\"@type\":\"BreadcrumbList\",\"@id\":\"https:\\\/\\\/www.northcdatacenters.com\\\/ch-de\\\/datacenter\\\/wie-ki-und-nachhaltigkeit-laut-northc-hand-in-hand-gehen\\\/#breadcrumb\",\"itemListElement\":[{\"@type\":\"ListItem\",\"position\":1,\"name\":\"Home\",\"item\":\"https:\\\/\\\/www.northcdatacenters.com\\\/ch-de\\\/\"},{\"@type\":\"ListItem\",\"position\":2,\"name\":\"Wie KI und Nachhaltigkeit laut NorthC Hand in Hand gehen\"}]},{\"@type\":\"WebSite\",\"@id\":\"https:\\\/\\\/www.northcdatacenters.com\\\/ch-de\\\/#website\",\"url\":\"https:\\\/\\\/www.northcdatacenters.com\\\/ch-de\\\/\",\"name\":\"NorthC Datacenters\",\"description\":\"Digital business, Personal connections.\",\"publisher\":{\"@id\":\"https:\\\/\\\/www.northcdatacenters.com\\\/ch-de\\\/#organization\"},\"potentialAction\":[{\"@type\":\"SearchAction\",\"target\":{\"@type\":\"EntryPoint\",\"urlTemplate\":\"https:\\\/\\\/www.northcdatacenters.com\\\/ch-de\\\/?s={search_term_string}\"},\"query-input\":{\"@type\":\"PropertyValueSpecification\",\"valueRequired\":true,\"valueName\":\"search_term_string\"}}],\"inLanguage\":\"de-CH\"},{\"@type\":\"Organization\",\"@id\":\"https:\\\/\\\/www.northcdatacenters.com\\\/ch-de\\\/#organization\",\"name\":\"NorthC Datacenters\",\"url\":\"https:\\\/\\\/www.northcdatacenters.com\\\/ch-de\\\/\",\"logo\":{\"@type\":\"ImageObject\",\"inLanguage\":\"de-CH\",\"@id\":\"https:\\\/\\\/www.northcdatacenters.com\\\/ch-de\\\/#\\\/schema\\\/logo\\\/image\\\/\",\"url\":\"https:\\\/\\\/www.northcdatacenters.com\\\/ch-de\\\/wp-content\\\/uploads\\\/sites\\\/3\\\/2024\\\/11\\\/Logo_NorthC.svg\",\"contentUrl\":\"https:\\\/\\\/www.northcdatacenters.com\\\/ch-de\\\/wp-content\\\/uploads\\\/sites\\\/3\\\/2024\\\/11\\\/Logo_NorthC.svg\",\"width\":110,\"height\":24,\"caption\":\"NorthC Datacenters\"},\"image\":{\"@id\":\"https:\\\/\\\/www.northcdatacenters.com\\\/ch-de\\\/#\\\/schema\\\/logo\\\/image\\\/\"},\"sameAs\":[\"https:\\\/\\\/www.linkedin.com\\\/company\\\/northc-datacenters-schweiz\\\/\"]},{\"@type\":\"Person\",\"@id\":\"https:\\\/\\\/www.northcdatacenters.com\\\/ch-de\\\/#\\\/schema\\\/person\\\/2dfeec85b97bd1069af70ef59c2b813d\",\"name\":\"bettina\",\"url\":\"https:\\\/\\\/www.northcdatacenters.com\\\/ch-de\\\/author\\\/bettina\\\/\"}]}<\/script>\n<!-- \/ Yoast SEO Premium plugin. -->","yoast_head_json":{"title":"KI und Nachhaltigkeit | Smarte, nachhaltige IT mit NorthC","description":"Entdecken Sie, wie NorthC k\u00fcnstliche Intelligenz nutzt, um nachhaltige Rechenzentren zu betreiben.","robots":{"index":"index","follow":"follow","max-snippet":"max-snippet:-1","max-image-preview":"max-image-preview:large","max-video-preview":"max-video-preview:-1"},"canonical":"https:\/\/www.northcdatacenters.com\/ch-de\/datacenter\/wie-ki-und-nachhaltigkeit-laut-northc-hand-in-hand-gehen\/","og_locale":"de_DE","og_type":"article","og_title":"Wie KI und Nachhaltigkeit laut NorthC Hand in Hand gehen","og_description":"Entdecken Sie, wie NorthC k\u00fcnstliche Intelligenz nutzt, um nachhaltige Rechenzentren zu betreiben.","og_url":"https:\/\/www.northcdatacenters.com\/ch-de\/datacenter\/wie-ki-und-nachhaltigkeit-laut-northc-hand-in-hand-gehen\/","og_site_name":"NorthC Datacenters (CH-DE)","article_published_time":"2025-06-11T07:03:23+00:00","article_modified_time":"2026-04-21T11:47:14+00:00","og_image":[{"url":"https:\/\/www.northcdatacenters.com\/ch-de\/wp-content\/uploads\/sites\/3\/2025\/01\/cropped-Racks-scaled-1.jpg","type":"","width":"","height":""}],"author":"bettina","twitter_card":"summary_large_image","twitter_misc":{"Geschrieben von":"bettina","Gesch\u00e4tzte Lesezeit":"4\u00a0Minuten"},"schema":{"@context":"https:\/\/schema.org","@graph":[{"@type":"Article","@id":"https:\/\/www.northcdatacenters.com\/ch-de\/datacenter\/wie-ki-und-nachhaltigkeit-laut-northc-hand-in-hand-gehen\/#article","isPartOf":{"@id":"https:\/\/www.northcdatacenters.com\/ch-de\/datacenter\/wie-ki-und-nachhaltigkeit-laut-northc-hand-in-hand-gehen\/"},"author":{"name":"bettina","@id":"https:\/\/www.northcdatacenters.com\/ch-de\/#\/schema\/person\/2dfeec85b97bd1069af70ef59c2b813d"},"headline":"Wie KI und Nachhaltigkeit laut NorthC Hand in Hand gehen","datePublished":"2025-06-11T07:03:23+00:00","dateModified":"2026-04-21T11:47:14+00:00","mainEntityOfPage":{"@id":"https:\/\/www.northcdatacenters.com\/ch-de\/datacenter\/wie-ki-und-nachhaltigkeit-laut-northc-hand-in-hand-gehen\/"},"wordCount":675,"publisher":{"@id":"https:\/\/www.northcdatacenters.com\/ch-de\/#organization"},"image":{"@id":"https:\/\/www.northcdatacenters.com\/ch-de\/datacenter\/wie-ki-und-nachhaltigkeit-laut-northc-hand-in-hand-gehen\/#primaryimage"},"thumbnailUrl":"https:\/\/www.northcdatacenters.com\/ch-de\/wp-content\/uploads\/sites\/3\/2025\/06\/ai-hightech-industry.webp","articleSection":["Datacenter","Digitale Souver\u00e4nit\u00e4t","Hightech"],"inLanguage":"de-CH"},{"@type":"WebPage","@id":"https:\/\/www.northcdatacenters.com\/ch-de\/datacenter\/wie-ki-und-nachhaltigkeit-laut-northc-hand-in-hand-gehen\/","url":"https:\/\/www.northcdatacenters.com\/ch-de\/datacenter\/wie-ki-und-nachhaltigkeit-laut-northc-hand-in-hand-gehen\/","name":"KI und Nachhaltigkeit | Smarte, nachhaltige IT mit NorthC","isPartOf":{"@id":"https:\/\/www.northcdatacenters.com\/ch-de\/#website"},"primaryImageOfPage":{"@id":"https:\/\/www.northcdatacenters.com\/ch-de\/datacenter\/wie-ki-und-nachhaltigkeit-laut-northc-hand-in-hand-gehen\/#primaryimage"},"image":{"@id":"https:\/\/www.northcdatacenters.com\/ch-de\/datacenter\/wie-ki-und-nachhaltigkeit-laut-northc-hand-in-hand-gehen\/#primaryimage"},"thumbnailUrl":"https:\/\/www.northcdatacenters.com\/ch-de\/wp-content\/uploads\/sites\/3\/2025\/06\/ai-hightech-industry.webp","datePublished":"2025-06-11T07:03:23+00:00","dateModified":"2026-04-21T11:47:14+00:00","description":"Entdecken Sie, wie NorthC k\u00fcnstliche Intelligenz nutzt, um nachhaltige Rechenzentren zu betreiben.","breadcrumb":{"@id":"https:\/\/www.northcdatacenters.com\/ch-de\/datacenter\/wie-ki-und-nachhaltigkeit-laut-northc-hand-in-hand-gehen\/#breadcrumb"},"inLanguage":"de-CH","potentialAction":[{"@type":"ReadAction","target":["https:\/\/www.northcdatacenters.com\/ch-de\/datacenter\/wie-ki-und-nachhaltigkeit-laut-northc-hand-in-hand-gehen\/"]}]},{"@type":"ImageObject","inLanguage":"de-CH","@id":"https:\/\/www.northcdatacenters.com\/ch-de\/datacenter\/wie-ki-und-nachhaltigkeit-laut-northc-hand-in-hand-gehen\/#primaryimage","url":"https:\/\/www.northcdatacenters.com\/ch-de\/wp-content\/uploads\/sites\/3\/2025\/06\/ai-hightech-industry.webp","contentUrl":"https:\/\/www.northcdatacenters.com\/ch-de\/wp-content\/uploads\/sites\/3\/2025\/06\/ai-hightech-industry.webp","width":1920,"height":800},{"@type":"BreadcrumbList","@id":"https:\/\/www.northcdatacenters.com\/ch-de\/datacenter\/wie-ki-und-nachhaltigkeit-laut-northc-hand-in-hand-gehen\/#breadcrumb","itemListElement":[{"@type":"ListItem","position":1,"name":"Home","item":"https:\/\/www.northcdatacenters.com\/ch-de\/"},{"@type":"ListItem","position":2,"name":"Wie KI und Nachhaltigkeit laut NorthC Hand in Hand gehen"}]},{"@type":"WebSite","@id":"https:\/\/www.northcdatacenters.com\/ch-de\/#website","url":"https:\/\/www.northcdatacenters.com\/ch-de\/","name":"NorthC Datacenters","description":"Digital business, Personal connections.","publisher":{"@id":"https:\/\/www.northcdatacenters.com\/ch-de\/#organization"},"potentialAction":[{"@type":"SearchAction","target":{"@type":"EntryPoint","urlTemplate":"https:\/\/www.northcdatacenters.com\/ch-de\/?s={search_term_string}"},"query-input":{"@type":"PropertyValueSpecification","valueRequired":true,"valueName":"search_term_string"}}],"inLanguage":"de-CH"},{"@type":"Organization","@id":"https:\/\/www.northcdatacenters.com\/ch-de\/#organization","name":"NorthC Datacenters","url":"https:\/\/www.northcdatacenters.com\/ch-de\/","logo":{"@type":"ImageObject","inLanguage":"de-CH","@id":"https:\/\/www.northcdatacenters.com\/ch-de\/#\/schema\/logo\/image\/","url":"https:\/\/www.northcdatacenters.com\/ch-de\/wp-content\/uploads\/sites\/3\/2024\/11\/Logo_NorthC.svg","contentUrl":"https:\/\/www.northcdatacenters.com\/ch-de\/wp-content\/uploads\/sites\/3\/2024\/11\/Logo_NorthC.svg","width":110,"height":24,"caption":"NorthC Datacenters"},"image":{"@id":"https:\/\/www.northcdatacenters.com\/ch-de\/#\/schema\/logo\/image\/"},"sameAs":["https:\/\/www.linkedin.com\/company\/northc-datacenters-schweiz\/"]},{"@type":"Person","@id":"https:\/\/www.northcdatacenters.com\/ch-de\/#\/schema\/person\/2dfeec85b97bd1069af70ef59c2b813d","name":"bettina","url":"https:\/\/www.northcdatacenters.com\/ch-de\/author\/bettina\/"}]}},"_links":{"self":[{"href":"https:\/\/www.northcdatacenters.com\/ch-de\/wp-json\/wp\/v2\/posts\/29182","targetHints":{"allow":["GET"]}}],"collection":[{"href":"https:\/\/www.northcdatacenters.com\/ch-de\/wp-json\/wp\/v2\/posts"}],"about":[{"href":"https:\/\/www.northcdatacenters.com\/ch-de\/wp-json\/wp\/v2\/types\/post"}],"author":[{"embeddable":true,"href":"https:\/\/www.northcdatacenters.com\/ch-de\/wp-json\/wp\/v2\/users\/24"}],"replies":[{"embeddable":true,"href":"https:\/\/www.northcdatacenters.com\/ch-de\/wp-json\/wp\/v2\/comments?post=29182"}],"version-history":[{"count":5,"href":"https:\/\/www.northcdatacenters.com\/ch-de\/wp-json\/wp\/v2\/posts\/29182\/revisions"}],"predecessor-version":[{"id":31629,"href":"https:\/\/www.northcdatacenters.com\/ch-de\/wp-json\/wp\/v2\/posts\/29182\/revisions\/31629"}],"wp:featuredmedia":[{"embeddable":true,"href":"https:\/\/www.northcdatacenters.com\/ch-de\/wp-json\/wp\/v2\/media\/29189"}],"wp:attachment":[{"href":"https:\/\/www.northcdatacenters.com\/ch-de\/wp-json\/wp\/v2\/media?parent=29182"}],"wp:term":[{"taxonomy":"category","embeddable":true,"href":"https:\/\/www.northcdatacenters.com\/ch-de\/wp-json\/wp\/v2\/categories?post=29182"},{"taxonomy":"post_tag","embeddable":true,"href":"https:\/\/www.northcdatacenters.com\/ch-de\/wp-json\/wp\/v2\/tags?post=29182"}],"curies":[{"name":"wp","href":"https:\/\/api.w.org\/{rel}","templated":true}]}}