{"id":30575,"date":"2025-11-19T08:03:16","date_gmt":"2025-11-19T08:03:16","guid":{"rendered":"https:\/\/www.northcdatacenters.com\/ch-de\/?p=30575"},"modified":"2026-02-26T15:40:17","modified_gmt":"2026-02-26T15:40:17","slug":"northc-und-legrand-realisieren-im-rechenzentrum-muenchenstein-basel-1-eine-neue-klasse-von-ki-faehiger-rechenzentrumsinfrastruktur","status":"publish","type":"post","link":"https:\/\/www.northcdatacenters.com\/ch-de\/media-corner\/northc-und-legrand-realisieren-im-rechenzentrum-muenchenstein-basel-1-eine-neue-klasse-von-ki-faehiger-rechenzentrumsinfrastruktur\/","title":{"rendered":"NorthC und Legrand schaffen KI-f\u00e4hige Infrastruktur im Rechenzentrum M\u00fcnchenstein"},"content":{"rendered":"<div class=\"wpb-content-wrapper\"><p>[vc_row vc_row_spacing=&#187;dont-add-spacer adds-own-spacer add-spacer-top&#187;][vc_column][vc_column_text]<strong>Limoges, Frankreich, und M\u00fcnchenstein (Basel), 19. November 2025<\/strong><\/p>\n<p>&nbsp;<\/p>\n<p><a href=\"https:\/\/www.legrand.com\/datacenter\/gb-en?utm=NorthC-Custcas_refer25\">Legrand<\/a>, ein weltweit agierender Spezialist f\u00fcr elektrische und digitale Geb\u00e4udestrukturen, hat sich mit <a href=\"https:\/\/www.northcdatacenters.com\/ch-de\/?utm_source=pressrelease&amp;utm_medium=email&amp;utm_campaign=ch-northclegrandsuccessstory2025&amp;utm_content=marketing\">NorthC<\/a>, einem f\u00fchrenden europ\u00e4ischen Anbieter von Rechenzentrums- und Colocation-Dienstleistungen, zusammengetan, um das Rechenzentrum in M\u00fcnchenstein (Basel) 1 in eine high-density, KI-f\u00e4hige Einrichtung umzuwandeln. Diese Aufr\u00fcstung erm\u00f6glicht die schnelle Bereitstellung fortschrittlicher GPU-Cluster, Hybrid-Cloud-Workloads und skalierbarer Hochleistungsrechnerumgebungen (HPC).<\/p>\n<p>Legrand lieferte \u00fcber seine Spezialmarke <a href=\"https:\/\/www.legrand.com\/datacenter\/gb-en\/white-space\/cooling\/rear-door-cooling?utm=NorthC-Custcas_refer25\">USystems ColdLogik Rear-Door Heat Exchangers (RDHx)<\/a> f\u00fcr die K\u00fchlung auf Rack-Ebene. Dieses innovative K\u00fchlsystem wird direkt an der R\u00fcckseite von Server-Racks montiert, absorbiert die von den Servern abgegebene W\u00e4rme und leitet sie \u00fcber einen hocheffizienten W\u00e4rmetauscher ab, bevor die gek\u00fchlte Luft wieder in den Raum zur\u00fcckgef\u00fchrt wird. Dieses geschlossene Systemdesign f\u00fchrt zu erheblichen Effizienzsteigerungen und unterst\u00fctzt gleichzeitig high-density-Racks, wodurch es die energieeffizienteste Rear-Door-K\u00fchlungsl\u00f6sung ist, die weltweit erh\u00e4ltlich ist.<\/p>\n<p><strong>\u00a0<\/strong><\/p>\n<p>Die RDHx-Einheiten wurden installiert, w\u00e4hrend das Rechenzentrum voll funktionsf\u00e4hig blieb, was Wolfgang Voigt, Site Manager des Rechenzentrums M\u00fcnchenstein (Basel) 1 bei NorthC, als <em>\u00abeine Operation am offenen Herzen\u00bb beschreibt.<\/em><\/p>\n<p>&nbsp;<\/p>\n<p>Durch diese Upgrades konnte der <strong>Energieverbrauch<\/strong> <strong>am Standort M\u00fcnchenstein (Basel) 1 <\/strong>dank Rear-Door-Cooling und Infrastruktur\u00adverbesserungen <strong>um rund 80 % gesenkt werden<\/strong>. Die Anlage ist nun vollst\u00e4ndig f\u00fcr KI- und HPC-Anwendungen ausgestattet und unterst\u00fctzt GPU-gesteuerte Cluster, Hybrid-Cloud-Umgebungen und High-Density-Computing. Kunden von NorthC profitieren von einer schnellen Infrastruktur mit geringer Latenz, die den Schweizer Datenschutzgesetzen entspricht.<\/p>\n<p>&nbsp;<\/p>\n<p>Wolfgang Voigt kommentiert:<\/p>\n<p><em>\u00abDie Einf\u00fchrung der energieeffizienten RDHx-Technologie war f\u00fcr uns ein entscheidender Schritt. Die Tatsache, dass sie High-Density-Computing bei gleichzeitig reduziertem Energieverbrauch erm\u00f6glicht, macht sie zu einer \u00fcberzeugenden Wahl, um die Anforderungen von KI und HPC zu erf\u00fcllen.\u00bb<\/em><\/p>\n<p><em>\u00a0<\/em><\/p>\n<p>Die modernisierte Infrastruktur unterst\u00fctzt auch das zuk\u00fcnftige Wachstum, da sie modular und flexibel aufgebaut ist und zus\u00e4tzliche Rack-Installationen oder den \u00dcbergang zur Liquid-\/Direct-Chip-Technologie erm\u00f6glicht. NorthC st\u00e4rkt seine Nachhaltigkeitsbilanz weiter, indem es effiziente K\u00fchlungsl\u00f6sungen nutzt, die bestehende Standortinfrastruktur optimiert und auf seine umfassenderen Klimaneutralit\u00e4tsziele f\u00fcr 2030 hinarbeitet.<\/p>\n<p><em>\u00a0<\/em><\/p>\n<p>Colin Rowlands, European Technical Support, USystems, erkl\u00e4rt:<\/p>\n<p><em>\u00abDie Installation der grundlegenden Infrastruktur f\u00fcr unsere K\u00fchll\u00f6sungen in einem Rechenzentrum, sei es im gesamten Rechenzentrum oder nur in einem Teil davon, erleichtert die Aufr\u00fcstung. Die gemeinsame L\u00f6sung, auf die wir sehr stolz sind, bietet NorthC eine zukunftssichere und flexible Infrastruktur.\u00bb<\/em><\/p>\n<p><em>\u00a0<\/em><\/p>\n<p>Weitere Informationen finden sich auf der Website und in den Kundenfallstudien:<\/p>\n<p><a href=\"https:\/\/www.northcdatacenters.com\/ch-de\/northclegrandsuccessstoryhighperformancecomputing\/?utm_source=pressrelease&amp;utm_medium=organic&amp;utm_campaign=ch-northclegrandsuccessstory2025&amp;utm_content=marketing\">NorthC Datacenters\u00a0<\/a><br \/>\n<a href=\"https:\/\/www.legrand.com\/datacenter\/gb-en\/news\/northc-and-legrand-new-class-of-ai-enabled-infrastructure\">Legrand Datacenter Solution\u00a0<\/a>[\/vc_column_text][\/vc_column][\/vc_row][vc_row el_id=&#187;insights&#187;][vc_column]<div class=\"title d-flex flex-wrap  justify-content-between gap-4 mb-12\">\n  <div class=\"d-flex flex-column \">\n          <h3 class=\"chapeau text-base text-gray-500\">Insights<\/h3>\n    \n    <div class=\"d-flex flex-column gap-4\">\n      <h2 class=\"mb-2\">Weitere Pressemitteilungen<\/h2>\n\n              <p class=\"text-base lh15 mb-2\">Hier finden Sie weitere Pressemitteilungen rund um die Colt-Akquisition sowie unsere Expansion in der DACH-Region<\/p>\n          <\/div>\n\n    \n\n  <\/div>\n  <\/div>\n<div class=\"related-insights card-list\">\n      \n<div class=\"card card-horizontal has-description\">\n  <div class=\"card-img-wrap aspect-ratio bg-gray-300\" style=\"--aspect-ratio: 1.41\">\n          <img decoding=\"async\" src=\"https:\/\/www.northcdatacenters.com\/ch-de\/wp-content\/uploads\/sites\/3\/2025\/06\/Fankhauser_Uptown_Vogelperspektive-1-510x360.webp\" srcset=\"\"\n  class=\"card-img h-100 bg-gray-300 inherit-aspect-ratio\" style=\"\"\n  loading=\"lazy\"\n  sizes=\"400px\" \/>    \n    <div class=\"card-img-overlay\">\n              <span class=\"tag text-bg-white\">\n          2 Min. Lesezeit        <\/span>\n          <\/div>\n  <\/div>\n\n  <div class=\"card-body\">\n    <div class=\"card-title mb-2\">\n      NorthC baut auf dem Campus uptownBasel das Rechenzentrum der Zukunft    <\/div>\n\n          <div class=\"chapeau\">\n        Artikel      <\/div>\n    \n          <p class=\"card-text mb-0\">\n        Auf dem Gel\u00e4nde von uptownBasel baut und betreibt NorthC Datacenters Schweiz nun ein eigenes Datacenter f\u00fcr den Campus und die Industrie von Basel.      <\/p>\n      <\/div>\n\n  \n  <a href=\"https:\/\/www.northcdatacenters.com\/ch-de\/media-corner\/northc-baut-auf-dem-campus-uptownbasel-das-rechenzentrum-der-zukunft\/\" class=\"stretched-link\" target=\"\">\n    <span class=\"card-btn material-symbols-outlined m-0\" aria-hidden=\"true\"><jello-icon name=\"material\/arrow_right_alt\"><\/jello-icon><\/span>\n  <\/a>\n<\/div>      \n<div class=\"card card-horizontal has-description\">\n  <div class=\"card-img-wrap aspect-ratio bg-gray-300\" style=\"--aspect-ratio: 1.41\">\n          <img decoding=\"async\" src=\"https:\/\/www.northcdatacenters.com\/ch-de\/wp-content\/uploads\/sites\/3\/2025\/04\/NorthC-data-centers-Colt-510x360.webp\" srcset=\"\"\n  class=\"card-img h-100 bg-gray-300 inherit-aspect-ratio\" style=\"\"\n  loading=\"lazy\"\n  sizes=\"400px\" \/>    \n    <div class=\"card-img-overlay\">\n              <span class=\"tag text-bg-white\">\n          2 Min. Lesezeit        <\/span>\n          <\/div>\n  <\/div>\n\n  <div class=\"card-body\">\n    <div class=\"card-title mb-2\">\n      NorthC erwirbt sechs Rechenzentren von Colt Technology Services in Deutschland und den Niederlanden    <\/div>\n\n          <div class=\"chapeau\">\n        Artikel      <\/div>\n    \n          <p class=\"card-text mb-0\">\n        Die Transaktion umfasst Rechenzentren in wichtigen Metropolregionen wie Frankfurt, Berlin, Hamburg, M\u00fcnchen, D\u00fcsseldorf und Amsterdam. Die Datacenter haben zusammen eine Leistungsverf\u00fcgbarkeit von \u00fcber 25 MW.      <\/p>\n      <\/div>\n\n  \n  <a href=\"https:\/\/www.northcdatacenters.com\/ch-de\/media-corner\/uebernahme-rechenzentren-colt\/\" class=\"stretched-link\" target=\"\">\n    <span class=\"card-btn material-symbols-outlined m-0\" aria-hidden=\"true\"><jello-icon name=\"material\/arrow_right_alt\"><\/jello-icon><\/span>\n  <\/a>\n<\/div>      \n<div class=\"card card-horizontal has-description\">\n  <div class=\"card-img-wrap aspect-ratio bg-gray-300\" style=\"--aspect-ratio: 1.41\">\n          <img decoding=\"async\" src=\"https:\/\/www.northcdatacenters.com\/ch-de\/wp-content\/uploads\/sites\/3\/2023\/07\/Header-Press-Release-DC-WIN-510x360.webp\" srcset=\"\"\n  class=\"card-img h-100 bg-gray-300 inherit-aspect-ratio\" style=\"\"\n  loading=\"lazy\"\n  sizes=\"400px\" \/>    \n    <div class=\"card-img-overlay\">\n              <span class=\"tag text-bg-white\">\n          2 Min. Lesezeit        <\/span>\n          <\/div>\n  <\/div>\n\n  <div class=\"card-body\">\n    <div class=\"card-title mb-2\">\n      NorthC Group auf Expansionskurs mit viertem Rechenzentrum in der Schweiz    <\/div>\n\n          <div class=\"chapeau\">\n        Artikel      <\/div>\n    \n          <p class=\"card-text mb-0\">\n        Die NorthC Group baut ihre Pr\u00e4senz in der Schweiz weiter aus und er\u00f6ffnet ein weiteres Rechenzentrum in der Greater Zurich Area. Damit st\u00e4rkt NorthC seine regionale Abdeckung und setzt seinen&hellip;      <\/p>\n      <\/div>\n\n  \n  <a href=\"https:\/\/www.northcdatacenters.com\/ch-de\/media-corner\/northc-group-setzt-expansionskurs-in-der-schweiz-fort\/\" class=\"stretched-link\" target=\"\">\n    <span class=\"card-btn material-symbols-outlined m-0\" aria-hidden=\"true\"><jello-icon name=\"material\/arrow_right_alt\"><\/jello-icon><\/span>\n  <\/a>\n<\/div>  <\/div>\n\n[\/vc_column][\/vc_row][vc_row full_width=&#187;stretch_row&#187; north_c_background_color=&#187;bg-gray-200&#8243;][vc_column]<div class=\"cta\">\n  <div class=\"cta-grid\">\n    <div class=\"cta-picture\">\n      <picture class=\"responsive-picture d-block\">\n  <img decoding=\"async\" src=\"https:\/\/www.northcdatacenters.com\/ch-de\/wp-content\/uploads\/sites\/3\/2024\/11\/Marina-2-1256x1256.webp\" srcset=\"https:\/\/www.northcdatacenters.com\/ch-de\/wp-content\/uploads\/sites\/3\/2024\/11\/Marina-2-1256x1256.webp 1256w, https:\/\/www.northcdatacenters.com\/ch-de\/wp-content\/uploads\/sites\/3\/2024\/11\/Marina-2-300x300.webp 300w, https:\/\/www.northcdatacenters.com\/ch-de\/wp-content\/uploads\/sites\/3\/2024\/11\/Marina-2-1024x1024.webp 1024w, https:\/\/www.northcdatacenters.com\/ch-de\/wp-content\/uploads\/sites\/3\/2024\/11\/Marina-2-768x768.webp 768w, https:\/\/www.northcdatacenters.com\/ch-de\/wp-content\/uploads\/sites\/3\/2024\/11\/Marina-2-1536x1536.webp 1536w, https:\/\/www.northcdatacenters.com\/ch-de\/wp-content\/uploads\/sites\/3\/2024\/11\/Marina-2-250x250.webp 250w, https:\/\/www.northcdatacenters.com\/ch-de\/wp-content\/uploads\/sites\/3\/2024\/11\/Marina-2-740x740.webp 740w, https:\/\/www.northcdatacenters.com\/ch-de\/wp-content\/uploads\/sites\/3\/2024\/11\/Marina-2-175x175.webp 175w, https:\/\/www.northcdatacenters.com\/ch-de\/wp-content\/uploads\/sites\/3\/2024\/11\/Marina-2-360x360.webp 360w, https:\/\/www.northcdatacenters.com\/ch-de\/wp-content\/uploads\/sites\/3\/2024\/11\/Marina-2-500x500.webp 500w, https:\/\/www.northcdatacenters.com\/ch-de\/wp-content\/uploads\/sites\/3\/2024\/11\/Marina-2.webp 1920w\"\n  class=\"\" style=\"\"\n  loading=\"lazy\"\n  sizes=\"(min-width: 992px) 1280px, 100vw\" \/><\/picture>\n          <\/div>\n\n    <div class=\"text text-white d-flex flex-column gap-4 justify-content-center align-items-center p-6 pb-12 px-lg-12 px-xxl-28\">\n      <h6 class=\"text-primary lh214 font-extrabold text-center mb-0\"><\/h6>\n      <h3 class=\"mb-2 text-center text-sm-5xl mb-sm-6 text-balance\">M\u00f6chten Sie weitere Neuigkeiten, Tipps und Wissens-Updates von uns erhalten?<\/h3>\n      <div class=\"buttons d-flex flex-column flex-lg-row flex-wrap gap-4 align-items-center justify-content-center dark-background\">\n                  \n  <button class=\"btn btn-primary\" type=\"button\" data-bs-toggle=\"offcanvas\" data-bs-target=\"#offcanvas_39\" aria-controls=\"offcanvas_39\">\n    Newsletter anmelden  <\/button>\n                  \n  \n  <button class=\"btn btn-secondary\" type=\"button\" data-bs-toggle=\"offcanvas\" data-bs-target=\"#offcanvas_28\" aria-controls=\"offcanvas_28\">\n    Kontakt aufnehmen  <\/button>\n\n              <\/div>\n    <\/div>\n  <\/div>\n<\/div>[\/vc_column][\/vc_row]<\/p>\n<\/div>","protected":false},"excerpt":{"rendered":"<p>NorthC und Legrand geben heute den Startschuss f\u00fcr eine neue \u00c4ra der Rechenzentrumsinfrastruktur in der Schweiz bekannt.<\/p>\n","protected":false},"author":24,"featured_media":30335,"comment_status":"closed","ping_status":"closed","sticky":false,"template":"","format":"standard","meta":{"_acf_changed":false,"_relevanssi_hide_post":"","_relevanssi_hide_content":"","_relevanssi_pin_for_all":"","_relevanssi_pin_keywords":"","_relevanssi_unpin_keywords":"","_relevanssi_related_keywords":"","_relevanssi_related_include_ids":"","_relevanssi_related_exclude_ids":"","_relevanssi_related_no_append":"","_relevanssi_related_not_related":"","_relevanssi_related_posts":"","_relevanssi_noindex_reason":"","footnotes":""},"categories":[48],"tags":[],"class_list":["post-30575","post","type-post","status-publish","format-standard","has-post-thumbnail","hentry","category-media-corner"],"acf":[],"yoast_head":"<!-- This site is optimized with the Yoast SEO Premium plugin v27.4 (Yoast SEO v27.4) - https:\/\/yoast.com\/product\/yoast-seo-premium-wordpress\/ -->\n<title>KI-f\u00e4hige Infrastruktur f\u00fcr moderne Rechenzentren<\/title>\n<meta name=\"description\" content=\"Eine KI-f\u00e4hige Infrastruktur wird in M\u00fcnchenstein geschaffen. Lesen Sie mehr \u00fcber diese innovative Technologieumstellung.\" \/>\n<meta name=\"robots\" content=\"index, follow, max-snippet:-1, max-image-preview:large, max-video-preview:-1\" \/>\n<link rel=\"canonical\" href=\"https:\/\/www.northcdatacenters.com\/ch-de\/media-corner\/northc-und-legrand-realisieren-im-rechenzentrum-muenchenstein-basel-1-eine-neue-klasse-von-ki-faehiger-rechenzentrumsinfrastruktur\/\" \/>\n<meta property=\"og:locale\" content=\"de_DE\" \/>\n<meta property=\"og:type\" content=\"article\" \/>\n<meta property=\"og:title\" content=\"NorthC und Legrand schaffen KI-f\u00e4hige Infrastruktur im Rechenzentrum M\u00fcnchenstein\" \/>\n<meta property=\"og:description\" content=\"NorthC hat eine Vereinbarung zur \u00dcbernahme von sechs Rechenzentren von Colt Technology Services (Colt) in Deutschland und den Niederlanden unterzeichnet.\" \/>\n<meta property=\"og:url\" content=\"https:\/\/www.northcdatacenters.com\/ch-de\/media-corner\/northc-und-legrand-realisieren-im-rechenzentrum-muenchenstein-basel-1-eine-neue-klasse-von-ki-faehiger-rechenzentrumsinfrastruktur\/\" \/>\n<meta property=\"og:site_name\" content=\"NorthC Datacenters (CH-DE)\" \/>\n<meta property=\"article:published_time\" content=\"2025-11-19T08:03:16+00:00\" \/>\n<meta property=\"article:modified_time\" content=\"2026-02-26T15:40:17+00:00\" \/>\n<meta property=\"og:image\" content=\"https:\/\/www.northcdatacenters.com\/ch-de\/wp-content\/uploads\/sites\/3\/2025\/10\/162_NorthC_Legrand_kunzmedia-1024x683.webp\" \/>\n\t<meta property=\"og:image:width\" content=\"1024\" \/>\n\t<meta property=\"og:image:height\" content=\"683\" \/>\n\t<meta property=\"og:image:type\" content=\"image\/jpeg\" \/>\n<meta name=\"author\" content=\"bettina\" \/>\n<meta name=\"twitter:card\" content=\"summary_large_image\" \/>\n<meta name=\"twitter:label1\" content=\"Geschrieben von\" \/>\n\t<meta name=\"twitter:data1\" content=\"bettina\" \/>\n\t<meta name=\"twitter:label2\" content=\"Gesch\u00e4tzte Lesezeit\" \/>\n\t<meta name=\"twitter:data2\" content=\"3\u00a0Minuten\" \/>\n<script type=\"application\/ld+json\" class=\"yoast-schema-graph\">{\"@context\":\"https:\\\/\\\/schema.org\",\"@graph\":[{\"@type\":\"Article\",\"@id\":\"https:\\\/\\\/www.northcdatacenters.com\\\/ch-de\\\/media-corner\\\/northc-und-legrand-realisieren-im-rechenzentrum-muenchenstein-basel-1-eine-neue-klasse-von-ki-faehiger-rechenzentrumsinfrastruktur\\\/#article\",\"isPartOf\":{\"@id\":\"https:\\\/\\\/www.northcdatacenters.com\\\/ch-de\\\/media-corner\\\/northc-und-legrand-realisieren-im-rechenzentrum-muenchenstein-basel-1-eine-neue-klasse-von-ki-faehiger-rechenzentrumsinfrastruktur\\\/\"},\"author\":{\"name\":\"bettina\",\"@id\":\"https:\\\/\\\/www.northcdatacenters.com\\\/ch-de\\\/#\\\/schema\\\/person\\\/2dfeec85b97bd1069af70ef59c2b813d\"},\"headline\":\"NorthC und Legrand schaffen KI-f\u00e4hige Infrastruktur im Rechenzentrum M\u00fcnchenstein\",\"datePublished\":\"2025-11-19T08:03:16+00:00\",\"dateModified\":\"2026-02-26T15:40:17+00:00\",\"mainEntityOfPage\":{\"@id\":\"https:\\\/\\\/www.northcdatacenters.com\\\/ch-de\\\/media-corner\\\/northc-und-legrand-realisieren-im-rechenzentrum-muenchenstein-basel-1-eine-neue-klasse-von-ki-faehiger-rechenzentrumsinfrastruktur\\\/\"},\"wordCount\":551,\"publisher\":{\"@id\":\"https:\\\/\\\/www.northcdatacenters.com\\\/ch-de\\\/#organization\"},\"image\":{\"@id\":\"https:\\\/\\\/www.northcdatacenters.com\\\/ch-de\\\/media-corner\\\/northc-und-legrand-realisieren-im-rechenzentrum-muenchenstein-basel-1-eine-neue-klasse-von-ki-faehiger-rechenzentrumsinfrastruktur\\\/#primaryimage\"},\"thumbnailUrl\":\"https:\\\/\\\/www.northcdatacenters.com\\\/ch-de\\\/wp-content\\\/uploads\\\/sites\\\/3\\\/2025\\\/10\\\/162_NorthC_Legrand_kunzmedia-jpg.webp\",\"articleSection\":[\"Media Corner\"],\"inLanguage\":\"de-CH\"},{\"@type\":\"WebPage\",\"@id\":\"https:\\\/\\\/www.northcdatacenters.com\\\/ch-de\\\/media-corner\\\/northc-und-legrand-realisieren-im-rechenzentrum-muenchenstein-basel-1-eine-neue-klasse-von-ki-faehiger-rechenzentrumsinfrastruktur\\\/\",\"url\":\"https:\\\/\\\/www.northcdatacenters.com\\\/ch-de\\\/media-corner\\\/northc-und-legrand-realisieren-im-rechenzentrum-muenchenstein-basel-1-eine-neue-klasse-von-ki-faehiger-rechenzentrumsinfrastruktur\\\/\",\"name\":\"KI-f\u00e4hige Infrastruktur f\u00fcr moderne Rechenzentren\",\"isPartOf\":{\"@id\":\"https:\\\/\\\/www.northcdatacenters.com\\\/ch-de\\\/#website\"},\"primaryImageOfPage\":{\"@id\":\"https:\\\/\\\/www.northcdatacenters.com\\\/ch-de\\\/media-corner\\\/northc-und-legrand-realisieren-im-rechenzentrum-muenchenstein-basel-1-eine-neue-klasse-von-ki-faehiger-rechenzentrumsinfrastruktur\\\/#primaryimage\"},\"image\":{\"@id\":\"https:\\\/\\\/www.northcdatacenters.com\\\/ch-de\\\/media-corner\\\/northc-und-legrand-realisieren-im-rechenzentrum-muenchenstein-basel-1-eine-neue-klasse-von-ki-faehiger-rechenzentrumsinfrastruktur\\\/#primaryimage\"},\"thumbnailUrl\":\"https:\\\/\\\/www.northcdatacenters.com\\\/ch-de\\\/wp-content\\\/uploads\\\/sites\\\/3\\\/2025\\\/10\\\/162_NorthC_Legrand_kunzmedia-jpg.webp\",\"datePublished\":\"2025-11-19T08:03:16+00:00\",\"dateModified\":\"2026-02-26T15:40:17+00:00\",\"description\":\"Eine KI-f\u00e4hige Infrastruktur wird in M\u00fcnchenstein geschaffen. Lesen Sie mehr \u00fcber diese innovative Technologieumstellung.\",\"breadcrumb\":{\"@id\":\"https:\\\/\\\/www.northcdatacenters.com\\\/ch-de\\\/media-corner\\\/northc-und-legrand-realisieren-im-rechenzentrum-muenchenstein-basel-1-eine-neue-klasse-von-ki-faehiger-rechenzentrumsinfrastruktur\\\/#breadcrumb\"},\"inLanguage\":\"de-CH\",\"potentialAction\":[{\"@type\":\"ReadAction\",\"target\":[\"https:\\\/\\\/www.northcdatacenters.com\\\/ch-de\\\/media-corner\\\/northc-und-legrand-realisieren-im-rechenzentrum-muenchenstein-basel-1-eine-neue-klasse-von-ki-faehiger-rechenzentrumsinfrastruktur\\\/\"]}]},{\"@type\":\"ImageObject\",\"inLanguage\":\"de-CH\",\"@id\":\"https:\\\/\\\/www.northcdatacenters.com\\\/ch-de\\\/media-corner\\\/northc-und-legrand-realisieren-im-rechenzentrum-muenchenstein-basel-1-eine-neue-klasse-von-ki-faehiger-rechenzentrumsinfrastruktur\\\/#primaryimage\",\"url\":\"https:\\\/\\\/www.northcdatacenters.com\\\/ch-de\\\/wp-content\\\/uploads\\\/sites\\\/3\\\/2025\\\/10\\\/162_NorthC_Legrand_kunzmedia-jpg.webp\",\"contentUrl\":\"https:\\\/\\\/www.northcdatacenters.com\\\/ch-de\\\/wp-content\\\/uploads\\\/sites\\\/3\\\/2025\\\/10\\\/162_NorthC_Legrand_kunzmedia-jpg.webp\",\"width\":8579,\"height\":5719,\"caption\":\"HPC NorthC Switzerland\"},{\"@type\":\"BreadcrumbList\",\"@id\":\"https:\\\/\\\/www.northcdatacenters.com\\\/ch-de\\\/media-corner\\\/northc-und-legrand-realisieren-im-rechenzentrum-muenchenstein-basel-1-eine-neue-klasse-von-ki-faehiger-rechenzentrumsinfrastruktur\\\/#breadcrumb\",\"itemListElement\":[{\"@type\":\"ListItem\",\"position\":1,\"name\":\"Home\",\"item\":\"https:\\\/\\\/www.northcdatacenters.com\\\/ch-de\\\/\"},{\"@type\":\"ListItem\",\"position\":2,\"name\":\"NorthC und Legrand schaffen KI-f\u00e4hige Infrastruktur im Rechenzentrum M\u00fcnchenstein\"}]},{\"@type\":\"WebSite\",\"@id\":\"https:\\\/\\\/www.northcdatacenters.com\\\/ch-de\\\/#website\",\"url\":\"https:\\\/\\\/www.northcdatacenters.com\\\/ch-de\\\/\",\"name\":\"NorthC Datacenters\",\"description\":\"Digital business, Personal connections.\",\"publisher\":{\"@id\":\"https:\\\/\\\/www.northcdatacenters.com\\\/ch-de\\\/#organization\"},\"potentialAction\":[{\"@type\":\"SearchAction\",\"target\":{\"@type\":\"EntryPoint\",\"urlTemplate\":\"https:\\\/\\\/www.northcdatacenters.com\\\/ch-de\\\/?s={search_term_string}\"},\"query-input\":{\"@type\":\"PropertyValueSpecification\",\"valueRequired\":true,\"valueName\":\"search_term_string\"}}],\"inLanguage\":\"de-CH\"},{\"@type\":\"Organization\",\"@id\":\"https:\\\/\\\/www.northcdatacenters.com\\\/ch-de\\\/#organization\",\"name\":\"NorthC Datacenters\",\"url\":\"https:\\\/\\\/www.northcdatacenters.com\\\/ch-de\\\/\",\"logo\":{\"@type\":\"ImageObject\",\"inLanguage\":\"de-CH\",\"@id\":\"https:\\\/\\\/www.northcdatacenters.com\\\/ch-de\\\/#\\\/schema\\\/logo\\\/image\\\/\",\"url\":\"https:\\\/\\\/www.northcdatacenters.com\\\/ch-de\\\/wp-content\\\/uploads\\\/sites\\\/3\\\/2024\\\/11\\\/Logo_NorthC.svg\",\"contentUrl\":\"https:\\\/\\\/www.northcdatacenters.com\\\/ch-de\\\/wp-content\\\/uploads\\\/sites\\\/3\\\/2024\\\/11\\\/Logo_NorthC.svg\",\"width\":110,\"height\":24,\"caption\":\"NorthC Datacenters\"},\"image\":{\"@id\":\"https:\\\/\\\/www.northcdatacenters.com\\\/ch-de\\\/#\\\/schema\\\/logo\\\/image\\\/\"},\"sameAs\":[\"https:\\\/\\\/www.linkedin.com\\\/company\\\/northc-datacenters-schweiz\\\/\"]},{\"@type\":\"Person\",\"@id\":\"https:\\\/\\\/www.northcdatacenters.com\\\/ch-de\\\/#\\\/schema\\\/person\\\/2dfeec85b97bd1069af70ef59c2b813d\",\"name\":\"bettina\",\"url\":\"https:\\\/\\\/www.northcdatacenters.com\\\/ch-de\\\/author\\\/bettina\\\/\"}]}<\/script>\n<!-- \/ Yoast SEO Premium plugin. -->","yoast_head_json":{"title":"KI-f\u00e4hige Infrastruktur f\u00fcr moderne Rechenzentren","description":"Eine KI-f\u00e4hige Infrastruktur wird in M\u00fcnchenstein geschaffen. Lesen Sie mehr \u00fcber diese innovative Technologieumstellung.","robots":{"index":"index","follow":"follow","max-snippet":"max-snippet:-1","max-image-preview":"max-image-preview:large","max-video-preview":"max-video-preview:-1"},"canonical":"https:\/\/www.northcdatacenters.com\/ch-de\/media-corner\/northc-und-legrand-realisieren-im-rechenzentrum-muenchenstein-basel-1-eine-neue-klasse-von-ki-faehiger-rechenzentrumsinfrastruktur\/","og_locale":"de_DE","og_type":"article","og_title":"NorthC und Legrand schaffen KI-f\u00e4hige Infrastruktur im Rechenzentrum M\u00fcnchenstein","og_description":"NorthC hat eine Vereinbarung zur \u00dcbernahme von sechs Rechenzentren von Colt Technology Services (Colt) in Deutschland und den Niederlanden unterzeichnet.","og_url":"https:\/\/www.northcdatacenters.com\/ch-de\/media-corner\/northc-und-legrand-realisieren-im-rechenzentrum-muenchenstein-basel-1-eine-neue-klasse-von-ki-faehiger-rechenzentrumsinfrastruktur\/","og_site_name":"NorthC Datacenters (CH-DE)","article_published_time":"2025-11-19T08:03:16+00:00","article_modified_time":"2026-02-26T15:40:17+00:00","og_image":[{"width":1024,"height":683,"url":"https:\/\/www.northcdatacenters.com\/ch-de\/wp-content\/uploads\/sites\/3\/2025\/10\/162_NorthC_Legrand_kunzmedia-1024x683.webp","type":"image\/jpeg"}],"author":"bettina","twitter_card":"summary_large_image","twitter_misc":{"Geschrieben von":"bettina","Gesch\u00e4tzte Lesezeit":"3\u00a0Minuten"},"schema":{"@context":"https:\/\/schema.org","@graph":[{"@type":"Article","@id":"https:\/\/www.northcdatacenters.com\/ch-de\/media-corner\/northc-und-legrand-realisieren-im-rechenzentrum-muenchenstein-basel-1-eine-neue-klasse-von-ki-faehiger-rechenzentrumsinfrastruktur\/#article","isPartOf":{"@id":"https:\/\/www.northcdatacenters.com\/ch-de\/media-corner\/northc-und-legrand-realisieren-im-rechenzentrum-muenchenstein-basel-1-eine-neue-klasse-von-ki-faehiger-rechenzentrumsinfrastruktur\/"},"author":{"name":"bettina","@id":"https:\/\/www.northcdatacenters.com\/ch-de\/#\/schema\/person\/2dfeec85b97bd1069af70ef59c2b813d"},"headline":"NorthC und Legrand schaffen KI-f\u00e4hige Infrastruktur im Rechenzentrum M\u00fcnchenstein","datePublished":"2025-11-19T08:03:16+00:00","dateModified":"2026-02-26T15:40:17+00:00","mainEntityOfPage":{"@id":"https:\/\/www.northcdatacenters.com\/ch-de\/media-corner\/northc-und-legrand-realisieren-im-rechenzentrum-muenchenstein-basel-1-eine-neue-klasse-von-ki-faehiger-rechenzentrumsinfrastruktur\/"},"wordCount":551,"publisher":{"@id":"https:\/\/www.northcdatacenters.com\/ch-de\/#organization"},"image":{"@id":"https:\/\/www.northcdatacenters.com\/ch-de\/media-corner\/northc-und-legrand-realisieren-im-rechenzentrum-muenchenstein-basel-1-eine-neue-klasse-von-ki-faehiger-rechenzentrumsinfrastruktur\/#primaryimage"},"thumbnailUrl":"https:\/\/www.northcdatacenters.com\/ch-de\/wp-content\/uploads\/sites\/3\/2025\/10\/162_NorthC_Legrand_kunzmedia-jpg.webp","articleSection":["Media Corner"],"inLanguage":"de-CH"},{"@type":"WebPage","@id":"https:\/\/www.northcdatacenters.com\/ch-de\/media-corner\/northc-und-legrand-realisieren-im-rechenzentrum-muenchenstein-basel-1-eine-neue-klasse-von-ki-faehiger-rechenzentrumsinfrastruktur\/","url":"https:\/\/www.northcdatacenters.com\/ch-de\/media-corner\/northc-und-legrand-realisieren-im-rechenzentrum-muenchenstein-basel-1-eine-neue-klasse-von-ki-faehiger-rechenzentrumsinfrastruktur\/","name":"KI-f\u00e4hige Infrastruktur f\u00fcr moderne Rechenzentren","isPartOf":{"@id":"https:\/\/www.northcdatacenters.com\/ch-de\/#website"},"primaryImageOfPage":{"@id":"https:\/\/www.northcdatacenters.com\/ch-de\/media-corner\/northc-und-legrand-realisieren-im-rechenzentrum-muenchenstein-basel-1-eine-neue-klasse-von-ki-faehiger-rechenzentrumsinfrastruktur\/#primaryimage"},"image":{"@id":"https:\/\/www.northcdatacenters.com\/ch-de\/media-corner\/northc-und-legrand-realisieren-im-rechenzentrum-muenchenstein-basel-1-eine-neue-klasse-von-ki-faehiger-rechenzentrumsinfrastruktur\/#primaryimage"},"thumbnailUrl":"https:\/\/www.northcdatacenters.com\/ch-de\/wp-content\/uploads\/sites\/3\/2025\/10\/162_NorthC_Legrand_kunzmedia-jpg.webp","datePublished":"2025-11-19T08:03:16+00:00","dateModified":"2026-02-26T15:40:17+00:00","description":"Eine KI-f\u00e4hige Infrastruktur wird in M\u00fcnchenstein geschaffen. Lesen Sie mehr \u00fcber diese innovative Technologieumstellung.","breadcrumb":{"@id":"https:\/\/www.northcdatacenters.com\/ch-de\/media-corner\/northc-und-legrand-realisieren-im-rechenzentrum-muenchenstein-basel-1-eine-neue-klasse-von-ki-faehiger-rechenzentrumsinfrastruktur\/#breadcrumb"},"inLanguage":"de-CH","potentialAction":[{"@type":"ReadAction","target":["https:\/\/www.northcdatacenters.com\/ch-de\/media-corner\/northc-und-legrand-realisieren-im-rechenzentrum-muenchenstein-basel-1-eine-neue-klasse-von-ki-faehiger-rechenzentrumsinfrastruktur\/"]}]},{"@type":"ImageObject","inLanguage":"de-CH","@id":"https:\/\/www.northcdatacenters.com\/ch-de\/media-corner\/northc-und-legrand-realisieren-im-rechenzentrum-muenchenstein-basel-1-eine-neue-klasse-von-ki-faehiger-rechenzentrumsinfrastruktur\/#primaryimage","url":"https:\/\/www.northcdatacenters.com\/ch-de\/wp-content\/uploads\/sites\/3\/2025\/10\/162_NorthC_Legrand_kunzmedia-jpg.webp","contentUrl":"https:\/\/www.northcdatacenters.com\/ch-de\/wp-content\/uploads\/sites\/3\/2025\/10\/162_NorthC_Legrand_kunzmedia-jpg.webp","width":8579,"height":5719,"caption":"HPC NorthC Switzerland"},{"@type":"BreadcrumbList","@id":"https:\/\/www.northcdatacenters.com\/ch-de\/media-corner\/northc-und-legrand-realisieren-im-rechenzentrum-muenchenstein-basel-1-eine-neue-klasse-von-ki-faehiger-rechenzentrumsinfrastruktur\/#breadcrumb","itemListElement":[{"@type":"ListItem","position":1,"name":"Home","item":"https:\/\/www.northcdatacenters.com\/ch-de\/"},{"@type":"ListItem","position":2,"name":"NorthC und Legrand schaffen KI-f\u00e4hige Infrastruktur im Rechenzentrum M\u00fcnchenstein"}]},{"@type":"WebSite","@id":"https:\/\/www.northcdatacenters.com\/ch-de\/#website","url":"https:\/\/www.northcdatacenters.com\/ch-de\/","name":"NorthC Datacenters","description":"Digital business, Personal connections.","publisher":{"@id":"https:\/\/www.northcdatacenters.com\/ch-de\/#organization"},"potentialAction":[{"@type":"SearchAction","target":{"@type":"EntryPoint","urlTemplate":"https:\/\/www.northcdatacenters.com\/ch-de\/?s={search_term_string}"},"query-input":{"@type":"PropertyValueSpecification","valueRequired":true,"valueName":"search_term_string"}}],"inLanguage":"de-CH"},{"@type":"Organization","@id":"https:\/\/www.northcdatacenters.com\/ch-de\/#organization","name":"NorthC Datacenters","url":"https:\/\/www.northcdatacenters.com\/ch-de\/","logo":{"@type":"ImageObject","inLanguage":"de-CH","@id":"https:\/\/www.northcdatacenters.com\/ch-de\/#\/schema\/logo\/image\/","url":"https:\/\/www.northcdatacenters.com\/ch-de\/wp-content\/uploads\/sites\/3\/2024\/11\/Logo_NorthC.svg","contentUrl":"https:\/\/www.northcdatacenters.com\/ch-de\/wp-content\/uploads\/sites\/3\/2024\/11\/Logo_NorthC.svg","width":110,"height":24,"caption":"NorthC Datacenters"},"image":{"@id":"https:\/\/www.northcdatacenters.com\/ch-de\/#\/schema\/logo\/image\/"},"sameAs":["https:\/\/www.linkedin.com\/company\/northc-datacenters-schweiz\/"]},{"@type":"Person","@id":"https:\/\/www.northcdatacenters.com\/ch-de\/#\/schema\/person\/2dfeec85b97bd1069af70ef59c2b813d","name":"bettina","url":"https:\/\/www.northcdatacenters.com\/ch-de\/author\/bettina\/"}]}},"_links":{"self":[{"href":"https:\/\/www.northcdatacenters.com\/ch-de\/wp-json\/wp\/v2\/posts\/30575","targetHints":{"allow":["GET"]}}],"collection":[{"href":"https:\/\/www.northcdatacenters.com\/ch-de\/wp-json\/wp\/v2\/posts"}],"about":[{"href":"https:\/\/www.northcdatacenters.com\/ch-de\/wp-json\/wp\/v2\/types\/post"}],"author":[{"embeddable":true,"href":"https:\/\/www.northcdatacenters.com\/ch-de\/wp-json\/wp\/v2\/users\/24"}],"replies":[{"embeddable":true,"href":"https:\/\/www.northcdatacenters.com\/ch-de\/wp-json\/wp\/v2\/comments?post=30575"}],"version-history":[{"count":5,"href":"https:\/\/www.northcdatacenters.com\/ch-de\/wp-json\/wp\/v2\/posts\/30575\/revisions"}],"predecessor-version":[{"id":30947,"href":"https:\/\/www.northcdatacenters.com\/ch-de\/wp-json\/wp\/v2\/posts\/30575\/revisions\/30947"}],"wp:featuredmedia":[{"embeddable":true,"href":"https:\/\/www.northcdatacenters.com\/ch-de\/wp-json\/wp\/v2\/media\/30335"}],"wp:attachment":[{"href":"https:\/\/www.northcdatacenters.com\/ch-de\/wp-json\/wp\/v2\/media?parent=30575"}],"wp:term":[{"taxonomy":"category","embeddable":true,"href":"https:\/\/www.northcdatacenters.com\/ch-de\/wp-json\/wp\/v2\/categories?post=30575"},{"taxonomy":"post_tag","embeddable":true,"href":"https:\/\/www.northcdatacenters.com\/ch-de\/wp-json\/wp\/v2\/tags?post=30575"}],"curies":[{"name":"wp","href":"https:\/\/api.w.org\/{rel}","templated":true}]}}