{"id":21021,"date":"2022-04-26T06:26:09","date_gmt":"2022-04-26T06:26:09","guid":{"rendered":"https:\/\/www.northcdatacenters.com\/de\/?p=21021"},"modified":"2026-04-21T07:39:49","modified_gmt":"2026-04-21T07:39:49","slug":"northc-datacenters-etend-ses-activites-en-suisse","status":"publish","type":"post","link":"https:\/\/www.northcdatacenters.com\/ch-fr\/media-corner\/northc-datacenters-etend-ses-activites-en-suisse\/","title":{"rendered":"NorthC Datacenters \u00e9tend ses activit\u00e9s en Suisse"},"content":{"rendered":"<div class=\"wpb-content-wrapper\"><p>[vc_row vc_row_spacing=\u00a0\u00bbdont-add-spacer adds-own-spacer add-spacer-top\u00a0\u00bb el_class=\u00a0\u00bbborder-bottom\u00a0\u00bb][vc_column][vc_column_text]<strong>NorthC, le plus grand fournisseur r\u00e9gional de centres de donn\u00e9es aux Pays-Bas, a sign\u00e9 un accord pour acqu\u00e9rir les centres de donn\u00e9es et les services de connectivit\u00e9 de <a href=\"https:\/\/www.netrics.ch\">Netrics<\/a>\u00a0en Suisse. Cela marque l&rsquo;entr\u00e9e de NorthC sur le march\u00e9 suisse et sa deuxi\u00e8me acquisition internationale apr\u00e8s celle d&rsquo;IP Exchange en Allemagne en novembre 2021.<\/strong><\/p>\n<p>La transaction porte sur trois centres de donn\u00e9es \u2013 deux \u00e0 M\u00fcnchenstein (pr\u00e8s de B\u00e2le) et un \u00e0 Bienne \u2013 d&rsquo;une superficie totale d&rsquo;environ 13 000 m\u00b2, d&rsquo;une capacit\u00e9 \u00e9lectrique de plus de 7,5 MW et offrant des possibilit\u00e9s d&rsquo;extension. Les centres de donn\u00e9es sont reli\u00e9s entre eux par un r\u00e9seau dorsal \u00e0 haut d\u00e9bit bas\u00e9 sur la fibre optique et occupent une position forte dans les r\u00e9gions de B\u00e2le et de Bienne-Berne.<\/p>\n<p>Avec cette acquisition, NorthC poursuit l&rsquo;expansion de son r\u00e9seau r\u00e9gional de centres de donn\u00e9es en Europe du Nord-Ouest et sera d\u00e9sormais en mesure de fournir des services \u00e0 des clients en Suisse. Avec la transformation num\u00e9rique en cours et le d\u00e9veloppement continu du Cloud, de l&rsquo;IoT, de l&rsquo;IA et de la 5G, l&rsquo;entreprise est pr\u00eate \u00e0 r\u00e9pondre aux besoins des entreprises en mati\u00e8re de solutions hybrides multi-Cloud, de services de colocation et de solutions de connectivit\u00e9, qui repoussent toutes les limites.<\/p>\n<p>La pr\u00e9sence de NorthC dans la r\u00e9gion lui permet de se d\u00e9marquer gr\u00e2ce \u00e0 une approche personnalis\u00e9e, orient\u00e9e vers les int\u00e9r\u00eats des clients et gr\u00e2ce \u00e0 la cr\u00e9ation d&rsquo;\u00e9cosyst\u00e8mes r\u00e9gionaux plus proches des sites o\u00f9 travaillent ses clients, afin de fournir des services aux utilisateurs finaux. C&rsquo;est la base des relations \u00e0 long terme de NorthC avec ses clients. Cette acquisition offre \u00e0 NorthC une plateforme solide pour cr\u00e9er un r\u00e9seau r\u00e9gional de premier plan en Suisse, similaire au r\u00e9seau n\u00e9erlandais de centres de donn\u00e9es r\u00e9gionaux.<\/p>\n<p>Alexandra Schless, PDG de NorthC : \u00ab L&rsquo;acquisition de ces trois centres de donn\u00e9es et des services de connectivit\u00e9 est une \u00e9tape importante dans la strat\u00e9gie de croissance europ\u00e9enne de NorthC, apr\u00e8s l&rsquo;acquisition d&rsquo;IPX en Allemagne. Nous sommes ravis d&rsquo;accueillir ces activit\u00e9s et cette \u00e9quipe hautement exp\u00e9riment\u00e9e au sein de notre organisation. Nous sommes convaincus qu&rsquo;une plateforme de centres de donn\u00e9es r\u00e9gionaux avec une large couverture g\u00e9ographique permettra \u00e0 nos clients d&rsquo;optimiser leur infrastructure redondante et de b\u00e9n\u00e9ficier des \u00e9cosyst\u00e8mes r\u00e9gionaux. De plus, cette acquisition signifie que NorthC peut s&rsquo;appuyer sur une solide infrastructure de fibre optique et int\u00e9grer les trois centres de donn\u00e9es existants dans NorthC. La synergie continue entre les centres de donn\u00e9es en Suisse et dans le reste du Nord offre des opportunit\u00e9s \u00e0 la fois \u00e0 nos clients et au groupe d&rsquo;\u00e9largir et d&rsquo;optimiser notre offre de services. \u00bb<\/p>\n<p>La finalisation de cette acquisition est soumise aux conditions g\u00e9n\u00e9rales habituelles. NorthC a \u00e9t\u00e9 conseill\u00e9 par Greenhill, qui a agi en tant que conseiller en fusions-acquisitions, tandis que Hogan Lovells et Prager Dreifuss ont agi en tant que conseillers juridiques dans le cadre de cette transaction.[\/vc_column_text]\n    <picture class=\"responsive-picture \">\n                                              <source srcset=\"https:\/\/www.northcdatacenters.com\/ch-fr\/wp-content\/uploads\/sites\/6\/2020\/02\/Alexandra-Schless-3.webp 1920w, https:\/\/www.northcdatacenters.com\/ch-fr\/wp-content\/uploads\/sites\/6\/2020\/02\/Alexandra-Schless-3-300x300.webp 300w, https:\/\/www.northcdatacenters.com\/ch-fr\/wp-content\/uploads\/sites\/6\/2020\/02\/Alexandra-Schless-3-1024x1024.webp 1024w, https:\/\/www.northcdatacenters.com\/ch-fr\/wp-content\/uploads\/sites\/6\/2020\/02\/Alexandra-Schless-3-768x768.webp 768w, https:\/\/www.northcdatacenters.com\/ch-fr\/wp-content\/uploads\/sites\/6\/2020\/02\/Alexandra-Schless-3-1536x1536.webp 1536w, https:\/\/www.northcdatacenters.com\/ch-fr\/wp-content\/uploads\/sites\/6\/2020\/02\/Alexandra-Schless-3-1256x1256.webp 1256w, https:\/\/www.northcdatacenters.com\/ch-fr\/wp-content\/uploads\/sites\/6\/2020\/02\/Alexandra-Schless-3-250x250.webp 250w, https:\/\/www.northcdatacenters.com\/ch-fr\/wp-content\/uploads\/sites\/6\/2020\/02\/Alexandra-Schless-3-740x740.webp 740w, https:\/\/www.northcdatacenters.com\/ch-fr\/wp-content\/uploads\/sites\/6\/2020\/02\/Alexandra-Schless-3-175x175.webp 175w, https:\/\/www.northcdatacenters.com\/ch-fr\/wp-content\/uploads\/sites\/6\/2020\/02\/Alexandra-Schless-3-360x360.webp 360w, https:\/\/www.northcdatacenters.com\/ch-fr\/wp-content\/uploads\/sites\/6\/2020\/02\/Alexandra-Schless-3-500x500.webp 500w\" media=\"(min-width: 576px)\">\n                        \n      <img decoding=\"async\" src=\"https:\/\/www.northcdatacenters.com\/ch-fr\/wp-content\/uploads\/sites\/6\/2020\/02\/Alexandra-Schless-3.webp\" alt=\"\" loading=\"auto\" width=\"\" height=\"\">\n    <\/picture>\n[vc_column_text]<em>Alexandra Schless, PDG du groupe NorthC<\/em>[\/vc_column_text][\/vc_column][\/vc_row][vc_row full_width=\u00a0\u00bbstretch_row\u00a0\u00bb north_c_background_color=\u00a0\u00bbbg-gray-200&Prime;][vc_column]<div class=\"cta\">\n  <div class=\"cta-grid\">\n    <div class=\"cta-picture\">\n      <picture class=\"responsive-picture d-block\">\n  <img decoding=\"async\" src=\"https:\/\/www.northcdatacenters.com\/ch-fr\/wp-content\/uploads\/sites\/6\/2025\/07\/Murat-Turgut-Kontakt-NorthC-1256x1256.webp\" srcset=\"https:\/\/www.northcdatacenters.com\/ch-fr\/wp-content\/uploads\/sites\/6\/2025\/07\/Murat-Turgut-Kontakt-NorthC-1256x1256.webp 1256w, https:\/\/www.northcdatacenters.com\/ch-fr\/wp-content\/uploads\/sites\/6\/2025\/07\/Murat-Turgut-Kontakt-NorthC-300x300.webp 300w, https:\/\/www.northcdatacenters.com\/ch-fr\/wp-content\/uploads\/sites\/6\/2025\/07\/Murat-Turgut-Kontakt-NorthC-1024x1024.webp 1024w, https:\/\/www.northcdatacenters.com\/ch-fr\/wp-content\/uploads\/sites\/6\/2025\/07\/Murat-Turgut-Kontakt-NorthC-768x768.webp 768w, https:\/\/www.northcdatacenters.com\/ch-fr\/wp-content\/uploads\/sites\/6\/2025\/07\/Murat-Turgut-Kontakt-NorthC-1536x1536.webp 1536w, https:\/\/www.northcdatacenters.com\/ch-fr\/wp-content\/uploads\/sites\/6\/2025\/07\/Murat-Turgut-Kontakt-NorthC-250x250.webp 250w, https:\/\/www.northcdatacenters.com\/ch-fr\/wp-content\/uploads\/sites\/6\/2025\/07\/Murat-Turgut-Kontakt-NorthC-740x740.webp 740w, https:\/\/www.northcdatacenters.com\/ch-fr\/wp-content\/uploads\/sites\/6\/2025\/07\/Murat-Turgut-Kontakt-NorthC-175x175.webp 175w, https:\/\/www.northcdatacenters.com\/ch-fr\/wp-content\/uploads\/sites\/6\/2025\/07\/Murat-Turgut-Kontakt-NorthC-360x360.webp 360w, https:\/\/www.northcdatacenters.com\/ch-fr\/wp-content\/uploads\/sites\/6\/2025\/07\/Murat-Turgut-Kontakt-NorthC-500x500.webp 500w, https:\/\/www.northcdatacenters.com\/ch-fr\/wp-content\/uploads\/sites\/6\/2025\/07\/Murat-Turgut-Kontakt-NorthC.webp 1920w\"\n  class=\"\" style=\"\"\n  loading=\"lazy\"\n  sizes=\"(min-width: 992px) 1280px, 100vw\" \/><\/picture>\n          <\/div>\n\n    <div class=\"text text-white d-flex flex-column gap-4 justify-content-center align-items-center p-6 pb-12 px-lg-12 px-xxl-28\">\n      <h6 class=\"text-primary lh214 font-extrabold text-center mb-0\">Contactez-nous<\/h6>\n      <h3 class=\"mb-2 text-center text-sm-5xl mb-sm-6 text-balance\">Besoin de conseils propres \u00e0 votre situation?<\/h3>\n      <div class=\"buttons d-flex flex-column flex-lg-row flex-wrap gap-4 align-items-center justify-content-center dark-background\">\n                  \n  <button class=\"btn btn-primary\" type=\"button\" data-bs-toggle=\"offcanvas\" data-bs-target=\"#offcanvas_15\" aria-controls=\"offcanvas_15\">\n    Demander un devis  <\/button>\n                  \n  \n  <button class=\"btn btn-secondary\" type=\"button\" data-bs-toggle=\"offcanvas\" data-bs-target=\"#offcanvas_34\" aria-controls=\"offcanvas_34\">\n    Planifier une visite  <\/button>\n\n              <\/div>\n    <\/div>\n  <\/div>\n<\/div>[\/vc_column][\/vc_row]<\/p>\n<\/div>","protected":false},"excerpt":{"rendered":"<p>[vc_row vc_row_spacing=\u00a0\u00bbdont-add-spacer adds-own-spacer add-spacer-top\u00a0\u00bb el_class=\u00a0\u00bbborder-bottom\u00a0\u00bb][vc_column][vc_column_text]NorthC, le plus grand fournisseur r\u00e9gional de centres de donn\u00e9es aux Pays-Bas, a sign\u00e9 un accord pour acqu\u00e9rir les centres de donn\u00e9es et les services de connectivit\u00e9 de Netrics\u00a0en Suisse. Cela marque l&rsquo;entr\u00e9e de NorthC sur le march\u00e9 suisse et sa deuxi\u00e8me acquisition internationale apr\u00e8s celle d&rsquo;IP Exchange en Allemagne en &#8230;<\/p>\n","protected":false},"author":8,"featured_media":21026,"comment_status":"closed","ping_status":"closed","sticky":false,"template":"","format":"standard","meta":{"_acf_changed":false,"_relevanssi_hide_post":"","_relevanssi_hide_content":"","_relevanssi_pin_for_all":"","_relevanssi_pin_keywords":"","_relevanssi_unpin_keywords":"","_relevanssi_related_keywords":"","_relevanssi_related_include_ids":"","_relevanssi_related_exclude_ids":"","_relevanssi_related_no_append":"","_relevanssi_related_not_related":"","_relevanssi_related_posts":"","_relevanssi_noindex_reason":"","footnotes":""},"categories":[48],"tags":[],"class_list":["post-21021","post","type-post","status-publish","format-standard","has-post-thumbnail","hentry","category-media-corner"],"acf":[],"yoast_head":"<!-- This site is optimized with the Yoast SEO Premium plugin v27.4 (Yoast SEO v27.4) - https:\/\/yoast.com\/product\/yoast-seo-premium-wordpress\/ -->\n<title>NorthC Datacenters \u00e9tend ses activit\u00e9s en Suisse<\/title>\n<meta name=\"description\" content=\"NorthC Datacenters a sign\u00e9 un contrat pour reprendre les centres de donn\u00e9es et les services de connectivit\u00e9 de Netrics en Suisse.\" \/>\n<meta name=\"robots\" content=\"index, follow, max-snippet:-1, max-image-preview:large, max-video-preview:-1\" \/>\n<link rel=\"canonical\" href=\"https:\/\/www.northcdatacenters.com\/ch-fr\/media-corner\/northc-datacenters-etend-ses-activites-en-suisse\/\" \/>\n<meta property=\"og:locale\" content=\"fr_FR\" \/>\n<meta property=\"og:type\" content=\"article\" \/>\n<meta property=\"og:title\" content=\"NorthC Datacenters \u00e9tend ses activit\u00e9s en Suisse\" \/>\n<meta property=\"og:description\" content=\"NorthC signe un accord d&#039;acquisition de centres de donn\u00e9es, renfor\u00e7ant ainsi son empreinte en Suisse.\" \/>\n<meta property=\"og:url\" content=\"https:\/\/www.northcdatacenters.com\/ch-fr\/media-corner\/northc-datacenters-etend-ses-activites-en-suisse\/\" \/>\n<meta property=\"og:site_name\" content=\"NorthC Datacenters (CH-FR)\" \/>\n<meta property=\"article:published_time\" content=\"2022-04-26T06:26:09+00:00\" \/>\n<meta property=\"article:modified_time\" content=\"2026-04-21T07:39:49+00:00\" \/>\n<meta property=\"og:image\" content=\"https:\/\/www.northcdatacenters.com\/ch-fr\/wp-content\/uploads\/sites\/6\/2022\/04\/Uitbreiding_NorthC_Zwitserland.webp\" \/>\n\t<meta property=\"og:image:width\" content=\"1920\" \/>\n\t<meta property=\"og:image:height\" content=\"800\" \/>\n\t<meta property=\"og:image:type\" content=\"image\/jpeg\" \/>\n<meta name=\"author\" content=\"Yde van Opstal\" \/>\n<meta name=\"twitter:card\" content=\"summary_large_image\" \/>\n<meta name=\"twitter:label1\" content=\"Written by\" \/>\n\t<meta name=\"twitter:data1\" content=\"Yde van Opstal\" \/>\n\t<meta name=\"twitter:label2\" content=\"Est. reading time\" \/>\n\t<meta name=\"twitter:data2\" content=\"4 minutes\" \/>\n<script type=\"application\/ld+json\" class=\"yoast-schema-graph\">{\"@context\":\"https:\\\/\\\/schema.org\",\"@graph\":[{\"@type\":\"Article\",\"@id\":\"https:\\\/\\\/www.northcdatacenters.com\\\/ch-fr\\\/media-corner\\\/northc-datacenters-etend-ses-activites-en-suisse\\\/#article\",\"isPartOf\":{\"@id\":\"https:\\\/\\\/www.northcdatacenters.com\\\/ch-fr\\\/media-corner\\\/northc-datacenters-etend-ses-activites-en-suisse\\\/\"},\"author\":{\"name\":\"Yde van Opstal\",\"@id\":\"https:\\\/\\\/www.northcdatacenters.com\\\/ch-fr\\\/#\\\/schema\\\/person\\\/48bd24cc9de3798cd9082925b80e68ab\"},\"headline\":\"NorthC Datacenters \u00e9tend ses activit\u00e9s en Suisse\",\"datePublished\":\"2022-04-26T06:26:09+00:00\",\"dateModified\":\"2026-04-21T07:39:49+00:00\",\"mainEntityOfPage\":{\"@id\":\"https:\\\/\\\/www.northcdatacenters.com\\\/ch-fr\\\/media-corner\\\/northc-datacenters-etend-ses-activites-en-suisse\\\/\"},\"wordCount\":667,\"publisher\":{\"@id\":\"https:\\\/\\\/www.northcdatacenters.com\\\/ch-fr\\\/#organization\"},\"image\":{\"@id\":\"https:\\\/\\\/www.northcdatacenters.com\\\/ch-fr\\\/media-corner\\\/northc-datacenters-etend-ses-activites-en-suisse\\\/#primaryimage\"},\"thumbnailUrl\":\"https:\\\/\\\/www.northcdatacenters.com\\\/ch-fr\\\/wp-content\\\/uploads\\\/sites\\\/6\\\/2022\\\/04\\\/Uitbreiding_NorthC_Zwitserland.webp\",\"articleSection\":[\"Media Corner\"],\"inLanguage\":\"fr-FR\"},{\"@type\":\"WebPage\",\"@id\":\"https:\\\/\\\/www.northcdatacenters.com\\\/ch-fr\\\/media-corner\\\/northc-datacenters-etend-ses-activites-en-suisse\\\/\",\"url\":\"https:\\\/\\\/www.northcdatacenters.com\\\/ch-fr\\\/media-corner\\\/northc-datacenters-etend-ses-activites-en-suisse\\\/\",\"name\":\"NorthC Datacenters \u00e9tend ses activit\u00e9s en Suisse\",\"isPartOf\":{\"@id\":\"https:\\\/\\\/www.northcdatacenters.com\\\/ch-fr\\\/#website\"},\"primaryImageOfPage\":{\"@id\":\"https:\\\/\\\/www.northcdatacenters.com\\\/ch-fr\\\/media-corner\\\/northc-datacenters-etend-ses-activites-en-suisse\\\/#primaryimage\"},\"image\":{\"@id\":\"https:\\\/\\\/www.northcdatacenters.com\\\/ch-fr\\\/media-corner\\\/northc-datacenters-etend-ses-activites-en-suisse\\\/#primaryimage\"},\"thumbnailUrl\":\"https:\\\/\\\/www.northcdatacenters.com\\\/ch-fr\\\/wp-content\\\/uploads\\\/sites\\\/6\\\/2022\\\/04\\\/Uitbreiding_NorthC_Zwitserland.webp\",\"datePublished\":\"2022-04-26T06:26:09+00:00\",\"dateModified\":\"2026-04-21T07:39:49+00:00\",\"description\":\"NorthC Datacenters a sign\u00e9 un contrat pour reprendre les centres de donn\u00e9es et les services de connectivit\u00e9 de Netrics en Suisse.\",\"breadcrumb\":{\"@id\":\"https:\\\/\\\/www.northcdatacenters.com\\\/ch-fr\\\/media-corner\\\/northc-datacenters-etend-ses-activites-en-suisse\\\/#breadcrumb\"},\"inLanguage\":\"fr-FR\",\"potentialAction\":[{\"@type\":\"ReadAction\",\"target\":[\"https:\\\/\\\/www.northcdatacenters.com\\\/ch-fr\\\/media-corner\\\/northc-datacenters-etend-ses-activites-en-suisse\\\/\"]}]},{\"@type\":\"ImageObject\",\"inLanguage\":\"fr-FR\",\"@id\":\"https:\\\/\\\/www.northcdatacenters.com\\\/ch-fr\\\/media-corner\\\/northc-datacenters-etend-ses-activites-en-suisse\\\/#primaryimage\",\"url\":\"https:\\\/\\\/www.northcdatacenters.com\\\/ch-fr\\\/wp-content\\\/uploads\\\/sites\\\/6\\\/2022\\\/04\\\/Uitbreiding_NorthC_Zwitserland.webp\",\"contentUrl\":\"https:\\\/\\\/www.northcdatacenters.com\\\/ch-fr\\\/wp-content\\\/uploads\\\/sites\\\/6\\\/2022\\\/04\\\/Uitbreiding_NorthC_Zwitserland.webp\",\"width\":1920,\"height\":800},{\"@type\":\"BreadcrumbList\",\"@id\":\"https:\\\/\\\/www.northcdatacenters.com\\\/ch-fr\\\/media-corner\\\/northc-datacenters-etend-ses-activites-en-suisse\\\/#breadcrumb\",\"itemListElement\":[{\"@type\":\"ListItem\",\"position\":1,\"name\":\"Home\",\"item\":\"https:\\\/\\\/www.northcdatacenters.com\\\/ch-fr\\\/\"},{\"@type\":\"ListItem\",\"position\":2,\"name\":\"NorthC Datacenters \u00e9tend ses activit\u00e9s en Suisse\"}]},{\"@type\":\"WebSite\",\"@id\":\"https:\\\/\\\/www.northcdatacenters.com\\\/ch-fr\\\/#website\",\"url\":\"https:\\\/\\\/www.northcdatacenters.com\\\/ch-fr\\\/\",\"name\":\"NorthC Datacenters\",\"description\":\"Digital business, Personal connections.\",\"publisher\":{\"@id\":\"https:\\\/\\\/www.northcdatacenters.com\\\/ch-fr\\\/#organization\"},\"potentialAction\":[{\"@type\":\"SearchAction\",\"target\":{\"@type\":\"EntryPoint\",\"urlTemplate\":\"https:\\\/\\\/www.northcdatacenters.com\\\/ch-fr\\\/?s={search_term_string}\"},\"query-input\":{\"@type\":\"PropertyValueSpecification\",\"valueRequired\":true,\"valueName\":\"search_term_string\"}}],\"inLanguage\":\"fr-FR\"},{\"@type\":\"Organization\",\"@id\":\"https:\\\/\\\/www.northcdatacenters.com\\\/ch-fr\\\/#organization\",\"name\":\"NorthC Datacenters\",\"url\":\"https:\\\/\\\/www.northcdatacenters.com\\\/ch-fr\\\/\",\"logo\":{\"@type\":\"ImageObject\",\"inLanguage\":\"fr-FR\",\"@id\":\"https:\\\/\\\/www.northcdatacenters.com\\\/ch-fr\\\/#\\\/schema\\\/logo\\\/image\\\/\",\"url\":\"https:\\\/\\\/www.northcdatacenters.com\\\/ch-fr\\\/wp-content\\\/uploads\\\/sites\\\/6\\\/2024\\\/11\\\/Logo_NorthC.svg\",\"contentUrl\":\"https:\\\/\\\/www.northcdatacenters.com\\\/ch-fr\\\/wp-content\\\/uploads\\\/sites\\\/6\\\/2024\\\/11\\\/Logo_NorthC.svg\",\"width\":110,\"height\":24,\"caption\":\"NorthC Datacenters\"},\"image\":{\"@id\":\"https:\\\/\\\/www.northcdatacenters.com\\\/ch-fr\\\/#\\\/schema\\\/logo\\\/image\\\/\"}},{\"@type\":\"Person\",\"@id\":\"https:\\\/\\\/www.northcdatacenters.com\\\/ch-fr\\\/#\\\/schema\\\/person\\\/48bd24cc9de3798cd9082925b80e68ab\",\"name\":\"Yde van Opstal\",\"url\":\"https:\\\/\\\/www.northcdatacenters.com\\\/ch-fr\\\/author\\\/ydevanopstal\\\/\"}]}<\/script>\n<!-- \/ Yoast SEO Premium plugin. -->","yoast_head_json":{"title":"NorthC Datacenters \u00e9tend ses activit\u00e9s en Suisse","description":"NorthC Datacenters a sign\u00e9 un contrat pour reprendre les centres de donn\u00e9es et les services de connectivit\u00e9 de Netrics en Suisse.","robots":{"index":"index","follow":"follow","max-snippet":"max-snippet:-1","max-image-preview":"max-image-preview:large","max-video-preview":"max-video-preview:-1"},"canonical":"https:\/\/www.northcdatacenters.com\/ch-fr\/media-corner\/northc-datacenters-etend-ses-activites-en-suisse\/","og_locale":"fr_FR","og_type":"article","og_title":"NorthC Datacenters \u00e9tend ses activit\u00e9s en Suisse","og_description":"NorthC signe un accord d'acquisition de centres de donn\u00e9es, renfor\u00e7ant ainsi son empreinte en Suisse.","og_url":"https:\/\/www.northcdatacenters.com\/ch-fr\/media-corner\/northc-datacenters-etend-ses-activites-en-suisse\/","og_site_name":"NorthC Datacenters (CH-FR)","article_published_time":"2022-04-26T06:26:09+00:00","article_modified_time":"2026-04-21T07:39:49+00:00","og_image":[{"width":1920,"height":800,"url":"https:\/\/www.northcdatacenters.com\/ch-fr\/wp-content\/uploads\/sites\/6\/2022\/04\/Uitbreiding_NorthC_Zwitserland.webp","type":"image\/jpeg"}],"author":"Yde van Opstal","twitter_card":"summary_large_image","twitter_misc":{"Written by":"Yde van Opstal","Est. reading time":"4 minutes"},"schema":{"@context":"https:\/\/schema.org","@graph":[{"@type":"Article","@id":"https:\/\/www.northcdatacenters.com\/ch-fr\/media-corner\/northc-datacenters-etend-ses-activites-en-suisse\/#article","isPartOf":{"@id":"https:\/\/www.northcdatacenters.com\/ch-fr\/media-corner\/northc-datacenters-etend-ses-activites-en-suisse\/"},"author":{"name":"Yde van Opstal","@id":"https:\/\/www.northcdatacenters.com\/ch-fr\/#\/schema\/person\/48bd24cc9de3798cd9082925b80e68ab"},"headline":"NorthC Datacenters \u00e9tend ses activit\u00e9s en Suisse","datePublished":"2022-04-26T06:26:09+00:00","dateModified":"2026-04-21T07:39:49+00:00","mainEntityOfPage":{"@id":"https:\/\/www.northcdatacenters.com\/ch-fr\/media-corner\/northc-datacenters-etend-ses-activites-en-suisse\/"},"wordCount":667,"publisher":{"@id":"https:\/\/www.northcdatacenters.com\/ch-fr\/#organization"},"image":{"@id":"https:\/\/www.northcdatacenters.com\/ch-fr\/media-corner\/northc-datacenters-etend-ses-activites-en-suisse\/#primaryimage"},"thumbnailUrl":"https:\/\/www.northcdatacenters.com\/ch-fr\/wp-content\/uploads\/sites\/6\/2022\/04\/Uitbreiding_NorthC_Zwitserland.webp","articleSection":["Media Corner"],"inLanguage":"fr-FR"},{"@type":"WebPage","@id":"https:\/\/www.northcdatacenters.com\/ch-fr\/media-corner\/northc-datacenters-etend-ses-activites-en-suisse\/","url":"https:\/\/www.northcdatacenters.com\/ch-fr\/media-corner\/northc-datacenters-etend-ses-activites-en-suisse\/","name":"NorthC Datacenters \u00e9tend ses activit\u00e9s en Suisse","isPartOf":{"@id":"https:\/\/www.northcdatacenters.com\/ch-fr\/#website"},"primaryImageOfPage":{"@id":"https:\/\/www.northcdatacenters.com\/ch-fr\/media-corner\/northc-datacenters-etend-ses-activites-en-suisse\/#primaryimage"},"image":{"@id":"https:\/\/www.northcdatacenters.com\/ch-fr\/media-corner\/northc-datacenters-etend-ses-activites-en-suisse\/#primaryimage"},"thumbnailUrl":"https:\/\/www.northcdatacenters.com\/ch-fr\/wp-content\/uploads\/sites\/6\/2022\/04\/Uitbreiding_NorthC_Zwitserland.webp","datePublished":"2022-04-26T06:26:09+00:00","dateModified":"2026-04-21T07:39:49+00:00","description":"NorthC Datacenters a sign\u00e9 un contrat pour reprendre les centres de donn\u00e9es et les services de connectivit\u00e9 de Netrics en Suisse.","breadcrumb":{"@id":"https:\/\/www.northcdatacenters.com\/ch-fr\/media-corner\/northc-datacenters-etend-ses-activites-en-suisse\/#breadcrumb"},"inLanguage":"fr-FR","potentialAction":[{"@type":"ReadAction","target":["https:\/\/www.northcdatacenters.com\/ch-fr\/media-corner\/northc-datacenters-etend-ses-activites-en-suisse\/"]}]},{"@type":"ImageObject","inLanguage":"fr-FR","@id":"https:\/\/www.northcdatacenters.com\/ch-fr\/media-corner\/northc-datacenters-etend-ses-activites-en-suisse\/#primaryimage","url":"https:\/\/www.northcdatacenters.com\/ch-fr\/wp-content\/uploads\/sites\/6\/2022\/04\/Uitbreiding_NorthC_Zwitserland.webp","contentUrl":"https:\/\/www.northcdatacenters.com\/ch-fr\/wp-content\/uploads\/sites\/6\/2022\/04\/Uitbreiding_NorthC_Zwitserland.webp","width":1920,"height":800},{"@type":"BreadcrumbList","@id":"https:\/\/www.northcdatacenters.com\/ch-fr\/media-corner\/northc-datacenters-etend-ses-activites-en-suisse\/#breadcrumb","itemListElement":[{"@type":"ListItem","position":1,"name":"Home","item":"https:\/\/www.northcdatacenters.com\/ch-fr\/"},{"@type":"ListItem","position":2,"name":"NorthC Datacenters \u00e9tend ses activit\u00e9s en Suisse"}]},{"@type":"WebSite","@id":"https:\/\/www.northcdatacenters.com\/ch-fr\/#website","url":"https:\/\/www.northcdatacenters.com\/ch-fr\/","name":"NorthC Datacenters","description":"Digital business, Personal connections.","publisher":{"@id":"https:\/\/www.northcdatacenters.com\/ch-fr\/#organization"},"potentialAction":[{"@type":"SearchAction","target":{"@type":"EntryPoint","urlTemplate":"https:\/\/www.northcdatacenters.com\/ch-fr\/?s={search_term_string}"},"query-input":{"@type":"PropertyValueSpecification","valueRequired":true,"valueName":"search_term_string"}}],"inLanguage":"fr-FR"},{"@type":"Organization","@id":"https:\/\/www.northcdatacenters.com\/ch-fr\/#organization","name":"NorthC Datacenters","url":"https:\/\/www.northcdatacenters.com\/ch-fr\/","logo":{"@type":"ImageObject","inLanguage":"fr-FR","@id":"https:\/\/www.northcdatacenters.com\/ch-fr\/#\/schema\/logo\/image\/","url":"https:\/\/www.northcdatacenters.com\/ch-fr\/wp-content\/uploads\/sites\/6\/2024\/11\/Logo_NorthC.svg","contentUrl":"https:\/\/www.northcdatacenters.com\/ch-fr\/wp-content\/uploads\/sites\/6\/2024\/11\/Logo_NorthC.svg","width":110,"height":24,"caption":"NorthC Datacenters"},"image":{"@id":"https:\/\/www.northcdatacenters.com\/ch-fr\/#\/schema\/logo\/image\/"}},{"@type":"Person","@id":"https:\/\/www.northcdatacenters.com\/ch-fr\/#\/schema\/person\/48bd24cc9de3798cd9082925b80e68ab","name":"Yde van Opstal","url":"https:\/\/www.northcdatacenters.com\/ch-fr\/author\/ydevanopstal\/"}]}},"_links":{"self":[{"href":"https:\/\/www.northcdatacenters.com\/ch-fr\/wp-json\/wp\/v2\/posts\/21021","targetHints":{"allow":["GET"]}}],"collection":[{"href":"https:\/\/www.northcdatacenters.com\/ch-fr\/wp-json\/wp\/v2\/posts"}],"about":[{"href":"https:\/\/www.northcdatacenters.com\/ch-fr\/wp-json\/wp\/v2\/types\/post"}],"author":[{"embeddable":true,"href":"https:\/\/www.northcdatacenters.com\/ch-fr\/wp-json\/wp\/v2\/users\/8"}],"replies":[{"embeddable":true,"href":"https:\/\/www.northcdatacenters.com\/ch-fr\/wp-json\/wp\/v2\/comments?post=21021"}],"version-history":[{"count":6,"href":"https:\/\/www.northcdatacenters.com\/ch-fr\/wp-json\/wp\/v2\/posts\/21021\/revisions"}],"predecessor-version":[{"id":31367,"href":"https:\/\/www.northcdatacenters.com\/ch-fr\/wp-json\/wp\/v2\/posts\/21021\/revisions\/31367"}],"wp:featuredmedia":[{"embeddable":true,"href":"https:\/\/www.northcdatacenters.com\/ch-fr\/wp-json\/wp\/v2\/media\/21026"}],"wp:attachment":[{"href":"https:\/\/www.northcdatacenters.com\/ch-fr\/wp-json\/wp\/v2\/media?parent=21021"}],"wp:term":[{"taxonomy":"category","embeddable":true,"href":"https:\/\/www.northcdatacenters.com\/ch-fr\/wp-json\/wp\/v2\/categories?post=21021"},{"taxonomy":"post_tag","embeddable":true,"href":"https:\/\/www.northcdatacenters.com\/ch-fr\/wp-json\/wp\/v2\/tags?post=21021"}],"curies":[{"name":"wp","href":"https:\/\/api.w.org\/{rel}","templated":true}]}}