{"id":21946,"date":"2022-08-15T13:45:30","date_gmt":"2022-08-15T13:45:30","guid":{"rendered":"https:\/\/www.northcdatacenters.com\/ch-fr\/?p=21946"},"modified":"2026-04-21T08:04:12","modified_gmt":"2026-04-21T08:04:12","slug":"northc-group-fait-son-entree-sur-le-marche-suisse-des-centres-de-donnees","status":"publish","type":"post","link":"https:\/\/www.northcdatacenters.com\/ch-fr\/media-corner\/northc-group-fait-son-entree-sur-le-marche-suisse-des-centres-de-donnees\/","title":{"rendered":"NorthC Group fait son entr\u00e9e sur le march\u00e9 suisse des centres de donn\u00e9es"},"content":{"rendered":"<div class=\"wpb-content-wrapper\"><p>[vc_row vc_row_spacing=\u00a0\u00bbdont-add-spacer adds-own-spacer add-spacer-top\u00a0\u00bb el_class=\u00a0\u00bbborder-bottom\u00a0\u00bb][vc_column][vc_column_text]<strong>NorthC Group, le r\u00e9seau de centres de donn\u00e9es r\u00e9gionaux qui conna\u00eet la plus forte croissance en Europe occidentale, fait son entr\u00e9e sur le march\u00e9 suisse. Le leader du march\u00e9 des centres de donn\u00e9es r\u00e9gionaux a \u00e9largi son portefeuille en Suisse avec trois centres de donn\u00e9es \u00e0 M\u00fcnchenstein (B\u00e2le) et Bienne, qu&rsquo;il a int\u00e9gr\u00e9s \u00e0 NorthC Schweiz. L&rsquo;objectif d\u00e9clar\u00e9 est de faire de NorthC le premier choix en Suisse pour les services num\u00e9riques des entreprises tourn\u00e9es vers l&rsquo;avenir.<\/strong><\/p>\n<p>Le r\u00e9seau en pleine expansion des centres de donn\u00e9es r\u00e9gionaux de NorthC en Europe occidentale s&rsquo;agrandit avec la cr\u00e9ation de NorthC Schweiz, qui apporte 13.000 m\u00b2 suppl\u00e9mentaires de surface de centres de donn\u00e9es en Suisse. Les deux centres de donn\u00e9es situ\u00e9s \u00e0 M\u00fcnchenstein, pr\u00e8s de B\u00e2le, et \u00e0 Bienne disposent de possibilit\u00e9s d&rsquo;extension et offrent des solutions multi-Cloud hybrides modernes et rentables, ainsi que des services de colocation et de connectivit\u00e9. Le fonds d&rsquo;infrastructure europ\u00e9en DWS est l&rsquo;actionnaire majoritaire du groupe NorthC.<\/p>\n<p><strong>Trois centres de donn\u00e9es avec des capacit\u00e9s d&rsquo;extension<\/strong><br \/>\nReli\u00e9s par une dorsale fibre optique \u00e0 haut d\u00e9bit, les centres de donn\u00e9es des r\u00e9gions de B\u00e2le et de Bienne\/Berne b\u00e9n\u00e9ficient d&rsquo;une interconnexion solide. NorthC dispose d&rsquo;une surface totale de plus de 120 000 m\u00b2 r\u00e9partis entre onze centres de donn\u00e9es aux Pays-Bas, deux en Allemagne et trois en Suisse. Tous les centres de donn\u00e9es sont con\u00e7u selon le Tier III.<\/p>\n<p>NorthC a acc\u00e8s \u00e0 un grand nombre de partenaires internationaux et nationaux dans les domaines du Cloud, de la connectivit\u00e9 et de la collaboration. Gr\u00e2ce \u00e0 cette acquisition, les clients des trois centres de donn\u00e9es suisses b\u00e9n\u00e9ficient d&rsquo;une infrastructure de centres de donn\u00e9es optimis\u00e9e et orient\u00e9e vers le long terme, \u00e0 l&rsquo;instar des clients aux Pays-Bas et en Allemagne. La connectivit\u00e9 r\u00e9gionale et la durabilit\u00e9 sont au c\u0153ur de la strat\u00e9gie de l&rsquo;entreprise : afin de pr\u00e9server les ressources, NorthC prolonge le cycle de vie des mat\u00e9riaux utilis\u00e9s et les recycle. Gr\u00e2ce \u00e0 l&rsquo;am\u00e9lioration de l&rsquo;efficacit\u00e9 \u00e9nerg\u00e9tique et \u00e0 l&rsquo;utilisation de la chaleur r\u00e9siduelle comme source d&rsquo;\u00e9nergie suppl\u00e9mentaire, la consommation d&rsquo;\u00e9nergie a \u00e9t\u00e9 r\u00e9duite de mani\u00e8re significative dans tous les centres de donn\u00e9es.<\/p>\n<p>Sur la base de ses valeurs fondamentales que sont l&rsquo;ouverture, la flexibilit\u00e9, l&rsquo;ancrage local et l&rsquo;esprit d&rsquo;entreprise, NorthC s&rsquo;efforce d&rsquo;\u00e9tablir des relations durables avec ses clients en leur apportant une touche personnelle. Gr\u00e2ce \u00e0 sa forte pr\u00e9sence locale, NorthC cr\u00e9e des \u00e9cosyst\u00e8mes r\u00e9gionaux et se distingue ainsi clairement des fournisseurs mondiaux de centres de donn\u00e9es. NorthC offre les connexions les plus rapides avec des centres de donn\u00e9es situ\u00e9s \u00e0 proximit\u00e9 des sites de ses clients.<\/p>\n<p><strong>R\u00e9seau europ\u00e9en de centres de donn\u00e9es avec une expertise locale suisse<\/strong><br \/>\n\u00ab Avec l&rsquo;int\u00e9gration des anciens centres de donn\u00e9es de Netrics Basel dans la famille NorthC, nous offrons en Suisse les m\u00eames valeurs, qualit\u00e9s et avantages que dans les autres centres de donn\u00e9es de NorthC. La durabilit\u00e9, la continuit\u00e9 et la connectivit\u00e9 sont essentielles pour nous \u00bb, d\u00e9clare Alexandra Schless, PDG du groupe NorthC. \u00ab Nous sommes pr\u00eats \u00e0 servir nos clients existants ainsi que nos nouveaux clients avec des services de centres de donn\u00e9es de haute qualit\u00e9 et notre approche tr\u00e8s personnalis\u00e9e, qui est tr\u00e8s appr\u00e9ci\u00e9e de tous. \u00bb<\/p>\n<p>L&rsquo;acquisition des centres de donn\u00e9es suisses permet \u00e0 NorthC de s&rsquo;\u00e9tablir \u00e9galement en Suisse en tant que fournisseur r\u00e9gional de premier plan de services de centres de donn\u00e9es. L&rsquo;objectif de NorthC est de r\u00e9aliser une croissance \u00e0 deux chiffres dans les ann\u00e9es \u00e0 venir. Cela s&rsquo;accompagne d&rsquo;une expansion constante du r\u00e9seau de NorthC, qui cr\u00e9e de nouveaux \u00e9cosyst\u00e8mes r\u00e9gionaux et renforce ceux qui existent d\u00e9j\u00e0.[\/vc_column_text]\n    <picture class=\"responsive-picture \">\n                                              <source srcset=\"https:\/\/www.northcdatacenters.com\/ch-fr\/wp-content\/uploads\/sites\/6\/2020\/02\/Alexandra-Schless-3.webp 1920w, https:\/\/www.northcdatacenters.com\/ch-fr\/wp-content\/uploads\/sites\/6\/2020\/02\/Alexandra-Schless-3-300x300.webp 300w, https:\/\/www.northcdatacenters.com\/ch-fr\/wp-content\/uploads\/sites\/6\/2020\/02\/Alexandra-Schless-3-1024x1024.webp 1024w, https:\/\/www.northcdatacenters.com\/ch-fr\/wp-content\/uploads\/sites\/6\/2020\/02\/Alexandra-Schless-3-768x768.webp 768w, https:\/\/www.northcdatacenters.com\/ch-fr\/wp-content\/uploads\/sites\/6\/2020\/02\/Alexandra-Schless-3-1536x1536.webp 1536w, https:\/\/www.northcdatacenters.com\/ch-fr\/wp-content\/uploads\/sites\/6\/2020\/02\/Alexandra-Schless-3-1256x1256.webp 1256w, https:\/\/www.northcdatacenters.com\/ch-fr\/wp-content\/uploads\/sites\/6\/2020\/02\/Alexandra-Schless-3-250x250.webp 250w, https:\/\/www.northcdatacenters.com\/ch-fr\/wp-content\/uploads\/sites\/6\/2020\/02\/Alexandra-Schless-3-740x740.webp 740w, https:\/\/www.northcdatacenters.com\/ch-fr\/wp-content\/uploads\/sites\/6\/2020\/02\/Alexandra-Schless-3-175x175.webp 175w, https:\/\/www.northcdatacenters.com\/ch-fr\/wp-content\/uploads\/sites\/6\/2020\/02\/Alexandra-Schless-3-360x360.webp 360w, https:\/\/www.northcdatacenters.com\/ch-fr\/wp-content\/uploads\/sites\/6\/2020\/02\/Alexandra-Schless-3-500x500.webp 500w\" media=\"(min-width: 576px)\">\n                        \n      <img decoding=\"async\" src=\"https:\/\/www.northcdatacenters.com\/ch-fr\/wp-content\/uploads\/sites\/6\/2020\/02\/Alexandra-Schless-3.webp\" alt=\"\" loading=\"auto\" width=\"\" height=\"\">\n    <\/picture>\n[vc_column_text]<em>Alexandra Schless, PDG du groupe NorthC<\/em>[\/vc_column_text][\/vc_column][\/vc_row][vc_row full_width=\u00a0\u00bbstretch_row\u00a0\u00bb north_c_background_color=\u00a0\u00bbbg-gray-200&Prime;][vc_column]<div class=\"cta\">\n  <div class=\"cta-grid\">\n    <div class=\"cta-picture\">\n      <picture class=\"responsive-picture d-block\">\n  <img decoding=\"async\" src=\"https:\/\/www.northcdatacenters.com\/ch-fr\/wp-content\/uploads\/sites\/6\/2023\/11\/Bettina-Dudek-3-1256x1256.webp\" srcset=\"https:\/\/www.northcdatacenters.com\/ch-fr\/wp-content\/uploads\/sites\/6\/2023\/11\/Bettina-Dudek-3-1256x1256.webp 1256w, https:\/\/www.northcdatacenters.com\/ch-fr\/wp-content\/uploads\/sites\/6\/2023\/11\/Bettina-Dudek-3-300x300.webp 300w, https:\/\/www.northcdatacenters.com\/ch-fr\/wp-content\/uploads\/sites\/6\/2023\/11\/Bettina-Dudek-3-1024x1024.webp 1024w, https:\/\/www.northcdatacenters.com\/ch-fr\/wp-content\/uploads\/sites\/6\/2023\/11\/Bettina-Dudek-3-768x768.webp 768w, https:\/\/www.northcdatacenters.com\/ch-fr\/wp-content\/uploads\/sites\/6\/2023\/11\/Bettina-Dudek-3-1536x1536.webp 1536w, https:\/\/www.northcdatacenters.com\/ch-fr\/wp-content\/uploads\/sites\/6\/2023\/11\/Bettina-Dudek-3-250x250.webp 250w, https:\/\/www.northcdatacenters.com\/ch-fr\/wp-content\/uploads\/sites\/6\/2023\/11\/Bettina-Dudek-3-740x740.webp 740w, https:\/\/www.northcdatacenters.com\/ch-fr\/wp-content\/uploads\/sites\/6\/2023\/11\/Bettina-Dudek-3-175x175.webp 175w, https:\/\/www.northcdatacenters.com\/ch-fr\/wp-content\/uploads\/sites\/6\/2023\/11\/Bettina-Dudek-3-360x360.webp 360w, https:\/\/www.northcdatacenters.com\/ch-fr\/wp-content\/uploads\/sites\/6\/2023\/11\/Bettina-Dudek-3-500x500.webp 500w, https:\/\/www.northcdatacenters.com\/ch-fr\/wp-content\/uploads\/sites\/6\/2023\/11\/Bettina-Dudek-3.webp 1920w\"\n  class=\"\" style=\"\"\n  loading=\"lazy\"\n  sizes=\"(min-width: 992px) 1280px, 100vw\" \/><\/picture>\n          <\/div>\n\n    <div class=\"text text-white d-flex flex-column gap-4 justify-content-center align-items-center p-6 pb-12 px-lg-12 px-xxl-28\">\n      <h6 class=\"text-primary lh214 font-extrabold text-center mb-0\">Contactez-nous<\/h6>\n      <h3 class=\"mb-2 text-center text-sm-5xl mb-sm-6 text-balance\">Besoin de conseils propres \u00e0 votre situation?<\/h3>\n      <div class=\"buttons d-flex flex-column flex-lg-row flex-wrap gap-4 align-items-center justify-content-center dark-background\">\n                  \n  <button class=\"btn btn-primary\" type=\"button\" data-bs-toggle=\"offcanvas\" data-bs-target=\"#offcanvas_15\" aria-controls=\"offcanvas_15\">\n    Demander un devis  <\/button>\n                  \n  \n  <button class=\"btn btn-secondary\" type=\"button\" data-bs-toggle=\"offcanvas\" data-bs-target=\"#offcanvas_34\" aria-controls=\"offcanvas_34\">\n    Planifier une visite  <\/button>\n\n              <\/div>\n    <\/div>\n  <\/div>\n<\/div>[\/vc_column][\/vc_row]<\/p>\n<\/div>","protected":false},"excerpt":{"rendered":"<p>[vc_row vc_row_spacing=\u00a0\u00bbdont-add-spacer adds-own-spacer add-spacer-top\u00a0\u00bb el_class=\u00a0\u00bbborder-bottom\u00a0\u00bb][vc_column][vc_column_text]NorthC Group, le r\u00e9seau de centres de donn\u00e9es r\u00e9gionaux qui conna\u00eet la plus forte croissance en Europe occidentale, fait son entr\u00e9e sur le march\u00e9 suisse. Le leader du march\u00e9 des centres de donn\u00e9es r\u00e9gionaux a \u00e9largi son portefeuille en Suisse avec trois centres de donn\u00e9es \u00e0 M\u00fcnchenstein (B\u00e2le) et Bienne, qu&rsquo;il &#8230;<\/p>\n","protected":false},"author":8,"featured_media":21949,"comment_status":"closed","ping_status":"closed","sticky":false,"template":"","format":"standard","meta":{"_acf_changed":false,"_relevanssi_hide_post":"","_relevanssi_hide_content":"","_relevanssi_pin_for_all":"","_relevanssi_pin_keywords":"","_relevanssi_unpin_keywords":"","_relevanssi_related_keywords":"","_relevanssi_related_include_ids":"","_relevanssi_related_exclude_ids":"","_relevanssi_related_no_append":"","_relevanssi_related_not_related":"","_relevanssi_related_posts":"","_relevanssi_noindex_reason":"","footnotes":""},"categories":[48],"tags":[],"class_list":["post-21946","post","type-post","status-publish","format-standard","has-post-thumbnail","hentry","category-media-corner"],"acf":[],"yoast_head":"<!-- This site is optimized with the Yoast SEO Premium plugin v27.4 (Yoast SEO v27.4) - https:\/\/yoast.com\/product\/yoast-seo-premium-wordpress\/ -->\n<title>NorthC entre sur le march\u00e9 suisse des centres de donn\u00e9es<\/title>\n<meta name=\"description\" content=\"NorthC Group, le r\u00e9seau de centres de donn\u00e9es r\u00e9gionaux en pleine expansion en Europe occidentale, fait son entr\u00e9e sur le march\u00e9 suisse.\" \/>\n<meta name=\"robots\" content=\"index, follow, max-snippet:-1, max-image-preview:large, max-video-preview:-1\" \/>\n<link rel=\"canonical\" href=\"https:\/\/www.northcdatacenters.com\/ch-fr\/media-corner\/northc-group-fait-son-entree-sur-le-marche-suisse-des-centres-de-donnees\/\" \/>\n<meta property=\"og:locale\" content=\"fr_FR\" \/>\n<meta property=\"og:type\" content=\"article\" \/>\n<meta property=\"og:title\" content=\"NorthC Group fait son entr\u00e9e sur le march\u00e9 suisse des centres de donn\u00e9es\" \/>\n<meta property=\"og:description\" content=\"NorthC fait son entr\u00e9e sur le march\u00e9 suisse avec des centres de donn\u00e9es accessibles aux entreprises tourn\u00e9es vers l&#039;avenir.\" \/>\n<meta property=\"og:url\" content=\"https:\/\/www.northcdatacenters.com\/ch-fr\/media-corner\/northc-group-fait-son-entree-sur-le-marche-suisse-des-centres-de-donnees\/\" \/>\n<meta property=\"og:site_name\" content=\"NorthC Datacenters (CH-FR)\" \/>\n<meta property=\"article:published_time\" content=\"2022-08-15T13:45:30+00:00\" \/>\n<meta property=\"article:modified_time\" content=\"2026-04-21T08:04:12+00:00\" \/>\n<meta property=\"og:image\" content=\"https:\/\/www.northcdatacenters.com\/ch-fr\/wp-content\/uploads\/sites\/6\/2022\/08\/Biel_Basel_hero.webp\" \/>\n\t<meta property=\"og:image:width\" content=\"1920\" \/>\n\t<meta property=\"og:image:height\" content=\"600\" \/>\n\t<meta property=\"og:image:type\" content=\"image\/jpeg\" \/>\n<meta name=\"author\" content=\"Yde van Opstal\" \/>\n<meta name=\"twitter:card\" content=\"summary_large_image\" \/>\n<meta name=\"twitter:label1\" content=\"Written by\" \/>\n\t<meta name=\"twitter:data1\" content=\"Yde van Opstal\" \/>\n\t<meta name=\"twitter:label2\" content=\"Est. reading time\" \/>\n\t<meta name=\"twitter:data2\" content=\"4 minutes\" \/>\n<script type=\"application\/ld+json\" class=\"yoast-schema-graph\">{\"@context\":\"https:\\\/\\\/schema.org\",\"@graph\":[{\"@type\":\"Article\",\"@id\":\"https:\\\/\\\/www.northcdatacenters.com\\\/ch-fr\\\/media-corner\\\/northc-group-fait-son-entree-sur-le-marche-suisse-des-centres-de-donnees\\\/#article\",\"isPartOf\":{\"@id\":\"https:\\\/\\\/www.northcdatacenters.com\\\/ch-fr\\\/media-corner\\\/northc-group-fait-son-entree-sur-le-marche-suisse-des-centres-de-donnees\\\/\"},\"author\":{\"name\":\"Yde van Opstal\",\"@id\":\"https:\\\/\\\/www.northcdatacenters.com\\\/ch-fr\\\/#\\\/schema\\\/person\\\/48bd24cc9de3798cd9082925b80e68ab\"},\"headline\":\"NorthC Group fait son entr\u00e9e sur le march\u00e9 suisse des centres de donn\u00e9es\",\"datePublished\":\"2022-08-15T13:45:30+00:00\",\"dateModified\":\"2026-04-21T08:04:12+00:00\",\"mainEntityOfPage\":{\"@id\":\"https:\\\/\\\/www.northcdatacenters.com\\\/ch-fr\\\/media-corner\\\/northc-group-fait-son-entree-sur-le-marche-suisse-des-centres-de-donnees\\\/\"},\"wordCount\":820,\"publisher\":{\"@id\":\"https:\\\/\\\/www.northcdatacenters.com\\\/ch-fr\\\/#organization\"},\"image\":{\"@id\":\"https:\\\/\\\/www.northcdatacenters.com\\\/ch-fr\\\/media-corner\\\/northc-group-fait-son-entree-sur-le-marche-suisse-des-centres-de-donnees\\\/#primaryimage\"},\"thumbnailUrl\":\"https:\\\/\\\/www.northcdatacenters.com\\\/ch-fr\\\/wp-content\\\/uploads\\\/sites\\\/6\\\/2022\\\/08\\\/Biel_Basel_hero.webp\",\"articleSection\":[\"Media Corner\"],\"inLanguage\":\"fr-FR\"},{\"@type\":\"WebPage\",\"@id\":\"https:\\\/\\\/www.northcdatacenters.com\\\/ch-fr\\\/media-corner\\\/northc-group-fait-son-entree-sur-le-marche-suisse-des-centres-de-donnees\\\/\",\"url\":\"https:\\\/\\\/www.northcdatacenters.com\\\/ch-fr\\\/media-corner\\\/northc-group-fait-son-entree-sur-le-marche-suisse-des-centres-de-donnees\\\/\",\"name\":\"NorthC entre sur le march\u00e9 suisse des centres de donn\u00e9es\",\"isPartOf\":{\"@id\":\"https:\\\/\\\/www.northcdatacenters.com\\\/ch-fr\\\/#website\"},\"primaryImageOfPage\":{\"@id\":\"https:\\\/\\\/www.northcdatacenters.com\\\/ch-fr\\\/media-corner\\\/northc-group-fait-son-entree-sur-le-marche-suisse-des-centres-de-donnees\\\/#primaryimage\"},\"image\":{\"@id\":\"https:\\\/\\\/www.northcdatacenters.com\\\/ch-fr\\\/media-corner\\\/northc-group-fait-son-entree-sur-le-marche-suisse-des-centres-de-donnees\\\/#primaryimage\"},\"thumbnailUrl\":\"https:\\\/\\\/www.northcdatacenters.com\\\/ch-fr\\\/wp-content\\\/uploads\\\/sites\\\/6\\\/2022\\\/08\\\/Biel_Basel_hero.webp\",\"datePublished\":\"2022-08-15T13:45:30+00:00\",\"dateModified\":\"2026-04-21T08:04:12+00:00\",\"description\":\"NorthC Group, le r\u00e9seau de centres de donn\u00e9es r\u00e9gionaux en pleine expansion en Europe occidentale, fait son entr\u00e9e sur le march\u00e9 suisse.\",\"breadcrumb\":{\"@id\":\"https:\\\/\\\/www.northcdatacenters.com\\\/ch-fr\\\/media-corner\\\/northc-group-fait-son-entree-sur-le-marche-suisse-des-centres-de-donnees\\\/#breadcrumb\"},\"inLanguage\":\"fr-FR\",\"potentialAction\":[{\"@type\":\"ReadAction\",\"target\":[\"https:\\\/\\\/www.northcdatacenters.com\\\/ch-fr\\\/media-corner\\\/northc-group-fait-son-entree-sur-le-marche-suisse-des-centres-de-donnees\\\/\"]}]},{\"@type\":\"ImageObject\",\"inLanguage\":\"fr-FR\",\"@id\":\"https:\\\/\\\/www.northcdatacenters.com\\\/ch-fr\\\/media-corner\\\/northc-group-fait-son-entree-sur-le-marche-suisse-des-centres-de-donnees\\\/#primaryimage\",\"url\":\"https:\\\/\\\/www.northcdatacenters.com\\\/ch-fr\\\/wp-content\\\/uploads\\\/sites\\\/6\\\/2022\\\/08\\\/Biel_Basel_hero.webp\",\"contentUrl\":\"https:\\\/\\\/www.northcdatacenters.com\\\/ch-fr\\\/wp-content\\\/uploads\\\/sites\\\/6\\\/2022\\\/08\\\/Biel_Basel_hero.webp\",\"width\":1920,\"height\":600},{\"@type\":\"BreadcrumbList\",\"@id\":\"https:\\\/\\\/www.northcdatacenters.com\\\/ch-fr\\\/media-corner\\\/northc-group-fait-son-entree-sur-le-marche-suisse-des-centres-de-donnees\\\/#breadcrumb\",\"itemListElement\":[{\"@type\":\"ListItem\",\"position\":1,\"name\":\"Home\",\"item\":\"https:\\\/\\\/www.northcdatacenters.com\\\/ch-fr\\\/\"},{\"@type\":\"ListItem\",\"position\":2,\"name\":\"NorthC Group fait son entr\u00e9e sur le march\u00e9 suisse des centres de donn\u00e9es\"}]},{\"@type\":\"WebSite\",\"@id\":\"https:\\\/\\\/www.northcdatacenters.com\\\/ch-fr\\\/#website\",\"url\":\"https:\\\/\\\/www.northcdatacenters.com\\\/ch-fr\\\/\",\"name\":\"NorthC Datacenters\",\"description\":\"Digital business, Personal connections.\",\"publisher\":{\"@id\":\"https:\\\/\\\/www.northcdatacenters.com\\\/ch-fr\\\/#organization\"},\"potentialAction\":[{\"@type\":\"SearchAction\",\"target\":{\"@type\":\"EntryPoint\",\"urlTemplate\":\"https:\\\/\\\/www.northcdatacenters.com\\\/ch-fr\\\/?s={search_term_string}\"},\"query-input\":{\"@type\":\"PropertyValueSpecification\",\"valueRequired\":true,\"valueName\":\"search_term_string\"}}],\"inLanguage\":\"fr-FR\"},{\"@type\":\"Organization\",\"@id\":\"https:\\\/\\\/www.northcdatacenters.com\\\/ch-fr\\\/#organization\",\"name\":\"NorthC Datacenters\",\"url\":\"https:\\\/\\\/www.northcdatacenters.com\\\/ch-fr\\\/\",\"logo\":{\"@type\":\"ImageObject\",\"inLanguage\":\"fr-FR\",\"@id\":\"https:\\\/\\\/www.northcdatacenters.com\\\/ch-fr\\\/#\\\/schema\\\/logo\\\/image\\\/\",\"url\":\"https:\\\/\\\/www.northcdatacenters.com\\\/ch-fr\\\/wp-content\\\/uploads\\\/sites\\\/6\\\/2024\\\/11\\\/Logo_NorthC.svg\",\"contentUrl\":\"https:\\\/\\\/www.northcdatacenters.com\\\/ch-fr\\\/wp-content\\\/uploads\\\/sites\\\/6\\\/2024\\\/11\\\/Logo_NorthC.svg\",\"width\":110,\"height\":24,\"caption\":\"NorthC Datacenters\"},\"image\":{\"@id\":\"https:\\\/\\\/www.northcdatacenters.com\\\/ch-fr\\\/#\\\/schema\\\/logo\\\/image\\\/\"}},{\"@type\":\"Person\",\"@id\":\"https:\\\/\\\/www.northcdatacenters.com\\\/ch-fr\\\/#\\\/schema\\\/person\\\/48bd24cc9de3798cd9082925b80e68ab\",\"name\":\"Yde van Opstal\",\"url\":\"https:\\\/\\\/www.northcdatacenters.com\\\/ch-fr\\\/author\\\/ydevanopstal\\\/\"}]}<\/script>\n<!-- \/ Yoast SEO Premium plugin. -->","yoast_head_json":{"title":"NorthC entre sur le march\u00e9 suisse des centres de donn\u00e9es","description":"NorthC Group, le r\u00e9seau de centres de donn\u00e9es r\u00e9gionaux en pleine expansion en Europe occidentale, fait son entr\u00e9e sur le march\u00e9 suisse.","robots":{"index":"index","follow":"follow","max-snippet":"max-snippet:-1","max-image-preview":"max-image-preview:large","max-video-preview":"max-video-preview:-1"},"canonical":"https:\/\/www.northcdatacenters.com\/ch-fr\/media-corner\/northc-group-fait-son-entree-sur-le-marche-suisse-des-centres-de-donnees\/","og_locale":"fr_FR","og_type":"article","og_title":"NorthC Group fait son entr\u00e9e sur le march\u00e9 suisse des centres de donn\u00e9es","og_description":"NorthC fait son entr\u00e9e sur le march\u00e9 suisse avec des centres de donn\u00e9es accessibles aux entreprises tourn\u00e9es vers l'avenir.","og_url":"https:\/\/www.northcdatacenters.com\/ch-fr\/media-corner\/northc-group-fait-son-entree-sur-le-marche-suisse-des-centres-de-donnees\/","og_site_name":"NorthC Datacenters (CH-FR)","article_published_time":"2022-08-15T13:45:30+00:00","article_modified_time":"2026-04-21T08:04:12+00:00","og_image":[{"width":1920,"height":600,"url":"https:\/\/www.northcdatacenters.com\/ch-fr\/wp-content\/uploads\/sites\/6\/2022\/08\/Biel_Basel_hero.webp","type":"image\/jpeg"}],"author":"Yde van Opstal","twitter_card":"summary_large_image","twitter_misc":{"Written by":"Yde van Opstal","Est. reading time":"4 minutes"},"schema":{"@context":"https:\/\/schema.org","@graph":[{"@type":"Article","@id":"https:\/\/www.northcdatacenters.com\/ch-fr\/media-corner\/northc-group-fait-son-entree-sur-le-marche-suisse-des-centres-de-donnees\/#article","isPartOf":{"@id":"https:\/\/www.northcdatacenters.com\/ch-fr\/media-corner\/northc-group-fait-son-entree-sur-le-marche-suisse-des-centres-de-donnees\/"},"author":{"name":"Yde van Opstal","@id":"https:\/\/www.northcdatacenters.com\/ch-fr\/#\/schema\/person\/48bd24cc9de3798cd9082925b80e68ab"},"headline":"NorthC Group fait son entr\u00e9e sur le march\u00e9 suisse des centres de donn\u00e9es","datePublished":"2022-08-15T13:45:30+00:00","dateModified":"2026-04-21T08:04:12+00:00","mainEntityOfPage":{"@id":"https:\/\/www.northcdatacenters.com\/ch-fr\/media-corner\/northc-group-fait-son-entree-sur-le-marche-suisse-des-centres-de-donnees\/"},"wordCount":820,"publisher":{"@id":"https:\/\/www.northcdatacenters.com\/ch-fr\/#organization"},"image":{"@id":"https:\/\/www.northcdatacenters.com\/ch-fr\/media-corner\/northc-group-fait-son-entree-sur-le-marche-suisse-des-centres-de-donnees\/#primaryimage"},"thumbnailUrl":"https:\/\/www.northcdatacenters.com\/ch-fr\/wp-content\/uploads\/sites\/6\/2022\/08\/Biel_Basel_hero.webp","articleSection":["Media Corner"],"inLanguage":"fr-FR"},{"@type":"WebPage","@id":"https:\/\/www.northcdatacenters.com\/ch-fr\/media-corner\/northc-group-fait-son-entree-sur-le-marche-suisse-des-centres-de-donnees\/","url":"https:\/\/www.northcdatacenters.com\/ch-fr\/media-corner\/northc-group-fait-son-entree-sur-le-marche-suisse-des-centres-de-donnees\/","name":"NorthC entre sur le march\u00e9 suisse des centres de donn\u00e9es","isPartOf":{"@id":"https:\/\/www.northcdatacenters.com\/ch-fr\/#website"},"primaryImageOfPage":{"@id":"https:\/\/www.northcdatacenters.com\/ch-fr\/media-corner\/northc-group-fait-son-entree-sur-le-marche-suisse-des-centres-de-donnees\/#primaryimage"},"image":{"@id":"https:\/\/www.northcdatacenters.com\/ch-fr\/media-corner\/northc-group-fait-son-entree-sur-le-marche-suisse-des-centres-de-donnees\/#primaryimage"},"thumbnailUrl":"https:\/\/www.northcdatacenters.com\/ch-fr\/wp-content\/uploads\/sites\/6\/2022\/08\/Biel_Basel_hero.webp","datePublished":"2022-08-15T13:45:30+00:00","dateModified":"2026-04-21T08:04:12+00:00","description":"NorthC Group, le r\u00e9seau de centres de donn\u00e9es r\u00e9gionaux en pleine expansion en Europe occidentale, fait son entr\u00e9e sur le march\u00e9 suisse.","breadcrumb":{"@id":"https:\/\/www.northcdatacenters.com\/ch-fr\/media-corner\/northc-group-fait-son-entree-sur-le-marche-suisse-des-centres-de-donnees\/#breadcrumb"},"inLanguage":"fr-FR","potentialAction":[{"@type":"ReadAction","target":["https:\/\/www.northcdatacenters.com\/ch-fr\/media-corner\/northc-group-fait-son-entree-sur-le-marche-suisse-des-centres-de-donnees\/"]}]},{"@type":"ImageObject","inLanguage":"fr-FR","@id":"https:\/\/www.northcdatacenters.com\/ch-fr\/media-corner\/northc-group-fait-son-entree-sur-le-marche-suisse-des-centres-de-donnees\/#primaryimage","url":"https:\/\/www.northcdatacenters.com\/ch-fr\/wp-content\/uploads\/sites\/6\/2022\/08\/Biel_Basel_hero.webp","contentUrl":"https:\/\/www.northcdatacenters.com\/ch-fr\/wp-content\/uploads\/sites\/6\/2022\/08\/Biel_Basel_hero.webp","width":1920,"height":600},{"@type":"BreadcrumbList","@id":"https:\/\/www.northcdatacenters.com\/ch-fr\/media-corner\/northc-group-fait-son-entree-sur-le-marche-suisse-des-centres-de-donnees\/#breadcrumb","itemListElement":[{"@type":"ListItem","position":1,"name":"Home","item":"https:\/\/www.northcdatacenters.com\/ch-fr\/"},{"@type":"ListItem","position":2,"name":"NorthC Group fait son entr\u00e9e sur le march\u00e9 suisse des centres de donn\u00e9es"}]},{"@type":"WebSite","@id":"https:\/\/www.northcdatacenters.com\/ch-fr\/#website","url":"https:\/\/www.northcdatacenters.com\/ch-fr\/","name":"NorthC Datacenters","description":"Digital business, Personal connections.","publisher":{"@id":"https:\/\/www.northcdatacenters.com\/ch-fr\/#organization"},"potentialAction":[{"@type":"SearchAction","target":{"@type":"EntryPoint","urlTemplate":"https:\/\/www.northcdatacenters.com\/ch-fr\/?s={search_term_string}"},"query-input":{"@type":"PropertyValueSpecification","valueRequired":true,"valueName":"search_term_string"}}],"inLanguage":"fr-FR"},{"@type":"Organization","@id":"https:\/\/www.northcdatacenters.com\/ch-fr\/#organization","name":"NorthC Datacenters","url":"https:\/\/www.northcdatacenters.com\/ch-fr\/","logo":{"@type":"ImageObject","inLanguage":"fr-FR","@id":"https:\/\/www.northcdatacenters.com\/ch-fr\/#\/schema\/logo\/image\/","url":"https:\/\/www.northcdatacenters.com\/ch-fr\/wp-content\/uploads\/sites\/6\/2024\/11\/Logo_NorthC.svg","contentUrl":"https:\/\/www.northcdatacenters.com\/ch-fr\/wp-content\/uploads\/sites\/6\/2024\/11\/Logo_NorthC.svg","width":110,"height":24,"caption":"NorthC Datacenters"},"image":{"@id":"https:\/\/www.northcdatacenters.com\/ch-fr\/#\/schema\/logo\/image\/"}},{"@type":"Person","@id":"https:\/\/www.northcdatacenters.com\/ch-fr\/#\/schema\/person\/48bd24cc9de3798cd9082925b80e68ab","name":"Yde van Opstal","url":"https:\/\/www.northcdatacenters.com\/ch-fr\/author\/ydevanopstal\/"}]}},"_links":{"self":[{"href":"https:\/\/www.northcdatacenters.com\/ch-fr\/wp-json\/wp\/v2\/posts\/21946","targetHints":{"allow":["GET"]}}],"collection":[{"href":"https:\/\/www.northcdatacenters.com\/ch-fr\/wp-json\/wp\/v2\/posts"}],"about":[{"href":"https:\/\/www.northcdatacenters.com\/ch-fr\/wp-json\/wp\/v2\/types\/post"}],"author":[{"embeddable":true,"href":"https:\/\/www.northcdatacenters.com\/ch-fr\/wp-json\/wp\/v2\/users\/8"}],"replies":[{"embeddable":true,"href":"https:\/\/www.northcdatacenters.com\/ch-fr\/wp-json\/wp\/v2\/comments?post=21946"}],"version-history":[{"count":6,"href":"https:\/\/www.northcdatacenters.com\/ch-fr\/wp-json\/wp\/v2\/posts\/21946\/revisions"}],"predecessor-version":[{"id":31600,"href":"https:\/\/www.northcdatacenters.com\/ch-fr\/wp-json\/wp\/v2\/posts\/21946\/revisions\/31600"}],"wp:featuredmedia":[{"embeddable":true,"href":"https:\/\/www.northcdatacenters.com\/ch-fr\/wp-json\/wp\/v2\/media\/21949"}],"wp:attachment":[{"href":"https:\/\/www.northcdatacenters.com\/ch-fr\/wp-json\/wp\/v2\/media?parent=21946"}],"wp:term":[{"taxonomy":"category","embeddable":true,"href":"https:\/\/www.northcdatacenters.com\/ch-fr\/wp-json\/wp\/v2\/categories?post=21946"},{"taxonomy":"post_tag","embeddable":true,"href":"https:\/\/www.northcdatacenters.com\/ch-fr\/wp-json\/wp\/v2\/tags?post=21946"}],"curies":[{"name":"wp","href":"https:\/\/api.w.org\/{rel}","templated":true}]}}