{"id":22205,"date":"2022-11-17T08:15:41","date_gmt":"2022-11-17T08:15:41","guid":{"rendered":"https:\/\/www.northcdatacenters.com\/ch-fr\/?p=22205"},"modified":"2026-04-22T11:04:02","modified_gmt":"2026-04-22T11:04:02","slug":"le-premier-reseau-de-centres-de-donnees-d-europe-occidentale-souhaite-egalement-se-developper-en-suisse","status":"publish","type":"post","link":"https:\/\/www.northcdatacenters.com\/ch-fr\/media-corner\/le-premier-reseau-de-centres-de-donnees-d-europe-occidentale-souhaite-egalement-se-developper-en-suisse\/","title":{"rendered":"Le premier r\u00e9seau de centres de donn\u00e9es d&rsquo;Europe occidentale souhaite \u00e9galement se d\u00e9velopper en Suisse"},"content":{"rendered":"<div class=\"wpb-content-wrapper\"><p>[vc_row vc_row_spacing=\u00a0\u00bbdont-add-spacer adds-own-spacer add-spacer-top\u00a0\u00bb el_class=\u00a0\u00bbborder-bottom\u00a0\u00bb][vc_column][vc_column_text]<\/p>\n<p class=\"lead\">Le pionnier Frank Zachmann devient directeur g\u00e9n\u00e9ral pour la r\u00e9gion DACH<\/p>\n<p><strong>Avec la transformation en\u00a0<\/strong><a style=\"color: #191919;--bs-link-color-rgb: 25,25,25\" href=\"https:\/\/www.northcdatacenters.com\/de\/?&amp;utm_medium=press-release&amp;utm_source=news&amp;utm_campaign=rebranding\"><strong>NorthC Deutschland GmbH<\/strong><\/a><strong>, le groupe NorthC finalise l&rsquo;acquisition r\u00e9ussie d&rsquo;IP Exchange GmbH et effectue la premi\u00e8re \u00e9tape dans l&rsquo;exploration du march\u00e9 allemand. L&rsquo;entreprise souligne ainsi son objectif de devenir le premier fournisseur de services de centres de donn\u00e9es r\u00e9gionaux en Europe et pr\u00e9voit une forte croissance, en particulier dans les pays germanophones. En Suisse, NorthC exploite d\u00e9j\u00e0 deux centres de donn\u00e9es \u00e0 M\u00fcnchenstein, pr\u00e8s de B\u00e2le, et un \u00e0 Bienne.<\/strong><\/p>\n<p>En tant que leader du march\u00e9 aux Pays-Bas, NorthC op\u00e8re avec succ\u00e8s \u00e0 l&rsquo;\u00e9chelle nationale et exploite onze centres de donn\u00e9es r\u00e9gionaux. NorthC dispose \u00e9galement de trois sites en Suisse. Il s&rsquo;agit d\u00e9sormais de reproduire cette r\u00e9ussite dans toute la r\u00e9gion germanophone et, \u00e0 long terme, dans toute l&rsquo;Europe. NorthC souhaite cr\u00e9er une plateforme de centres de donn\u00e9es r\u00e9gionaux interconnect\u00e9s et offrir ainsi une expertise et des sites r\u00e9gionaux \u00e0 l&rsquo;\u00e9chelle nationale.<\/p>\n<p><strong>Objectif : expansion dans la r\u00e9gion DACH\u00a0<\/strong><\/p>\n<p>NorthC a confi\u00e9 la mise en place et la direction de ses activit\u00e9s dans la r\u00e9gion DACH \u00e0 Frank Zachmann, pionnier du secteur. En tant que directeur g\u00e9n\u00e9ral, il est responsable de la direction et de la gestion de la soci\u00e9t\u00e9 allemande ainsi que de l&rsquo;expansion du groupe NorthC dans toute la r\u00e9gion DACH. Fort de plus de 25 ans d&rsquo;exp\u00e9rience, M. Zachmann participe activement au d\u00e9veloppement du march\u00e9 des fournisseurs de colocation en Allemagne depuis la fin des ann\u00e9es 90. Auparavant, il a notamment occup\u00e9 le poste de vice-pr\u00e9sident du d\u00e9veloppement commercial EMEA pour la soci\u00e9t\u00e9 de centres de donn\u00e9es Equinix et celui de directeur du marketing et de la strat\u00e9gie chez Interxion.<\/p>\n<p>\u00ab J&rsquo;ai toujours \u00e9t\u00e9 int\u00e9ress\u00e9 par la participation active \u00e0 la conception de tendances et d&rsquo;innovations plut\u00f4t que par leur simple gestion, et je me r\u00e9jouis de pouvoir d\u00e9velopper et fa\u00e7onner activement le march\u00e9 en Allemagne et dans toute la r\u00e9gion DACH en tant que directeur g\u00e9n\u00e9ral \u00bb, commente M. Zachmann. \u00ab Au cours des derni\u00e8res \u00e9tapes de ma carri\u00e8re, j&rsquo;ai d\u00e9j\u00e0 suivi et observ\u00e9 l&rsquo;id\u00e9e des centres de colocation r\u00e9gionaux. Ce qui m&rsquo;a s\u00e9duit d\u00e8s le d\u00e9but chez NorthC, c&rsquo;est le professionnalisme et la rapidit\u00e9 avec lesquels les d\u00e9cisions ont \u00e9t\u00e9 prises, tant pour l&rsquo;acquisition des sites et de la soci\u00e9t\u00e9 allemands que pour l&rsquo;entr\u00e9e sur le march\u00e9 suisse. Cette fa\u00e7on de proc\u00e9der, associ\u00e9e \u00e0 la confiance que j&rsquo;ai dans toute l&rsquo;\u00e9quipe qui se cache derri\u00e8re la marque, a confirm\u00e9 mon sentiment et ma premi\u00e8re impression : NorthC ne se contente pas de faire des promesses, mais agit et les tient. \u00bb<\/p>\n<p><strong>Une pr\u00e9sence r\u00e9gionale implique une responsabilit\u00e9 r\u00e9gionale<\/strong><\/p>\n<p>NorthC propose des services de centres de donn\u00e9es de haute qualit\u00e9 ainsi que des solutions de connectivit\u00e9 et de Cloud hybride personnalis\u00e9es pour les petites entreprises r\u00e9gionales, les moyennes entreprises, les grandes organisations et les institutions gouvernementales, ainsi que pour les fournisseurs de services Cloud et informatiques.<\/p>\n<p>L&rsquo;entreprise travaille selon la devise \u00ab Digital Business and Personal Connections \u00bb. Contrairement aux fournisseurs internationaux, dont les succursales allemandes sont souvent purement ax\u00e9es sur la vente, NorthC accorde une grande importance \u00e0 la repr\u00e9sentation locale, \u00e0 l&rsquo;expertise et \u00e0 la responsabilit\u00e9 individuelle sur les march\u00e9s concern\u00e9s. Gr\u00e2ce \u00e0 ses structures locales en termes de personnel et de direction, NorthC est en mesure d&rsquo;offrir le m\u00eame niveau de qualit\u00e9 de service et de conseil que les fournisseurs purement locaux dans chaque r\u00e9gion. M. Zachmann a de grands projets pour l&rsquo;espace germanophone. Au cours des trois prochaines ann\u00e9es, il pr\u00e9voit d&rsquo;ouvrir de nombreux autres sites en Allemagne et en Suisse, ainsi que de p\u00e9n\u00e9trer le march\u00e9 autrichien.<\/p>\n<p>Avec ses deux premiers sites en Allemagne, NorthC souligne son expertise dans le sud du pays. Les deux centres de donn\u00e9es durables de Nuremberg et Munich ont une superficie totale de 10.500 m\u00b2 et 5.000 m\u00b2 et sont aliment\u00e9s \u00e0 100 % par de l&rsquo;\u00e9lectricit\u00e9 verte certifi\u00e9e. Les deux centres de donn\u00e9es sont construits selon la norme DIN 50600 CAT III et r\u00e9pondent aux exigences et certifications les plus strictes en mati\u00e8re de s\u00e9curit\u00e9 des donn\u00e9es.<\/p>\n<p>Pour plus d&rsquo;informations sur le groupe NorthC, rendez-vous sur notre site \u00e0 l&rsquo;adresse <a href=\"https:\/\/www.northcdatacenters.com\/en\/\">www.northcdatacenters.com\/en\/<\/a>[\/vc_column_text][\/vc_column][\/vc_row][vc_row full_width=\u00a0\u00bbstretch_row\u00a0\u00bb north_c_background_color=\u00a0\u00bbbg-gray-200&Prime;][vc_column]<div class=\"cta\">\n  <div class=\"cta-grid\">\n    <div class=\"cta-picture\">\n      <picture class=\"responsive-picture d-block\">\n  <img decoding=\"async\" src=\"https:\/\/www.northcdatacenters.com\/ch-fr\/wp-content\/uploads\/sites\/6\/2022\/11\/Patrik-Hofer-1-1256x1256.webp\" srcset=\"https:\/\/www.northcdatacenters.com\/ch-fr\/wp-content\/uploads\/sites\/6\/2022\/11\/Patrik-Hofer-1-1256x1256.webp 1256w, https:\/\/www.northcdatacenters.com\/ch-fr\/wp-content\/uploads\/sites\/6\/2022\/11\/Patrik-Hofer-1-360x360.webp 360w, https:\/\/www.northcdatacenters.com\/ch-fr\/wp-content\/uploads\/sites\/6\/2022\/11\/Patrik-Hofer-1-500x500.webp 500w, https:\/\/www.northcdatacenters.com\/ch-fr\/wp-content\/uploads\/sites\/6\/2022\/11\/Patrik-Hofer-1-300x300.webp 300w, https:\/\/www.northcdatacenters.com\/ch-fr\/wp-content\/uploads\/sites\/6\/2022\/11\/Patrik-Hofer-1-768x768.webp 768w, https:\/\/www.northcdatacenters.com\/ch-fr\/wp-content\/uploads\/sites\/6\/2022\/11\/Patrik-Hofer-1-1024x1024.webp 1024w, https:\/\/www.northcdatacenters.com\/ch-fr\/wp-content\/uploads\/sites\/6\/2022\/11\/Patrik-Hofer-1-1536x1536.webp 1536w, https:\/\/www.northcdatacenters.com\/ch-fr\/wp-content\/uploads\/sites\/6\/2022\/11\/Patrik-Hofer-1-250x250.webp 250w, https:\/\/www.northcdatacenters.com\/ch-fr\/wp-content\/uploads\/sites\/6\/2022\/11\/Patrik-Hofer-1-740x740.webp 740w, https:\/\/www.northcdatacenters.com\/ch-fr\/wp-content\/uploads\/sites\/6\/2022\/11\/Patrik-Hofer-1-175x175.webp 175w, https:\/\/www.northcdatacenters.com\/ch-fr\/wp-content\/uploads\/sites\/6\/2022\/11\/Patrik-Hofer-1.webp 1920w\"\n  class=\"\" style=\"\"\n  loading=\"lazy\"\n  sizes=\"(min-width: 992px) 1280px, 100vw\" \/><\/picture>\n          <\/div>\n\n    <div class=\"text text-white d-flex flex-column gap-4 justify-content-center align-items-center p-6 pb-12 px-lg-12 px-xxl-28\">\n      <h6 class=\"text-primary lh214 font-extrabold text-center mb-0\">Contactez-nous<\/h6>\n      <h3 class=\"mb-2 text-center text-sm-5xl mb-sm-6 text-balance\">Besoin de conseils propres \u00e0 votre situation?<\/h3>\n      <div class=\"buttons d-flex flex-column flex-lg-row flex-wrap gap-4 align-items-center justify-content-center dark-background\">\n                  \n  <button class=\"btn btn-primary\" type=\"button\" data-bs-toggle=\"offcanvas\" data-bs-target=\"#offcanvas_15\" aria-controls=\"offcanvas_15\">\n    Demander un devis  <\/button>\n                  \n  \n  <button class=\"btn btn-secondary\" type=\"button\" data-bs-toggle=\"offcanvas\" data-bs-target=\"#offcanvas_34\" aria-controls=\"offcanvas_34\">\n    Planifier une visite  <\/button>\n\n              <\/div>\n    <\/div>\n  <\/div>\n<\/div>[\/vc_column][\/vc_row]<\/p>\n<\/div>","protected":false},"excerpt":{"rendered":"<p>[vc_row vc_row_spacing=\u00a0\u00bbdont-add-spacer adds-own-spacer add-spacer-top\u00a0\u00bb el_class=\u00a0\u00bbborder-bottom\u00a0\u00bb][vc_column][vc_column_text] Le pionnier Frank Zachmann devient directeur g\u00e9n\u00e9ral pour la r\u00e9gion DACH Avec la transformation en\u00a0NorthC Deutschland GmbH, le groupe NorthC finalise l&rsquo;acquisition r\u00e9ussie d&rsquo;IP Exchange GmbH et effectue la premi\u00e8re \u00e9tape dans l&rsquo;exploration du march\u00e9 allemand. L&rsquo;entreprise souligne ainsi son objectif de devenir le premier fournisseur de services de centres &#8230;<\/p>\n","protected":false},"author":16,"featured_media":22207,"comment_status":"closed","ping_status":"closed","sticky":false,"template":"","format":"standard","meta":{"_acf_changed":false,"_relevanssi_hide_post":"","_relevanssi_hide_content":"","_relevanssi_pin_for_all":"","_relevanssi_pin_keywords":"","_relevanssi_unpin_keywords":"","_relevanssi_related_keywords":"","_relevanssi_related_include_ids":"","_relevanssi_related_exclude_ids":"","_relevanssi_related_no_append":"","_relevanssi_related_not_related":"","_relevanssi_related_posts":"","_relevanssi_noindex_reason":"","footnotes":""},"categories":[48],"tags":[],"class_list":["post-22205","post","type-post","status-publish","format-standard","has-post-thumbnail","hentry","category-media-corner"],"acf":[],"yoast_head":"<!-- This site is optimized with the Yoast SEO Premium plugin v27.4 (Yoast SEO v27.4) - https:\/\/yoast.com\/product\/yoast-seo-premium-wordpress\/ -->\n<title>NorthC souhaite aussi se d\u00e9velopper en Suisse<\/title>\n<meta name=\"description\" content=\"L\u2019acquisition de la soci\u00e9t\u00e9 IP Exchange souligne le but de NorthC : devenir le fournisseur leader de services de centre de donn\u00e9es en Europe.\" \/>\n<meta name=\"robots\" content=\"index, follow, max-snippet:-1, max-image-preview:large, max-video-preview:-1\" \/>\n<link rel=\"canonical\" href=\"https:\/\/www.northcdatacenters.com\/ch-fr\/media-corner\/le-premier-reseau-de-centres-de-donnees-d-europe-occidentale-souhaite-egalement-se-developper-en-suisse\/\" \/>\n<meta property=\"og:locale\" content=\"fr_FR\" \/>\n<meta property=\"og:type\" content=\"article\" \/>\n<meta property=\"og:title\" content=\"Le premier r\u00e9seau de centres de donn\u00e9es d&#039;Europe occidentale souhaite \u00e9galement se d\u00e9velopper en Suisse\" \/>\n<meta property=\"og:description\" content=\"L\u2019acquisition de la soci\u00e9t\u00e9 IP Exchange souligne le but de NorthC : devenir le fournisseur leader de services de centre de donn\u00e9es en Europe.\" \/>\n<meta property=\"og:url\" content=\"https:\/\/www.northcdatacenters.com\/ch-fr\/media-corner\/le-premier-reseau-de-centres-de-donnees-d-europe-occidentale-souhaite-egalement-se-developper-en-suisse\/\" \/>\n<meta property=\"og:site_name\" content=\"NorthC Datacenters (CH-FR)\" \/>\n<meta property=\"article:published_time\" content=\"2022-11-17T08:15:41+00:00\" \/>\n<meta property=\"article:modified_time\" content=\"2026-04-22T11:04:02+00:00\" \/>\n<meta property=\"og:image\" content=\"https:\/\/www.northcdatacenters.com\/ch-fr\/wp-content\/uploads\/sites\/6\/2022\/11\/Integration_NorthC_Press.webp\" \/>\n\t<meta property=\"og:image:width\" content=\"1920\" \/>\n\t<meta property=\"og:image:height\" content=\"600\" \/>\n\t<meta property=\"og:image:type\" content=\"image\/jpeg\" \/>\n<meta name=\"author\" content=\"Martin\" \/>\n<meta name=\"twitter:card\" content=\"summary_large_image\" \/>\n<meta name=\"twitter:label1\" content=\"Written by\" \/>\n\t<meta name=\"twitter:data1\" content=\"Martin\" \/>\n\t<meta name=\"twitter:label2\" content=\"Est. reading time\" \/>\n\t<meta name=\"twitter:data2\" content=\"5 minutes\" \/>\n<script type=\"application\/ld+json\" class=\"yoast-schema-graph\">{\"@context\":\"https:\\\/\\\/schema.org\",\"@graph\":[{\"@type\":\"Article\",\"@id\":\"https:\\\/\\\/www.northcdatacenters.com\\\/ch-fr\\\/media-corner\\\/le-premier-reseau-de-centres-de-donnees-d-europe-occidentale-souhaite-egalement-se-developper-en-suisse\\\/#article\",\"isPartOf\":{\"@id\":\"https:\\\/\\\/www.northcdatacenters.com\\\/ch-fr\\\/media-corner\\\/le-premier-reseau-de-centres-de-donnees-d-europe-occidentale-souhaite-egalement-se-developper-en-suisse\\\/\"},\"author\":{\"name\":\"Martin\",\"@id\":\"https:\\\/\\\/www.northcdatacenters.com\\\/ch-fr\\\/#\\\/schema\\\/person\\\/d9dc31297e84c0bf28cb42b588ffd95c\"},\"headline\":\"Le premier r\u00e9seau de centres de donn\u00e9es d&rsquo;Europe occidentale souhaite \u00e9galement se d\u00e9velopper en Suisse\",\"datePublished\":\"2022-11-17T08:15:41+00:00\",\"dateModified\":\"2026-04-22T11:04:02+00:00\",\"mainEntityOfPage\":{\"@id\":\"https:\\\/\\\/www.northcdatacenters.com\\\/ch-fr\\\/media-corner\\\/le-premier-reseau-de-centres-de-donnees-d-europe-occidentale-souhaite-egalement-se-developper-en-suisse\\\/\"},\"wordCount\":895,\"publisher\":{\"@id\":\"https:\\\/\\\/www.northcdatacenters.com\\\/ch-fr\\\/#organization\"},\"image\":{\"@id\":\"https:\\\/\\\/www.northcdatacenters.com\\\/ch-fr\\\/media-corner\\\/le-premier-reseau-de-centres-de-donnees-d-europe-occidentale-souhaite-egalement-se-developper-en-suisse\\\/#primaryimage\"},\"thumbnailUrl\":\"https:\\\/\\\/www.northcdatacenters.com\\\/ch-fr\\\/wp-content\\\/uploads\\\/sites\\\/6\\\/2022\\\/11\\\/Integration_NorthC_Press.webp\",\"articleSection\":[\"Media Corner\"],\"inLanguage\":\"fr-FR\"},{\"@type\":\"WebPage\",\"@id\":\"https:\\\/\\\/www.northcdatacenters.com\\\/ch-fr\\\/media-corner\\\/le-premier-reseau-de-centres-de-donnees-d-europe-occidentale-souhaite-egalement-se-developper-en-suisse\\\/\",\"url\":\"https:\\\/\\\/www.northcdatacenters.com\\\/ch-fr\\\/media-corner\\\/le-premier-reseau-de-centres-de-donnees-d-europe-occidentale-souhaite-egalement-se-developper-en-suisse\\\/\",\"name\":\"NorthC souhaite aussi se d\u00e9velopper en Suisse\",\"isPartOf\":{\"@id\":\"https:\\\/\\\/www.northcdatacenters.com\\\/ch-fr\\\/#website\"},\"primaryImageOfPage\":{\"@id\":\"https:\\\/\\\/www.northcdatacenters.com\\\/ch-fr\\\/media-corner\\\/le-premier-reseau-de-centres-de-donnees-d-europe-occidentale-souhaite-egalement-se-developper-en-suisse\\\/#primaryimage\"},\"image\":{\"@id\":\"https:\\\/\\\/www.northcdatacenters.com\\\/ch-fr\\\/media-corner\\\/le-premier-reseau-de-centres-de-donnees-d-europe-occidentale-souhaite-egalement-se-developper-en-suisse\\\/#primaryimage\"},\"thumbnailUrl\":\"https:\\\/\\\/www.northcdatacenters.com\\\/ch-fr\\\/wp-content\\\/uploads\\\/sites\\\/6\\\/2022\\\/11\\\/Integration_NorthC_Press.webp\",\"datePublished\":\"2022-11-17T08:15:41+00:00\",\"dateModified\":\"2026-04-22T11:04:02+00:00\",\"description\":\"L\u2019acquisition de la soci\u00e9t\u00e9 IP Exchange souligne le but de NorthC : devenir le fournisseur leader de services de centre de donn\u00e9es en Europe.\",\"breadcrumb\":{\"@id\":\"https:\\\/\\\/www.northcdatacenters.com\\\/ch-fr\\\/media-corner\\\/le-premier-reseau-de-centres-de-donnees-d-europe-occidentale-souhaite-egalement-se-developper-en-suisse\\\/#breadcrumb\"},\"inLanguage\":\"fr-FR\",\"potentialAction\":[{\"@type\":\"ReadAction\",\"target\":[\"https:\\\/\\\/www.northcdatacenters.com\\\/ch-fr\\\/media-corner\\\/le-premier-reseau-de-centres-de-donnees-d-europe-occidentale-souhaite-egalement-se-developper-en-suisse\\\/\"]}]},{\"@type\":\"ImageObject\",\"inLanguage\":\"fr-FR\",\"@id\":\"https:\\\/\\\/www.northcdatacenters.com\\\/ch-fr\\\/media-corner\\\/le-premier-reseau-de-centres-de-donnees-d-europe-occidentale-souhaite-egalement-se-developper-en-suisse\\\/#primaryimage\",\"url\":\"https:\\\/\\\/www.northcdatacenters.com\\\/ch-fr\\\/wp-content\\\/uploads\\\/sites\\\/6\\\/2022\\\/11\\\/Integration_NorthC_Press.webp\",\"contentUrl\":\"https:\\\/\\\/www.northcdatacenters.com\\\/ch-fr\\\/wp-content\\\/uploads\\\/sites\\\/6\\\/2022\\\/11\\\/Integration_NorthC_Press.webp\",\"width\":1920,\"height\":600,\"caption\":\"Visual Integration NorthC\"},{\"@type\":\"BreadcrumbList\",\"@id\":\"https:\\\/\\\/www.northcdatacenters.com\\\/ch-fr\\\/media-corner\\\/le-premier-reseau-de-centres-de-donnees-d-europe-occidentale-souhaite-egalement-se-developper-en-suisse\\\/#breadcrumb\",\"itemListElement\":[{\"@type\":\"ListItem\",\"position\":1,\"name\":\"Home\",\"item\":\"https:\\\/\\\/www.northcdatacenters.com\\\/ch-fr\\\/\"},{\"@type\":\"ListItem\",\"position\":2,\"name\":\"Le premier r\u00e9seau de centres de donn\u00e9es d&rsquo;Europe occidentale souhaite \u00e9galement se d\u00e9velopper en Suisse\"}]},{\"@type\":\"WebSite\",\"@id\":\"https:\\\/\\\/www.northcdatacenters.com\\\/ch-fr\\\/#website\",\"url\":\"https:\\\/\\\/www.northcdatacenters.com\\\/ch-fr\\\/\",\"name\":\"NorthC Datacenters\",\"description\":\"Digital business, Personal connections.\",\"publisher\":{\"@id\":\"https:\\\/\\\/www.northcdatacenters.com\\\/ch-fr\\\/#organization\"},\"potentialAction\":[{\"@type\":\"SearchAction\",\"target\":{\"@type\":\"EntryPoint\",\"urlTemplate\":\"https:\\\/\\\/www.northcdatacenters.com\\\/ch-fr\\\/?s={search_term_string}\"},\"query-input\":{\"@type\":\"PropertyValueSpecification\",\"valueRequired\":true,\"valueName\":\"search_term_string\"}}],\"inLanguage\":\"fr-FR\"},{\"@type\":\"Organization\",\"@id\":\"https:\\\/\\\/www.northcdatacenters.com\\\/ch-fr\\\/#organization\",\"name\":\"NorthC Datacenters\",\"url\":\"https:\\\/\\\/www.northcdatacenters.com\\\/ch-fr\\\/\",\"logo\":{\"@type\":\"ImageObject\",\"inLanguage\":\"fr-FR\",\"@id\":\"https:\\\/\\\/www.northcdatacenters.com\\\/ch-fr\\\/#\\\/schema\\\/logo\\\/image\\\/\",\"url\":\"https:\\\/\\\/www.northcdatacenters.com\\\/ch-fr\\\/wp-content\\\/uploads\\\/sites\\\/6\\\/2024\\\/11\\\/Logo_NorthC.svg\",\"contentUrl\":\"https:\\\/\\\/www.northcdatacenters.com\\\/ch-fr\\\/wp-content\\\/uploads\\\/sites\\\/6\\\/2024\\\/11\\\/Logo_NorthC.svg\",\"width\":110,\"height\":24,\"caption\":\"NorthC Datacenters\"},\"image\":{\"@id\":\"https:\\\/\\\/www.northcdatacenters.com\\\/ch-fr\\\/#\\\/schema\\\/logo\\\/image\\\/\"}},{\"@type\":\"Person\",\"@id\":\"https:\\\/\\\/www.northcdatacenters.com\\\/ch-fr\\\/#\\\/schema\\\/person\\\/d9dc31297e84c0bf28cb42b588ffd95c\",\"name\":\"Martin\",\"url\":\"https:\\\/\\\/www.northcdatacenters.com\\\/ch-fr\\\/author\\\/martinming\\\/\"}]}<\/script>\n<!-- \/ Yoast SEO Premium plugin. -->","yoast_head_json":{"title":"NorthC souhaite aussi se d\u00e9velopper en Suisse","description":"L\u2019acquisition de la soci\u00e9t\u00e9 IP Exchange souligne le but de NorthC : devenir le fournisseur leader de services de centre de donn\u00e9es en Europe.","robots":{"index":"index","follow":"follow","max-snippet":"max-snippet:-1","max-image-preview":"max-image-preview:large","max-video-preview":"max-video-preview:-1"},"canonical":"https:\/\/www.northcdatacenters.com\/ch-fr\/media-corner\/le-premier-reseau-de-centres-de-donnees-d-europe-occidentale-souhaite-egalement-se-developper-en-suisse\/","og_locale":"fr_FR","og_type":"article","og_title":"Le premier r\u00e9seau de centres de donn\u00e9es d'Europe occidentale souhaite \u00e9galement se d\u00e9velopper en Suisse","og_description":"L\u2019acquisition de la soci\u00e9t\u00e9 IP Exchange souligne le but de NorthC : devenir le fournisseur leader de services de centre de donn\u00e9es en Europe.","og_url":"https:\/\/www.northcdatacenters.com\/ch-fr\/media-corner\/le-premier-reseau-de-centres-de-donnees-d-europe-occidentale-souhaite-egalement-se-developper-en-suisse\/","og_site_name":"NorthC Datacenters (CH-FR)","article_published_time":"2022-11-17T08:15:41+00:00","article_modified_time":"2026-04-22T11:04:02+00:00","og_image":[{"width":1920,"height":600,"url":"https:\/\/www.northcdatacenters.com\/ch-fr\/wp-content\/uploads\/sites\/6\/2022\/11\/Integration_NorthC_Press.webp","type":"image\/jpeg"}],"author":"Martin","twitter_card":"summary_large_image","twitter_misc":{"Written by":"Martin","Est. reading time":"5 minutes"},"schema":{"@context":"https:\/\/schema.org","@graph":[{"@type":"Article","@id":"https:\/\/www.northcdatacenters.com\/ch-fr\/media-corner\/le-premier-reseau-de-centres-de-donnees-d-europe-occidentale-souhaite-egalement-se-developper-en-suisse\/#article","isPartOf":{"@id":"https:\/\/www.northcdatacenters.com\/ch-fr\/media-corner\/le-premier-reseau-de-centres-de-donnees-d-europe-occidentale-souhaite-egalement-se-developper-en-suisse\/"},"author":{"name":"Martin","@id":"https:\/\/www.northcdatacenters.com\/ch-fr\/#\/schema\/person\/d9dc31297e84c0bf28cb42b588ffd95c"},"headline":"Le premier r\u00e9seau de centres de donn\u00e9es d&rsquo;Europe occidentale souhaite \u00e9galement se d\u00e9velopper en Suisse","datePublished":"2022-11-17T08:15:41+00:00","dateModified":"2026-04-22T11:04:02+00:00","mainEntityOfPage":{"@id":"https:\/\/www.northcdatacenters.com\/ch-fr\/media-corner\/le-premier-reseau-de-centres-de-donnees-d-europe-occidentale-souhaite-egalement-se-developper-en-suisse\/"},"wordCount":895,"publisher":{"@id":"https:\/\/www.northcdatacenters.com\/ch-fr\/#organization"},"image":{"@id":"https:\/\/www.northcdatacenters.com\/ch-fr\/media-corner\/le-premier-reseau-de-centres-de-donnees-d-europe-occidentale-souhaite-egalement-se-developper-en-suisse\/#primaryimage"},"thumbnailUrl":"https:\/\/www.northcdatacenters.com\/ch-fr\/wp-content\/uploads\/sites\/6\/2022\/11\/Integration_NorthC_Press.webp","articleSection":["Media Corner"],"inLanguage":"fr-FR"},{"@type":"WebPage","@id":"https:\/\/www.northcdatacenters.com\/ch-fr\/media-corner\/le-premier-reseau-de-centres-de-donnees-d-europe-occidentale-souhaite-egalement-se-developper-en-suisse\/","url":"https:\/\/www.northcdatacenters.com\/ch-fr\/media-corner\/le-premier-reseau-de-centres-de-donnees-d-europe-occidentale-souhaite-egalement-se-developper-en-suisse\/","name":"NorthC souhaite aussi se d\u00e9velopper en Suisse","isPartOf":{"@id":"https:\/\/www.northcdatacenters.com\/ch-fr\/#website"},"primaryImageOfPage":{"@id":"https:\/\/www.northcdatacenters.com\/ch-fr\/media-corner\/le-premier-reseau-de-centres-de-donnees-d-europe-occidentale-souhaite-egalement-se-developper-en-suisse\/#primaryimage"},"image":{"@id":"https:\/\/www.northcdatacenters.com\/ch-fr\/media-corner\/le-premier-reseau-de-centres-de-donnees-d-europe-occidentale-souhaite-egalement-se-developper-en-suisse\/#primaryimage"},"thumbnailUrl":"https:\/\/www.northcdatacenters.com\/ch-fr\/wp-content\/uploads\/sites\/6\/2022\/11\/Integration_NorthC_Press.webp","datePublished":"2022-11-17T08:15:41+00:00","dateModified":"2026-04-22T11:04:02+00:00","description":"L\u2019acquisition de la soci\u00e9t\u00e9 IP Exchange souligne le but de NorthC : devenir le fournisseur leader de services de centre de donn\u00e9es en Europe.","breadcrumb":{"@id":"https:\/\/www.northcdatacenters.com\/ch-fr\/media-corner\/le-premier-reseau-de-centres-de-donnees-d-europe-occidentale-souhaite-egalement-se-developper-en-suisse\/#breadcrumb"},"inLanguage":"fr-FR","potentialAction":[{"@type":"ReadAction","target":["https:\/\/www.northcdatacenters.com\/ch-fr\/media-corner\/le-premier-reseau-de-centres-de-donnees-d-europe-occidentale-souhaite-egalement-se-developper-en-suisse\/"]}]},{"@type":"ImageObject","inLanguage":"fr-FR","@id":"https:\/\/www.northcdatacenters.com\/ch-fr\/media-corner\/le-premier-reseau-de-centres-de-donnees-d-europe-occidentale-souhaite-egalement-se-developper-en-suisse\/#primaryimage","url":"https:\/\/www.northcdatacenters.com\/ch-fr\/wp-content\/uploads\/sites\/6\/2022\/11\/Integration_NorthC_Press.webp","contentUrl":"https:\/\/www.northcdatacenters.com\/ch-fr\/wp-content\/uploads\/sites\/6\/2022\/11\/Integration_NorthC_Press.webp","width":1920,"height":600,"caption":"Visual Integration NorthC"},{"@type":"BreadcrumbList","@id":"https:\/\/www.northcdatacenters.com\/ch-fr\/media-corner\/le-premier-reseau-de-centres-de-donnees-d-europe-occidentale-souhaite-egalement-se-developper-en-suisse\/#breadcrumb","itemListElement":[{"@type":"ListItem","position":1,"name":"Home","item":"https:\/\/www.northcdatacenters.com\/ch-fr\/"},{"@type":"ListItem","position":2,"name":"Le premier r\u00e9seau de centres de donn\u00e9es d&rsquo;Europe occidentale souhaite \u00e9galement se d\u00e9velopper en Suisse"}]},{"@type":"WebSite","@id":"https:\/\/www.northcdatacenters.com\/ch-fr\/#website","url":"https:\/\/www.northcdatacenters.com\/ch-fr\/","name":"NorthC Datacenters","description":"Digital business, Personal connections.","publisher":{"@id":"https:\/\/www.northcdatacenters.com\/ch-fr\/#organization"},"potentialAction":[{"@type":"SearchAction","target":{"@type":"EntryPoint","urlTemplate":"https:\/\/www.northcdatacenters.com\/ch-fr\/?s={search_term_string}"},"query-input":{"@type":"PropertyValueSpecification","valueRequired":true,"valueName":"search_term_string"}}],"inLanguage":"fr-FR"},{"@type":"Organization","@id":"https:\/\/www.northcdatacenters.com\/ch-fr\/#organization","name":"NorthC Datacenters","url":"https:\/\/www.northcdatacenters.com\/ch-fr\/","logo":{"@type":"ImageObject","inLanguage":"fr-FR","@id":"https:\/\/www.northcdatacenters.com\/ch-fr\/#\/schema\/logo\/image\/","url":"https:\/\/www.northcdatacenters.com\/ch-fr\/wp-content\/uploads\/sites\/6\/2024\/11\/Logo_NorthC.svg","contentUrl":"https:\/\/www.northcdatacenters.com\/ch-fr\/wp-content\/uploads\/sites\/6\/2024\/11\/Logo_NorthC.svg","width":110,"height":24,"caption":"NorthC Datacenters"},"image":{"@id":"https:\/\/www.northcdatacenters.com\/ch-fr\/#\/schema\/logo\/image\/"}},{"@type":"Person","@id":"https:\/\/www.northcdatacenters.com\/ch-fr\/#\/schema\/person\/d9dc31297e84c0bf28cb42b588ffd95c","name":"Martin","url":"https:\/\/www.northcdatacenters.com\/ch-fr\/author\/martinming\/"}]}},"_links":{"self":[{"href":"https:\/\/www.northcdatacenters.com\/ch-fr\/wp-json\/wp\/v2\/posts\/22205","targetHints":{"allow":["GET"]}}],"collection":[{"href":"https:\/\/www.northcdatacenters.com\/ch-fr\/wp-json\/wp\/v2\/posts"}],"about":[{"href":"https:\/\/www.northcdatacenters.com\/ch-fr\/wp-json\/wp\/v2\/types\/post"}],"author":[{"embeddable":true,"href":"https:\/\/www.northcdatacenters.com\/ch-fr\/wp-json\/wp\/v2\/users\/16"}],"replies":[{"embeddable":true,"href":"https:\/\/www.northcdatacenters.com\/ch-fr\/wp-json\/wp\/v2\/comments?post=22205"}],"version-history":[{"count":5,"href":"https:\/\/www.northcdatacenters.com\/ch-fr\/wp-json\/wp\/v2\/posts\/22205\/revisions"}],"predecessor-version":[{"id":31376,"href":"https:\/\/www.northcdatacenters.com\/ch-fr\/wp-json\/wp\/v2\/posts\/22205\/revisions\/31376"}],"wp:featuredmedia":[{"embeddable":true,"href":"https:\/\/www.northcdatacenters.com\/ch-fr\/wp-json\/wp\/v2\/media\/22207"}],"wp:attachment":[{"href":"https:\/\/www.northcdatacenters.com\/ch-fr\/wp-json\/wp\/v2\/media?parent=22205"}],"wp:term":[{"taxonomy":"category","embeddable":true,"href":"https:\/\/www.northcdatacenters.com\/ch-fr\/wp-json\/wp\/v2\/categories?post=22205"},{"taxonomy":"post_tag","embeddable":true,"href":"https:\/\/www.northcdatacenters.com\/ch-fr\/wp-json\/wp\/v2\/tags?post=22205"}],"curies":[{"name":"wp","href":"https:\/\/api.w.org\/{rel}","templated":true}]}}