{"id":22833,"date":"2023-05-11T14:39:56","date_gmt":"2023-05-11T14:39:56","guid":{"rendered":"https:\/\/www.northcdatacenters.com\/ch-fr\/?p=22833"},"modified":"2026-04-22T11:08:42","modified_gmt":"2026-04-22T11:08:42","slug":"les-conseillers-d-etat-des-cantons-de-bale-campagne-et-de-glaris-visitent-northc-a-munchenstein","status":"publish","type":"post","link":"https:\/\/www.northcdatacenters.com\/ch-fr\/media-corner\/les-conseillers-d-etat-des-cantons-de-bale-campagne-et-de-glaris-visitent-northc-a-munchenstein\/","title":{"rendered":"Les conseillers d&rsquo;\u00c9tat des cantons de B\u00e2le-Campagne et de Glaris visitent NorthC \u00e0 M\u00fcnchenstein"},"content":{"rendered":"<div class=\"wpb-content-wrapper\"><p>[vc_row vc_row_spacing=\u00a0\u00bbdont-add-spacer adds-own-spacer add-spacer-top\u00a0\u00bb el_class=\u00a0\u00bbborder-bottom\u00a0\u00bb][vc_column][vc_column_text css=\u00a0\u00bb\u00a0\u00bb]<strong>Le Conseil d&rsquo;\u00c9tat du canton de B\u00e2le-Campagne a re\u00e7u hier le Conseil d&rsquo;\u00c9tat de Glaris pour une visite officielle, apr\u00e8s que le gouvernement de B\u00e2le-Campagne ait \u00e9t\u00e9 l&rsquo;invit\u00e9 d&rsquo;honneur de la Landsgemeinde de Glaris il y a un an. Dans le cadre de cette visite, les deux gouvernements ont rendu visite \u00e0 deux entreprises de M\u00fcnchenstein actives dans les domaines de l&rsquo;exploitation de centres de donn\u00e9es (NorthC Datacenters) et des services informatiques (Selution AG).<\/strong><\/p>\n<p>Les conseillers d&rsquo;\u00c9tat des cantons de B\u00e2le-Campagne et de Glaris se sont rencontr\u00e9s hier dans le cadre d&rsquo;une visite amicale. \u00c0 cette occasion, ils ont visit\u00e9 le centre de donn\u00e9es de NorthC Datacenters \u00e0 M\u00fcnchenstein, l&rsquo;un des principaux fournisseurs de centres de donn\u00e9es en Europe. Kathrin Schweizer, pr\u00e9sidente du Conseil d&rsquo;\u00c9tat et directrice de la s\u00e9curit\u00e9 du canton de B\u00e2le-Campagne, tire un bilan positif : \u00ab Les centres de donn\u00e9es tels que ceux de NorthC Datacenters sont un \u00e9l\u00e9ment important de l&rsquo;infrastructure informatique r\u00e9gionale. Ils montrent \u00e0 quel point les centres de donn\u00e9es sont importants pour la num\u00e9risation et la souverainet\u00e9 num\u00e9rique de la r\u00e9gion. \u00bb<\/p>\n<p>L&rsquo;\u00e9quipe de NorthC s&rsquo;est r\u00e9jouie de la visite des gouvernements : \u00ab Nous sommes fiers de pouvoir pr\u00e9senter notre centre de donn\u00e9es aux deux gouvernements cantonaux. Avec nos centres de donn\u00e9es \u00e0 M\u00fcnchenstein, nous apportons une contribution importante \u00e0 l&rsquo;infrastructure num\u00e9rique de la r\u00e9gion de B\u00e2le. \u00bb NorthC Datacenters exploite \u00e0 M\u00fcnchenstein deux des cinq centres de donn\u00e9es que compte l&rsquo;ensemble des deux B\u00e2le. Ceux-ci permettent aux entreprises b\u00e2loises de stocker leurs donn\u00e9es en toute s\u00e9curit\u00e9.<\/p>\n<p>Les conseillers d&rsquo;\u00c9tat ont ensuite rendu visite au prestataire de services informatiques Selution AG, sp\u00e9cialis\u00e9 dans la cybers\u00e9curit\u00e9. Ils ont pu s&rsquo;y faire une id\u00e9e des derni\u00e8res \u00e9volutions dans ce domaine afin de se prot\u00e9ger contre les m\u00e9thodes d&rsquo;attaque les plus r\u00e9centes.<\/p>\n<p>La visite conjointe des conseillers d&rsquo;\u00c9tat des cantons de B\u00e2le-Campagne et de Glaris t\u00e9moigne des liens \u00e9troits qui unissent les deux r\u00e9gions. Les conseillers d&rsquo;\u00c9tat ont r\u00e9affirm\u00e9 leur volont\u00e9 de poursuivre les \u00e9changes entre les r\u00e9gions \u00e0 l&rsquo;avenir. Le Landammann du canton de Glaris, Benjamin M\u00fchlemann, souligne l&rsquo;utilit\u00e9 de telles visites : \u00ab J&rsquo;ai beaucoup appr\u00e9ci\u00e9 les \u00e9changes avec mes coll\u00e8gues de B\u00e2le-Campagne. Il \u00e9tait \u00e9galement passionnant de voir la contribution de ces entreprises \u00e0 la r\u00e9gion. \u00bb[\/vc_column_text][\/vc_column][\/vc_row][vc_row full_width=\u00a0\u00bbstretch_row\u00a0\u00bb north_c_background_color=\u00a0\u00bbbg-gray-200&Prime;][vc_column]<div class=\"cta\">\n  <div class=\"cta-grid\">\n    <div class=\"cta-picture\">\n      <picture class=\"responsive-picture d-block\">\n  <img decoding=\"async\" src=\"https:\/\/www.northcdatacenters.com\/ch-fr\/wp-content\/uploads\/sites\/6\/2023\/05\/Alwyn-Lehmann-1256x1256.webp\" srcset=\"https:\/\/www.northcdatacenters.com\/ch-fr\/wp-content\/uploads\/sites\/6\/2023\/05\/Alwyn-Lehmann-1256x1256.webp 1256w, https:\/\/www.northcdatacenters.com\/ch-fr\/wp-content\/uploads\/sites\/6\/2023\/05\/Alwyn-Lehmann-300x300.webp 300w, https:\/\/www.northcdatacenters.com\/ch-fr\/wp-content\/uploads\/sites\/6\/2023\/05\/Alwyn-Lehmann-1024x1024.webp 1024w, https:\/\/www.northcdatacenters.com\/ch-fr\/wp-content\/uploads\/sites\/6\/2023\/05\/Alwyn-Lehmann-768x768.webp 768w, https:\/\/www.northcdatacenters.com\/ch-fr\/wp-content\/uploads\/sites\/6\/2023\/05\/Alwyn-Lehmann-1536x1536.webp 1536w, https:\/\/www.northcdatacenters.com\/ch-fr\/wp-content\/uploads\/sites\/6\/2023\/05\/Alwyn-Lehmann-250x250.webp 250w, https:\/\/www.northcdatacenters.com\/ch-fr\/wp-content\/uploads\/sites\/6\/2023\/05\/Alwyn-Lehmann-740x740.webp 740w, https:\/\/www.northcdatacenters.com\/ch-fr\/wp-content\/uploads\/sites\/6\/2023\/05\/Alwyn-Lehmann-175x175.webp 175w, https:\/\/www.northcdatacenters.com\/ch-fr\/wp-content\/uploads\/sites\/6\/2023\/05\/Alwyn-Lehmann-360x360.webp 360w, https:\/\/www.northcdatacenters.com\/ch-fr\/wp-content\/uploads\/sites\/6\/2023\/05\/Alwyn-Lehmann-500x500.webp 500w, https:\/\/www.northcdatacenters.com\/ch-fr\/wp-content\/uploads\/sites\/6\/2023\/05\/Alwyn-Lehmann.webp 1920w\"\n  class=\"\" style=\"\"\n  loading=\"lazy\"\n  sizes=\"(min-width: 992px) 1280px, 100vw\" \/><\/picture>\n          <\/div>\n\n    <div class=\"text text-white d-flex flex-column gap-4 justify-content-center align-items-center p-6 pb-12 px-lg-12 px-xxl-28\">\n      <h6 class=\"text-primary lh214 font-extrabold text-center mb-0\">Contactez-nous<\/h6>\n      <h3 class=\"mb-2 text-center text-sm-5xl mb-sm-6 text-balance\">Besoin de conseils propres \u00e0 votre situation?<\/h3>\n      <div class=\"buttons d-flex flex-column flex-lg-row flex-wrap gap-4 align-items-center justify-content-center dark-background\">\n                  \n  <button class=\"btn btn-primary\" type=\"button\" data-bs-toggle=\"offcanvas\" data-bs-target=\"#offcanvas_15\" aria-controls=\"offcanvas_15\">\n    Demander un devis  <\/button>\n                  \n  \n  <button class=\"btn btn-secondary\" type=\"button\" data-bs-toggle=\"offcanvas\" data-bs-target=\"#offcanvas_34\" aria-controls=\"offcanvas_34\">\n    Planifier une visite  <\/button>\n\n              <\/div>\n    <\/div>\n  <\/div>\n<\/div>[\/vc_column][\/vc_row]<\/p>\n<\/div>","protected":false},"excerpt":{"rendered":"<p>[vc_row vc_row_spacing=\u00a0\u00bbdont-add-spacer adds-own-spacer add-spacer-top\u00a0\u00bb el_class=\u00a0\u00bbborder-bottom\u00a0\u00bb][vc_column][vc_column_text css=\u00a0\u00bb\u00a0\u00bb]Le Conseil d&rsquo;\u00c9tat du canton de B\u00e2le-Campagne a re\u00e7u hier le Conseil d&rsquo;\u00c9tat de Glaris pour une visite officielle, apr\u00e8s que le gouvernement de B\u00e2le-Campagne ait \u00e9t\u00e9 l&rsquo;invit\u00e9 d&rsquo;honneur de la Landsgemeinde de Glaris il y a un an. Dans le cadre de cette visite, les deux gouvernements ont rendu &#8230;<\/p>\n","protected":false},"author":16,"featured_media":25506,"comment_status":"closed","ping_status":"closed","sticky":false,"template":"","format":"standard","meta":{"_acf_changed":false,"_relevanssi_hide_post":"","_relevanssi_hide_content":"","_relevanssi_pin_for_all":"","_relevanssi_pin_keywords":"","_relevanssi_unpin_keywords":"","_relevanssi_related_keywords":"","_relevanssi_related_include_ids":"","_relevanssi_related_exclude_ids":"","_relevanssi_related_no_append":"","_relevanssi_related_not_related":"","_relevanssi_related_posts":"","_relevanssi_noindex_reason":"","footnotes":""},"categories":[48],"tags":[],"class_list":["post-22833","post","type-post","status-publish","format-standard","has-post-thumbnail","hentry","category-media-corner"],"acf":[],"yoast_head":"<!-- This site is optimized with the Yoast SEO Premium plugin v27.4 (Yoast SEO v27.4) - https:\/\/yoast.com\/product\/yoast-seo-premium-wordpress\/ -->\n<title>Des conseillers d\u2019\u00c9tat rendent visite \u00e0 NorthC<\/title>\n<meta name=\"description\" content=\"Les conseillers d\u2019\u00c9tat des cantons de B\u00e2le-Campagne et de Glaris se sont r\u00e9unis aujourd\u2019hui dans notre centre de donn\u00e9es \u00e0 M\u00fcnchenstein.\" \/>\n<meta name=\"robots\" content=\"index, follow, max-snippet:-1, max-image-preview:large, max-video-preview:-1\" \/>\n<link rel=\"canonical\" href=\"https:\/\/www.northcdatacenters.com\/ch-fr\/media-corner\/les-conseillers-d-etat-des-cantons-de-bale-campagne-et-de-glaris-visitent-northc-a-munchenstein\/\" \/>\n<meta property=\"og:locale\" content=\"fr_FR\" \/>\n<meta property=\"og:type\" content=\"article\" \/>\n<meta property=\"og:title\" content=\"Les conseillers d&#039;\u00c9tat des cantons de B\u00e2le-Campagne et de Glaris visitent NorthC \u00e0 M\u00fcnchenstein\" \/>\n<meta property=\"og:description\" content=\"Les conseillers d\u2019\u00c9tat des cantons de B\u00e2le-Campagne et de Glaris se sont r\u00e9unis aujourd\u2019hui dans notre centre de donn\u00e9es \u00e0 M\u00fcnchenstein.\" \/>\n<meta property=\"og:url\" content=\"https:\/\/www.northcdatacenters.com\/ch-fr\/media-corner\/les-conseillers-d-etat-des-cantons-de-bale-campagne-et-de-glaris-visitent-northc-a-munchenstein\/\" \/>\n<meta property=\"og:site_name\" content=\"NorthC Datacenters (CH-FR)\" \/>\n<meta property=\"article:published_time\" content=\"2023-05-11T14:39:56+00:00\" \/>\n<meta property=\"article:modified_time\" content=\"2026-04-22T11:08:42+00:00\" \/>\n<meta property=\"og:image\" content=\"https:\/\/www.northcdatacenters.com\/ch-fr\/wp-content\/uploads\/sites\/6\/2024\/07\/Switzerland_Digital_Flag-scaled.jpg\" \/>\n<meta name=\"author\" content=\"Martin\" \/>\n<meta name=\"twitter:card\" content=\"summary_large_image\" \/>\n<meta name=\"twitter:label1\" content=\"Written by\" \/>\n\t<meta name=\"twitter:data1\" content=\"Martin\" \/>\n\t<meta name=\"twitter:label2\" content=\"Est. reading time\" \/>\n\t<meta name=\"twitter:data2\" content=\"3 minutes\" \/>\n<script type=\"application\/ld+json\" class=\"yoast-schema-graph\">{\"@context\":\"https:\\\/\\\/schema.org\",\"@graph\":[{\"@type\":\"Article\",\"@id\":\"https:\\\/\\\/www.northcdatacenters.com\\\/ch-fr\\\/media-corner\\\/les-conseillers-d-etat-des-cantons-de-bale-campagne-et-de-glaris-visitent-northc-a-munchenstein\\\/#article\",\"isPartOf\":{\"@id\":\"https:\\\/\\\/www.northcdatacenters.com\\\/ch-fr\\\/media-corner\\\/les-conseillers-d-etat-des-cantons-de-bale-campagne-et-de-glaris-visitent-northc-a-munchenstein\\\/\"},\"author\":{\"name\":\"Martin\",\"@id\":\"https:\\\/\\\/www.northcdatacenters.com\\\/ch-fr\\\/#\\\/schema\\\/person\\\/d9dc31297e84c0bf28cb42b588ffd95c\"},\"headline\":\"Les conseillers d&rsquo;\u00c9tat des cantons de B\u00e2le-Campagne et de Glaris visitent NorthC \u00e0 M\u00fcnchenstein\",\"datePublished\":\"2023-05-11T14:39:56+00:00\",\"dateModified\":\"2026-04-22T11:08:42+00:00\",\"mainEntityOfPage\":{\"@id\":\"https:\\\/\\\/www.northcdatacenters.com\\\/ch-fr\\\/media-corner\\\/les-conseillers-d-etat-des-cantons-de-bale-campagne-et-de-glaris-visitent-northc-a-munchenstein\\\/\"},\"wordCount\":551,\"publisher\":{\"@id\":\"https:\\\/\\\/www.northcdatacenters.com\\\/ch-fr\\\/#organization\"},\"image\":{\"@id\":\"https:\\\/\\\/www.northcdatacenters.com\\\/ch-fr\\\/media-corner\\\/les-conseillers-d-etat-des-cantons-de-bale-campagne-et-de-glaris-visitent-northc-a-munchenstein\\\/#primaryimage\"},\"thumbnailUrl\":\"https:\\\/\\\/www.northcdatacenters.com\\\/ch-fr\\\/wp-content\\\/uploads\\\/sites\\\/6\\\/2024\\\/07\\\/Switzerland_Digital_Flag-scaled.webp\",\"articleSection\":[\"Media Corner\"],\"inLanguage\":\"fr-FR\"},{\"@type\":\"WebPage\",\"@id\":\"https:\\\/\\\/www.northcdatacenters.com\\\/ch-fr\\\/media-corner\\\/les-conseillers-d-etat-des-cantons-de-bale-campagne-et-de-glaris-visitent-northc-a-munchenstein\\\/\",\"url\":\"https:\\\/\\\/www.northcdatacenters.com\\\/ch-fr\\\/media-corner\\\/les-conseillers-d-etat-des-cantons-de-bale-campagne-et-de-glaris-visitent-northc-a-munchenstein\\\/\",\"name\":\"Des conseillers d\u2019\u00c9tat rendent visite \u00e0 NorthC\",\"isPartOf\":{\"@id\":\"https:\\\/\\\/www.northcdatacenters.com\\\/ch-fr\\\/#website\"},\"primaryImageOfPage\":{\"@id\":\"https:\\\/\\\/www.northcdatacenters.com\\\/ch-fr\\\/media-corner\\\/les-conseillers-d-etat-des-cantons-de-bale-campagne-et-de-glaris-visitent-northc-a-munchenstein\\\/#primaryimage\"},\"image\":{\"@id\":\"https:\\\/\\\/www.northcdatacenters.com\\\/ch-fr\\\/media-corner\\\/les-conseillers-d-etat-des-cantons-de-bale-campagne-et-de-glaris-visitent-northc-a-munchenstein\\\/#primaryimage\"},\"thumbnailUrl\":\"https:\\\/\\\/www.northcdatacenters.com\\\/ch-fr\\\/wp-content\\\/uploads\\\/sites\\\/6\\\/2024\\\/07\\\/Switzerland_Digital_Flag-scaled.webp\",\"datePublished\":\"2023-05-11T14:39:56+00:00\",\"dateModified\":\"2026-04-22T11:08:42+00:00\",\"description\":\"Les conseillers d\u2019\u00c9tat des cantons de B\u00e2le-Campagne et de Glaris se sont r\u00e9unis aujourd\u2019hui dans notre centre de donn\u00e9es \u00e0 M\u00fcnchenstein.\",\"breadcrumb\":{\"@id\":\"https:\\\/\\\/www.northcdatacenters.com\\\/ch-fr\\\/media-corner\\\/les-conseillers-d-etat-des-cantons-de-bale-campagne-et-de-glaris-visitent-northc-a-munchenstein\\\/#breadcrumb\"},\"inLanguage\":\"fr-FR\",\"potentialAction\":[{\"@type\":\"ReadAction\",\"target\":[\"https:\\\/\\\/www.northcdatacenters.com\\\/ch-fr\\\/media-corner\\\/les-conseillers-d-etat-des-cantons-de-bale-campagne-et-de-glaris-visitent-northc-a-munchenstein\\\/\"]}]},{\"@type\":\"ImageObject\",\"inLanguage\":\"fr-FR\",\"@id\":\"https:\\\/\\\/www.northcdatacenters.com\\\/ch-fr\\\/media-corner\\\/les-conseillers-d-etat-des-cantons-de-bale-campagne-et-de-glaris-visitent-northc-a-munchenstein\\\/#primaryimage\",\"url\":\"https:\\\/\\\/www.northcdatacenters.com\\\/ch-fr\\\/wp-content\\\/uploads\\\/sites\\\/6\\\/2024\\\/07\\\/Switzerland_Digital_Flag-scaled.webp\",\"contentUrl\":\"https:\\\/\\\/www.northcdatacenters.com\\\/ch-fr\\\/wp-content\\\/uploads\\\/sites\\\/6\\\/2024\\\/07\\\/Switzerland_Digital_Flag-scaled.webp\",\"width\":2560,\"height\":1440,\"caption\":\"Digital Switzerland - Die digitale Zukunft der Schweiz: Innovation, Technologie und Vernetzung\"},{\"@type\":\"BreadcrumbList\",\"@id\":\"https:\\\/\\\/www.northcdatacenters.com\\\/ch-fr\\\/media-corner\\\/les-conseillers-d-etat-des-cantons-de-bale-campagne-et-de-glaris-visitent-northc-a-munchenstein\\\/#breadcrumb\",\"itemListElement\":[{\"@type\":\"ListItem\",\"position\":1,\"name\":\"Home\",\"item\":\"https:\\\/\\\/www.northcdatacenters.com\\\/ch-fr\\\/\"},{\"@type\":\"ListItem\",\"position\":2,\"name\":\"Les conseillers d&rsquo;\u00c9tat des cantons de B\u00e2le-Campagne et de Glaris visitent NorthC \u00e0 M\u00fcnchenstein\"}]},{\"@type\":\"WebSite\",\"@id\":\"https:\\\/\\\/www.northcdatacenters.com\\\/ch-fr\\\/#website\",\"url\":\"https:\\\/\\\/www.northcdatacenters.com\\\/ch-fr\\\/\",\"name\":\"NorthC Datacenters\",\"description\":\"Digital business, Personal connections.\",\"publisher\":{\"@id\":\"https:\\\/\\\/www.northcdatacenters.com\\\/ch-fr\\\/#organization\"},\"potentialAction\":[{\"@type\":\"SearchAction\",\"target\":{\"@type\":\"EntryPoint\",\"urlTemplate\":\"https:\\\/\\\/www.northcdatacenters.com\\\/ch-fr\\\/?s={search_term_string}\"},\"query-input\":{\"@type\":\"PropertyValueSpecification\",\"valueRequired\":true,\"valueName\":\"search_term_string\"}}],\"inLanguage\":\"fr-FR\"},{\"@type\":\"Organization\",\"@id\":\"https:\\\/\\\/www.northcdatacenters.com\\\/ch-fr\\\/#organization\",\"name\":\"NorthC Datacenters\",\"url\":\"https:\\\/\\\/www.northcdatacenters.com\\\/ch-fr\\\/\",\"logo\":{\"@type\":\"ImageObject\",\"inLanguage\":\"fr-FR\",\"@id\":\"https:\\\/\\\/www.northcdatacenters.com\\\/ch-fr\\\/#\\\/schema\\\/logo\\\/image\\\/\",\"url\":\"https:\\\/\\\/www.northcdatacenters.com\\\/ch-fr\\\/wp-content\\\/uploads\\\/sites\\\/6\\\/2024\\\/11\\\/Logo_NorthC.svg\",\"contentUrl\":\"https:\\\/\\\/www.northcdatacenters.com\\\/ch-fr\\\/wp-content\\\/uploads\\\/sites\\\/6\\\/2024\\\/11\\\/Logo_NorthC.svg\",\"width\":110,\"height\":24,\"caption\":\"NorthC Datacenters\"},\"image\":{\"@id\":\"https:\\\/\\\/www.northcdatacenters.com\\\/ch-fr\\\/#\\\/schema\\\/logo\\\/image\\\/\"}},{\"@type\":\"Person\",\"@id\":\"https:\\\/\\\/www.northcdatacenters.com\\\/ch-fr\\\/#\\\/schema\\\/person\\\/d9dc31297e84c0bf28cb42b588ffd95c\",\"name\":\"Martin\",\"url\":\"https:\\\/\\\/www.northcdatacenters.com\\\/ch-fr\\\/author\\\/martinming\\\/\"}]}<\/script>\n<!-- \/ Yoast SEO Premium plugin. -->","yoast_head_json":{"title":"Des conseillers d\u2019\u00c9tat rendent visite \u00e0 NorthC","description":"Les conseillers d\u2019\u00c9tat des cantons de B\u00e2le-Campagne et de Glaris se sont r\u00e9unis aujourd\u2019hui dans notre centre de donn\u00e9es \u00e0 M\u00fcnchenstein.","robots":{"index":"index","follow":"follow","max-snippet":"max-snippet:-1","max-image-preview":"max-image-preview:large","max-video-preview":"max-video-preview:-1"},"canonical":"https:\/\/www.northcdatacenters.com\/ch-fr\/media-corner\/les-conseillers-d-etat-des-cantons-de-bale-campagne-et-de-glaris-visitent-northc-a-munchenstein\/","og_locale":"fr_FR","og_type":"article","og_title":"Les conseillers d'\u00c9tat des cantons de B\u00e2le-Campagne et de Glaris visitent NorthC \u00e0 M\u00fcnchenstein","og_description":"Les conseillers d\u2019\u00c9tat des cantons de B\u00e2le-Campagne et de Glaris se sont r\u00e9unis aujourd\u2019hui dans notre centre de donn\u00e9es \u00e0 M\u00fcnchenstein.","og_url":"https:\/\/www.northcdatacenters.com\/ch-fr\/media-corner\/les-conseillers-d-etat-des-cantons-de-bale-campagne-et-de-glaris-visitent-northc-a-munchenstein\/","og_site_name":"NorthC Datacenters (CH-FR)","article_published_time":"2023-05-11T14:39:56+00:00","article_modified_time":"2026-04-22T11:08:42+00:00","og_image":[{"url":"https:\/\/www.northcdatacenters.com\/ch-fr\/wp-content\/uploads\/sites\/6\/2024\/07\/Switzerland_Digital_Flag-scaled.jpg","type":"","width":"","height":""}],"author":"Martin","twitter_card":"summary_large_image","twitter_misc":{"Written by":"Martin","Est. reading time":"3 minutes"},"schema":{"@context":"https:\/\/schema.org","@graph":[{"@type":"Article","@id":"https:\/\/www.northcdatacenters.com\/ch-fr\/media-corner\/les-conseillers-d-etat-des-cantons-de-bale-campagne-et-de-glaris-visitent-northc-a-munchenstein\/#article","isPartOf":{"@id":"https:\/\/www.northcdatacenters.com\/ch-fr\/media-corner\/les-conseillers-d-etat-des-cantons-de-bale-campagne-et-de-glaris-visitent-northc-a-munchenstein\/"},"author":{"name":"Martin","@id":"https:\/\/www.northcdatacenters.com\/ch-fr\/#\/schema\/person\/d9dc31297e84c0bf28cb42b588ffd95c"},"headline":"Les conseillers d&rsquo;\u00c9tat des cantons de B\u00e2le-Campagne et de Glaris visitent NorthC \u00e0 M\u00fcnchenstein","datePublished":"2023-05-11T14:39:56+00:00","dateModified":"2026-04-22T11:08:42+00:00","mainEntityOfPage":{"@id":"https:\/\/www.northcdatacenters.com\/ch-fr\/media-corner\/les-conseillers-d-etat-des-cantons-de-bale-campagne-et-de-glaris-visitent-northc-a-munchenstein\/"},"wordCount":551,"publisher":{"@id":"https:\/\/www.northcdatacenters.com\/ch-fr\/#organization"},"image":{"@id":"https:\/\/www.northcdatacenters.com\/ch-fr\/media-corner\/les-conseillers-d-etat-des-cantons-de-bale-campagne-et-de-glaris-visitent-northc-a-munchenstein\/#primaryimage"},"thumbnailUrl":"https:\/\/www.northcdatacenters.com\/ch-fr\/wp-content\/uploads\/sites\/6\/2024\/07\/Switzerland_Digital_Flag-scaled.webp","articleSection":["Media Corner"],"inLanguage":"fr-FR"},{"@type":"WebPage","@id":"https:\/\/www.northcdatacenters.com\/ch-fr\/media-corner\/les-conseillers-d-etat-des-cantons-de-bale-campagne-et-de-glaris-visitent-northc-a-munchenstein\/","url":"https:\/\/www.northcdatacenters.com\/ch-fr\/media-corner\/les-conseillers-d-etat-des-cantons-de-bale-campagne-et-de-glaris-visitent-northc-a-munchenstein\/","name":"Des conseillers d\u2019\u00c9tat rendent visite \u00e0 NorthC","isPartOf":{"@id":"https:\/\/www.northcdatacenters.com\/ch-fr\/#website"},"primaryImageOfPage":{"@id":"https:\/\/www.northcdatacenters.com\/ch-fr\/media-corner\/les-conseillers-d-etat-des-cantons-de-bale-campagne-et-de-glaris-visitent-northc-a-munchenstein\/#primaryimage"},"image":{"@id":"https:\/\/www.northcdatacenters.com\/ch-fr\/media-corner\/les-conseillers-d-etat-des-cantons-de-bale-campagne-et-de-glaris-visitent-northc-a-munchenstein\/#primaryimage"},"thumbnailUrl":"https:\/\/www.northcdatacenters.com\/ch-fr\/wp-content\/uploads\/sites\/6\/2024\/07\/Switzerland_Digital_Flag-scaled.webp","datePublished":"2023-05-11T14:39:56+00:00","dateModified":"2026-04-22T11:08:42+00:00","description":"Les conseillers d\u2019\u00c9tat des cantons de B\u00e2le-Campagne et de Glaris se sont r\u00e9unis aujourd\u2019hui dans notre centre de donn\u00e9es \u00e0 M\u00fcnchenstein.","breadcrumb":{"@id":"https:\/\/www.northcdatacenters.com\/ch-fr\/media-corner\/les-conseillers-d-etat-des-cantons-de-bale-campagne-et-de-glaris-visitent-northc-a-munchenstein\/#breadcrumb"},"inLanguage":"fr-FR","potentialAction":[{"@type":"ReadAction","target":["https:\/\/www.northcdatacenters.com\/ch-fr\/media-corner\/les-conseillers-d-etat-des-cantons-de-bale-campagne-et-de-glaris-visitent-northc-a-munchenstein\/"]}]},{"@type":"ImageObject","inLanguage":"fr-FR","@id":"https:\/\/www.northcdatacenters.com\/ch-fr\/media-corner\/les-conseillers-d-etat-des-cantons-de-bale-campagne-et-de-glaris-visitent-northc-a-munchenstein\/#primaryimage","url":"https:\/\/www.northcdatacenters.com\/ch-fr\/wp-content\/uploads\/sites\/6\/2024\/07\/Switzerland_Digital_Flag-scaled.webp","contentUrl":"https:\/\/www.northcdatacenters.com\/ch-fr\/wp-content\/uploads\/sites\/6\/2024\/07\/Switzerland_Digital_Flag-scaled.webp","width":2560,"height":1440,"caption":"Digital Switzerland - Die digitale Zukunft der Schweiz: Innovation, Technologie und Vernetzung"},{"@type":"BreadcrumbList","@id":"https:\/\/www.northcdatacenters.com\/ch-fr\/media-corner\/les-conseillers-d-etat-des-cantons-de-bale-campagne-et-de-glaris-visitent-northc-a-munchenstein\/#breadcrumb","itemListElement":[{"@type":"ListItem","position":1,"name":"Home","item":"https:\/\/www.northcdatacenters.com\/ch-fr\/"},{"@type":"ListItem","position":2,"name":"Les conseillers d&rsquo;\u00c9tat des cantons de B\u00e2le-Campagne et de Glaris visitent NorthC \u00e0 M\u00fcnchenstein"}]},{"@type":"WebSite","@id":"https:\/\/www.northcdatacenters.com\/ch-fr\/#website","url":"https:\/\/www.northcdatacenters.com\/ch-fr\/","name":"NorthC Datacenters","description":"Digital business, Personal connections.","publisher":{"@id":"https:\/\/www.northcdatacenters.com\/ch-fr\/#organization"},"potentialAction":[{"@type":"SearchAction","target":{"@type":"EntryPoint","urlTemplate":"https:\/\/www.northcdatacenters.com\/ch-fr\/?s={search_term_string}"},"query-input":{"@type":"PropertyValueSpecification","valueRequired":true,"valueName":"search_term_string"}}],"inLanguage":"fr-FR"},{"@type":"Organization","@id":"https:\/\/www.northcdatacenters.com\/ch-fr\/#organization","name":"NorthC Datacenters","url":"https:\/\/www.northcdatacenters.com\/ch-fr\/","logo":{"@type":"ImageObject","inLanguage":"fr-FR","@id":"https:\/\/www.northcdatacenters.com\/ch-fr\/#\/schema\/logo\/image\/","url":"https:\/\/www.northcdatacenters.com\/ch-fr\/wp-content\/uploads\/sites\/6\/2024\/11\/Logo_NorthC.svg","contentUrl":"https:\/\/www.northcdatacenters.com\/ch-fr\/wp-content\/uploads\/sites\/6\/2024\/11\/Logo_NorthC.svg","width":110,"height":24,"caption":"NorthC Datacenters"},"image":{"@id":"https:\/\/www.northcdatacenters.com\/ch-fr\/#\/schema\/logo\/image\/"}},{"@type":"Person","@id":"https:\/\/www.northcdatacenters.com\/ch-fr\/#\/schema\/person\/d9dc31297e84c0bf28cb42b588ffd95c","name":"Martin","url":"https:\/\/www.northcdatacenters.com\/ch-fr\/author\/martinming\/"}]}},"_links":{"self":[{"href":"https:\/\/www.northcdatacenters.com\/ch-fr\/wp-json\/wp\/v2\/posts\/22833","targetHints":{"allow":["GET"]}}],"collection":[{"href":"https:\/\/www.northcdatacenters.com\/ch-fr\/wp-json\/wp\/v2\/posts"}],"about":[{"href":"https:\/\/www.northcdatacenters.com\/ch-fr\/wp-json\/wp\/v2\/types\/post"}],"author":[{"embeddable":true,"href":"https:\/\/www.northcdatacenters.com\/ch-fr\/wp-json\/wp\/v2\/users\/16"}],"replies":[{"embeddable":true,"href":"https:\/\/www.northcdatacenters.com\/ch-fr\/wp-json\/wp\/v2\/comments?post=22833"}],"version-history":[{"count":3,"href":"https:\/\/www.northcdatacenters.com\/ch-fr\/wp-json\/wp\/v2\/posts\/22833\/revisions"}],"predecessor-version":[{"id":30179,"href":"https:\/\/www.northcdatacenters.com\/ch-fr\/wp-json\/wp\/v2\/posts\/22833\/revisions\/30179"}],"wp:featuredmedia":[{"embeddable":true,"href":"https:\/\/www.northcdatacenters.com\/ch-fr\/wp-json\/wp\/v2\/media\/25506"}],"wp:attachment":[{"href":"https:\/\/www.northcdatacenters.com\/ch-fr\/wp-json\/wp\/v2\/media?parent=22833"}],"wp:term":[{"taxonomy":"category","embeddable":true,"href":"https:\/\/www.northcdatacenters.com\/ch-fr\/wp-json\/wp\/v2\/categories?post=22833"},{"taxonomy":"post_tag","embeddable":true,"href":"https:\/\/www.northcdatacenters.com\/ch-fr\/wp-json\/wp\/v2\/tags?post=22833"}],"curies":[{"name":"wp","href":"https:\/\/api.w.org\/{rel}","templated":true}]}}