{"id":23221,"date":"2023-08-16T06:11:41","date_gmt":"2023-08-16T06:11:41","guid":{"rendered":"https:\/\/www.northcdatacenters.com\/ch-fr\/?p=23221"},"modified":"2026-04-20T13:16:02","modified_gmt":"2026-04-20T13:16:02","slug":"northc-schweiz-ag-nomme-patrik-hofer-nouveau-directeur-general","status":"publish","type":"post","link":"https:\/\/www.northcdatacenters.com\/ch-fr\/media-corner\/northc-schweiz-ag-nomme-patrik-hofer-nouveau-directeur-general\/","title":{"rendered":"NorthC Schweiz AG nomme Patrik Hofer nouveau directeur g\u00e9n\u00e9ral"},"content":{"rendered":"<div class=\"wpb-content-wrapper\"><p>[vc_row vc_row_spacing=\u00a0\u00bbdont-add-spacer adds-own-spacer add-spacer-top\u00a0\u00bb el_class=\u00a0\u00bbborder-bottom\u00a0\u00bb][vc_column][vc_column_text]<strong>Patrik Hofer est le nouveau directeur g\u00e9n\u00e9ral de NorthC Schweiz AG \u00e0 compter du 1er ao\u00fbt 2023. Dans le cadre de sa strat\u00e9gie d&rsquo;expansion \u2013 un quatri\u00e8me centre de donn\u00e9es r\u00e9gional a r\u00e9cemment \u00e9t\u00e9 acquis dans la r\u00e9gion de Zurich (Winterthour) \u2013, NorthC Schweiz AG b\u00e9n\u00e9ficiera de la vaste exp\u00e9rience de Patrik Hofer. Frank Zachmann, qui assurait l&rsquo;int\u00e9rim en Suisse, se concentrera d\u00e9sormais sur ses fonctions de directeur g\u00e9n\u00e9ral de la r\u00e9gion DACH.<\/strong><\/p>\n<p>Patrik Hofer (59 ans) est le nouveau directeur g\u00e9n\u00e9ral de NorthC Schweiz AG. Il travaille depuis plus de 35 ans dans le secteur des t\u00e9l\u00e9communications, des technologies de l&rsquo;information et des r\u00e9seaux, dont les 25 derni\u00e8res ann\u00e9es \u00e0 des postes de direction. Il occupait derni\u00e8rement le poste de CIO et Head of Operations chez Green. \u00c0 ce titre, il \u00e9tait responsable de la planification, du pilotage et du d\u00e9veloppement de l&rsquo;\u00e9quipe informatique\/r\u00e9seau ainsi que de l&rsquo;automatisation et de la num\u00e9risation des processus cl\u00e9s du Fournisseur d&rsquo;Acc\u00e8s Internet et de centres de donn\u00e9es. Avant cela, cet \u00e9conomiste d&rsquo;entreprise dipl\u00f4m\u00e9 a occup\u00e9 divers postes de direction dans diff\u00e9rents domaines : \u00ab Mon parcours professionnel m&rsquo;a conduit \u00e0 travers les domaines de la gestion des grands comptes, du marketing, des ventes et enfin de la gestion des op\u00e9rations informatiques et r\u00e9seau, jusqu&rsquo;\u00e0 mon poste actuel de directeur g\u00e9n\u00e9ral chez NorthC Schweiz AG \u00bb, explique Patrik Hofer.<\/p>\n<p><strong>NorthC poursuit sa strat\u00e9gie d&rsquo;expansion<\/strong><\/p>\n<p>\u00ab Nous sommes tr\u00e8s heureux d&rsquo;avoir pu recruter Patrik Hofer comme directeur g\u00e9n\u00e9ral de notre entreprise \u00bb, d\u00e9clare Frank Zachmann, directeur g\u00e9n\u00e9ral DACH, NorthC. \u00ab Ce poste lui convient parfaitement, car il a d\u00e9j\u00e0 assum\u00e9 des responsabilit\u00e9s dans diff\u00e9rents domaines d&rsquo;une entreprise par le pass\u00e9. Nous ne pouvons que b\u00e9n\u00e9ficier de son expertise et de son grand savoir-faire r\u00e9gional et international. \u00bb<\/p>\n<p>En juillet, NorthC Schweiz AG a annonc\u00e9 l&rsquo;acquisition d&rsquo;un autre centre de donn\u00e9es dans la r\u00e9gion de Zurich (Winterthour). D&rsquo;autres centres de donn\u00e9es devraient suivre. Les projets d&rsquo;expansion ont \u00e9t\u00e9 un facteur d\u00e9terminant dans la d\u00e9cision de M. Hofer de rejoindre NorthC Schweiz AG : \u00ab Cela m&rsquo;a donn\u00e9 l&rsquo;occasion d&rsquo;assumer l&rsquo;enti\u00e8re responsabilit\u00e9 et de mettre \u00e0 profit ma vaste exp\u00e9rience dans le d\u00e9veloppement de NorthC Schweiz AG \u00bb, explique-t-il.<\/p>\n<p>Patrik Hofer succ\u00e8de \u00e0 Frank Zachmann, qui occupait le poste de directeur g\u00e9n\u00e9ral par int\u00e9rim depuis novembre dernier. Frank Zachmann se concentrera d\u00e9sormais sur ses fonctions de directeur g\u00e9n\u00e9ral de la r\u00e9gion DACH.[\/vc_column_text][\/vc_column][\/vc_row][vc_row full_width=\u00a0\u00bbstretch_row\u00a0\u00bb north_c_background_color=\u00a0\u00bbbg-gray-200&Prime;][vc_column]<div class=\"cta\">\n  <div class=\"cta-grid\">\n    <div class=\"cta-picture\">\n      <picture class=\"responsive-picture d-block\">\n  <img decoding=\"async\" src=\"https:\/\/www.northcdatacenters.com\/ch-fr\/wp-content\/uploads\/sites\/6\/2022\/11\/Patrik-Hofer-1-1256x1256.webp\" srcset=\"https:\/\/www.northcdatacenters.com\/ch-fr\/wp-content\/uploads\/sites\/6\/2022\/11\/Patrik-Hofer-1-1256x1256.webp 1256w, https:\/\/www.northcdatacenters.com\/ch-fr\/wp-content\/uploads\/sites\/6\/2022\/11\/Patrik-Hofer-1-360x360.webp 360w, https:\/\/www.northcdatacenters.com\/ch-fr\/wp-content\/uploads\/sites\/6\/2022\/11\/Patrik-Hofer-1-500x500.webp 500w, https:\/\/www.northcdatacenters.com\/ch-fr\/wp-content\/uploads\/sites\/6\/2022\/11\/Patrik-Hofer-1-300x300.webp 300w, https:\/\/www.northcdatacenters.com\/ch-fr\/wp-content\/uploads\/sites\/6\/2022\/11\/Patrik-Hofer-1-768x768.webp 768w, https:\/\/www.northcdatacenters.com\/ch-fr\/wp-content\/uploads\/sites\/6\/2022\/11\/Patrik-Hofer-1-1024x1024.webp 1024w, https:\/\/www.northcdatacenters.com\/ch-fr\/wp-content\/uploads\/sites\/6\/2022\/11\/Patrik-Hofer-1-1536x1536.webp 1536w, https:\/\/www.northcdatacenters.com\/ch-fr\/wp-content\/uploads\/sites\/6\/2022\/11\/Patrik-Hofer-1-250x250.webp 250w, https:\/\/www.northcdatacenters.com\/ch-fr\/wp-content\/uploads\/sites\/6\/2022\/11\/Patrik-Hofer-1-740x740.webp 740w, https:\/\/www.northcdatacenters.com\/ch-fr\/wp-content\/uploads\/sites\/6\/2022\/11\/Patrik-Hofer-1-175x175.webp 175w, https:\/\/www.northcdatacenters.com\/ch-fr\/wp-content\/uploads\/sites\/6\/2022\/11\/Patrik-Hofer-1.webp 1920w\"\n  class=\"\" style=\"\"\n  loading=\"lazy\"\n  sizes=\"(min-width: 992px) 1280px, 100vw\" \/><\/picture>\n          <\/div>\n\n    <div class=\"text text-white d-flex flex-column gap-4 justify-content-center align-items-center p-6 pb-12 px-lg-12 px-xxl-28\">\n      <h6 class=\"text-primary lh214 font-extrabold text-center mb-0\">Contactez-nous<\/h6>\n      <h3 class=\"mb-2 text-center text-sm-5xl mb-sm-6 text-balance\">Besoin de conseils propres \u00e0 votre situation?<\/h3>\n      <div class=\"buttons d-flex flex-column flex-lg-row flex-wrap gap-4 align-items-center justify-content-center dark-background\">\n                  \n  <button class=\"btn btn-primary\" type=\"button\" data-bs-toggle=\"offcanvas\" data-bs-target=\"#offcanvas_15\" aria-controls=\"offcanvas_15\">\n    Demander un devis  <\/button>\n                  \n  \n  <button class=\"btn btn-secondary\" type=\"button\" data-bs-toggle=\"offcanvas\" data-bs-target=\"#offcanvas_34\" aria-controls=\"offcanvas_34\">\n    Planifier une visite  <\/button>\n\n              <\/div>\n    <\/div>\n  <\/div>\n<\/div>[\/vc_column][\/vc_row]<\/p>\n<\/div>","protected":false},"excerpt":{"rendered":"<p>[vc_row vc_row_spacing=\u00a0\u00bbdont-add-spacer adds-own-spacer add-spacer-top\u00a0\u00bb el_class=\u00a0\u00bbborder-bottom\u00a0\u00bb][vc_column][vc_column_text]Patrik Hofer est le nouveau directeur g\u00e9n\u00e9ral de NorthC Schweiz AG \u00e0 compter du 1er ao\u00fbt 2023. Dans le cadre de sa strat\u00e9gie d&rsquo;expansion \u2013 un quatri\u00e8me centre de donn\u00e9es r\u00e9gional a r\u00e9cemment \u00e9t\u00e9 acquis dans la r\u00e9gion de Zurich (Winterthour) \u2013, NorthC Schweiz AG b\u00e9n\u00e9ficiera de la vaste exp\u00e9rience de &#8230;<\/p>\n","protected":false},"author":15,"featured_media":23225,"comment_status":"closed","ping_status":"closed","sticky":false,"template":"","format":"standard","meta":{"_acf_changed":false,"_relevanssi_hide_post":"","_relevanssi_hide_content":"","_relevanssi_pin_for_all":"","_relevanssi_pin_keywords":"","_relevanssi_unpin_keywords":"","_relevanssi_related_keywords":"","_relevanssi_related_include_ids":"","_relevanssi_related_exclude_ids":"","_relevanssi_related_no_append":"","_relevanssi_related_not_related":"","_relevanssi_related_posts":"","_relevanssi_noindex_reason":"","footnotes":""},"categories":[48],"tags":[],"class_list":["post-23221","post","type-post","status-publish","format-standard","has-post-thumbnail","hentry","category-media-corner"],"acf":[],"yoast_head":"<!-- This site is optimized with the Yoast SEO Premium plugin v27.4 (Yoast SEO v27.4) - https:\/\/yoast.com\/product\/yoast-seo-premium-wordpress\/ -->\n<title>Patrik Hofer est le nouveau directeur g\u00e9n\u00e9ral de NorthC Schweiz<\/title>\n<meta name=\"description\" content=\"Apprenez-en plus sur Patrik Hofer, le nouveau directeur g\u00e9n\u00e9ral de NorthC Schweiz AG et ses projets d&#039;expansion.\" \/>\n<meta name=\"robots\" content=\"index, follow, max-snippet:-1, max-image-preview:large, max-video-preview:-1\" \/>\n<link rel=\"canonical\" href=\"https:\/\/www.northcdatacenters.com\/ch-fr\/media-corner\/northc-schweiz-ag-nomme-patrik-hofer-nouveau-directeur-general\/\" \/>\n<meta property=\"og:locale\" content=\"fr_FR\" \/>\n<meta property=\"og:type\" content=\"article\" \/>\n<meta property=\"og:title\" content=\"NorthC Schweiz AG nomme Patrik Hofer nouveau directeur g\u00e9n\u00e9ral\" \/>\n<meta property=\"og:description\" content=\"Patrik Hofer prend la direction de NorthC Schweiz AG. Explorez son parcours impressionnant dans les t\u00e9l\u00e9communications et les technologies.\" \/>\n<meta property=\"og:url\" content=\"https:\/\/www.northcdatacenters.com\/ch-fr\/media-corner\/northc-schweiz-ag-nomme-patrik-hofer-nouveau-directeur-general\/\" \/>\n<meta property=\"og:site_name\" content=\"NorthC Datacenters (CH-FR)\" \/>\n<meta property=\"article:published_time\" content=\"2023-08-16T06:11:41+00:00\" \/>\n<meta property=\"article:modified_time\" content=\"2026-04-20T13:16:02+00:00\" \/>\n<meta property=\"og:image\" content=\"https:\/\/www.northcdatacenters.com\/ch-fr\/wp-content\/uploads\/sites\/6\/2023\/08\/Business_Shaking_Hands-scaled.webp\" \/>\n\t<meta property=\"og:image:width\" content=\"2560\" \/>\n\t<meta property=\"og:image:height\" content=\"1410\" \/>\n\t<meta property=\"og:image:type\" content=\"image\/jpeg\" \/>\n<meta name=\"author\" content=\"basvanderweijden\" \/>\n<meta name=\"twitter:card\" content=\"summary_large_image\" \/>\n<meta name=\"twitter:label1\" content=\"Written by\" \/>\n\t<meta name=\"twitter:data1\" content=\"basvanderweijden\" \/>\n\t<meta name=\"twitter:label2\" content=\"Est. reading time\" \/>\n\t<meta name=\"twitter:data2\" content=\"3 minutes\" \/>\n<script type=\"application\/ld+json\" class=\"yoast-schema-graph\">{\"@context\":\"https:\\\/\\\/schema.org\",\"@graph\":[{\"@type\":\"Article\",\"@id\":\"https:\\\/\\\/www.northcdatacenters.com\\\/ch-fr\\\/media-corner\\\/northc-schweiz-ag-nomme-patrik-hofer-nouveau-directeur-general\\\/#article\",\"isPartOf\":{\"@id\":\"https:\\\/\\\/www.northcdatacenters.com\\\/ch-fr\\\/media-corner\\\/northc-schweiz-ag-nomme-patrik-hofer-nouveau-directeur-general\\\/\"},\"author\":{\"name\":\"basvanderweijden\",\"@id\":\"https:\\\/\\\/www.northcdatacenters.com\\\/ch-fr\\\/#\\\/schema\\\/person\\\/836c6d81baaaa140e8abd70adbf19540\"},\"headline\":\"NorthC Schweiz AG nomme Patrik Hofer nouveau directeur g\u00e9n\u00e9ral\",\"datePublished\":\"2023-08-16T06:11:41+00:00\",\"dateModified\":\"2026-04-20T13:16:02+00:00\",\"mainEntityOfPage\":{\"@id\":\"https:\\\/\\\/www.northcdatacenters.com\\\/ch-fr\\\/media-corner\\\/northc-schweiz-ag-nomme-patrik-hofer-nouveau-directeur-general\\\/\"},\"wordCount\":565,\"publisher\":{\"@id\":\"https:\\\/\\\/www.northcdatacenters.com\\\/ch-fr\\\/#organization\"},\"image\":{\"@id\":\"https:\\\/\\\/www.northcdatacenters.com\\\/ch-fr\\\/media-corner\\\/northc-schweiz-ag-nomme-patrik-hofer-nouveau-directeur-general\\\/#primaryimage\"},\"thumbnailUrl\":\"https:\\\/\\\/www.northcdatacenters.com\\\/ch-fr\\\/wp-content\\\/uploads\\\/sites\\\/6\\\/2023\\\/08\\\/Business_Shaking_Hands-scaled.webp\",\"articleSection\":[\"Media Corner\"],\"inLanguage\":\"fr-FR\"},{\"@type\":\"WebPage\",\"@id\":\"https:\\\/\\\/www.northcdatacenters.com\\\/ch-fr\\\/media-corner\\\/northc-schweiz-ag-nomme-patrik-hofer-nouveau-directeur-general\\\/\",\"url\":\"https:\\\/\\\/www.northcdatacenters.com\\\/ch-fr\\\/media-corner\\\/northc-schweiz-ag-nomme-patrik-hofer-nouveau-directeur-general\\\/\",\"name\":\"Patrik Hofer est le nouveau directeur g\u00e9n\u00e9ral de NorthC Schweiz\",\"isPartOf\":{\"@id\":\"https:\\\/\\\/www.northcdatacenters.com\\\/ch-fr\\\/#website\"},\"primaryImageOfPage\":{\"@id\":\"https:\\\/\\\/www.northcdatacenters.com\\\/ch-fr\\\/media-corner\\\/northc-schweiz-ag-nomme-patrik-hofer-nouveau-directeur-general\\\/#primaryimage\"},\"image\":{\"@id\":\"https:\\\/\\\/www.northcdatacenters.com\\\/ch-fr\\\/media-corner\\\/northc-schweiz-ag-nomme-patrik-hofer-nouveau-directeur-general\\\/#primaryimage\"},\"thumbnailUrl\":\"https:\\\/\\\/www.northcdatacenters.com\\\/ch-fr\\\/wp-content\\\/uploads\\\/sites\\\/6\\\/2023\\\/08\\\/Business_Shaking_Hands-scaled.webp\",\"datePublished\":\"2023-08-16T06:11:41+00:00\",\"dateModified\":\"2026-04-20T13:16:02+00:00\",\"description\":\"Apprenez-en plus sur Patrik Hofer, le nouveau directeur g\u00e9n\u00e9ral de NorthC Schweiz AG et ses projets d'expansion.\",\"breadcrumb\":{\"@id\":\"https:\\\/\\\/www.northcdatacenters.com\\\/ch-fr\\\/media-corner\\\/northc-schweiz-ag-nomme-patrik-hofer-nouveau-directeur-general\\\/#breadcrumb\"},\"inLanguage\":\"fr-FR\",\"potentialAction\":[{\"@type\":\"ReadAction\",\"target\":[\"https:\\\/\\\/www.northcdatacenters.com\\\/ch-fr\\\/media-corner\\\/northc-schweiz-ag-nomme-patrik-hofer-nouveau-directeur-general\\\/\"]}]},{\"@type\":\"ImageObject\",\"inLanguage\":\"fr-FR\",\"@id\":\"https:\\\/\\\/www.northcdatacenters.com\\\/ch-fr\\\/media-corner\\\/northc-schweiz-ag-nomme-patrik-hofer-nouveau-directeur-general\\\/#primaryimage\",\"url\":\"https:\\\/\\\/www.northcdatacenters.com\\\/ch-fr\\\/wp-content\\\/uploads\\\/sites\\\/6\\\/2023\\\/08\\\/Business_Shaking_Hands-scaled.webp\",\"contentUrl\":\"https:\\\/\\\/www.northcdatacenters.com\\\/ch-fr\\\/wp-content\\\/uploads\\\/sites\\\/6\\\/2023\\\/08\\\/Business_Shaking_Hands-scaled.webp\",\"width\":2560,\"height\":1410},{\"@type\":\"BreadcrumbList\",\"@id\":\"https:\\\/\\\/www.northcdatacenters.com\\\/ch-fr\\\/media-corner\\\/northc-schweiz-ag-nomme-patrik-hofer-nouveau-directeur-general\\\/#breadcrumb\",\"itemListElement\":[{\"@type\":\"ListItem\",\"position\":1,\"name\":\"Home\",\"item\":\"https:\\\/\\\/www.northcdatacenters.com\\\/ch-fr\\\/\"},{\"@type\":\"ListItem\",\"position\":2,\"name\":\"NorthC Schweiz AG nomme Patrik Hofer nouveau directeur g\u00e9n\u00e9ral\"}]},{\"@type\":\"WebSite\",\"@id\":\"https:\\\/\\\/www.northcdatacenters.com\\\/ch-fr\\\/#website\",\"url\":\"https:\\\/\\\/www.northcdatacenters.com\\\/ch-fr\\\/\",\"name\":\"NorthC Datacenters\",\"description\":\"Digital business, Personal connections.\",\"publisher\":{\"@id\":\"https:\\\/\\\/www.northcdatacenters.com\\\/ch-fr\\\/#organization\"},\"potentialAction\":[{\"@type\":\"SearchAction\",\"target\":{\"@type\":\"EntryPoint\",\"urlTemplate\":\"https:\\\/\\\/www.northcdatacenters.com\\\/ch-fr\\\/?s={search_term_string}\"},\"query-input\":{\"@type\":\"PropertyValueSpecification\",\"valueRequired\":true,\"valueName\":\"search_term_string\"}}],\"inLanguage\":\"fr-FR\"},{\"@type\":\"Organization\",\"@id\":\"https:\\\/\\\/www.northcdatacenters.com\\\/ch-fr\\\/#organization\",\"name\":\"NorthC Datacenters\",\"url\":\"https:\\\/\\\/www.northcdatacenters.com\\\/ch-fr\\\/\",\"logo\":{\"@type\":\"ImageObject\",\"inLanguage\":\"fr-FR\",\"@id\":\"https:\\\/\\\/www.northcdatacenters.com\\\/ch-fr\\\/#\\\/schema\\\/logo\\\/image\\\/\",\"url\":\"https:\\\/\\\/www.northcdatacenters.com\\\/ch-fr\\\/wp-content\\\/uploads\\\/sites\\\/6\\\/2024\\\/11\\\/Logo_NorthC.svg\",\"contentUrl\":\"https:\\\/\\\/www.northcdatacenters.com\\\/ch-fr\\\/wp-content\\\/uploads\\\/sites\\\/6\\\/2024\\\/11\\\/Logo_NorthC.svg\",\"width\":110,\"height\":24,\"caption\":\"NorthC Datacenters\"},\"image\":{\"@id\":\"https:\\\/\\\/www.northcdatacenters.com\\\/ch-fr\\\/#\\\/schema\\\/logo\\\/image\\\/\"}},{\"@type\":\"Person\",\"@id\":\"https:\\\/\\\/www.northcdatacenters.com\\\/ch-fr\\\/#\\\/schema\\\/person\\\/836c6d81baaaa140e8abd70adbf19540\",\"name\":\"basvanderweijden\",\"url\":\"https:\\\/\\\/www.northcdatacenters.com\\\/ch-fr\\\/author\\\/basvanderweijden\\\/\"}]}<\/script>\n<!-- \/ Yoast SEO Premium plugin. -->","yoast_head_json":{"title":"Patrik Hofer est le nouveau directeur g\u00e9n\u00e9ral de NorthC Schweiz","description":"Apprenez-en plus sur Patrik Hofer, le nouveau directeur g\u00e9n\u00e9ral de NorthC Schweiz AG et ses projets d'expansion.","robots":{"index":"index","follow":"follow","max-snippet":"max-snippet:-1","max-image-preview":"max-image-preview:large","max-video-preview":"max-video-preview:-1"},"canonical":"https:\/\/www.northcdatacenters.com\/ch-fr\/media-corner\/northc-schweiz-ag-nomme-patrik-hofer-nouveau-directeur-general\/","og_locale":"fr_FR","og_type":"article","og_title":"NorthC Schweiz AG nomme Patrik Hofer nouveau directeur g\u00e9n\u00e9ral","og_description":"Patrik Hofer prend la direction de NorthC Schweiz AG. Explorez son parcours impressionnant dans les t\u00e9l\u00e9communications et les technologies.","og_url":"https:\/\/www.northcdatacenters.com\/ch-fr\/media-corner\/northc-schweiz-ag-nomme-patrik-hofer-nouveau-directeur-general\/","og_site_name":"NorthC Datacenters (CH-FR)","article_published_time":"2023-08-16T06:11:41+00:00","article_modified_time":"2026-04-20T13:16:02+00:00","og_image":[{"width":2560,"height":1410,"url":"https:\/\/www.northcdatacenters.com\/ch-fr\/wp-content\/uploads\/sites\/6\/2023\/08\/Business_Shaking_Hands-scaled.webp","type":"image\/jpeg"}],"author":"basvanderweijden","twitter_card":"summary_large_image","twitter_misc":{"Written by":"basvanderweijden","Est. reading time":"3 minutes"},"schema":{"@context":"https:\/\/schema.org","@graph":[{"@type":"Article","@id":"https:\/\/www.northcdatacenters.com\/ch-fr\/media-corner\/northc-schweiz-ag-nomme-patrik-hofer-nouveau-directeur-general\/#article","isPartOf":{"@id":"https:\/\/www.northcdatacenters.com\/ch-fr\/media-corner\/northc-schweiz-ag-nomme-patrik-hofer-nouveau-directeur-general\/"},"author":{"name":"basvanderweijden","@id":"https:\/\/www.northcdatacenters.com\/ch-fr\/#\/schema\/person\/836c6d81baaaa140e8abd70adbf19540"},"headline":"NorthC Schweiz AG nomme Patrik Hofer nouveau directeur g\u00e9n\u00e9ral","datePublished":"2023-08-16T06:11:41+00:00","dateModified":"2026-04-20T13:16:02+00:00","mainEntityOfPage":{"@id":"https:\/\/www.northcdatacenters.com\/ch-fr\/media-corner\/northc-schweiz-ag-nomme-patrik-hofer-nouveau-directeur-general\/"},"wordCount":565,"publisher":{"@id":"https:\/\/www.northcdatacenters.com\/ch-fr\/#organization"},"image":{"@id":"https:\/\/www.northcdatacenters.com\/ch-fr\/media-corner\/northc-schweiz-ag-nomme-patrik-hofer-nouveau-directeur-general\/#primaryimage"},"thumbnailUrl":"https:\/\/www.northcdatacenters.com\/ch-fr\/wp-content\/uploads\/sites\/6\/2023\/08\/Business_Shaking_Hands-scaled.webp","articleSection":["Media Corner"],"inLanguage":"fr-FR"},{"@type":"WebPage","@id":"https:\/\/www.northcdatacenters.com\/ch-fr\/media-corner\/northc-schweiz-ag-nomme-patrik-hofer-nouveau-directeur-general\/","url":"https:\/\/www.northcdatacenters.com\/ch-fr\/media-corner\/northc-schweiz-ag-nomme-patrik-hofer-nouveau-directeur-general\/","name":"Patrik Hofer est le nouveau directeur g\u00e9n\u00e9ral de NorthC Schweiz","isPartOf":{"@id":"https:\/\/www.northcdatacenters.com\/ch-fr\/#website"},"primaryImageOfPage":{"@id":"https:\/\/www.northcdatacenters.com\/ch-fr\/media-corner\/northc-schweiz-ag-nomme-patrik-hofer-nouveau-directeur-general\/#primaryimage"},"image":{"@id":"https:\/\/www.northcdatacenters.com\/ch-fr\/media-corner\/northc-schweiz-ag-nomme-patrik-hofer-nouveau-directeur-general\/#primaryimage"},"thumbnailUrl":"https:\/\/www.northcdatacenters.com\/ch-fr\/wp-content\/uploads\/sites\/6\/2023\/08\/Business_Shaking_Hands-scaled.webp","datePublished":"2023-08-16T06:11:41+00:00","dateModified":"2026-04-20T13:16:02+00:00","description":"Apprenez-en plus sur Patrik Hofer, le nouveau directeur g\u00e9n\u00e9ral de NorthC Schweiz AG et ses projets d'expansion.","breadcrumb":{"@id":"https:\/\/www.northcdatacenters.com\/ch-fr\/media-corner\/northc-schweiz-ag-nomme-patrik-hofer-nouveau-directeur-general\/#breadcrumb"},"inLanguage":"fr-FR","potentialAction":[{"@type":"ReadAction","target":["https:\/\/www.northcdatacenters.com\/ch-fr\/media-corner\/northc-schweiz-ag-nomme-patrik-hofer-nouveau-directeur-general\/"]}]},{"@type":"ImageObject","inLanguage":"fr-FR","@id":"https:\/\/www.northcdatacenters.com\/ch-fr\/media-corner\/northc-schweiz-ag-nomme-patrik-hofer-nouveau-directeur-general\/#primaryimage","url":"https:\/\/www.northcdatacenters.com\/ch-fr\/wp-content\/uploads\/sites\/6\/2023\/08\/Business_Shaking_Hands-scaled.webp","contentUrl":"https:\/\/www.northcdatacenters.com\/ch-fr\/wp-content\/uploads\/sites\/6\/2023\/08\/Business_Shaking_Hands-scaled.webp","width":2560,"height":1410},{"@type":"BreadcrumbList","@id":"https:\/\/www.northcdatacenters.com\/ch-fr\/media-corner\/northc-schweiz-ag-nomme-patrik-hofer-nouveau-directeur-general\/#breadcrumb","itemListElement":[{"@type":"ListItem","position":1,"name":"Home","item":"https:\/\/www.northcdatacenters.com\/ch-fr\/"},{"@type":"ListItem","position":2,"name":"NorthC Schweiz AG nomme Patrik Hofer nouveau directeur g\u00e9n\u00e9ral"}]},{"@type":"WebSite","@id":"https:\/\/www.northcdatacenters.com\/ch-fr\/#website","url":"https:\/\/www.northcdatacenters.com\/ch-fr\/","name":"NorthC Datacenters","description":"Digital business, Personal connections.","publisher":{"@id":"https:\/\/www.northcdatacenters.com\/ch-fr\/#organization"},"potentialAction":[{"@type":"SearchAction","target":{"@type":"EntryPoint","urlTemplate":"https:\/\/www.northcdatacenters.com\/ch-fr\/?s={search_term_string}"},"query-input":{"@type":"PropertyValueSpecification","valueRequired":true,"valueName":"search_term_string"}}],"inLanguage":"fr-FR"},{"@type":"Organization","@id":"https:\/\/www.northcdatacenters.com\/ch-fr\/#organization","name":"NorthC Datacenters","url":"https:\/\/www.northcdatacenters.com\/ch-fr\/","logo":{"@type":"ImageObject","inLanguage":"fr-FR","@id":"https:\/\/www.northcdatacenters.com\/ch-fr\/#\/schema\/logo\/image\/","url":"https:\/\/www.northcdatacenters.com\/ch-fr\/wp-content\/uploads\/sites\/6\/2024\/11\/Logo_NorthC.svg","contentUrl":"https:\/\/www.northcdatacenters.com\/ch-fr\/wp-content\/uploads\/sites\/6\/2024\/11\/Logo_NorthC.svg","width":110,"height":24,"caption":"NorthC Datacenters"},"image":{"@id":"https:\/\/www.northcdatacenters.com\/ch-fr\/#\/schema\/logo\/image\/"}},{"@type":"Person","@id":"https:\/\/www.northcdatacenters.com\/ch-fr\/#\/schema\/person\/836c6d81baaaa140e8abd70adbf19540","name":"basvanderweijden","url":"https:\/\/www.northcdatacenters.com\/ch-fr\/author\/basvanderweijden\/"}]}},"_links":{"self":[{"href":"https:\/\/www.northcdatacenters.com\/ch-fr\/wp-json\/wp\/v2\/posts\/23221","targetHints":{"allow":["GET"]}}],"collection":[{"href":"https:\/\/www.northcdatacenters.com\/ch-fr\/wp-json\/wp\/v2\/posts"}],"about":[{"href":"https:\/\/www.northcdatacenters.com\/ch-fr\/wp-json\/wp\/v2\/types\/post"}],"author":[{"embeddable":true,"href":"https:\/\/www.northcdatacenters.com\/ch-fr\/wp-json\/wp\/v2\/users\/15"}],"replies":[{"embeddable":true,"href":"https:\/\/www.northcdatacenters.com\/ch-fr\/wp-json\/wp\/v2\/comments?post=23221"}],"version-history":[{"count":5,"href":"https:\/\/www.northcdatacenters.com\/ch-fr\/wp-json\/wp\/v2\/posts\/23221\/revisions"}],"predecessor-version":[{"id":31615,"href":"https:\/\/www.northcdatacenters.com\/ch-fr\/wp-json\/wp\/v2\/posts\/23221\/revisions\/31615"}],"wp:featuredmedia":[{"embeddable":true,"href":"https:\/\/www.northcdatacenters.com\/ch-fr\/wp-json\/wp\/v2\/media\/23225"}],"wp:attachment":[{"href":"https:\/\/www.northcdatacenters.com\/ch-fr\/wp-json\/wp\/v2\/media?parent=23221"}],"wp:term":[{"taxonomy":"category","embeddable":true,"href":"https:\/\/www.northcdatacenters.com\/ch-fr\/wp-json\/wp\/v2\/categories?post=23221"},{"taxonomy":"post_tag","embeddable":true,"href":"https:\/\/www.northcdatacenters.com\/ch-fr\/wp-json\/wp\/v2\/tags?post=23221"}],"curies":[{"name":"wp","href":"https:\/\/api.w.org\/{rel}","templated":true}]}}