{"id":23346,"date":"2023-09-12T12:02:54","date_gmt":"2023-09-12T12:02:54","guid":{"rendered":"https:\/\/www.northcdatacenters.com\/ch-fr\/?p=23346"},"modified":"2026-04-20T12:57:30","modified_gmt":"2026-04-20T12:57:30","slug":"le-reseau-de-centres-de-donnees-northc","status":"publish","type":"post","link":"https:\/\/www.northcdatacenters.com\/ch-fr\/centre-de-donnees\/le-reseau-de-centres-de-donnees-northc\/","title":{"rendered":"Le r\u00e9seau de centres de donn\u00e9es NorthC"},"content":{"rendered":"<div class=\"wpb-content-wrapper\"><p>[vc_row vc_row_spacing=\u00a0\u00bbdont-add-spacer adds-own-spacer add-spacer-top\u00a0\u00bb][vc_column][vc_column_text lead=\u00a0\u00bbtrue\u00a0\u00bb]<strong>Il y a quelques semaines, un nouveau centre de donn\u00e9es suisse a rejoint le groupe NorthC. Le centre de donn\u00e9es de Winterthour (Zurich) \u00e9tait la pi\u00e8ce manquante du puzzle pour couvrir l&rsquo;ensemble de la Suisse al\u00e9manique avec un r\u00e9seau de plateformes de colocation. Il marque \u00e9galement notre entr\u00e9e sur le march\u00e9 de la r\u00e9gion de Zurich. Mais ce n&rsquo;est qu&rsquo;un d\u00e9but, car <a href=\"https:\/\/www.northcdatacenters.com\/ch-fr\/centre-de-donnee\/strategie-regionale-en-matiere-de-centres-de-donnees-qu-est-ce-que-cela-signifie\/\">de nombreux autres centres de donn\u00e9es vont rejoindre le groupe NorthC <\/a>dans toute l&rsquo;Europe. D\u00e9couvrez ici pourquoi nous faisons cela et comment nos clients peuvent tirer un avantage consid\u00e9rable d&rsquo;un tel r\u00e9seau de centres de donn\u00e9es.<\/strong>[\/vc_column_text]\n    <picture class=\"responsive-picture \">\n                                              <source srcset=\"https:\/\/www.northcdatacenters.com\/ch-fr\/wp-content\/uploads\/sites\/6\/2023\/09\/Datacenter-Netzwerk.webp 2201w, https:\/\/www.northcdatacenters.com\/ch-fr\/wp-content\/uploads\/sites\/6\/2023\/09\/Datacenter-Netzwerk-300x169.webp 300w, https:\/\/www.northcdatacenters.com\/ch-fr\/wp-content\/uploads\/sites\/6\/2023\/09\/Datacenter-Netzwerk-1024x576.webp 1024w, https:\/\/www.northcdatacenters.com\/ch-fr\/wp-content\/uploads\/sites\/6\/2023\/09\/Datacenter-Netzwerk-768x432.webp 768w, https:\/\/www.northcdatacenters.com\/ch-fr\/wp-content\/uploads\/sites\/6\/2023\/09\/Datacenter-Netzwerk-1536x864.webp 1536w, https:\/\/www.northcdatacenters.com\/ch-fr\/wp-content\/uploads\/sites\/6\/2023\/09\/Datacenter-Netzwerk-2048x1152.webp 2048w, https:\/\/www.northcdatacenters.com\/ch-fr\/wp-content\/uploads\/sites\/6\/2023\/09\/Datacenter-Netzwerk-1440x810.webp 1440w, https:\/\/www.northcdatacenters.com\/ch-fr\/wp-content\/uploads\/sites\/6\/2023\/09\/Datacenter-Netzwerk-175x98.webp 175w, https:\/\/www.northcdatacenters.com\/ch-fr\/wp-content\/uploads\/sites\/6\/2023\/09\/Datacenter-Netzwerk-510x287.webp 510w, https:\/\/www.northcdatacenters.com\/ch-fr\/wp-content\/uploads\/sites\/6\/2023\/09\/Datacenter-Netzwerk-800x450.webp 800w\" media=\"(min-width: 576px)\">\n                        \n      <img decoding=\"async\" src=\"https:\/\/www.northcdatacenters.com\/ch-fr\/wp-content\/uploads\/sites\/6\/2023\/09\/Datacenter-Netzwerk.webp\" alt=\"\" loading=\"auto\" width=\"\" height=\"\">\n    <\/picture>\n[vc_column_text]<em>Le groupe NorthC compte actuellement dans son r\u00e9seau des centres de donn\u00e9es aux Pays-Bas, en Allemagne et en Suisse.<\/em>[\/vc_column_text][\/vc_column][\/vc_row][vc_row full_width=\u00a0\u00bbstretch_row_content_no_spaces\u00a0\u00bb][vc_column]<div class=\"title-block px-3 title-block-image-right\">\n  <div class=\"container image-container\" style=\"--image-position-x: 50%;\">\n          <picture class=\"responsive-picture \">\n  <img decoding=\"async\" src=\"https:\/\/www.northcdatacenters.com\/ch-fr\/wp-content\/uploads\/sites\/6\/2023\/05\/Datahall_Datacenter-Biel-1600x1143.webp\" srcset=\"\"\n  class=\"\" style=\"\"\n  loading=\"lazy\"\n  sizes=\"(min-width: 1400px) 1200px, (min-width: 1200px) 48vw, 100vw\" \/><\/picture>      <\/div>\n\n  <div class=\"d-none d-xl-block background-with-slanted-edge slanted\"><\/div>\n\n  <div class=\"container text-container\">\n    <div class=\"text-bg-white text py-9 px-6 d-flex flex-column\">\n              <h2 class=\"font-heavy lh-sm\">Pourquoi nous d\u00e9veloppons un r\u00e9seau paneurop\u00e9en de centres de donn\u00e9es<\/h2>\n      \n      <div class=\"content lh-xl\">\n        <p>La plupart des PME suisses exploitent actuellement une infrastructure Cloud hybride et ont donc besoin de services de colocation. Cela signifie qu&rsquo;elles souhaitent exploiter leurs propres infrastructures de serveurs dans des centres de donn\u00e9es externes. Pour cela, il est n\u00e9cessaire de <a href=\"https:\/\/www.northcdatacenters.com\/ch-fr\/nos-services\/cloud-connect\/\">connecter les sites correspondants aux n\u0153uds Internet<\/a>. C&rsquo;est la mission de NorthC avec son infrastructure Connect.<\/p>\n<p>Lors du choix d&rsquo;un fournisseur de services de colocation, outre l&rsquo;efficacit\u00e9 et la disponibilit\u00e9, la proximit\u00e9 du site en cas de travaux de maintenance ou d&rsquo;escalades est \u00e9galement d&rsquo;une importance cruciale. NorthC s&rsquo;est sp\u00e9cialis\u00e9e dans l&rsquo;exploitation de ses centres de donn\u00e9es dans des parcs industriels et d&rsquo;affaires afin de r\u00e9pondre pr\u00e9cis\u00e9ment \u00e0 ce crit\u00e8re.<\/p>\n<p>Nos centres de donn\u00e9es r\u00e9pondent \u00e0 100 % \u00e0 ces exigences et s&rsquo;int\u00e8grent donc parfaitement non seulement dans la strat\u00e9gie de NorthC, mais aussi dans les besoins de nos clients.<\/p>\n<h3>Vous souhaitez en savoir plus sur les possibilit\u00e9s qui s&rsquo;offrent \u00e0 vous ?<\/h3>\n<p>Discutez-en avec nos sp\u00e9cialistes ou, mieux encore, demandez \u00e0 visiter l&rsquo;un de nos centres de donn\u00e9es.<\/p>\n      <\/div>\n\n              <div class=\"d-flex gap-3 flex-wrap mt-4\">\n                      \n  <button class=\"btn btn-primary\" type=\"button\" data-bs-toggle=\"offcanvas\" data-bs-target=\"#offcanvas_28\" aria-controls=\"offcanvas_28\">\n    Contactez-nous  <\/button>\n                      \n  \n  <button class=\"btn btn-secondary\" type=\"button\" data-bs-toggle=\"offcanvas\" data-bs-target=\"#offcanvas_34\" aria-controls=\"offcanvas_34\">\n    Planifier une visite  <\/button>\n\n                  <\/div>\n          <\/div>\n  <\/div>\n<\/div>[\/vc_column][\/vc_row][vc_row full_width=\u00a0\u00bbstretch_row_content_no_spaces\u00a0\u00bb][vc_column]<div class=\"title-block px-3 title-block-image-left\">\n  <div class=\"container image-container\" style=\"--image-position-x: 50%;\">\n          <picture class=\"responsive-picture \">\n  <img decoding=\"async\" src=\"https:\/\/www.northcdatacenters.com\/ch-fr\/wp-content\/uploads\/sites\/6\/2023\/09\/Laptopgraphs-1600x1143.webp\" srcset=\"\"\n  class=\"\" style=\"\"\n  loading=\"lazy\"\n  sizes=\"(min-width: 1400px) 1200px, (min-width: 1200px) 48vw, 100vw\" \/><\/picture>      <\/div>\n\n  <div class=\"d-none d-xl-block background-with-slanted-edge slanted\"><\/div>\n\n  <div class=\"container text-container\">\n    <div class=\"text-bg-white text py-9 px-6 d-flex flex-column\">\n              <h2 class=\"font-heavy lh-sm\">Pourquoi la colocation est-elle \u00e9galement int\u00e9ressante pour votre entreprise ?<\/h2>\n      \n      <div class=\"content lh-xl\">\n        <p>Certaines entreprises ne sont pas en mesure de migrer enti\u00e8rement leurs applications vers le Cloud pour des raisons techniques, r\u00e9glementaires ou de s\u00e9curit\u00e9. Une modernisation compl\u00e8te de leur propre centre de donn\u00e9es semble souvent irr\u00e9alisable sur le plan \u00e9conomique et n\u00e9cessite des efforts consid\u00e9rables. Dans de tels cas, la question \u00ab Make or Buy ? \u00bb se pose, et c&rsquo;est l\u00e0 qu&rsquo;intervient la solution de colocation de centres de donn\u00e9es.<\/p>\n<p>Pour d\u00e9terminer la valeur r\u00e9elle d&rsquo;une solution de colocation, il est judicieux de comparer les investissements initiaux avec les \u00e9conomies \u00e0 long terme r\u00e9alis\u00e9es gr\u00e2ce \u00e0 la colocation :<\/p>\n      <\/div>\n\n          <\/div>\n  <\/div>\n<\/div>[\/vc_column][\/vc_row][vc_row full_width=\u00a0\u00bbstretch_row\u00a0\u00bb north_c_background_color=\u00a0\u00bbbg-gray-200&Prime;][vc_column width=\u00a0\u00bb1\/2&Prime;][vc_column_text]<\/p>\n<h3>Investissements<\/h3>\n<ul class=\"check-list\">\n<li>Cr\u00e9ation d&rsquo;un groupe de projet avec un chef de projet<\/li>\n<li>\u00c9laboration d&rsquo;un budget d\u00e9taill\u00e9 et d&rsquo;un plan de co\u00fbts pour la migration<\/li>\n<li>S\u00e9lection d&rsquo;un fournisseur adapt\u00e9, n\u00e9gociation et conclusion du contrat<\/li>\n<li>\u00c9laboration d&rsquo;un plan complet comprenant un inventaire du mat\u00e9riel et des logiciels<\/li>\n<li>D\u00e9montage de l&rsquo;ancien centre de donn\u00e9es, transport vers la nouvelle installation<\/li>\n<li>Travaux pr\u00e9paratoires dans le nouveau centre de donn\u00e9es, mise en place de l&rsquo;infrastructure mat\u00e9rielle<\/li>\n<li>Lancement et mise en \u0153uvre de la mise en service dans le nouveau centre de donn\u00e9es<\/li>\n<li>P\u00e9riode de transition avec double co\u00fbt dans les deux centres de donn\u00e9es<\/li>\n<li>Co\u00fbts li\u00e9s \u00e0 l&rsquo;indisponibilit\u00e9 pendant la transition<\/li>\n<li>Frais li\u00e9s \u00e0 l&rsquo;\u00e9limination des anciens \u00e9quipements du centre de donn\u00e9es<\/li>\n<\/ul>\n<p>[\/vc_column_text][\/vc_column][vc_column width=\u00a0\u00bb1\/2&Prime;][vc_column_text]<\/p>\n<h3>\u00c9conomies<\/h3>\n<ul class=\"check-list\">\n<li>R\u00e9duction consid\u00e9rable des co\u00fbts d&rsquo;\u00e9lectricit\u00e9 gr\u00e2ce \u00e0 des gains d&rsquo;efficacit\u00e9 et \u00e0 des \u00e9conomies d&rsquo;\u00e9chelle dans l&rsquo;exploitation du centre de donn\u00e9es (valeur PUE plus faible)<\/li>\n<li>\u00c9conomies de frais de personnel, car le centre de donn\u00e9es n&rsquo;est plus g\u00e9r\u00e9 comme une unit\u00e9 distincte du b\u00e2timent et assure une s\u00e9curit\u00e9 permanente<\/li>\n<li>Suppression des co\u00fbts de maintenance et d&rsquo;entretien des syst\u00e8mes de refroidissement, de protection contre les incendies, de l&rsquo;alimentation \u00e9lectrique UPS et des groupes \u00e9lectrog\u00e8nes de secours<\/li>\n<li>R\u00e9duction des d\u00e9penses pour les services Internet gr\u00e2ce aux prix plus avantageux propos\u00e9s par le fournisseur du centre de donn\u00e9es<\/li>\n<li>\u00c9limination des co\u00fbts de certification et de conformit\u00e9 pour la s\u00e9curit\u00e9 des b\u00e2timents et les exigences r\u00e9glementaires<\/li>\n<li>Possibilit\u00e9 de r\u00e9affecter les surfaces lib\u00e9r\u00e9es \u00e0 de nouveaux bureaux ou sites de production<\/li>\n<li>En cas de d\u00e9mant\u00e8lement de l&rsquo;ancien centre de donn\u00e9es : pas de frais d&rsquo;entretien pour l&rsquo;ancien b\u00e2timent<\/li>\n<li>\u00c9conomies sur les licences de logiciels pour la sauvegarde externe des donn\u00e9es.<\/li>\n<\/ul>\n<p>[\/vc_column_text][\/vc_column][\/vc_row][vc_row full_width=\u00a0\u00bbstretch_row\u00a0\u00bb north_c_background_color=\u00a0\u00bbbg-gray-200&Prime;][vc_column][vc_column_text]Apr\u00e8s une analyse et une \u00e9valuation approfondies, la solution de colocation s&rsquo;av\u00e8re souvent avantageuse tant sur le plan strat\u00e9gique que financier.[\/vc_column_text][vc_column_text]<\/p>\n<h3>V\u00e9rifiez vos avantages financiers<\/h3>\n<p>Nous vous aidons \u00e0 r\u00e9pondre \u00e0 votre question \u00ab Make-or-Buy \u00bb \u00e0 tout moment. Nous vous permettons \u00e9galement d&rsquo;\u00e9changer avec nos clients existants afin de vous garantir une vue d&rsquo;ensemble compl\u00e8te des avantages et des inconv\u00e9nients.<\/p>\n<p><a class=\"btn btn-primary\" href=\"https:\/\/www.northcdatacenters.com\/ch-fr\/contact\/\">Contactez-nous<\/a>[\/vc_column_text][\/vc_column][\/vc_row][vc_row north_c_background_color=\u00a0\u00bbbg-white\u00a0\u00bb][vc_column][vc_column_text]<\/p>\n<h2>Comment nous pouvons vous aider \u00e0 atteindre vos objectifs de durabilit\u00e9<\/h2>\n<p>Les grands d\u00e9fis de notre monde exigent des solutions communes. C&rsquo;est pourquoi nous vous aidons \u00e0 atteindre vos objectifs de durabilit\u00e9 en d\u00e9veloppant un environnement dans lequel vous pouvez exploiter votre infrastructure informatique de mani\u00e8re totalement neutre en CO\u2082. D&rsquo;ici 2030, notre passion et notre mission sont d&rsquo;apporter des changements r\u00e9volutionnaires dans le domaine des centres de donn\u00e9es. Notre strat\u00e9gie repose sur les quatre piliers de la durabilit\u00e9 qui incarnent notre engagement en faveur d&rsquo;un monde plus vert :[\/vc_column_text][\/vc_column][\/vc_row][vc_row equal_height=\u00a0\u00bbyes\u00a0\u00bb north_c_background_color=\u00a0\u00bbbg-black\u00a0\u00bb rtl_reverse=\u00a0\u00bbyes\u00a0\u00bb jello_inverted=\u00a0\u00bbtrue\u00a0\u00bb el_class=\u00a0\u00bbdont-add-spacer image-with-text\u00a0\u00bb css=\u00a0\u00bb.vc_custom_1674048679535{margin-top: 50px !important;margin-bottom: 50px !important;}\u00a0\u00bb][vc_column width=\u00a0\u00bb1\/2&Prime;][vc_column_text]<\/p>\n<h2><span style=\"font-size: 27.0167px\">100% d&rsquo;\u00e9lectricit\u00e9 verte<\/span><\/h2>\n<p>Nous utilisons d\u00e9j\u00e0 100 % d&rsquo;\u00e9lectricit\u00e9 verte pour alimenter nos centres de donn\u00e9es. Nous esp\u00e9rons pouvoir recourir davantage \u00e0 des installations autonomes en \u00e9nergie dans les ann\u00e9es \u00e0 venir.[\/vc_column_text][vc_column_text]<\/p>\n<h2><span style=\"font-size: 27.0167px\">Hydrog\u00e8ne vert<\/span><\/h2>\n<p>Notre nouveau centre de donn\u00e9es \u00e0 Groningue sera l&rsquo;un des premiers au monde \u00e0 \u00eatre \u00e9quip\u00e9 de piles \u00e0 combustible fonctionnant \u00e0 l&rsquo;hydrog\u00e8ne vert (H\u2082). Nous \u00e9tudions actuellement la possibilit\u00e9 d&rsquo;utiliser l&rsquo;hydrog\u00e8ne vert pour rendre tous nos g\u00e9n\u00e9rateurs \u00e9lectriques primaires et de secours neutres en CO\u2082. Les centres de donn\u00e9es utilisent g\u00e9n\u00e9ralement des g\u00e9n\u00e9rateurs diesel pour leur alimentation \u00e9lectrique de secours.[\/vc_column_text][vc_column_text]<\/p>\n<h2><span style=\"font-size: 27.0167px\">Chaleur r\u00e9siduelle<\/span><\/h2>\n<p>Nous nous effor\u00e7ons d&rsquo;utiliser toute l&rsquo;\u00e9nergie r\u00e9siduelle. Par exemple, nous utilisons l&rsquo;\u00e9nergie thermique produite dans nos centres de donn\u00e9es pour chauffer le quartier qui nous entoure. \u00c0 M\u00fcnchenstein, nous sommes raccord\u00e9s au r\u00e9seau de chauffage de Primeo Energie.[\/vc_column_text][vc_column_text]<\/p>\n<h2><span style=\"font-size: 27.0167px\">Construction modulaire<\/span><\/h2>\n<p>Tous nos centres de donn\u00e9es nouvellement construits sont modulaires. Cela signifie que nous ne mettons les installations en service que lorsque cela est n\u00e9cessaire, ce qui r\u00e9duit la consommation d&rsquo;\u00e9lectricit\u00e9. Les \u00e9quipements tels que le refroidissement, l&rsquo;\u00e9lectricit\u00e9 et la surveillance ne sont mis en service que lorsqu&rsquo;ils sont r\u00e9ellement n\u00e9cessaires.[\/vc_column_text][\/vc_column][vc_column width=\u00a0\u00bb1\/2&Prime; css=\u00a0\u00bb.vc_custom_1732013066587{background-image: url(https:\/\/www.northcdatacenters.com\/ch-fr\/wp-content\/uploads\/sites\/6\/2023\/01\/pexels-ty-3958976.jpg?id=22368) !important;}\u00a0\u00bb offset=\u00a0\u00bbvc_hidden-sm vc_hidden-xs\u00a0\u00bb][\/vc_column][\/vc_row][vc_row full_width=\u00a0\u00bbstretch_row\u00a0\u00bb north_c_background_color=\u00a0\u00bbbg-gray-200&Prime;][vc_column]<div class=\"cta\">\n  <div class=\"cta-grid\">\n    <div class=\"cta-picture\">\n      <picture class=\"responsive-picture d-block\">\n  <img decoding=\"async\" src=\"https:\/\/www.northcdatacenters.com\/ch-fr\/wp-content\/uploads\/sites\/6\/2024\/07\/Orlando-Palumbo-1-1256x1256.webp\" srcset=\"https:\/\/www.northcdatacenters.com\/ch-fr\/wp-content\/uploads\/sites\/6\/2024\/07\/Orlando-Palumbo-1-1256x1256.webp 1256w, https:\/\/www.northcdatacenters.com\/ch-fr\/wp-content\/uploads\/sites\/6\/2024\/07\/Orlando-Palumbo-1-300x300.webp 300w, https:\/\/www.northcdatacenters.com\/ch-fr\/wp-content\/uploads\/sites\/6\/2024\/07\/Orlando-Palumbo-1-1024x1024.webp 1024w, https:\/\/www.northcdatacenters.com\/ch-fr\/wp-content\/uploads\/sites\/6\/2024\/07\/Orlando-Palumbo-1-768x768.webp 768w, https:\/\/www.northcdatacenters.com\/ch-fr\/wp-content\/uploads\/sites\/6\/2024\/07\/Orlando-Palumbo-1-1536x1536.webp 1536w, https:\/\/www.northcdatacenters.com\/ch-fr\/wp-content\/uploads\/sites\/6\/2024\/07\/Orlando-Palumbo-1-250x250.webp 250w, https:\/\/www.northcdatacenters.com\/ch-fr\/wp-content\/uploads\/sites\/6\/2024\/07\/Orlando-Palumbo-1-740x740.webp 740w, https:\/\/www.northcdatacenters.com\/ch-fr\/wp-content\/uploads\/sites\/6\/2024\/07\/Orlando-Palumbo-1-175x175.webp 175w, https:\/\/www.northcdatacenters.com\/ch-fr\/wp-content\/uploads\/sites\/6\/2024\/07\/Orlando-Palumbo-1-360x360.webp 360w, https:\/\/www.northcdatacenters.com\/ch-fr\/wp-content\/uploads\/sites\/6\/2024\/07\/Orlando-Palumbo-1-500x500.webp 500w, https:\/\/www.northcdatacenters.com\/ch-fr\/wp-content\/uploads\/sites\/6\/2024\/07\/Orlando-Palumbo-1.webp 1920w\"\n  class=\"\" style=\"\"\n  loading=\"lazy\"\n  sizes=\"(min-width: 992px) 1280px, 100vw\" \/><\/picture>\n          <\/div>\n\n    <div class=\"text text-white d-flex flex-column gap-4 justify-content-center align-items-center p-6 pb-12 px-lg-12 px-xxl-28\">\n      <h6 class=\"text-primary lh214 font-extrabold text-center mb-0\">Contactez-nous<\/h6>\n      <h3 class=\"mb-2 text-center text-sm-5xl mb-sm-6 text-balance\">Besoin de conseils propres \u00e0 votre situation?<\/h3>\n      <div class=\"buttons d-flex flex-column flex-lg-row flex-wrap gap-4 align-items-center justify-content-center dark-background\">\n                  \n  <button class=\"btn btn-primary\" type=\"button\" data-bs-toggle=\"offcanvas\" data-bs-target=\"#offcanvas_15\" aria-controls=\"offcanvas_15\">\n    Demander un devis  <\/button>\n                  \n  \n  <button class=\"btn btn-secondary\" type=\"button\" data-bs-toggle=\"offcanvas\" data-bs-target=\"#offcanvas_34\" aria-controls=\"offcanvas_34\">\n    Planifier une visite  <\/button>\n\n              <\/div>\n    <\/div>\n  <\/div>\n<\/div>[\/vc_column][\/vc_row]<\/p>\n<\/div>","protected":false},"excerpt":{"rendered":"<p>[vc_row vc_row_spacing=\u00a0\u00bbdont-add-spacer adds-own-spacer add-spacer-top\u00a0\u00bb][vc_column][vc_column_text lead=\u00a0\u00bbtrue\u00a0\u00bb]Il y a quelques semaines, un nouveau centre de donn\u00e9es suisse a rejoint le groupe NorthC. Le centre de donn\u00e9es de Winterthour (Zurich) \u00e9tait la pi\u00e8ce manquante du puzzle pour couvrir l&rsquo;ensemble de la Suisse al\u00e9manique avec un r\u00e9seau de plateformes de colocation. Il marque \u00e9galement notre entr\u00e9e sur le march\u00e9 &#8230;<\/p>\n","protected":false},"author":16,"featured_media":23349,"comment_status":"closed","ping_status":"closed","sticky":false,"template":"","format":"standard","meta":{"_acf_changed":false,"_relevanssi_hide_post":"","_relevanssi_hide_content":"","_relevanssi_pin_for_all":"","_relevanssi_pin_keywords":"","_relevanssi_unpin_keywords":"","_relevanssi_related_keywords":"","_relevanssi_related_include_ids":"","_relevanssi_related_exclude_ids":"","_relevanssi_related_no_append":"","_relevanssi_related_not_related":"","_relevanssi_related_posts":"","_relevanssi_noindex_reason":"","footnotes":""},"categories":[58],"tags":[],"class_list":["post-23346","post","type-post","status-publish","format-standard","has-post-thumbnail","hentry","category-centre-de-donnees"],"acf":[],"yoast_head":"<!-- This site is optimized with the Yoast SEO Premium plugin v27.4 (Yoast SEO v27.4) - https:\/\/yoast.com\/product\/yoast-seo-premium-wordpress\/ -->\n<title>Le r\u00e9seau de centre de donn\u00e9es NorthC<\/title>\n<meta name=\"description\" content=\"D\u00e9couvrez notre motivation pour la construction d\u2019un r\u00e9seau paneurop\u00e9en de centres de donn\u00e9es et comment vous pouvez en b\u00e9n\u00e9ficier.\" \/>\n<meta name=\"robots\" content=\"index, follow, max-snippet:-1, max-image-preview:large, max-video-preview:-1\" \/>\n<link rel=\"canonical\" href=\"https:\/\/www.northcdatacenters.com\/ch-fr\/centre-de-donnees\/le-reseau-de-centres-de-donnees-northc\/\" \/>\n<meta property=\"og:locale\" content=\"fr_FR\" \/>\n<meta property=\"og:type\" content=\"article\" \/>\n<meta property=\"og:title\" content=\"Le r\u00e9seau de centres de donn\u00e9es NorthC\" \/>\n<meta property=\"og:description\" content=\"Explorez les avantages du r\u00e9seau de centres de donn\u00e9es de NorthC en Europe. Un nouveau chapitre commence \u00e0 Zurich.\" \/>\n<meta property=\"og:url\" content=\"https:\/\/www.northcdatacenters.com\/ch-fr\/centre-de-donnees\/le-reseau-de-centres-de-donnees-northc\/\" \/>\n<meta property=\"og:site_name\" content=\"NorthC Datacenters (CH-FR)\" \/>\n<meta property=\"article:published_time\" content=\"2023-09-12T12:02:54+00:00\" \/>\n<meta property=\"article:modified_time\" content=\"2026-04-20T12:57:30+00:00\" \/>\n<meta property=\"og:image\" content=\"https:\/\/www.northcdatacenters.com\/ch-fr\/wp-content\/uploads\/sites\/6\/2023\/09\/NorthC_europe_Vernieuwd_HR_Shrinked-e1694504887184.webp\" \/>\n\t<meta property=\"og:image:width\" content=\"2388\" \/>\n\t<meta property=\"og:image:height\" content=\"1536\" \/>\n\t<meta property=\"og:image:type\" content=\"image\/jpeg\" \/>\n<meta name=\"author\" content=\"Martin\" \/>\n<meta name=\"twitter:card\" content=\"summary_large_image\" \/>\n<meta name=\"twitter:label1\" content=\"Written by\" \/>\n\t<meta name=\"twitter:data1\" content=\"Martin\" \/>\n\t<meta name=\"twitter:label2\" content=\"Est. reading time\" \/>\n\t<meta name=\"twitter:data2\" content=\"7 minutes\" \/>\n<script type=\"application\/ld+json\" class=\"yoast-schema-graph\">{\"@context\":\"https:\\\/\\\/schema.org\",\"@graph\":[{\"@type\":\"Article\",\"@id\":\"https:\\\/\\\/www.northcdatacenters.com\\\/ch-fr\\\/centre-de-donnees\\\/le-reseau-de-centres-de-donnees-northc\\\/#article\",\"isPartOf\":{\"@id\":\"https:\\\/\\\/www.northcdatacenters.com\\\/ch-fr\\\/centre-de-donnees\\\/le-reseau-de-centres-de-donnees-northc\\\/\"},\"author\":{\"name\":\"Martin\",\"@id\":\"https:\\\/\\\/www.northcdatacenters.com\\\/ch-fr\\\/#\\\/schema\\\/person\\\/d9dc31297e84c0bf28cb42b588ffd95c\"},\"headline\":\"Le r\u00e9seau de centres de donn\u00e9es NorthC\",\"datePublished\":\"2023-09-12T12:02:54+00:00\",\"dateModified\":\"2026-04-20T12:57:30+00:00\",\"mainEntityOfPage\":{\"@id\":\"https:\\\/\\\/www.northcdatacenters.com\\\/ch-fr\\\/centre-de-donnees\\\/le-reseau-de-centres-de-donnees-northc\\\/\"},\"wordCount\":1537,\"publisher\":{\"@id\":\"https:\\\/\\\/www.northcdatacenters.com\\\/ch-fr\\\/#organization\"},\"image\":{\"@id\":\"https:\\\/\\\/www.northcdatacenters.com\\\/ch-fr\\\/centre-de-donnees\\\/le-reseau-de-centres-de-donnees-northc\\\/#primaryimage\"},\"thumbnailUrl\":\"https:\\\/\\\/www.northcdatacenters.com\\\/ch-fr\\\/wp-content\\\/uploads\\\/sites\\\/6\\\/2023\\\/09\\\/NorthC_europe_Vernieuwd_HR_Shrinked-e1694504887184.webp\",\"articleSection\":[\"Centre de donn\u00e9es\"],\"inLanguage\":\"fr-FR\"},{\"@type\":\"WebPage\",\"@id\":\"https:\\\/\\\/www.northcdatacenters.com\\\/ch-fr\\\/centre-de-donnees\\\/le-reseau-de-centres-de-donnees-northc\\\/\",\"url\":\"https:\\\/\\\/www.northcdatacenters.com\\\/ch-fr\\\/centre-de-donnees\\\/le-reseau-de-centres-de-donnees-northc\\\/\",\"name\":\"Le r\u00e9seau de centre de donn\u00e9es NorthC\",\"isPartOf\":{\"@id\":\"https:\\\/\\\/www.northcdatacenters.com\\\/ch-fr\\\/#website\"},\"primaryImageOfPage\":{\"@id\":\"https:\\\/\\\/www.northcdatacenters.com\\\/ch-fr\\\/centre-de-donnees\\\/le-reseau-de-centres-de-donnees-northc\\\/#primaryimage\"},\"image\":{\"@id\":\"https:\\\/\\\/www.northcdatacenters.com\\\/ch-fr\\\/centre-de-donnees\\\/le-reseau-de-centres-de-donnees-northc\\\/#primaryimage\"},\"thumbnailUrl\":\"https:\\\/\\\/www.northcdatacenters.com\\\/ch-fr\\\/wp-content\\\/uploads\\\/sites\\\/6\\\/2023\\\/09\\\/NorthC_europe_Vernieuwd_HR_Shrinked-e1694504887184.webp\",\"datePublished\":\"2023-09-12T12:02:54+00:00\",\"dateModified\":\"2026-04-20T12:57:30+00:00\",\"description\":\"D\u00e9couvrez notre motivation pour la construction d\u2019un r\u00e9seau paneurop\u00e9en de centres de donn\u00e9es et comment vous pouvez en b\u00e9n\u00e9ficier.\",\"breadcrumb\":{\"@id\":\"https:\\\/\\\/www.northcdatacenters.com\\\/ch-fr\\\/centre-de-donnees\\\/le-reseau-de-centres-de-donnees-northc\\\/#breadcrumb\"},\"inLanguage\":\"fr-FR\",\"potentialAction\":[{\"@type\":\"ReadAction\",\"target\":[\"https:\\\/\\\/www.northcdatacenters.com\\\/ch-fr\\\/centre-de-donnees\\\/le-reseau-de-centres-de-donnees-northc\\\/\"]}]},{\"@type\":\"ImageObject\",\"inLanguage\":\"fr-FR\",\"@id\":\"https:\\\/\\\/www.northcdatacenters.com\\\/ch-fr\\\/centre-de-donnees\\\/le-reseau-de-centres-de-donnees-northc\\\/#primaryimage\",\"url\":\"https:\\\/\\\/www.northcdatacenters.com\\\/ch-fr\\\/wp-content\\\/uploads\\\/sites\\\/6\\\/2023\\\/09\\\/NorthC_europe_Vernieuwd_HR_Shrinked-e1694504887184.webp\",\"contentUrl\":\"https:\\\/\\\/www.northcdatacenters.com\\\/ch-fr\\\/wp-content\\\/uploads\\\/sites\\\/6\\\/2023\\\/09\\\/NorthC_europe_Vernieuwd_HR_Shrinked-e1694504887184.webp\",\"width\":2388,\"height\":1536,\"caption\":\"Bild: NorthC Datacenter Netzwerk\"},{\"@type\":\"BreadcrumbList\",\"@id\":\"https:\\\/\\\/www.northcdatacenters.com\\\/ch-fr\\\/centre-de-donnees\\\/le-reseau-de-centres-de-donnees-northc\\\/#breadcrumb\",\"itemListElement\":[{\"@type\":\"ListItem\",\"position\":1,\"name\":\"Home\",\"item\":\"https:\\\/\\\/www.northcdatacenters.com\\\/ch-fr\\\/\"},{\"@type\":\"ListItem\",\"position\":2,\"name\":\"Le r\u00e9seau de centres de donn\u00e9es NorthC\"}]},{\"@type\":\"WebSite\",\"@id\":\"https:\\\/\\\/www.northcdatacenters.com\\\/ch-fr\\\/#website\",\"url\":\"https:\\\/\\\/www.northcdatacenters.com\\\/ch-fr\\\/\",\"name\":\"NorthC Datacenters\",\"description\":\"Digital business, Personal connections.\",\"publisher\":{\"@id\":\"https:\\\/\\\/www.northcdatacenters.com\\\/ch-fr\\\/#organization\"},\"potentialAction\":[{\"@type\":\"SearchAction\",\"target\":{\"@type\":\"EntryPoint\",\"urlTemplate\":\"https:\\\/\\\/www.northcdatacenters.com\\\/ch-fr\\\/?s={search_term_string}\"},\"query-input\":{\"@type\":\"PropertyValueSpecification\",\"valueRequired\":true,\"valueName\":\"search_term_string\"}}],\"inLanguage\":\"fr-FR\"},{\"@type\":\"Organization\",\"@id\":\"https:\\\/\\\/www.northcdatacenters.com\\\/ch-fr\\\/#organization\",\"name\":\"NorthC Datacenters\",\"url\":\"https:\\\/\\\/www.northcdatacenters.com\\\/ch-fr\\\/\",\"logo\":{\"@type\":\"ImageObject\",\"inLanguage\":\"fr-FR\",\"@id\":\"https:\\\/\\\/www.northcdatacenters.com\\\/ch-fr\\\/#\\\/schema\\\/logo\\\/image\\\/\",\"url\":\"https:\\\/\\\/www.northcdatacenters.com\\\/ch-fr\\\/wp-content\\\/uploads\\\/sites\\\/6\\\/2024\\\/11\\\/Logo_NorthC.svg\",\"contentUrl\":\"https:\\\/\\\/www.northcdatacenters.com\\\/ch-fr\\\/wp-content\\\/uploads\\\/sites\\\/6\\\/2024\\\/11\\\/Logo_NorthC.svg\",\"width\":110,\"height\":24,\"caption\":\"NorthC Datacenters\"},\"image\":{\"@id\":\"https:\\\/\\\/www.northcdatacenters.com\\\/ch-fr\\\/#\\\/schema\\\/logo\\\/image\\\/\"}},{\"@type\":\"Person\",\"@id\":\"https:\\\/\\\/www.northcdatacenters.com\\\/ch-fr\\\/#\\\/schema\\\/person\\\/d9dc31297e84c0bf28cb42b588ffd95c\",\"name\":\"Martin\",\"url\":\"https:\\\/\\\/www.northcdatacenters.com\\\/ch-fr\\\/author\\\/martinming\\\/\"}]}<\/script>\n<!-- \/ Yoast SEO Premium plugin. -->","yoast_head_json":{"title":"Le r\u00e9seau de centre de donn\u00e9es NorthC","description":"D\u00e9couvrez notre motivation pour la construction d\u2019un r\u00e9seau paneurop\u00e9en de centres de donn\u00e9es et comment vous pouvez en b\u00e9n\u00e9ficier.","robots":{"index":"index","follow":"follow","max-snippet":"max-snippet:-1","max-image-preview":"max-image-preview:large","max-video-preview":"max-video-preview:-1"},"canonical":"https:\/\/www.northcdatacenters.com\/ch-fr\/centre-de-donnees\/le-reseau-de-centres-de-donnees-northc\/","og_locale":"fr_FR","og_type":"article","og_title":"Le r\u00e9seau de centres de donn\u00e9es NorthC","og_description":"Explorez les avantages du r\u00e9seau de centres de donn\u00e9es de NorthC en Europe. Un nouveau chapitre commence \u00e0 Zurich.","og_url":"https:\/\/www.northcdatacenters.com\/ch-fr\/centre-de-donnees\/le-reseau-de-centres-de-donnees-northc\/","og_site_name":"NorthC Datacenters (CH-FR)","article_published_time":"2023-09-12T12:02:54+00:00","article_modified_time":"2026-04-20T12:57:30+00:00","og_image":[{"width":2388,"height":1536,"url":"https:\/\/www.northcdatacenters.com\/ch-fr\/wp-content\/uploads\/sites\/6\/2023\/09\/NorthC_europe_Vernieuwd_HR_Shrinked-e1694504887184.webp","type":"image\/jpeg"}],"author":"Martin","twitter_card":"summary_large_image","twitter_misc":{"Written by":"Martin","Est. reading time":"7 minutes"},"schema":{"@context":"https:\/\/schema.org","@graph":[{"@type":"Article","@id":"https:\/\/www.northcdatacenters.com\/ch-fr\/centre-de-donnees\/le-reseau-de-centres-de-donnees-northc\/#article","isPartOf":{"@id":"https:\/\/www.northcdatacenters.com\/ch-fr\/centre-de-donnees\/le-reseau-de-centres-de-donnees-northc\/"},"author":{"name":"Martin","@id":"https:\/\/www.northcdatacenters.com\/ch-fr\/#\/schema\/person\/d9dc31297e84c0bf28cb42b588ffd95c"},"headline":"Le r\u00e9seau de centres de donn\u00e9es NorthC","datePublished":"2023-09-12T12:02:54+00:00","dateModified":"2026-04-20T12:57:30+00:00","mainEntityOfPage":{"@id":"https:\/\/www.northcdatacenters.com\/ch-fr\/centre-de-donnees\/le-reseau-de-centres-de-donnees-northc\/"},"wordCount":1537,"publisher":{"@id":"https:\/\/www.northcdatacenters.com\/ch-fr\/#organization"},"image":{"@id":"https:\/\/www.northcdatacenters.com\/ch-fr\/centre-de-donnees\/le-reseau-de-centres-de-donnees-northc\/#primaryimage"},"thumbnailUrl":"https:\/\/www.northcdatacenters.com\/ch-fr\/wp-content\/uploads\/sites\/6\/2023\/09\/NorthC_europe_Vernieuwd_HR_Shrinked-e1694504887184.webp","articleSection":["Centre de donn\u00e9es"],"inLanguage":"fr-FR"},{"@type":"WebPage","@id":"https:\/\/www.northcdatacenters.com\/ch-fr\/centre-de-donnees\/le-reseau-de-centres-de-donnees-northc\/","url":"https:\/\/www.northcdatacenters.com\/ch-fr\/centre-de-donnees\/le-reseau-de-centres-de-donnees-northc\/","name":"Le r\u00e9seau de centre de donn\u00e9es NorthC","isPartOf":{"@id":"https:\/\/www.northcdatacenters.com\/ch-fr\/#website"},"primaryImageOfPage":{"@id":"https:\/\/www.northcdatacenters.com\/ch-fr\/centre-de-donnees\/le-reseau-de-centres-de-donnees-northc\/#primaryimage"},"image":{"@id":"https:\/\/www.northcdatacenters.com\/ch-fr\/centre-de-donnees\/le-reseau-de-centres-de-donnees-northc\/#primaryimage"},"thumbnailUrl":"https:\/\/www.northcdatacenters.com\/ch-fr\/wp-content\/uploads\/sites\/6\/2023\/09\/NorthC_europe_Vernieuwd_HR_Shrinked-e1694504887184.webp","datePublished":"2023-09-12T12:02:54+00:00","dateModified":"2026-04-20T12:57:30+00:00","description":"D\u00e9couvrez notre motivation pour la construction d\u2019un r\u00e9seau paneurop\u00e9en de centres de donn\u00e9es et comment vous pouvez en b\u00e9n\u00e9ficier.","breadcrumb":{"@id":"https:\/\/www.northcdatacenters.com\/ch-fr\/centre-de-donnees\/le-reseau-de-centres-de-donnees-northc\/#breadcrumb"},"inLanguage":"fr-FR","potentialAction":[{"@type":"ReadAction","target":["https:\/\/www.northcdatacenters.com\/ch-fr\/centre-de-donnees\/le-reseau-de-centres-de-donnees-northc\/"]}]},{"@type":"ImageObject","inLanguage":"fr-FR","@id":"https:\/\/www.northcdatacenters.com\/ch-fr\/centre-de-donnees\/le-reseau-de-centres-de-donnees-northc\/#primaryimage","url":"https:\/\/www.northcdatacenters.com\/ch-fr\/wp-content\/uploads\/sites\/6\/2023\/09\/NorthC_europe_Vernieuwd_HR_Shrinked-e1694504887184.webp","contentUrl":"https:\/\/www.northcdatacenters.com\/ch-fr\/wp-content\/uploads\/sites\/6\/2023\/09\/NorthC_europe_Vernieuwd_HR_Shrinked-e1694504887184.webp","width":2388,"height":1536,"caption":"Bild: NorthC Datacenter Netzwerk"},{"@type":"BreadcrumbList","@id":"https:\/\/www.northcdatacenters.com\/ch-fr\/centre-de-donnees\/le-reseau-de-centres-de-donnees-northc\/#breadcrumb","itemListElement":[{"@type":"ListItem","position":1,"name":"Home","item":"https:\/\/www.northcdatacenters.com\/ch-fr\/"},{"@type":"ListItem","position":2,"name":"Le r\u00e9seau de centres de donn\u00e9es NorthC"}]},{"@type":"WebSite","@id":"https:\/\/www.northcdatacenters.com\/ch-fr\/#website","url":"https:\/\/www.northcdatacenters.com\/ch-fr\/","name":"NorthC Datacenters","description":"Digital business, Personal connections.","publisher":{"@id":"https:\/\/www.northcdatacenters.com\/ch-fr\/#organization"},"potentialAction":[{"@type":"SearchAction","target":{"@type":"EntryPoint","urlTemplate":"https:\/\/www.northcdatacenters.com\/ch-fr\/?s={search_term_string}"},"query-input":{"@type":"PropertyValueSpecification","valueRequired":true,"valueName":"search_term_string"}}],"inLanguage":"fr-FR"},{"@type":"Organization","@id":"https:\/\/www.northcdatacenters.com\/ch-fr\/#organization","name":"NorthC Datacenters","url":"https:\/\/www.northcdatacenters.com\/ch-fr\/","logo":{"@type":"ImageObject","inLanguage":"fr-FR","@id":"https:\/\/www.northcdatacenters.com\/ch-fr\/#\/schema\/logo\/image\/","url":"https:\/\/www.northcdatacenters.com\/ch-fr\/wp-content\/uploads\/sites\/6\/2024\/11\/Logo_NorthC.svg","contentUrl":"https:\/\/www.northcdatacenters.com\/ch-fr\/wp-content\/uploads\/sites\/6\/2024\/11\/Logo_NorthC.svg","width":110,"height":24,"caption":"NorthC Datacenters"},"image":{"@id":"https:\/\/www.northcdatacenters.com\/ch-fr\/#\/schema\/logo\/image\/"}},{"@type":"Person","@id":"https:\/\/www.northcdatacenters.com\/ch-fr\/#\/schema\/person\/d9dc31297e84c0bf28cb42b588ffd95c","name":"Martin","url":"https:\/\/www.northcdatacenters.com\/ch-fr\/author\/martinming\/"}]}},"_links":{"self":[{"href":"https:\/\/www.northcdatacenters.com\/ch-fr\/wp-json\/wp\/v2\/posts\/23346","targetHints":{"allow":["GET"]}}],"collection":[{"href":"https:\/\/www.northcdatacenters.com\/ch-fr\/wp-json\/wp\/v2\/posts"}],"about":[{"href":"https:\/\/www.northcdatacenters.com\/ch-fr\/wp-json\/wp\/v2\/types\/post"}],"author":[{"embeddable":true,"href":"https:\/\/www.northcdatacenters.com\/ch-fr\/wp-json\/wp\/v2\/users\/16"}],"replies":[{"embeddable":true,"href":"https:\/\/www.northcdatacenters.com\/ch-fr\/wp-json\/wp\/v2\/comments?post=23346"}],"version-history":[{"count":6,"href":"https:\/\/www.northcdatacenters.com\/ch-fr\/wp-json\/wp\/v2\/posts\/23346\/revisions"}],"predecessor-version":[{"id":30777,"href":"https:\/\/www.northcdatacenters.com\/ch-fr\/wp-json\/wp\/v2\/posts\/23346\/revisions\/30777"}],"wp:featuredmedia":[{"embeddable":true,"href":"https:\/\/www.northcdatacenters.com\/ch-fr\/wp-json\/wp\/v2\/media\/23349"}],"wp:attachment":[{"href":"https:\/\/www.northcdatacenters.com\/ch-fr\/wp-json\/wp\/v2\/media?parent=23346"}],"wp:term":[{"taxonomy":"category","embeddable":true,"href":"https:\/\/www.northcdatacenters.com\/ch-fr\/wp-json\/wp\/v2\/categories?post=23346"},{"taxonomy":"post_tag","embeddable":true,"href":"https:\/\/www.northcdatacenters.com\/ch-fr\/wp-json\/wp\/v2\/tags?post=23346"}],"curies":[{"name":"wp","href":"https:\/\/api.w.org\/{rel}","templated":true}]}}