{"id":23938,"date":"2023-12-21T12:58:35","date_gmt":"2023-12-21T12:58:35","guid":{"rendered":"https:\/\/www.northcdatacenters.com\/ch-fr\/?p=23938"},"modified":"2026-04-20T11:11:53","modified_gmt":"2026-04-20T11:11:53","slug":"retrospective-2023-moments-cles-chez-northc-suisse-ag","status":"publish","type":"post","link":"https:\/\/www.northcdatacenters.com\/ch-fr\/centre-de-donnees\/retrospective-2023-moments-cles-chez-northc-suisse-ag\/","title":{"rendered":"R\u00e9trospective 2023 : moments cl\u00e9s chez NorthC Schweiz AG"},"content":{"rendered":"<div class=\"wpb-content-wrapper\"><p>[vc_row vc_row_spacing=\u00a0\u00bbdont-add-spacer adds-own-spacer add-spacer-top\u00a0\u00bb][vc_column][vc_column_text lead=\u00a0\u00bbtrue\u00a0\u00bb]La fin de l&rsquo;ann\u00e9e approche \u00e0 grands pas. Il est donc temps pour nous de revenir sur l&rsquo;ann\u00e9e 2023, qui a \u00e9t\u00e9 marqu\u00e9e par des moments d\u00e9cisifs en accord avec notre devise \u00ab Digital Business. Personal Connections. \u00bb. Cette ann\u00e9e, de nombreuses activit\u00e9s ont mis l&rsquo;accent sur le r\u00f4le et la valeur des relations interpersonnelles et des partenariats ![\/vc_column_text][vc_column_text css=\u00a0\u00bb.vc_custom_1703151504930{margin-top: 50px !important;}\u00a0\u00bb]<\/p>\n<h3>Premier trimestre : \u00e9tablissement de nouveaux partenariats gr\u00e2ce \u00e0 notre pr\u00e9sence et \u00e0 nos interactions<\/h3>\n<p>Les premiers mois de l&rsquo;ann\u00e9e 2023 ont \u00e9t\u00e9 marqu\u00e9s par de nouvelles coop\u00e9rations. Nous avons adh\u00e9r\u00e9 \u00e0 <a href=\"https:\/\/www.bern-cci.ch\/\">l&rsquo;Association du commerce et de l&rsquo;industrie du canton de Berne (HIV)<\/a> et avons obtenu le statut de membre VIP de la <a href=\"https:\/\/www.wibs.ch\/\">Chambre \u00e9conomique Bienne-Seeland (WIBS)<\/a>. Au cours du premier trimestre de cette ann\u00e9e, nous avons \u00e9galement accueilli quatre nouveaux membres dans la famille NorthC. Mais nous avons \u00e9galement approfondi nos relations existantes, par exemple en accueillant l&rsquo;ap\u00e9ritif des membres de l&rsquo;ASUT \u00e0 M\u00fcnchenstein (B\u00e2le). La participation \u00e0 la conf\u00e9rence IoT \u00e0 Berne, qui a \u00e9t\u00e9 marqu\u00e9e par des contributions inspirantes et de belles rencontres avec de nouveaux contacts, a \u00e9galement \u00e9t\u00e9 un moment fort.[\/vc_column_text]\n    <picture class=\"responsive-picture \">\n                                                \n      <img decoding=\"async\" src=\"\" alt=\"\" loading=\"auto\" width=\"\" height=\"\">\n    <\/picture>\n[vc_column_text margin_block_start=\u00a0\u00bblarge-block-start\u00a0\u00bb css=\u00a0\u00bb.vc_custom_1723799596043{margin-top: 50px !important;}\u00a0\u00bb]<\/p>\n<h3>Deuxi\u00e8me trimestre : succ\u00e8s au printemps \u2013 \u00e9tapes importantes sur LinkedIn, \u00e9v\u00e9nements sectoriels et croissance de l&rsquo;entreprise<\/h3>\n<p>Les mois d&rsquo;avril \u00e0 juin ont \u00e9t\u00e9 marqu\u00e9s par de nombreuses \u00ab premi\u00e8res \u00bb. La joie d&rsquo;avoir atteint les mille followers sur LinkedIn a \u00e9t\u00e9 tout aussi grande que lors de <a href=\"https:\/\/www.northcdatacenters.com\/ch-fr\/media-corner\/les-conseillers-d-etat-des-cantons-de-bale-campagne-et-de-glaris-visitent-northc-a-munchenstein\/\">notre premi\u00e8re rencontre avec les conseillers d&rsquo;\u00c9tat des cantons de B\u00e2le-Campagne et de Glaris<\/a>. Ceux-ci nous ont rendu visite dans <a href=\"https:\/\/www.northcdatacenters.com\/ch-fr\/nos-centres-de-donnees\/suisse\/munchenstein-bale-1\/\">notre centre de donn\u00e9es de M\u00fcnchenstein (B\u00e2le) 1<\/a>. L&rsquo;invitation \u00e0 prononcer le discours d&rsquo;ouverture du <a href=\"https:\/\/www.linkedin.com\/feed\/update\/urn:li:activity:7056522254469259266\">Forum trinational<\/a> a \u00e9t\u00e9 un honneur particulier. Nous avons \u00e9galement \u00e9t\u00e9 fiers de pr\u00e9senter notre premi\u00e8re success story client sur LinkedIn, dans laquelle nous avons pu pr\u00e9senter nos partenariats passionnants. Les mois de printemps ont \u00e9t\u00e9 couronn\u00e9s par l&rsquo;envoi <a href=\"https:\/\/www.northcdatacenters.com\/ch-fr\/inscription-a-la-newsletter\/\">de notre premi\u00e8re newsletter<\/a>\u00a0(lien pour s&rsquo;abonner \u00e0 la newsletter) dans laquelle nous avons inform\u00e9 nos clients de l&rsquo;acquisition de notre <a href=\"https:\/\/www.northcdatacenters.com\/ch-fr\/nos-centres-de-donnees\/suisse\/winterthour-zurich\/\">centre de donn\u00e9es de Winterthour (Zurich)<\/a>.[\/vc_column_text]\n    <picture class=\"responsive-picture \">\n                                                \n      <img decoding=\"async\" src=\"\" alt=\"\" loading=\"auto\" width=\"\" height=\"\">\n    <\/picture>\n[vc_column_text margin_block_start=\u00a0\u00bblarge-block-start\u00a0\u00bb css=\u00a0\u00bb.vc_custom_1703152324464{margin-top: 50px !important;}\u00a0\u00bb]<\/p>\n<h3>Troisi\u00e8me trimestre : donn\u00e9es, s\u00e9curit\u00e9 des donn\u00e9es, protection des donn\u00e9es.<\/h3>\n<p>En septembre 2023, <a href=\"https:\/\/www.northcdatacenters.com\/ch-fr\/centre-de-donnees\/importance-de-la-souverainete-des-donnees-dans-la-nouvelle-loi-sur-la-protection-des-donnees\/\">la nouvelle loi suisse sur la protection des donn\u00e9es<\/a> est entr\u00e9e en vigueur, pla\u00e7ant la <a href=\"https:\/\/www.northcdatacenters.com\/ch-fr\/centre-de-donnees\/en-ligne-pour-l-eternite\/\">s\u00e9curit\u00e9 des donn\u00e9es<\/a>, en particulier des informations personnelles, au centre des pr\u00e9occupations du grand public. Dans ce contexte, nous avons pu acqu\u00e9rir un mois plus t\u00f4t notre quatri\u00e8me centre de donn\u00e9es en Suisse. <a href=\"https:\/\/www.northcdatacenters.com\/ch-fr\/nos-centres-de-donnees\/suisse\/winterthour-zurich\/\">Ce centre de donn\u00e9es<\/a> est situ\u00e9 de mani\u00e8re symbolique et discr\u00e8te sous la tour Areal, au c\u0153ur du paysage financier suisse, un emplacement sans pareil. Il n&rsquo;est donc pas surprenant que notre responsable de site, Wolfgang Voigt, ait publi\u00e9 \u00e0 cette \u00e9poque un article sp\u00e9cialis\u00e9 dans le magazine \u00ab IT-Markt \u00bb sur le th\u00e8me de <a href=\"https:\/\/www.northcdatacenters.com\/ch-fr\/centre-de-donnees\/comment-les-centres-de-donnees-en-colocation-protegent-les-entreprises-contre-les-cyberattaques\/\">la cybers\u00e9curit\u00e9 dans les centres de donn\u00e9es en colocation<\/a> .[\/vc_column_text]\n    <picture class=\"responsive-picture \">\n                                              <source srcset=\"https:\/\/www.northcdatacenters.com\/ch-fr\/wp-content\/uploads\/sites\/6\/2023\/08\/cropped-Turm-Areal-Winterthur_shrinked_hero.webp 1200w, https:\/\/www.northcdatacenters.com\/ch-fr\/wp-content\/uploads\/sites\/6\/2023\/08\/cropped-Turm-Areal-Winterthur_shrinked_hero-300x158.webp 300w, https:\/\/www.northcdatacenters.com\/ch-fr\/wp-content\/uploads\/sites\/6\/2023\/08\/cropped-Turm-Areal-Winterthur_shrinked_hero-1024x538.webp 1024w, https:\/\/www.northcdatacenters.com\/ch-fr\/wp-content\/uploads\/sites\/6\/2023\/08\/cropped-Turm-Areal-Winterthur_shrinked_hero-768x403.webp 768w, https:\/\/www.northcdatacenters.com\/ch-fr\/wp-content\/uploads\/sites\/6\/2023\/08\/cropped-Turm-Areal-Winterthur_shrinked_hero-175x92.webp 175w, https:\/\/www.northcdatacenters.com\/ch-fr\/wp-content\/uploads\/sites\/6\/2023\/08\/cropped-Turm-Areal-Winterthur_shrinked_hero-510x268.webp 510w, https:\/\/www.northcdatacenters.com\/ch-fr\/wp-content\/uploads\/sites\/6\/2023\/08\/cropped-Turm-Areal-Winterthur_shrinked_hero-800x420.webp 800w\" media=\"(min-width: 576px)\">\n                        \n      <img decoding=\"async\" src=\"https:\/\/www.northcdatacenters.com\/ch-fr\/wp-content\/uploads\/sites\/6\/2023\/08\/cropped-Turm-Areal-Winterthur_shrinked_hero.webp\" alt=\"\" loading=\"auto\" width=\"\" height=\"\">\n    <\/picture>\n[vc_column_text margin_block_start=\u00a0\u00bblarge-block-start\u00a0\u00bb css=\u00a0\u00bb.vc_custom_1703152417715{margin-top: 50px !important;}\u00a0\u00bb]<\/p>\n<h3>Quatri\u00e8me trimestre : place aux talents et aux visionnaires \u2013 fa\u00e7onner et fa\u00e7onner ensemble la r\u00e9gion<\/h3>\n<p>Au cours du dernier trimestre de cette ann\u00e9e, nous avons cr\u00e9\u00e9 de nombreuses sc\u00e8nes. Que ce soit pour nos collaborateurs engag\u00e9s dans le cadre des \u00ab <a href=\"https:\/\/www.northcdatacenters.com\/ch-fr\/a-propos-de-nous\/travailler-a-northc\/\">Employee Spotligh<\/a>t \u00bb ou en nous concentrant sp\u00e9cifiquement sur certains secteurs sp\u00e9cialis\u00e9s. Le <a href=\"https:\/\/www.northcdatacenters.com\/ch-fr\/media-corner\/northc-suisse-et-phoenix-signent-un-partenariat-pour-des-services-cloud-ia\/\">partenariat strat\u00e9gique avec Phoenix<\/a> est un premier pas dans cette direction. L&rsquo;objectif est d&rsquo;ouvrir une nouvelle r\u00e9gion kvant Cloud dans le centre de donn\u00e9es NorthC pr\u00e8s de B\u00e2le et de faciliter ainsi consid\u00e9rablement l&rsquo;acc\u00e8s \u00e0 l&rsquo;intelligence artificielle (IA). En termes de sp\u00e9cialisation sectorielle, vous pouvez vous attendre \u00e0 beaucoup plus de notre part d\u00e9but 2024. Nous nous r\u00e9jouissons d&rsquo;ores et d\u00e9j\u00e0 du d\u00e9but de la nouvelle ann\u00e9e et de vous accompagner dans cette aventure passionnante.[\/vc_column_text][\/vc_column][\/vc_row][vc_row][vc_column width=\u00a0\u00bb1\/4&Prime;][\/vc_column][vc_column width=\u00a0\u00bb1\/2&Prime;]\n  <a href=\"https:\/\/www.northcdatacenters.com\/ch-de\/employee-spotlight-dajan-markovic\/\" target=\"\" rel=\"\" title=\"Employee Spotlight \u2013 Dajan Markovic\">\n    <picture class=\"responsive-picture \">\n                                                \n      <img decoding=\"async\" src=\"\" alt=\"\" loading=\"auto\" width=\"\" height=\"\">\n    <\/picture>\n  <\/a>\n[\/vc_column][vc_column width=\u00a0\u00bb1\/4&Prime;][\/vc_column][\/vc_row][vc_row][vc_column]<div class=\"cta\">\n  <div class=\"cta-grid\">\n    <div class=\"cta-picture\">\n      <picture class=\"responsive-picture d-block\">\n  <img decoding=\"async\" src=\"https:\/\/www.northcdatacenters.com\/ch-fr\/wp-content\/uploads\/sites\/6\/2022\/11\/Patrik-Hofer-1-1256x1256.webp\" srcset=\"https:\/\/www.northcdatacenters.com\/ch-fr\/wp-content\/uploads\/sites\/6\/2022\/11\/Patrik-Hofer-1-1256x1256.webp 1256w, https:\/\/www.northcdatacenters.com\/ch-fr\/wp-content\/uploads\/sites\/6\/2022\/11\/Patrik-Hofer-1-360x360.webp 360w, https:\/\/www.northcdatacenters.com\/ch-fr\/wp-content\/uploads\/sites\/6\/2022\/11\/Patrik-Hofer-1-500x500.webp 500w, https:\/\/www.northcdatacenters.com\/ch-fr\/wp-content\/uploads\/sites\/6\/2022\/11\/Patrik-Hofer-1-300x300.webp 300w, https:\/\/www.northcdatacenters.com\/ch-fr\/wp-content\/uploads\/sites\/6\/2022\/11\/Patrik-Hofer-1-768x768.webp 768w, https:\/\/www.northcdatacenters.com\/ch-fr\/wp-content\/uploads\/sites\/6\/2022\/11\/Patrik-Hofer-1-1024x1024.webp 1024w, https:\/\/www.northcdatacenters.com\/ch-fr\/wp-content\/uploads\/sites\/6\/2022\/11\/Patrik-Hofer-1-1536x1536.webp 1536w, https:\/\/www.northcdatacenters.com\/ch-fr\/wp-content\/uploads\/sites\/6\/2022\/11\/Patrik-Hofer-1-250x250.webp 250w, https:\/\/www.northcdatacenters.com\/ch-fr\/wp-content\/uploads\/sites\/6\/2022\/11\/Patrik-Hofer-1-740x740.webp 740w, https:\/\/www.northcdatacenters.com\/ch-fr\/wp-content\/uploads\/sites\/6\/2022\/11\/Patrik-Hofer-1-175x175.webp 175w, https:\/\/www.northcdatacenters.com\/ch-fr\/wp-content\/uploads\/sites\/6\/2022\/11\/Patrik-Hofer-1.webp 1920w\"\n  class=\"\" style=\"\"\n  loading=\"lazy\"\n  sizes=\"(min-width: 992px) 1280px, 100vw\" \/><\/picture>\n          <\/div>\n\n    <div class=\"text text-white d-flex flex-column gap-4 justify-content-center align-items-center p-6 pb-12 px-lg-12 px-xxl-28\">\n      <h6 class=\"text-primary lh214 font-extrabold text-center mb-0\">Contactez-nous<\/h6>\n      <h3 class=\"mb-2 text-center text-sm-5xl mb-sm-6 text-balance\">Besoin de conseils propres \u00e0 votre situation?<\/h3>\n      <div class=\"buttons d-flex flex-column flex-lg-row flex-wrap gap-4 align-items-center justify-content-center dark-background\">\n                  \n  <button class=\"btn btn-primary\" type=\"button\" data-bs-toggle=\"offcanvas\" data-bs-target=\"#offcanvas_15\" aria-controls=\"offcanvas_15\">\n    Demander un devis  <\/button>\n                  \n  \n  <button class=\"btn btn-secondary\" type=\"button\" data-bs-toggle=\"offcanvas\" data-bs-target=\"#offcanvas_34\" aria-controls=\"offcanvas_34\">\n    Planifier une visite  <\/button>\n\n              <\/div>\n    <\/div>\n  <\/div>\n<\/div>[\/vc_column][\/vc_row]<\/p>\n<\/div>","protected":false},"excerpt":{"rendered":"<p>[vc_row vc_row_spacing=\u00a0\u00bbdont-add-spacer adds-own-spacer add-spacer-top\u00a0\u00bb][vc_column][vc_column_text lead=\u00a0\u00bbtrue\u00a0\u00bb]La fin de l&rsquo;ann\u00e9e approche \u00e0 grands pas. Il est donc temps pour nous de revenir sur l&rsquo;ann\u00e9e 2023, qui a \u00e9t\u00e9 marqu\u00e9e par des moments d\u00e9cisifs en accord avec notre devise \u00ab Digital Business. Personal Connections. \u00bb. Cette ann\u00e9e, de nombreuses activit\u00e9s ont mis l&rsquo;accent sur le r\u00f4le et la &#8230;<\/p>\n","protected":false},"author":16,"featured_media":23970,"comment_status":"closed","ping_status":"closed","sticky":false,"template":"","format":"standard","meta":{"_acf_changed":false,"_relevanssi_hide_post":"","_relevanssi_hide_content":"","_relevanssi_pin_for_all":"","_relevanssi_pin_keywords":"","_relevanssi_unpin_keywords":"","_relevanssi_related_keywords":"","_relevanssi_related_include_ids":"","_relevanssi_related_exclude_ids":"","_relevanssi_related_no_append":"","_relevanssi_related_not_related":"","_relevanssi_related_posts":"","_relevanssi_noindex_reason":"","footnotes":""},"categories":[58,59,62,60],"tags":[],"class_list":["post-23938","post","type-post","status-publish","format-standard","has-post-thumbnail","hentry","category-centre-de-donnees","category-durabilite","category-hightech","category-souverainete-numerique"],"acf":[],"yoast_head":"<!-- This site is optimized with the Yoast SEO Premium plugin v27.4 (Yoast SEO v27.4) - https:\/\/yoast.com\/product\/yoast-seo-premium-wordpress\/ -->\n<title>Retrospective 2023<\/title>\n<meta name=\"description\" content=\"Avec la r\u00e9trospective 2023, nous jetons un coup d\u2019\u0153il sur les moments d\u00e9cisifs que nous avons pu vivre cette ann\u00e9e.\" \/>\n<meta name=\"robots\" content=\"index, follow, max-snippet:-1, max-image-preview:large, max-video-preview:-1\" \/>\n<link rel=\"canonical\" href=\"https:\/\/www.northcdatacenters.com\/ch-fr\/centre-de-donnees\/retrospective-2023-moments-cles-chez-northc-suisse-ag\/\" \/>\n<meta property=\"og:locale\" content=\"fr_FR\" \/>\n<meta property=\"og:type\" content=\"article\" \/>\n<meta property=\"og:title\" content=\"R\u00e9trospective 2023 : moments cl\u00e9s chez NorthC Schweiz AG\" \/>\n<meta property=\"og:description\" content=\"Regardez en arri\u00e8re sur les moments cl\u00e9s de 2023, marqu\u00e9s par des relations interpersonnelles et des partenariats significatifs.\" \/>\n<meta property=\"og:url\" content=\"https:\/\/www.northcdatacenters.com\/ch-fr\/centre-de-donnees\/retrospective-2023-moments-cles-chez-northc-suisse-ag\/\" \/>\n<meta property=\"og:site_name\" content=\"NorthC Datacenters (CH-FR)\" \/>\n<meta property=\"article:published_time\" content=\"2023-12-21T12:58:35+00:00\" \/>\n<meta property=\"article:modified_time\" content=\"2026-04-20T11:11:53+00:00\" \/>\n<meta property=\"og:image\" content=\"https:\/\/www.northcdatacenters.com\/ch-fr\/wp-content\/uploads\/sites\/6\/2023\/12\/cropped-MicrosoftTeams-image-1-scaled-1.jpg\" \/>\n<meta name=\"author\" content=\"Martin\" \/>\n<meta name=\"twitter:card\" content=\"summary_large_image\" \/>\n<meta name=\"twitter:label1\" content=\"Written by\" \/>\n\t<meta name=\"twitter:data1\" content=\"Martin\" \/>\n\t<meta name=\"twitter:label2\" content=\"Est. reading time\" \/>\n\t<meta name=\"twitter:data2\" content=\"4 minutes\" \/>\n<script type=\"application\/ld+json\" class=\"yoast-schema-graph\">{\"@context\":\"https:\\\/\\\/schema.org\",\"@graph\":[{\"@type\":\"Article\",\"@id\":\"https:\\\/\\\/www.northcdatacenters.com\\\/ch-fr\\\/centre-de-donnees\\\/retrospective-2023-moments-cles-chez-northc-suisse-ag\\\/#article\",\"isPartOf\":{\"@id\":\"https:\\\/\\\/www.northcdatacenters.com\\\/ch-fr\\\/centre-de-donnees\\\/retrospective-2023-moments-cles-chez-northc-suisse-ag\\\/\"},\"author\":{\"name\":\"Martin\",\"@id\":\"https:\\\/\\\/www.northcdatacenters.com\\\/ch-fr\\\/#\\\/schema\\\/person\\\/d9dc31297e84c0bf28cb42b588ffd95c\"},\"headline\":\"R\u00e9trospective 2023 : moments cl\u00e9s chez NorthC Schweiz AG\",\"datePublished\":\"2023-12-21T12:58:35+00:00\",\"dateModified\":\"2026-04-20T11:11:53+00:00\",\"mainEntityOfPage\":{\"@id\":\"https:\\\/\\\/www.northcdatacenters.com\\\/ch-fr\\\/centre-de-donnees\\\/retrospective-2023-moments-cles-chez-northc-suisse-ag\\\/\"},\"wordCount\":873,\"publisher\":{\"@id\":\"https:\\\/\\\/www.northcdatacenters.com\\\/ch-fr\\\/#organization\"},\"image\":{\"@id\":\"https:\\\/\\\/www.northcdatacenters.com\\\/ch-fr\\\/centre-de-donnees\\\/retrospective-2023-moments-cles-chez-northc-suisse-ag\\\/#primaryimage\"},\"thumbnailUrl\":\"https:\\\/\\\/www.northcdatacenters.com\\\/ch-fr\\\/wp-content\\\/uploads\\\/sites\\\/6\\\/2023\\\/12\\\/MicrosoftTeams-image-1-scaled.webp\",\"articleSection\":[\"Centre de donn\u00e9es\",\"Durabilit\u00e9\",\"Hightech\",\"Souverainet\u00e9 num\u00e9rique\"],\"inLanguage\":\"fr-FR\"},{\"@type\":\"WebPage\",\"@id\":\"https:\\\/\\\/www.northcdatacenters.com\\\/ch-fr\\\/centre-de-donnees\\\/retrospective-2023-moments-cles-chez-northc-suisse-ag\\\/\",\"url\":\"https:\\\/\\\/www.northcdatacenters.com\\\/ch-fr\\\/centre-de-donnees\\\/retrospective-2023-moments-cles-chez-northc-suisse-ag\\\/\",\"name\":\"Retrospective 2023\",\"isPartOf\":{\"@id\":\"https:\\\/\\\/www.northcdatacenters.com\\\/ch-fr\\\/#website\"},\"primaryImageOfPage\":{\"@id\":\"https:\\\/\\\/www.northcdatacenters.com\\\/ch-fr\\\/centre-de-donnees\\\/retrospective-2023-moments-cles-chez-northc-suisse-ag\\\/#primaryimage\"},\"image\":{\"@id\":\"https:\\\/\\\/www.northcdatacenters.com\\\/ch-fr\\\/centre-de-donnees\\\/retrospective-2023-moments-cles-chez-northc-suisse-ag\\\/#primaryimage\"},\"thumbnailUrl\":\"https:\\\/\\\/www.northcdatacenters.com\\\/ch-fr\\\/wp-content\\\/uploads\\\/sites\\\/6\\\/2023\\\/12\\\/MicrosoftTeams-image-1-scaled.webp\",\"datePublished\":\"2023-12-21T12:58:35+00:00\",\"dateModified\":\"2026-04-20T11:11:53+00:00\",\"description\":\"Avec la r\u00e9trospective 2023, nous jetons un coup d\u2019\u0153il sur les moments d\u00e9cisifs que nous avons pu vivre cette ann\u00e9e.\",\"breadcrumb\":{\"@id\":\"https:\\\/\\\/www.northcdatacenters.com\\\/ch-fr\\\/centre-de-donnees\\\/retrospective-2023-moments-cles-chez-northc-suisse-ag\\\/#breadcrumb\"},\"inLanguage\":\"fr-FR\",\"potentialAction\":[{\"@type\":\"ReadAction\",\"target\":[\"https:\\\/\\\/www.northcdatacenters.com\\\/ch-fr\\\/centre-de-donnees\\\/retrospective-2023-moments-cles-chez-northc-suisse-ag\\\/\"]}]},{\"@type\":\"ImageObject\",\"inLanguage\":\"fr-FR\",\"@id\":\"https:\\\/\\\/www.northcdatacenters.com\\\/ch-fr\\\/centre-de-donnees\\\/retrospective-2023-moments-cles-chez-northc-suisse-ag\\\/#primaryimage\",\"url\":\"https:\\\/\\\/www.northcdatacenters.com\\\/ch-fr\\\/wp-content\\\/uploads\\\/sites\\\/6\\\/2023\\\/12\\\/MicrosoftTeams-image-1-scaled.webp\",\"contentUrl\":\"https:\\\/\\\/www.northcdatacenters.com\\\/ch-fr\\\/wp-content\\\/uploads\\\/sites\\\/6\\\/2023\\\/12\\\/MicrosoftTeams-image-1-scaled.webp\",\"width\":2560,\"height\":1067,\"caption\":\"Bild: R\u00fcckblick 2023\"},{\"@type\":\"BreadcrumbList\",\"@id\":\"https:\\\/\\\/www.northcdatacenters.com\\\/ch-fr\\\/centre-de-donnees\\\/retrospective-2023-moments-cles-chez-northc-suisse-ag\\\/#breadcrumb\",\"itemListElement\":[{\"@type\":\"ListItem\",\"position\":1,\"name\":\"Home\",\"item\":\"https:\\\/\\\/www.northcdatacenters.com\\\/ch-fr\\\/\"},{\"@type\":\"ListItem\",\"position\":2,\"name\":\"R\u00e9trospective 2023 : moments cl\u00e9s chez NorthC Schweiz AG\"}]},{\"@type\":\"WebSite\",\"@id\":\"https:\\\/\\\/www.northcdatacenters.com\\\/ch-fr\\\/#website\",\"url\":\"https:\\\/\\\/www.northcdatacenters.com\\\/ch-fr\\\/\",\"name\":\"NorthC Datacenters\",\"description\":\"Digital business, Personal connections.\",\"publisher\":{\"@id\":\"https:\\\/\\\/www.northcdatacenters.com\\\/ch-fr\\\/#organization\"},\"potentialAction\":[{\"@type\":\"SearchAction\",\"target\":{\"@type\":\"EntryPoint\",\"urlTemplate\":\"https:\\\/\\\/www.northcdatacenters.com\\\/ch-fr\\\/?s={search_term_string}\"},\"query-input\":{\"@type\":\"PropertyValueSpecification\",\"valueRequired\":true,\"valueName\":\"search_term_string\"}}],\"inLanguage\":\"fr-FR\"},{\"@type\":\"Organization\",\"@id\":\"https:\\\/\\\/www.northcdatacenters.com\\\/ch-fr\\\/#organization\",\"name\":\"NorthC Datacenters\",\"url\":\"https:\\\/\\\/www.northcdatacenters.com\\\/ch-fr\\\/\",\"logo\":{\"@type\":\"ImageObject\",\"inLanguage\":\"fr-FR\",\"@id\":\"https:\\\/\\\/www.northcdatacenters.com\\\/ch-fr\\\/#\\\/schema\\\/logo\\\/image\\\/\",\"url\":\"https:\\\/\\\/www.northcdatacenters.com\\\/ch-fr\\\/wp-content\\\/uploads\\\/sites\\\/6\\\/2024\\\/11\\\/Logo_NorthC.svg\",\"contentUrl\":\"https:\\\/\\\/www.northcdatacenters.com\\\/ch-fr\\\/wp-content\\\/uploads\\\/sites\\\/6\\\/2024\\\/11\\\/Logo_NorthC.svg\",\"width\":110,\"height\":24,\"caption\":\"NorthC Datacenters\"},\"image\":{\"@id\":\"https:\\\/\\\/www.northcdatacenters.com\\\/ch-fr\\\/#\\\/schema\\\/logo\\\/image\\\/\"}},{\"@type\":\"Person\",\"@id\":\"https:\\\/\\\/www.northcdatacenters.com\\\/ch-fr\\\/#\\\/schema\\\/person\\\/d9dc31297e84c0bf28cb42b588ffd95c\",\"name\":\"Martin\",\"url\":\"https:\\\/\\\/www.northcdatacenters.com\\\/ch-fr\\\/author\\\/martinming\\\/\"}]}<\/script>\n<!-- \/ Yoast SEO Premium plugin. -->","yoast_head_json":{"title":"Retrospective 2023","description":"Avec la r\u00e9trospective 2023, nous jetons un coup d\u2019\u0153il sur les moments d\u00e9cisifs que nous avons pu vivre cette ann\u00e9e.","robots":{"index":"index","follow":"follow","max-snippet":"max-snippet:-1","max-image-preview":"max-image-preview:large","max-video-preview":"max-video-preview:-1"},"canonical":"https:\/\/www.northcdatacenters.com\/ch-fr\/centre-de-donnees\/retrospective-2023-moments-cles-chez-northc-suisse-ag\/","og_locale":"fr_FR","og_type":"article","og_title":"R\u00e9trospective 2023 : moments cl\u00e9s chez NorthC Schweiz AG","og_description":"Regardez en arri\u00e8re sur les moments cl\u00e9s de 2023, marqu\u00e9s par des relations interpersonnelles et des partenariats significatifs.","og_url":"https:\/\/www.northcdatacenters.com\/ch-fr\/centre-de-donnees\/retrospective-2023-moments-cles-chez-northc-suisse-ag\/","og_site_name":"NorthC Datacenters (CH-FR)","article_published_time":"2023-12-21T12:58:35+00:00","article_modified_time":"2026-04-20T11:11:53+00:00","og_image":[{"url":"https:\/\/www.northcdatacenters.com\/ch-fr\/wp-content\/uploads\/sites\/6\/2023\/12\/cropped-MicrosoftTeams-image-1-scaled-1.jpg","type":"","width":"","height":""}],"author":"Martin","twitter_card":"summary_large_image","twitter_misc":{"Written by":"Martin","Est. reading time":"4 minutes"},"schema":{"@context":"https:\/\/schema.org","@graph":[{"@type":"Article","@id":"https:\/\/www.northcdatacenters.com\/ch-fr\/centre-de-donnees\/retrospective-2023-moments-cles-chez-northc-suisse-ag\/#article","isPartOf":{"@id":"https:\/\/www.northcdatacenters.com\/ch-fr\/centre-de-donnees\/retrospective-2023-moments-cles-chez-northc-suisse-ag\/"},"author":{"name":"Martin","@id":"https:\/\/www.northcdatacenters.com\/ch-fr\/#\/schema\/person\/d9dc31297e84c0bf28cb42b588ffd95c"},"headline":"R\u00e9trospective 2023 : moments cl\u00e9s chez NorthC Schweiz AG","datePublished":"2023-12-21T12:58:35+00:00","dateModified":"2026-04-20T11:11:53+00:00","mainEntityOfPage":{"@id":"https:\/\/www.northcdatacenters.com\/ch-fr\/centre-de-donnees\/retrospective-2023-moments-cles-chez-northc-suisse-ag\/"},"wordCount":873,"publisher":{"@id":"https:\/\/www.northcdatacenters.com\/ch-fr\/#organization"},"image":{"@id":"https:\/\/www.northcdatacenters.com\/ch-fr\/centre-de-donnees\/retrospective-2023-moments-cles-chez-northc-suisse-ag\/#primaryimage"},"thumbnailUrl":"https:\/\/www.northcdatacenters.com\/ch-fr\/wp-content\/uploads\/sites\/6\/2023\/12\/MicrosoftTeams-image-1-scaled.webp","articleSection":["Centre de donn\u00e9es","Durabilit\u00e9","Hightech","Souverainet\u00e9 num\u00e9rique"],"inLanguage":"fr-FR"},{"@type":"WebPage","@id":"https:\/\/www.northcdatacenters.com\/ch-fr\/centre-de-donnees\/retrospective-2023-moments-cles-chez-northc-suisse-ag\/","url":"https:\/\/www.northcdatacenters.com\/ch-fr\/centre-de-donnees\/retrospective-2023-moments-cles-chez-northc-suisse-ag\/","name":"Retrospective 2023","isPartOf":{"@id":"https:\/\/www.northcdatacenters.com\/ch-fr\/#website"},"primaryImageOfPage":{"@id":"https:\/\/www.northcdatacenters.com\/ch-fr\/centre-de-donnees\/retrospective-2023-moments-cles-chez-northc-suisse-ag\/#primaryimage"},"image":{"@id":"https:\/\/www.northcdatacenters.com\/ch-fr\/centre-de-donnees\/retrospective-2023-moments-cles-chez-northc-suisse-ag\/#primaryimage"},"thumbnailUrl":"https:\/\/www.northcdatacenters.com\/ch-fr\/wp-content\/uploads\/sites\/6\/2023\/12\/MicrosoftTeams-image-1-scaled.webp","datePublished":"2023-12-21T12:58:35+00:00","dateModified":"2026-04-20T11:11:53+00:00","description":"Avec la r\u00e9trospective 2023, nous jetons un coup d\u2019\u0153il sur les moments d\u00e9cisifs que nous avons pu vivre cette ann\u00e9e.","breadcrumb":{"@id":"https:\/\/www.northcdatacenters.com\/ch-fr\/centre-de-donnees\/retrospective-2023-moments-cles-chez-northc-suisse-ag\/#breadcrumb"},"inLanguage":"fr-FR","potentialAction":[{"@type":"ReadAction","target":["https:\/\/www.northcdatacenters.com\/ch-fr\/centre-de-donnees\/retrospective-2023-moments-cles-chez-northc-suisse-ag\/"]}]},{"@type":"ImageObject","inLanguage":"fr-FR","@id":"https:\/\/www.northcdatacenters.com\/ch-fr\/centre-de-donnees\/retrospective-2023-moments-cles-chez-northc-suisse-ag\/#primaryimage","url":"https:\/\/www.northcdatacenters.com\/ch-fr\/wp-content\/uploads\/sites\/6\/2023\/12\/MicrosoftTeams-image-1-scaled.webp","contentUrl":"https:\/\/www.northcdatacenters.com\/ch-fr\/wp-content\/uploads\/sites\/6\/2023\/12\/MicrosoftTeams-image-1-scaled.webp","width":2560,"height":1067,"caption":"Bild: R\u00fcckblick 2023"},{"@type":"BreadcrumbList","@id":"https:\/\/www.northcdatacenters.com\/ch-fr\/centre-de-donnees\/retrospective-2023-moments-cles-chez-northc-suisse-ag\/#breadcrumb","itemListElement":[{"@type":"ListItem","position":1,"name":"Home","item":"https:\/\/www.northcdatacenters.com\/ch-fr\/"},{"@type":"ListItem","position":2,"name":"R\u00e9trospective 2023 : moments cl\u00e9s chez NorthC Schweiz AG"}]},{"@type":"WebSite","@id":"https:\/\/www.northcdatacenters.com\/ch-fr\/#website","url":"https:\/\/www.northcdatacenters.com\/ch-fr\/","name":"NorthC Datacenters","description":"Digital business, Personal connections.","publisher":{"@id":"https:\/\/www.northcdatacenters.com\/ch-fr\/#organization"},"potentialAction":[{"@type":"SearchAction","target":{"@type":"EntryPoint","urlTemplate":"https:\/\/www.northcdatacenters.com\/ch-fr\/?s={search_term_string}"},"query-input":{"@type":"PropertyValueSpecification","valueRequired":true,"valueName":"search_term_string"}}],"inLanguage":"fr-FR"},{"@type":"Organization","@id":"https:\/\/www.northcdatacenters.com\/ch-fr\/#organization","name":"NorthC Datacenters","url":"https:\/\/www.northcdatacenters.com\/ch-fr\/","logo":{"@type":"ImageObject","inLanguage":"fr-FR","@id":"https:\/\/www.northcdatacenters.com\/ch-fr\/#\/schema\/logo\/image\/","url":"https:\/\/www.northcdatacenters.com\/ch-fr\/wp-content\/uploads\/sites\/6\/2024\/11\/Logo_NorthC.svg","contentUrl":"https:\/\/www.northcdatacenters.com\/ch-fr\/wp-content\/uploads\/sites\/6\/2024\/11\/Logo_NorthC.svg","width":110,"height":24,"caption":"NorthC Datacenters"},"image":{"@id":"https:\/\/www.northcdatacenters.com\/ch-fr\/#\/schema\/logo\/image\/"}},{"@type":"Person","@id":"https:\/\/www.northcdatacenters.com\/ch-fr\/#\/schema\/person\/d9dc31297e84c0bf28cb42b588ffd95c","name":"Martin","url":"https:\/\/www.northcdatacenters.com\/ch-fr\/author\/martinming\/"}]}},"_links":{"self":[{"href":"https:\/\/www.northcdatacenters.com\/ch-fr\/wp-json\/wp\/v2\/posts\/23938","targetHints":{"allow":["GET"]}}],"collection":[{"href":"https:\/\/www.northcdatacenters.com\/ch-fr\/wp-json\/wp\/v2\/posts"}],"about":[{"href":"https:\/\/www.northcdatacenters.com\/ch-fr\/wp-json\/wp\/v2\/types\/post"}],"author":[{"embeddable":true,"href":"https:\/\/www.northcdatacenters.com\/ch-fr\/wp-json\/wp\/v2\/users\/16"}],"replies":[{"embeddable":true,"href":"https:\/\/www.northcdatacenters.com\/ch-fr\/wp-json\/wp\/v2\/comments?post=23938"}],"version-history":[{"count":6,"href":"https:\/\/www.northcdatacenters.com\/ch-fr\/wp-json\/wp\/v2\/posts\/23938\/revisions"}],"predecessor-version":[{"id":31617,"href":"https:\/\/www.northcdatacenters.com\/ch-fr\/wp-json\/wp\/v2\/posts\/23938\/revisions\/31617"}],"wp:featuredmedia":[{"embeddable":true,"href":"https:\/\/www.northcdatacenters.com\/ch-fr\/wp-json\/wp\/v2\/media\/23970"}],"wp:attachment":[{"href":"https:\/\/www.northcdatacenters.com\/ch-fr\/wp-json\/wp\/v2\/media?parent=23938"}],"wp:term":[{"taxonomy":"category","embeddable":true,"href":"https:\/\/www.northcdatacenters.com\/ch-fr\/wp-json\/wp\/v2\/categories?post=23938"},{"taxonomy":"post_tag","embeddable":true,"href":"https:\/\/www.northcdatacenters.com\/ch-fr\/wp-json\/wp\/v2\/tags?post=23938"}],"curies":[{"name":"wp","href":"https:\/\/api.w.org\/{rel}","templated":true}]}}