{"id":24070,"date":"2024-01-11T12:52:24","date_gmt":"2024-01-11T12:52:24","guid":{"rendered":"https:\/\/www.northcdatacenters.com\/ch-fr\/?p=24070"},"modified":"2026-04-20T11:04:37","modified_gmt":"2026-04-20T11:04:37","slug":"northc-fait-son-entree-sur-le-marche-des-centres-de-donnees-a-francfort","status":"publish","type":"post","link":"https:\/\/www.northcdatacenters.com\/ch-fr\/media-corner\/northc-fait-son-entree-sur-le-marche-des-centres-de-donnees-a-francfort\/","title":{"rendered":"NorthC fait son entr\u00e9e sur le march\u00e9 des centres de donn\u00e9es \u00e0 Francfort"},"content":{"rendered":"<div class=\"wpb-content-wrapper\"><p>[vc_row vc_row_spacing=\u00a0\u00bbdont-add-spacer adds-own-spacer add-spacer-top\u00a0\u00bb el_class=\u00a0\u00bbborder-bottom\u00a0\u00bb][vc_column][vc_column_text]<strong>NorthC, l&rsquo;un des principaux fournisseurs europ\u00e9ens de centres de donn\u00e9es r\u00e9gionaux, a annonc\u00e9 aujourd&rsquo;hui son intention de faire son entr\u00e9e sur le march\u00e9 des centres de donn\u00e9es de Francfort. Une fois les conditions pr\u00e9alables remplies, dont l&rsquo;acquisition d&rsquo;un terrain appropri\u00e9, l&rsquo;entreprise commencera \u00e0 d\u00e9velopper un centre de donn\u00e9es de 5 MW \u00e0 Francfort.<\/strong><\/p>\n<p><strong>\u00a0<\/strong><\/p>\n<p><strong>NorthC poursuit sa croissance en Allemagne<\/strong><\/p>\n<p>\u00ab Dans le prolongement de notre strat\u00e9gie fructueuse qui consiste \u00e0 \u00eatre pr\u00e9sent \u00e0 la fois dans les hubs r\u00e9gionaux et centraux, notre entr\u00e9e sur le march\u00e9 francfortois confirme notre croissance continue \u00bb, d\u00e9clare Alexandra Schless, PDG du groupe NorthC.<\/p>\n<p>&nbsp;<\/p>\n<p>\u00ab Le fait que nous puissions r\u00e9aliser un tel projet dans les limites de la ville de Francfort en cette p\u00e9riode nous rend tr\u00e8s fiers et d\u00e9montre notre capacit\u00e9 \u00e0 fournir des solutions d&rsquo;une valeur unique \u00bb, ajoute Frank Zachmann, MD DACH chez NorthC.[\/vc_column_text][\/vc_column][\/vc_row][vc_row full_width=\u00a0\u00bbstretch_row\u00a0\u00bb north_c_background_color=\u00a0\u00bbbg-gray-200&Prime;][vc_column]<div class=\"cta\">\n  <div class=\"cta-grid\">\n    <div class=\"cta-picture\">\n      <picture class=\"responsive-picture d-block\">\n  <img decoding=\"async\" src=\"https:\/\/www.northcdatacenters.com\/ch-fr\/wp-content\/uploads\/sites\/6\/2022\/11\/Patrik-Hofer-1-1256x1256.webp\" srcset=\"https:\/\/www.northcdatacenters.com\/ch-fr\/wp-content\/uploads\/sites\/6\/2022\/11\/Patrik-Hofer-1-1256x1256.webp 1256w, https:\/\/www.northcdatacenters.com\/ch-fr\/wp-content\/uploads\/sites\/6\/2022\/11\/Patrik-Hofer-1-360x360.webp 360w, https:\/\/www.northcdatacenters.com\/ch-fr\/wp-content\/uploads\/sites\/6\/2022\/11\/Patrik-Hofer-1-500x500.webp 500w, https:\/\/www.northcdatacenters.com\/ch-fr\/wp-content\/uploads\/sites\/6\/2022\/11\/Patrik-Hofer-1-300x300.webp 300w, https:\/\/www.northcdatacenters.com\/ch-fr\/wp-content\/uploads\/sites\/6\/2022\/11\/Patrik-Hofer-1-768x768.webp 768w, https:\/\/www.northcdatacenters.com\/ch-fr\/wp-content\/uploads\/sites\/6\/2022\/11\/Patrik-Hofer-1-1024x1024.webp 1024w, https:\/\/www.northcdatacenters.com\/ch-fr\/wp-content\/uploads\/sites\/6\/2022\/11\/Patrik-Hofer-1-1536x1536.webp 1536w, https:\/\/www.northcdatacenters.com\/ch-fr\/wp-content\/uploads\/sites\/6\/2022\/11\/Patrik-Hofer-1-250x250.webp 250w, https:\/\/www.northcdatacenters.com\/ch-fr\/wp-content\/uploads\/sites\/6\/2022\/11\/Patrik-Hofer-1-740x740.webp 740w, https:\/\/www.northcdatacenters.com\/ch-fr\/wp-content\/uploads\/sites\/6\/2022\/11\/Patrik-Hofer-1-175x175.webp 175w, https:\/\/www.northcdatacenters.com\/ch-fr\/wp-content\/uploads\/sites\/6\/2022\/11\/Patrik-Hofer-1.webp 1920w\"\n  class=\"\" style=\"\"\n  loading=\"lazy\"\n  sizes=\"(min-width: 992px) 1280px, 100vw\" \/><\/picture>\n          <\/div>\n\n    <div class=\"text text-white d-flex flex-column gap-4 justify-content-center align-items-center p-6 pb-12 px-lg-12 px-xxl-28\">\n      <h6 class=\"text-primary lh214 font-extrabold text-center mb-0\">Contactez-nous<\/h6>\n      <h3 class=\"mb-2 text-center text-sm-5xl mb-sm-6 text-balance\">Besoin de conseils propres \u00e0 votre situation?<\/h3>\n      <div class=\"buttons d-flex flex-column flex-lg-row flex-wrap gap-4 align-items-center justify-content-center dark-background\">\n                  \n  <button class=\"btn btn-primary\" type=\"button\" data-bs-toggle=\"offcanvas\" data-bs-target=\"#offcanvas_15\" aria-controls=\"offcanvas_15\">\n    Demander un devis  <\/button>\n                  \n  \n  <button class=\"btn btn-secondary\" type=\"button\" data-bs-toggle=\"offcanvas\" data-bs-target=\"#offcanvas_34\" aria-controls=\"offcanvas_34\">\n    Planifier une visite  <\/button>\n\n              <\/div>\n    <\/div>\n  <\/div>\n<\/div>[\/vc_column][\/vc_row]<\/p>\n<\/div>","protected":false},"excerpt":{"rendered":"<p>[vc_row vc_row_spacing=\u00a0\u00bbdont-add-spacer adds-own-spacer add-spacer-top\u00a0\u00bb el_class=\u00a0\u00bbborder-bottom\u00a0\u00bb][vc_column][vc_column_text]NorthC, l&rsquo;un des principaux fournisseurs europ\u00e9ens de centres de donn\u00e9es r\u00e9gionaux, a annonc\u00e9 aujourd&rsquo;hui son intention de faire son entr\u00e9e sur le march\u00e9 des centres de donn\u00e9es de Francfort. Une fois les conditions pr\u00e9alables remplies, dont l&rsquo;acquisition d&rsquo;un terrain appropri\u00e9, l&rsquo;entreprise commencera \u00e0 d\u00e9velopper un centre de donn\u00e9es de 5 MW &#8230;<\/p>\n","protected":false},"author":16,"featured_media":24073,"comment_status":"closed","ping_status":"closed","sticky":false,"template":"","format":"standard","meta":{"_acf_changed":false,"_relevanssi_hide_post":"","_relevanssi_hide_content":"","_relevanssi_pin_for_all":"","_relevanssi_pin_keywords":"","_relevanssi_unpin_keywords":"","_relevanssi_related_keywords":"","_relevanssi_related_include_ids":"","_relevanssi_related_exclude_ids":"","_relevanssi_related_no_append":"","_relevanssi_related_not_related":"","_relevanssi_related_posts":"","_relevanssi_noindex_reason":"","footnotes":""},"categories":[48],"tags":[],"class_list":["post-24070","post","type-post","status-publish","format-standard","has-post-thumbnail","hentry","category-media-corner"],"acf":[],"yoast_head":"<!-- This site is optimized with the Yoast SEO Premium plugin v27.4 (Yoast SEO v27.4) - https:\/\/yoast.com\/product\/yoast-seo-premium-wordpress\/ -->\n<title>NorthC entre sur le march\u00e9 des centres de donn\u00e9es \u00e0 Francfort<\/title>\n<meta name=\"description\" content=\"NorthC entre sur le march\u00e9 des centres de donn\u00e9es de Francfort avec un site de 5 MW, suivant sa strat\u00e9gie d\u2019expansion en Allemagne.\" \/>\n<meta name=\"robots\" content=\"index, follow, max-snippet:-1, max-image-preview:large, max-video-preview:-1\" \/>\n<link rel=\"canonical\" href=\"https:\/\/www.northcdatacenters.com\/ch-fr\/media-corner\/northc-fait-son-entree-sur-le-marche-des-centres-de-donnees-a-francfort\/\" \/>\n<meta property=\"og:locale\" content=\"fr_FR\" \/>\n<meta property=\"og:type\" content=\"article\" \/>\n<meta property=\"og:title\" content=\"NorthC fait son entr\u00e9e sur le march\u00e9 des centres de donn\u00e9es \u00e0 Francfort\" \/>\n<meta property=\"og:description\" content=\"NorthC poursuit sa strat\u00e9gie avec un nouveau centre de donn\u00e9es \u00e0 Francfort, augmentant ainsi ses capacit\u00e9s en Allemagne.\" \/>\n<meta property=\"og:url\" content=\"https:\/\/www.northcdatacenters.com\/ch-fr\/media-corner\/northc-fait-son-entree-sur-le-marche-des-centres-de-donnees-a-francfort\/\" \/>\n<meta property=\"og:site_name\" content=\"NorthC Datacenters (CH-FR)\" \/>\n<meta property=\"article:published_time\" content=\"2024-01-11T12:52:24+00:00\" \/>\n<meta property=\"article:modified_time\" content=\"2026-04-20T11:04:37+00:00\" \/>\n<meta property=\"og:image\" content=\"https:\/\/www.northcdatacenters.com\/ch-fr\/wp-content\/uploads\/sites\/6\/2024\/01\/cropped-MicrosoftTeams-image-3-scaled-1.jpg\" \/>\n<meta name=\"author\" content=\"Martin\" \/>\n<meta name=\"twitter:card\" content=\"summary_large_image\" \/>\n<meta name=\"twitter:label1\" content=\"Written by\" \/>\n\t<meta name=\"twitter:data1\" content=\"Martin\" \/>\n\t<meta name=\"twitter:label2\" content=\"Est. reading time\" \/>\n\t<meta name=\"twitter:data2\" content=\"2 minutes\" \/>\n<script type=\"application\/ld+json\" class=\"yoast-schema-graph\">{\"@context\":\"https:\\\/\\\/schema.org\",\"@graph\":[{\"@type\":\"Article\",\"@id\":\"https:\\\/\\\/www.northcdatacenters.com\\\/ch-fr\\\/media-corner\\\/northc-fait-son-entree-sur-le-marche-des-centres-de-donnees-a-francfort\\\/#article\",\"isPartOf\":{\"@id\":\"https:\\\/\\\/www.northcdatacenters.com\\\/ch-fr\\\/media-corner\\\/northc-fait-son-entree-sur-le-marche-des-centres-de-donnees-a-francfort\\\/\"},\"author\":{\"name\":\"Martin\",\"@id\":\"https:\\\/\\\/www.northcdatacenters.com\\\/ch-fr\\\/#\\\/schema\\\/person\\\/d9dc31297e84c0bf28cb42b588ffd95c\"},\"headline\":\"NorthC fait son entr\u00e9e sur le march\u00e9 des centres de donn\u00e9es \u00e0 Francfort\",\"datePublished\":\"2024-01-11T12:52:24+00:00\",\"dateModified\":\"2026-04-20T11:04:37+00:00\",\"mainEntityOfPage\":{\"@id\":\"https:\\\/\\\/www.northcdatacenters.com\\\/ch-fr\\\/media-corner\\\/northc-fait-son-entree-sur-le-marche-des-centres-de-donnees-a-francfort\\\/\"},\"wordCount\":273,\"publisher\":{\"@id\":\"https:\\\/\\\/www.northcdatacenters.com\\\/ch-fr\\\/#organization\"},\"image\":{\"@id\":\"https:\\\/\\\/www.northcdatacenters.com\\\/ch-fr\\\/media-corner\\\/northc-fait-son-entree-sur-le-marche-des-centres-de-donnees-a-francfort\\\/#primaryimage\"},\"thumbnailUrl\":\"https:\\\/\\\/www.northcdatacenters.com\\\/ch-fr\\\/wp-content\\\/uploads\\\/sites\\\/6\\\/2024\\\/01\\\/MicrosoftTeams-image-3-scaled.webp\",\"articleSection\":[\"Media Corner\"],\"inLanguage\":\"fr-FR\"},{\"@type\":\"WebPage\",\"@id\":\"https:\\\/\\\/www.northcdatacenters.com\\\/ch-fr\\\/media-corner\\\/northc-fait-son-entree-sur-le-marche-des-centres-de-donnees-a-francfort\\\/\",\"url\":\"https:\\\/\\\/www.northcdatacenters.com\\\/ch-fr\\\/media-corner\\\/northc-fait-son-entree-sur-le-marche-des-centres-de-donnees-a-francfort\\\/\",\"name\":\"NorthC entre sur le march\u00e9 des centres de donn\u00e9es \u00e0 Francfort\",\"isPartOf\":{\"@id\":\"https:\\\/\\\/www.northcdatacenters.com\\\/ch-fr\\\/#website\"},\"primaryImageOfPage\":{\"@id\":\"https:\\\/\\\/www.northcdatacenters.com\\\/ch-fr\\\/media-corner\\\/northc-fait-son-entree-sur-le-marche-des-centres-de-donnees-a-francfort\\\/#primaryimage\"},\"image\":{\"@id\":\"https:\\\/\\\/www.northcdatacenters.com\\\/ch-fr\\\/media-corner\\\/northc-fait-son-entree-sur-le-marche-des-centres-de-donnees-a-francfort\\\/#primaryimage\"},\"thumbnailUrl\":\"https:\\\/\\\/www.northcdatacenters.com\\\/ch-fr\\\/wp-content\\\/uploads\\\/sites\\\/6\\\/2024\\\/01\\\/MicrosoftTeams-image-3-scaled.webp\",\"datePublished\":\"2024-01-11T12:52:24+00:00\",\"dateModified\":\"2026-04-20T11:04:37+00:00\",\"description\":\"NorthC entre sur le march\u00e9 des centres de donn\u00e9es de Francfort avec un site de 5 MW, suivant sa strat\u00e9gie d\u2019expansion en Allemagne.\",\"breadcrumb\":{\"@id\":\"https:\\\/\\\/www.northcdatacenters.com\\\/ch-fr\\\/media-corner\\\/northc-fait-son-entree-sur-le-marche-des-centres-de-donnees-a-francfort\\\/#breadcrumb\"},\"inLanguage\":\"fr-FR\",\"potentialAction\":[{\"@type\":\"ReadAction\",\"target\":[\"https:\\\/\\\/www.northcdatacenters.com\\\/ch-fr\\\/media-corner\\\/northc-fait-son-entree-sur-le-marche-des-centres-de-donnees-a-francfort\\\/\"]}]},{\"@type\":\"ImageObject\",\"inLanguage\":\"fr-FR\",\"@id\":\"https:\\\/\\\/www.northcdatacenters.com\\\/ch-fr\\\/media-corner\\\/northc-fait-son-entree-sur-le-marche-des-centres-de-donnees-a-francfort\\\/#primaryimage\",\"url\":\"https:\\\/\\\/www.northcdatacenters.com\\\/ch-fr\\\/wp-content\\\/uploads\\\/sites\\\/6\\\/2024\\\/01\\\/MicrosoftTeams-image-3-scaled.webp\",\"contentUrl\":\"https:\\\/\\\/www.northcdatacenters.com\\\/ch-fr\\\/wp-content\\\/uploads\\\/sites\\\/6\\\/2024\\\/01\\\/MicrosoftTeams-image-3-scaled.webp\",\"width\":2560,\"height\":1440,\"caption\":\"Bild: Expansion in Deutschland\"},{\"@type\":\"BreadcrumbList\",\"@id\":\"https:\\\/\\\/www.northcdatacenters.com\\\/ch-fr\\\/media-corner\\\/northc-fait-son-entree-sur-le-marche-des-centres-de-donnees-a-francfort\\\/#breadcrumb\",\"itemListElement\":[{\"@type\":\"ListItem\",\"position\":1,\"name\":\"Home\",\"item\":\"https:\\\/\\\/www.northcdatacenters.com\\\/ch-fr\\\/\"},{\"@type\":\"ListItem\",\"position\":2,\"name\":\"NorthC fait son entr\u00e9e sur le march\u00e9 des centres de donn\u00e9es \u00e0 Francfort\"}]},{\"@type\":\"WebSite\",\"@id\":\"https:\\\/\\\/www.northcdatacenters.com\\\/ch-fr\\\/#website\",\"url\":\"https:\\\/\\\/www.northcdatacenters.com\\\/ch-fr\\\/\",\"name\":\"NorthC Datacenters\",\"description\":\"Digital business, Personal connections.\",\"publisher\":{\"@id\":\"https:\\\/\\\/www.northcdatacenters.com\\\/ch-fr\\\/#organization\"},\"potentialAction\":[{\"@type\":\"SearchAction\",\"target\":{\"@type\":\"EntryPoint\",\"urlTemplate\":\"https:\\\/\\\/www.northcdatacenters.com\\\/ch-fr\\\/?s={search_term_string}\"},\"query-input\":{\"@type\":\"PropertyValueSpecification\",\"valueRequired\":true,\"valueName\":\"search_term_string\"}}],\"inLanguage\":\"fr-FR\"},{\"@type\":\"Organization\",\"@id\":\"https:\\\/\\\/www.northcdatacenters.com\\\/ch-fr\\\/#organization\",\"name\":\"NorthC Datacenters\",\"url\":\"https:\\\/\\\/www.northcdatacenters.com\\\/ch-fr\\\/\",\"logo\":{\"@type\":\"ImageObject\",\"inLanguage\":\"fr-FR\",\"@id\":\"https:\\\/\\\/www.northcdatacenters.com\\\/ch-fr\\\/#\\\/schema\\\/logo\\\/image\\\/\",\"url\":\"https:\\\/\\\/www.northcdatacenters.com\\\/ch-fr\\\/wp-content\\\/uploads\\\/sites\\\/6\\\/2024\\\/11\\\/Logo_NorthC.svg\",\"contentUrl\":\"https:\\\/\\\/www.northcdatacenters.com\\\/ch-fr\\\/wp-content\\\/uploads\\\/sites\\\/6\\\/2024\\\/11\\\/Logo_NorthC.svg\",\"width\":110,\"height\":24,\"caption\":\"NorthC Datacenters\"},\"image\":{\"@id\":\"https:\\\/\\\/www.northcdatacenters.com\\\/ch-fr\\\/#\\\/schema\\\/logo\\\/image\\\/\"}},{\"@type\":\"Person\",\"@id\":\"https:\\\/\\\/www.northcdatacenters.com\\\/ch-fr\\\/#\\\/schema\\\/person\\\/d9dc31297e84c0bf28cb42b588ffd95c\",\"name\":\"Martin\",\"url\":\"https:\\\/\\\/www.northcdatacenters.com\\\/ch-fr\\\/author\\\/martinming\\\/\"}]}<\/script>\n<!-- \/ Yoast SEO Premium plugin. -->","yoast_head_json":{"title":"NorthC entre sur le march\u00e9 des centres de donn\u00e9es \u00e0 Francfort","description":"NorthC entre sur le march\u00e9 des centres de donn\u00e9es de Francfort avec un site de 5 MW, suivant sa strat\u00e9gie d\u2019expansion en Allemagne.","robots":{"index":"index","follow":"follow","max-snippet":"max-snippet:-1","max-image-preview":"max-image-preview:large","max-video-preview":"max-video-preview:-1"},"canonical":"https:\/\/www.northcdatacenters.com\/ch-fr\/media-corner\/northc-fait-son-entree-sur-le-marche-des-centres-de-donnees-a-francfort\/","og_locale":"fr_FR","og_type":"article","og_title":"NorthC fait son entr\u00e9e sur le march\u00e9 des centres de donn\u00e9es \u00e0 Francfort","og_description":"NorthC poursuit sa strat\u00e9gie avec un nouveau centre de donn\u00e9es \u00e0 Francfort, augmentant ainsi ses capacit\u00e9s en Allemagne.","og_url":"https:\/\/www.northcdatacenters.com\/ch-fr\/media-corner\/northc-fait-son-entree-sur-le-marche-des-centres-de-donnees-a-francfort\/","og_site_name":"NorthC Datacenters (CH-FR)","article_published_time":"2024-01-11T12:52:24+00:00","article_modified_time":"2026-04-20T11:04:37+00:00","og_image":[{"url":"https:\/\/www.northcdatacenters.com\/ch-fr\/wp-content\/uploads\/sites\/6\/2024\/01\/cropped-MicrosoftTeams-image-3-scaled-1.jpg","type":"","width":"","height":""}],"author":"Martin","twitter_card":"summary_large_image","twitter_misc":{"Written by":"Martin","Est. reading time":"2 minutes"},"schema":{"@context":"https:\/\/schema.org","@graph":[{"@type":"Article","@id":"https:\/\/www.northcdatacenters.com\/ch-fr\/media-corner\/northc-fait-son-entree-sur-le-marche-des-centres-de-donnees-a-francfort\/#article","isPartOf":{"@id":"https:\/\/www.northcdatacenters.com\/ch-fr\/media-corner\/northc-fait-son-entree-sur-le-marche-des-centres-de-donnees-a-francfort\/"},"author":{"name":"Martin","@id":"https:\/\/www.northcdatacenters.com\/ch-fr\/#\/schema\/person\/d9dc31297e84c0bf28cb42b588ffd95c"},"headline":"NorthC fait son entr\u00e9e sur le march\u00e9 des centres de donn\u00e9es \u00e0 Francfort","datePublished":"2024-01-11T12:52:24+00:00","dateModified":"2026-04-20T11:04:37+00:00","mainEntityOfPage":{"@id":"https:\/\/www.northcdatacenters.com\/ch-fr\/media-corner\/northc-fait-son-entree-sur-le-marche-des-centres-de-donnees-a-francfort\/"},"wordCount":273,"publisher":{"@id":"https:\/\/www.northcdatacenters.com\/ch-fr\/#organization"},"image":{"@id":"https:\/\/www.northcdatacenters.com\/ch-fr\/media-corner\/northc-fait-son-entree-sur-le-marche-des-centres-de-donnees-a-francfort\/#primaryimage"},"thumbnailUrl":"https:\/\/www.northcdatacenters.com\/ch-fr\/wp-content\/uploads\/sites\/6\/2024\/01\/MicrosoftTeams-image-3-scaled.webp","articleSection":["Media Corner"],"inLanguage":"fr-FR"},{"@type":"WebPage","@id":"https:\/\/www.northcdatacenters.com\/ch-fr\/media-corner\/northc-fait-son-entree-sur-le-marche-des-centres-de-donnees-a-francfort\/","url":"https:\/\/www.northcdatacenters.com\/ch-fr\/media-corner\/northc-fait-son-entree-sur-le-marche-des-centres-de-donnees-a-francfort\/","name":"NorthC entre sur le march\u00e9 des centres de donn\u00e9es \u00e0 Francfort","isPartOf":{"@id":"https:\/\/www.northcdatacenters.com\/ch-fr\/#website"},"primaryImageOfPage":{"@id":"https:\/\/www.northcdatacenters.com\/ch-fr\/media-corner\/northc-fait-son-entree-sur-le-marche-des-centres-de-donnees-a-francfort\/#primaryimage"},"image":{"@id":"https:\/\/www.northcdatacenters.com\/ch-fr\/media-corner\/northc-fait-son-entree-sur-le-marche-des-centres-de-donnees-a-francfort\/#primaryimage"},"thumbnailUrl":"https:\/\/www.northcdatacenters.com\/ch-fr\/wp-content\/uploads\/sites\/6\/2024\/01\/MicrosoftTeams-image-3-scaled.webp","datePublished":"2024-01-11T12:52:24+00:00","dateModified":"2026-04-20T11:04:37+00:00","description":"NorthC entre sur le march\u00e9 des centres de donn\u00e9es de Francfort avec un site de 5 MW, suivant sa strat\u00e9gie d\u2019expansion en Allemagne.","breadcrumb":{"@id":"https:\/\/www.northcdatacenters.com\/ch-fr\/media-corner\/northc-fait-son-entree-sur-le-marche-des-centres-de-donnees-a-francfort\/#breadcrumb"},"inLanguage":"fr-FR","potentialAction":[{"@type":"ReadAction","target":["https:\/\/www.northcdatacenters.com\/ch-fr\/media-corner\/northc-fait-son-entree-sur-le-marche-des-centres-de-donnees-a-francfort\/"]}]},{"@type":"ImageObject","inLanguage":"fr-FR","@id":"https:\/\/www.northcdatacenters.com\/ch-fr\/media-corner\/northc-fait-son-entree-sur-le-marche-des-centres-de-donnees-a-francfort\/#primaryimage","url":"https:\/\/www.northcdatacenters.com\/ch-fr\/wp-content\/uploads\/sites\/6\/2024\/01\/MicrosoftTeams-image-3-scaled.webp","contentUrl":"https:\/\/www.northcdatacenters.com\/ch-fr\/wp-content\/uploads\/sites\/6\/2024\/01\/MicrosoftTeams-image-3-scaled.webp","width":2560,"height":1440,"caption":"Bild: Expansion in Deutschland"},{"@type":"BreadcrumbList","@id":"https:\/\/www.northcdatacenters.com\/ch-fr\/media-corner\/northc-fait-son-entree-sur-le-marche-des-centres-de-donnees-a-francfort\/#breadcrumb","itemListElement":[{"@type":"ListItem","position":1,"name":"Home","item":"https:\/\/www.northcdatacenters.com\/ch-fr\/"},{"@type":"ListItem","position":2,"name":"NorthC fait son entr\u00e9e sur le march\u00e9 des centres de donn\u00e9es \u00e0 Francfort"}]},{"@type":"WebSite","@id":"https:\/\/www.northcdatacenters.com\/ch-fr\/#website","url":"https:\/\/www.northcdatacenters.com\/ch-fr\/","name":"NorthC Datacenters","description":"Digital business, Personal connections.","publisher":{"@id":"https:\/\/www.northcdatacenters.com\/ch-fr\/#organization"},"potentialAction":[{"@type":"SearchAction","target":{"@type":"EntryPoint","urlTemplate":"https:\/\/www.northcdatacenters.com\/ch-fr\/?s={search_term_string}"},"query-input":{"@type":"PropertyValueSpecification","valueRequired":true,"valueName":"search_term_string"}}],"inLanguage":"fr-FR"},{"@type":"Organization","@id":"https:\/\/www.northcdatacenters.com\/ch-fr\/#organization","name":"NorthC Datacenters","url":"https:\/\/www.northcdatacenters.com\/ch-fr\/","logo":{"@type":"ImageObject","inLanguage":"fr-FR","@id":"https:\/\/www.northcdatacenters.com\/ch-fr\/#\/schema\/logo\/image\/","url":"https:\/\/www.northcdatacenters.com\/ch-fr\/wp-content\/uploads\/sites\/6\/2024\/11\/Logo_NorthC.svg","contentUrl":"https:\/\/www.northcdatacenters.com\/ch-fr\/wp-content\/uploads\/sites\/6\/2024\/11\/Logo_NorthC.svg","width":110,"height":24,"caption":"NorthC Datacenters"},"image":{"@id":"https:\/\/www.northcdatacenters.com\/ch-fr\/#\/schema\/logo\/image\/"}},{"@type":"Person","@id":"https:\/\/www.northcdatacenters.com\/ch-fr\/#\/schema\/person\/d9dc31297e84c0bf28cb42b588ffd95c","name":"Martin","url":"https:\/\/www.northcdatacenters.com\/ch-fr\/author\/martinming\/"}]}},"_links":{"self":[{"href":"https:\/\/www.northcdatacenters.com\/ch-fr\/wp-json\/wp\/v2\/posts\/24070","targetHints":{"allow":["GET"]}}],"collection":[{"href":"https:\/\/www.northcdatacenters.com\/ch-fr\/wp-json\/wp\/v2\/posts"}],"about":[{"href":"https:\/\/www.northcdatacenters.com\/ch-fr\/wp-json\/wp\/v2\/types\/post"}],"author":[{"embeddable":true,"href":"https:\/\/www.northcdatacenters.com\/ch-fr\/wp-json\/wp\/v2\/users\/16"}],"replies":[{"embeddable":true,"href":"https:\/\/www.northcdatacenters.com\/ch-fr\/wp-json\/wp\/v2\/comments?post=24070"}],"version-history":[{"count":3,"href":"https:\/\/www.northcdatacenters.com\/ch-fr\/wp-json\/wp\/v2\/posts\/24070\/revisions"}],"predecessor-version":[{"id":30256,"href":"https:\/\/www.northcdatacenters.com\/ch-fr\/wp-json\/wp\/v2\/posts\/24070\/revisions\/30256"}],"wp:featuredmedia":[{"embeddable":true,"href":"https:\/\/www.northcdatacenters.com\/ch-fr\/wp-json\/wp\/v2\/media\/24073"}],"wp:attachment":[{"href":"https:\/\/www.northcdatacenters.com\/ch-fr\/wp-json\/wp\/v2\/media?parent=24070"}],"wp:term":[{"taxonomy":"category","embeddable":true,"href":"https:\/\/www.northcdatacenters.com\/ch-fr\/wp-json\/wp\/v2\/categories?post=24070"},{"taxonomy":"post_tag","embeddable":true,"href":"https:\/\/www.northcdatacenters.com\/ch-fr\/wp-json\/wp\/v2\/tags?post=24070"}],"curies":[{"name":"wp","href":"https:\/\/api.w.org\/{rel}","templated":true}]}}