{"id":24843,"date":"2024-03-27T14:07:20","date_gmt":"2024-03-27T14:07:20","guid":{"rendered":"https:\/\/www.northcdatacenters.com\/ch-fr\/?p=24843"},"modified":"2026-04-20T09:24:13","modified_gmt":"2026-04-20T09:24:13","slug":"le-centre-de-donnees-regional-plaque-tournante-de-la-connectivite","status":"publish","type":"post","link":"https:\/\/www.northcdatacenters.com\/ch-fr\/centre-de-donnees\/le-centre-de-donnees-regional-plaque-tournante-de-la-connectivite\/","title":{"rendered":"Le centre de donn\u00e9es r\u00e9gional, plaque tournante de la connectivit\u00e9"},"content":{"rendered":"<div class=\"wpb-content-wrapper\"><p>[vc_row][vc_column][vc_column_text css=\u00a0\u00bb\u00a0\u00bb lead=\u00a0\u00bbtrue\u00a0\u00bb]Avec l&rsquo;av\u00e8nement du Cloud Computing, de nombreuses entreprises d\u00e9placent leurs activit\u00e9s informatiques des centres de donn\u00e9es locaux vers le Cloud. Non pas vers un seul Cloud, mais vers plusieurs. Ceux-ci comprennent g\u00e9n\u00e9ralement des offres SaaS, PaaS et IaaS, ainsi que des Clouds priv\u00e9s dans des centres de colocation. \u00c0 cela s&rsquo;ajoutent rapidement des environnements p\u00e9riph\u00e9riques \u00e0 la p\u00e9riph\u00e9rie du r\u00e9seau.<\/p>\n<p>Jarno Bloem, COO de NorthC, explique : \u00ab Dans de nombreux cas, pour des raisons telles que la latence et les co\u00fbts, il n&rsquo;est pas judicieux de transf\u00e9rer les donn\u00e9es collect\u00e9es localement \u2013 par exemple \u00e0 partir du nombre croissant d&rsquo;appareils IoT \u2013 vers le Cloud central pour y \u00eatre trait\u00e9es et analys\u00e9es. C&rsquo;est pourquoi des centres de donn\u00e9es r\u00e9gionaux et micro vont voir le jour, o\u00f9 le traitement des donn\u00e9es aura lieu \u00e0 proximit\u00e9 de la source. \u00bb[\/vc_column_text]\n    <picture class=\"responsive-picture \">\n                                              <source srcset=\"https:\/\/www.northcdatacenters.com\/ch-fr\/wp-content\/uploads\/sites\/6\/2024\/02\/NorthC_europe_Vernieuwd_HR_Shrinked-e1696951572635-1.webp 2400w, https:\/\/www.northcdatacenters.com\/ch-fr\/wp-content\/uploads\/sites\/6\/2024\/02\/NorthC_europe_Vernieuwd_HR_Shrinked-e1696951572635-1-300x129.webp 300w, https:\/\/www.northcdatacenters.com\/ch-fr\/wp-content\/uploads\/sites\/6\/2024\/02\/NorthC_europe_Vernieuwd_HR_Shrinked-e1696951572635-1-1024x439.webp 1024w, https:\/\/www.northcdatacenters.com\/ch-fr\/wp-content\/uploads\/sites\/6\/2024\/02\/NorthC_europe_Vernieuwd_HR_Shrinked-e1696951572635-1-768x329.webp 768w, https:\/\/www.northcdatacenters.com\/ch-fr\/wp-content\/uploads\/sites\/6\/2024\/02\/NorthC_europe_Vernieuwd_HR_Shrinked-e1696951572635-1-1536x658.webp 1536w, https:\/\/www.northcdatacenters.com\/ch-fr\/wp-content\/uploads\/sites\/6\/2024\/02\/NorthC_europe_Vernieuwd_HR_Shrinked-e1696951572635-1-2048x877.webp 2048w, https:\/\/www.northcdatacenters.com\/ch-fr\/wp-content\/uploads\/sites\/6\/2024\/02\/NorthC_europe_Vernieuwd_HR_Shrinked-e1696951572635-1-1440x617.webp 1440w, https:\/\/www.northcdatacenters.com\/ch-fr\/wp-content\/uploads\/sites\/6\/2024\/02\/NorthC_europe_Vernieuwd_HR_Shrinked-e1696951572635-1-175x75.webp 175w, https:\/\/www.northcdatacenters.com\/ch-fr\/wp-content\/uploads\/sites\/6\/2024\/02\/NorthC_europe_Vernieuwd_HR_Shrinked-e1696951572635-1-510x218.webp 510w, https:\/\/www.northcdatacenters.com\/ch-fr\/wp-content\/uploads\/sites\/6\/2024\/02\/NorthC_europe_Vernieuwd_HR_Shrinked-e1696951572635-1-800x343.webp 800w\" media=\"(min-width: 576px)\">\n                        \n      <img decoding=\"async\" src=\"https:\/\/www.northcdatacenters.com\/ch-fr\/wp-content\/uploads\/sites\/6\/2024\/02\/NorthC_europe_Vernieuwd_HR_Shrinked-e1696951572635-1.webp\" alt=\"Wie nachhaltig ist ein Rechenzentrum eigentlich? Und was tut der Rechenzentrumsmarkt, um m\u00f6glichst nachhaltige L\u00f6sungen anzubieten - jetzt und in Zukunft?\" loading=\"auto\" width=\"\" height=\"\">\n    <\/picture>\n[\/vc_column][\/vc_row][vc_row][vc_column][vc_column_text]<\/p>\n<h3>L&rsquo;accent mis sur la contextualisation des donn\u00e9es<\/h3>\n<p>Avec l&rsquo;utilisation croissante de diff\u00e9rents Clouds et micro centres de donn\u00e9es, il devient de plus en plus n\u00e9cessaire d&rsquo;analyser les donn\u00e9es issues de ces environnements dans leur contexte. Les entreprises reconnaissent de plus en plus la valeur des donn\u00e9es et cherchent des moyens d&rsquo;obtenir de nouvelles et meilleures informations en combinant diff\u00e9rentes sources de donn\u00e9es. Cela n\u00e9cessite toutefois dans un premier temps de regrouper physiquement les donn\u00e9es provenant de diff\u00e9rentes sources, ce qui repr\u00e9sente un d\u00e9fi.[\/vc_column_text][vc_column_text]<\/p>\n<h3>Un n\u0153ud physique pour les Clouds centraux et les applications p\u00e9riph\u00e9riques<\/h3>\n<p>Un n\u0153ud physique est n\u00e9cessaire pour regrouper rapidement et facilement les donn\u00e9es provenant des Clouds centraux et des applications p\u00e9riph\u00e9riques. Le centre de donn\u00e9es r\u00e9gional est id\u00e9al pour cette t\u00e2che, \u00e0 condition qu&rsquo;il s&rsquo;agisse d&rsquo;un centre de donn\u00e9es neutre vis-\u00e0-vis des Clouds et des op\u00e9rateurs t\u00e9l\u00e9coms. Cela signifie qu&rsquo;il fonctionne avec un large \u00e9ventail de fournisseurs de Clouds et de r\u00e9seaux, de sorte que les clients peuvent choisir librement le fournisseur aupr\u00e8s duquel ils souhaitent obtenir des services. Un tel centre de donn\u00e9es fonctionne essentiellement comme une plaque tournante de connectivit\u00e9 o\u00f9 plusieurs fournisseurs de Cloud et de r\u00e9seau disposent d&rsquo;un point de pr\u00e9sence physique (PoP) ou d&rsquo;\u00e9quipements.[\/vc_column_text][vc_column_text]<\/p>\n<h3>NorthC, plaque tournante centrale de l&rsquo;\u00e9cosyst\u00e8me<\/h3>\n<p>Patrik Hofer, directeur g\u00e9n\u00e9ral de NorthC Schweiz AG, souligne : \u00ab Nous avons d\u00e9lib\u00e9r\u00e9ment choisi de cr\u00e9er des hubs de connectivit\u00e9 r\u00e9gionaux pour les entreprises gr\u00e2ce \u00e0 notre r\u00e9seau de centres de donn\u00e9es. Gr\u00e2ce \u00e0 notre pr\u00e9sence dans diff\u00e9rentes r\u00e9gions et \u00e0 notre service Region Connect, nous offrons \u00e0 nos clients un large choix de fournisseurs de r\u00e9seaux et de Cloud dans chaque centre de donn\u00e9es. Ils ont ainsi acc\u00e8s \u00e0 des services Cloud priv\u00e9s et publics qui peuvent s&rsquo;int\u00e9grer dans une solution hybride compl\u00e8te. Compte tenu de l&rsquo;augmentation constante du volume des donn\u00e9es, des connexions r\u00e9seau rapides, fiables et s\u00e9curis\u00e9es sont indispensables pour exploiter de mani\u00e8re optimale les applications dans le Cloud et dans des environnements d\u00e9di\u00e9s au sein du centre de donn\u00e9es, et pour tirer le meilleur parti des donn\u00e9es. \u00bb[\/vc_column_text][\/vc_column][\/vc_row][vc_row full_width=\u00a0\u00bbstretch_row_content\u00a0\u00bb equal_height=\u00a0\u00bbyes\u00a0\u00bb rtl_reverse=\u00a0\u00bbyes\u00a0\u00bb el_class=\u00a0\u00bbdont-add-spacer image-with-text\u00a0\u00bb][vc_column]<div class=\"title-block px-3 title-block-image-right\">\n  <div class=\"container image-container\" style=\"--image-position-x: 50%;\">\n          <picture class=\"responsive-picture \">\n  <img decoding=\"async\" src=\"https:\/\/www.northcdatacenters.com\/ch-fr\/wp-content\/uploads\/sites\/6\/2024\/03\/Patrik-Management-Portrait-01-1600x1143.webp\" srcset=\"\"\n  class=\"\" style=\"\"\n  loading=\"lazy\"\n  sizes=\"(min-width: 1400px) 1200px, (min-width: 1200px) 48vw, 100vw\" \/><\/picture>      <\/div>\n\n  <div class=\"d-none d-xl-block background-with-slanted-edge slanted\"><\/div>\n\n  <div class=\"container text-container\">\n    <div class=\"text-bg-white text py-9 px-6 d-flex flex-column\">\n              <h2 class=\"font-heavy lh-sm\">Infobox<\/h2>\n      \n      <div class=\"content lh-xl\">\n        Patrik Hofer, directeur g\u00e9n\u00e9ral de NorthC Suisse, vit avec sa famille \u00e0 Bassersdorf et est un expert en d\u00e9veloppement organisationnel et strat\u00e9gique. Avant d&rsquo;occuper son poste actuel chez NorthC, il \u00e9tait directeur informatique chez green.ch AG. Parmi ses succ\u00e8s, on peut citer le d\u00e9veloppement et l&rsquo;exploitation d&rsquo;une infrastructure CorpIT et r\u00e9seau automatis\u00e9e et rentable. Cela comprenait \u00e9galement la mise en place d&rsquo;une organisation informatique d&rsquo;entreprise qualifi\u00e9e, compos\u00e9e de diff\u00e9rentes \u00e9quipes charg\u00e9es du r\u00e9seau, des serveurs, de l&rsquo;architecture, de l&rsquo;ing\u00e9nierie et de la s\u00e9curit\u00e9. Auparavant, il a occup\u00e9 des postes de direction dans des entreprises telles que VSHN AG, Nine Internet Solutions AG et Nexphone AG, o\u00f9 il a mis \u00e0 profit ses connaissances approfondies en gestion d&rsquo;entreprise dans le domaine des services Cloud g\u00e9r\u00e9s.      <\/div>\n\n          <\/div>\n  <\/div>\n<\/div>[\/vc_column][\/vc_row][vc_row full_width=\u00a0\u00bbstretch_row\u00a0\u00bb north_c_background_color=\u00a0\u00bbbg-gray-200&Prime; css=\u00a0\u00bb.vc_custom_1711527670381{margin-top: 50px !important;}\u00a0\u00bb][vc_column][vc_column_text]<\/p>\n<h3>\u00c9change d&rsquo;experts<\/h3>\n<p>\u00c9changez avec nos experts et assurez-vous que votre strat\u00e9gie de centre de donn\u00e9es repose sur des bases solides.[\/vc_column_text][\/vc_column][\/vc_row][vc_row full_width=\u00a0\u00bbstretch_row\u00a0\u00bb north_c_background_color=\u00a0\u00bbbg-gray-200&Prime;][vc_column]<div class=\"cta\">\n  <div class=\"cta-grid\">\n    <div class=\"cta-picture\">\n      <picture class=\"responsive-picture d-block\">\n  <img decoding=\"async\" src=\"https:\/\/www.northcdatacenters.com\/ch-fr\/wp-content\/uploads\/sites\/6\/2022\/11\/Patrik-Hofer-1-1256x1256.webp\" srcset=\"https:\/\/www.northcdatacenters.com\/ch-fr\/wp-content\/uploads\/sites\/6\/2022\/11\/Patrik-Hofer-1-1256x1256.webp 1256w, https:\/\/www.northcdatacenters.com\/ch-fr\/wp-content\/uploads\/sites\/6\/2022\/11\/Patrik-Hofer-1-360x360.webp 360w, https:\/\/www.northcdatacenters.com\/ch-fr\/wp-content\/uploads\/sites\/6\/2022\/11\/Patrik-Hofer-1-500x500.webp 500w, https:\/\/www.northcdatacenters.com\/ch-fr\/wp-content\/uploads\/sites\/6\/2022\/11\/Patrik-Hofer-1-300x300.webp 300w, https:\/\/www.northcdatacenters.com\/ch-fr\/wp-content\/uploads\/sites\/6\/2022\/11\/Patrik-Hofer-1-768x768.webp 768w, https:\/\/www.northcdatacenters.com\/ch-fr\/wp-content\/uploads\/sites\/6\/2022\/11\/Patrik-Hofer-1-1024x1024.webp 1024w, https:\/\/www.northcdatacenters.com\/ch-fr\/wp-content\/uploads\/sites\/6\/2022\/11\/Patrik-Hofer-1-1536x1536.webp 1536w, https:\/\/www.northcdatacenters.com\/ch-fr\/wp-content\/uploads\/sites\/6\/2022\/11\/Patrik-Hofer-1-250x250.webp 250w, https:\/\/www.northcdatacenters.com\/ch-fr\/wp-content\/uploads\/sites\/6\/2022\/11\/Patrik-Hofer-1-740x740.webp 740w, https:\/\/www.northcdatacenters.com\/ch-fr\/wp-content\/uploads\/sites\/6\/2022\/11\/Patrik-Hofer-1-175x175.webp 175w, https:\/\/www.northcdatacenters.com\/ch-fr\/wp-content\/uploads\/sites\/6\/2022\/11\/Patrik-Hofer-1.webp 1920w\"\n  class=\"\" style=\"\"\n  loading=\"lazy\"\n  sizes=\"(min-width: 992px) 1280px, 100vw\" \/><\/picture>\n          <\/div>\n\n    <div class=\"text text-white d-flex flex-column gap-4 justify-content-center align-items-center p-6 pb-12 px-lg-12 px-xxl-28\">\n      <h6 class=\"text-primary lh214 font-extrabold text-center mb-0\">Contactez-nous<\/h6>\n      <h3 class=\"mb-2 text-center text-sm-5xl mb-sm-6 text-balance\">Besoin de conseils propres \u00e0 votre situation?<\/h3>\n      <div class=\"buttons d-flex flex-column flex-lg-row flex-wrap gap-4 align-items-center justify-content-center dark-background\">\n                  \n  <button class=\"btn btn-primary\" type=\"button\" data-bs-toggle=\"offcanvas\" data-bs-target=\"#offcanvas_15\" aria-controls=\"offcanvas_15\">\n    Demander un devis  <\/button>\n                  \n  \n  <button class=\"btn btn-secondary\" type=\"button\" data-bs-toggle=\"offcanvas\" data-bs-target=\"#offcanvas_34\" aria-controls=\"offcanvas_34\">\n    Planifier une visite  <\/button>\n\n              <\/div>\n    <\/div>\n  <\/div>\n<\/div>[\/vc_column][\/vc_row]<\/p>\n<\/div>","protected":false},"excerpt":{"rendered":"<p>[vc_row][vc_column][vc_column_text css=\u00a0\u00bb\u00a0\u00bb lead=\u00a0\u00bbtrue\u00a0\u00bb]Avec l&rsquo;av\u00e8nement du Cloud Computing, de nombreuses entreprises d\u00e9placent leurs activit\u00e9s informatiques des centres de donn\u00e9es locaux vers le Cloud. Non pas vers un seul Cloud, mais vers plusieurs. Ceux-ci comprennent g\u00e9n\u00e9ralement des offres SaaS, PaaS et IaaS, ainsi que des Clouds priv\u00e9s dans des centres de colocation. \u00c0 cela s&rsquo;ajoutent rapidement des &#8230;<\/p>\n","protected":false},"author":16,"featured_media":24845,"comment_status":"closed","ping_status":"closed","sticky":false,"template":"","format":"standard","meta":{"_acf_changed":false,"_relevanssi_hide_post":"","_relevanssi_hide_content":"","_relevanssi_pin_for_all":"","_relevanssi_pin_keywords":"","_relevanssi_unpin_keywords":"","_relevanssi_related_keywords":"","_relevanssi_related_include_ids":"","_relevanssi_related_exclude_ids":"","_relevanssi_related_no_append":"","_relevanssi_related_not_related":"","_relevanssi_related_posts":"","_relevanssi_noindex_reason":"","footnotes":""},"categories":[58],"tags":[],"class_list":["post-24843","post","type-post","status-publish","format-standard","has-post-thumbnail","hentry","category-centre-de-donnees"],"acf":[],"yoast_head":"<!-- This site is optimized with the Yoast SEO Premium plugin v27.4 (Yoast SEO v27.4) - https:\/\/yoast.com\/product\/yoast-seo-premium-wordpress\/ -->\n<title>Le centre de donn\u00e9es r\u00e9gional, plaque tournante de la connectivit\u00e9<\/title>\n<meta name=\"description\" content=\"Avec l\u2019\u00e9mergence du Cloud Computing, de nombreuses entreprises d\u00e9localisent leur donn\u00e9es de leurs centres de donn\u00e9es locaux vers le Cloud.\" \/>\n<meta name=\"robots\" content=\"index, follow, max-snippet:-1, max-image-preview:large, max-video-preview:-1\" \/>\n<link rel=\"canonical\" href=\"https:\/\/www.northcdatacenters.com\/ch-fr\/centre-de-donnees\/le-centre-de-donnees-regional-plaque-tournante-de-la-connectivite\/\" \/>\n<meta property=\"og:locale\" content=\"fr_FR\" \/>\n<meta property=\"og:type\" content=\"article\" \/>\n<meta property=\"og:title\" content=\"Le centre de donn\u00e9es r\u00e9gional, plaque tournante de la connectivit\u00e9\" \/>\n<meta property=\"og:description\" content=\"Avec l\u2019\u00e9mergence du Cloud Computing, de nombreuses entreprises d\u00e9localisent leur donn\u00e9es de leurs centres de donn\u00e9es locaux vers le Cloud.\" \/>\n<meta property=\"og:url\" content=\"https:\/\/www.northcdatacenters.com\/ch-fr\/centre-de-donnees\/le-centre-de-donnees-regional-plaque-tournante-de-la-connectivite\/\" \/>\n<meta property=\"og:site_name\" content=\"NorthC Datacenters (CH-FR)\" \/>\n<meta property=\"article:published_time\" content=\"2024-03-27T14:07:20+00:00\" \/>\n<meta property=\"article:modified_time\" content=\"2026-04-20T09:24:13+00:00\" \/>\n<meta property=\"og:image\" content=\"https:\/\/www.northcdatacenters.com\/ch-fr\/wp-content\/uploads\/sites\/6\/2024\/03\/cropped-Regional-Data-Center.jpg\" \/>\n<meta name=\"author\" content=\"Martin\" \/>\n<meta name=\"twitter:card\" content=\"summary_large_image\" \/>\n<meta name=\"twitter:label1\" content=\"Written by\" \/>\n\t<meta name=\"twitter:data1\" content=\"Martin\" \/>\n\t<meta name=\"twitter:label2\" content=\"Est. reading time\" \/>\n\t<meta name=\"twitter:data2\" content=\"5 minutes\" \/>\n<script type=\"application\/ld+json\" class=\"yoast-schema-graph\">{\"@context\":\"https:\\\/\\\/schema.org\",\"@graph\":[{\"@type\":\"Article\",\"@id\":\"https:\\\/\\\/www.northcdatacenters.com\\\/ch-fr\\\/centre-de-donnees\\\/le-centre-de-donnees-regional-plaque-tournante-de-la-connectivite\\\/#article\",\"isPartOf\":{\"@id\":\"https:\\\/\\\/www.northcdatacenters.com\\\/ch-fr\\\/centre-de-donnees\\\/le-centre-de-donnees-regional-plaque-tournante-de-la-connectivite\\\/\"},\"author\":{\"name\":\"Martin\",\"@id\":\"https:\\\/\\\/www.northcdatacenters.com\\\/ch-fr\\\/#\\\/schema\\\/person\\\/d9dc31297e84c0bf28cb42b588ffd95c\"},\"headline\":\"Le centre de donn\u00e9es r\u00e9gional, plaque tournante de la connectivit\u00e9\",\"datePublished\":\"2024-03-27T14:07:20+00:00\",\"dateModified\":\"2026-04-20T09:24:13+00:00\",\"mainEntityOfPage\":{\"@id\":\"https:\\\/\\\/www.northcdatacenters.com\\\/ch-fr\\\/centre-de-donnees\\\/le-centre-de-donnees-regional-plaque-tournante-de-la-connectivite\\\/\"},\"wordCount\":950,\"publisher\":{\"@id\":\"https:\\\/\\\/www.northcdatacenters.com\\\/ch-fr\\\/#organization\"},\"image\":{\"@id\":\"https:\\\/\\\/www.northcdatacenters.com\\\/ch-fr\\\/centre-de-donnees\\\/le-centre-de-donnees-regional-plaque-tournante-de-la-connectivite\\\/#primaryimage\"},\"thumbnailUrl\":\"https:\\\/\\\/www.northcdatacenters.com\\\/ch-fr\\\/wp-content\\\/uploads\\\/sites\\\/6\\\/2024\\\/03\\\/Regional-Data-Center.webp\",\"articleSection\":[\"Centre de donn\u00e9es\"],\"inLanguage\":\"fr-FR\"},{\"@type\":\"WebPage\",\"@id\":\"https:\\\/\\\/www.northcdatacenters.com\\\/ch-fr\\\/centre-de-donnees\\\/le-centre-de-donnees-regional-plaque-tournante-de-la-connectivite\\\/\",\"url\":\"https:\\\/\\\/www.northcdatacenters.com\\\/ch-fr\\\/centre-de-donnees\\\/le-centre-de-donnees-regional-plaque-tournante-de-la-connectivite\\\/\",\"name\":\"Le centre de donn\u00e9es r\u00e9gional, plaque tournante de la connectivit\u00e9\",\"isPartOf\":{\"@id\":\"https:\\\/\\\/www.northcdatacenters.com\\\/ch-fr\\\/#website\"},\"primaryImageOfPage\":{\"@id\":\"https:\\\/\\\/www.northcdatacenters.com\\\/ch-fr\\\/centre-de-donnees\\\/le-centre-de-donnees-regional-plaque-tournante-de-la-connectivite\\\/#primaryimage\"},\"image\":{\"@id\":\"https:\\\/\\\/www.northcdatacenters.com\\\/ch-fr\\\/centre-de-donnees\\\/le-centre-de-donnees-regional-plaque-tournante-de-la-connectivite\\\/#primaryimage\"},\"thumbnailUrl\":\"https:\\\/\\\/www.northcdatacenters.com\\\/ch-fr\\\/wp-content\\\/uploads\\\/sites\\\/6\\\/2024\\\/03\\\/Regional-Data-Center.webp\",\"datePublished\":\"2024-03-27T14:07:20+00:00\",\"dateModified\":\"2026-04-20T09:24:13+00:00\",\"description\":\"Avec l\u2019\u00e9mergence du Cloud Computing, de nombreuses entreprises d\u00e9localisent leur donn\u00e9es de leurs centres de donn\u00e9es locaux vers le Cloud.\",\"breadcrumb\":{\"@id\":\"https:\\\/\\\/www.northcdatacenters.com\\\/ch-fr\\\/centre-de-donnees\\\/le-centre-de-donnees-regional-plaque-tournante-de-la-connectivite\\\/#breadcrumb\"},\"inLanguage\":\"fr-FR\",\"potentialAction\":[{\"@type\":\"ReadAction\",\"target\":[\"https:\\\/\\\/www.northcdatacenters.com\\\/ch-fr\\\/centre-de-donnees\\\/le-centre-de-donnees-regional-plaque-tournante-de-la-connectivite\\\/\"]}]},{\"@type\":\"ImageObject\",\"inLanguage\":\"fr-FR\",\"@id\":\"https:\\\/\\\/www.northcdatacenters.com\\\/ch-fr\\\/centre-de-donnees\\\/le-centre-de-donnees-regional-plaque-tournante-de-la-connectivite\\\/#primaryimage\",\"url\":\"https:\\\/\\\/www.northcdatacenters.com\\\/ch-fr\\\/wp-content\\\/uploads\\\/sites\\\/6\\\/2024\\\/03\\\/Regional-Data-Center.webp\",\"contentUrl\":\"https:\\\/\\\/www.northcdatacenters.com\\\/ch-fr\\\/wp-content\\\/uploads\\\/sites\\\/6\\\/2024\\\/03\\\/Regional-Data-Center.webp\",\"width\":1920,\"height\":528,\"caption\":\"Bild: Symbolbild Datacenter\"},{\"@type\":\"BreadcrumbList\",\"@id\":\"https:\\\/\\\/www.northcdatacenters.com\\\/ch-fr\\\/centre-de-donnees\\\/le-centre-de-donnees-regional-plaque-tournante-de-la-connectivite\\\/#breadcrumb\",\"itemListElement\":[{\"@type\":\"ListItem\",\"position\":1,\"name\":\"Home\",\"item\":\"https:\\\/\\\/www.northcdatacenters.com\\\/ch-fr\\\/\"},{\"@type\":\"ListItem\",\"position\":2,\"name\":\"Le centre de donn\u00e9es r\u00e9gional, plaque tournante de la connectivit\u00e9\"}]},{\"@type\":\"WebSite\",\"@id\":\"https:\\\/\\\/www.northcdatacenters.com\\\/ch-fr\\\/#website\",\"url\":\"https:\\\/\\\/www.northcdatacenters.com\\\/ch-fr\\\/\",\"name\":\"NorthC Datacenters\",\"description\":\"Digital business, Personal connections.\",\"publisher\":{\"@id\":\"https:\\\/\\\/www.northcdatacenters.com\\\/ch-fr\\\/#organization\"},\"potentialAction\":[{\"@type\":\"SearchAction\",\"target\":{\"@type\":\"EntryPoint\",\"urlTemplate\":\"https:\\\/\\\/www.northcdatacenters.com\\\/ch-fr\\\/?s={search_term_string}\"},\"query-input\":{\"@type\":\"PropertyValueSpecification\",\"valueRequired\":true,\"valueName\":\"search_term_string\"}}],\"inLanguage\":\"fr-FR\"},{\"@type\":\"Organization\",\"@id\":\"https:\\\/\\\/www.northcdatacenters.com\\\/ch-fr\\\/#organization\",\"name\":\"NorthC Datacenters\",\"url\":\"https:\\\/\\\/www.northcdatacenters.com\\\/ch-fr\\\/\",\"logo\":{\"@type\":\"ImageObject\",\"inLanguage\":\"fr-FR\",\"@id\":\"https:\\\/\\\/www.northcdatacenters.com\\\/ch-fr\\\/#\\\/schema\\\/logo\\\/image\\\/\",\"url\":\"https:\\\/\\\/www.northcdatacenters.com\\\/ch-fr\\\/wp-content\\\/uploads\\\/sites\\\/6\\\/2024\\\/11\\\/Logo_NorthC.svg\",\"contentUrl\":\"https:\\\/\\\/www.northcdatacenters.com\\\/ch-fr\\\/wp-content\\\/uploads\\\/sites\\\/6\\\/2024\\\/11\\\/Logo_NorthC.svg\",\"width\":110,\"height\":24,\"caption\":\"NorthC Datacenters\"},\"image\":{\"@id\":\"https:\\\/\\\/www.northcdatacenters.com\\\/ch-fr\\\/#\\\/schema\\\/logo\\\/image\\\/\"}},{\"@type\":\"Person\",\"@id\":\"https:\\\/\\\/www.northcdatacenters.com\\\/ch-fr\\\/#\\\/schema\\\/person\\\/d9dc31297e84c0bf28cb42b588ffd95c\",\"name\":\"Martin\",\"url\":\"https:\\\/\\\/www.northcdatacenters.com\\\/ch-fr\\\/author\\\/martinming\\\/\"}]}<\/script>\n<!-- \/ Yoast SEO Premium plugin. -->","yoast_head_json":{"title":"Le centre de donn\u00e9es r\u00e9gional, plaque tournante de la connectivit\u00e9","description":"Avec l\u2019\u00e9mergence du Cloud Computing, de nombreuses entreprises d\u00e9localisent leur donn\u00e9es de leurs centres de donn\u00e9es locaux vers le Cloud.","robots":{"index":"index","follow":"follow","max-snippet":"max-snippet:-1","max-image-preview":"max-image-preview:large","max-video-preview":"max-video-preview:-1"},"canonical":"https:\/\/www.northcdatacenters.com\/ch-fr\/centre-de-donnees\/le-centre-de-donnees-regional-plaque-tournante-de-la-connectivite\/","og_locale":"fr_FR","og_type":"article","og_title":"Le centre de donn\u00e9es r\u00e9gional, plaque tournante de la connectivit\u00e9","og_description":"Avec l\u2019\u00e9mergence du Cloud Computing, de nombreuses entreprises d\u00e9localisent leur donn\u00e9es de leurs centres de donn\u00e9es locaux vers le Cloud.","og_url":"https:\/\/www.northcdatacenters.com\/ch-fr\/centre-de-donnees\/le-centre-de-donnees-regional-plaque-tournante-de-la-connectivite\/","og_site_name":"NorthC Datacenters (CH-FR)","article_published_time":"2024-03-27T14:07:20+00:00","article_modified_time":"2026-04-20T09:24:13+00:00","og_image":[{"url":"https:\/\/www.northcdatacenters.com\/ch-fr\/wp-content\/uploads\/sites\/6\/2024\/03\/cropped-Regional-Data-Center.jpg","type":"","width":"","height":""}],"author":"Martin","twitter_card":"summary_large_image","twitter_misc":{"Written by":"Martin","Est. reading time":"5 minutes"},"schema":{"@context":"https:\/\/schema.org","@graph":[{"@type":"Article","@id":"https:\/\/www.northcdatacenters.com\/ch-fr\/centre-de-donnees\/le-centre-de-donnees-regional-plaque-tournante-de-la-connectivite\/#article","isPartOf":{"@id":"https:\/\/www.northcdatacenters.com\/ch-fr\/centre-de-donnees\/le-centre-de-donnees-regional-plaque-tournante-de-la-connectivite\/"},"author":{"name":"Martin","@id":"https:\/\/www.northcdatacenters.com\/ch-fr\/#\/schema\/person\/d9dc31297e84c0bf28cb42b588ffd95c"},"headline":"Le centre de donn\u00e9es r\u00e9gional, plaque tournante de la connectivit\u00e9","datePublished":"2024-03-27T14:07:20+00:00","dateModified":"2026-04-20T09:24:13+00:00","mainEntityOfPage":{"@id":"https:\/\/www.northcdatacenters.com\/ch-fr\/centre-de-donnees\/le-centre-de-donnees-regional-plaque-tournante-de-la-connectivite\/"},"wordCount":950,"publisher":{"@id":"https:\/\/www.northcdatacenters.com\/ch-fr\/#organization"},"image":{"@id":"https:\/\/www.northcdatacenters.com\/ch-fr\/centre-de-donnees\/le-centre-de-donnees-regional-plaque-tournante-de-la-connectivite\/#primaryimage"},"thumbnailUrl":"https:\/\/www.northcdatacenters.com\/ch-fr\/wp-content\/uploads\/sites\/6\/2024\/03\/Regional-Data-Center.webp","articleSection":["Centre de donn\u00e9es"],"inLanguage":"fr-FR"},{"@type":"WebPage","@id":"https:\/\/www.northcdatacenters.com\/ch-fr\/centre-de-donnees\/le-centre-de-donnees-regional-plaque-tournante-de-la-connectivite\/","url":"https:\/\/www.northcdatacenters.com\/ch-fr\/centre-de-donnees\/le-centre-de-donnees-regional-plaque-tournante-de-la-connectivite\/","name":"Le centre de donn\u00e9es r\u00e9gional, plaque tournante de la connectivit\u00e9","isPartOf":{"@id":"https:\/\/www.northcdatacenters.com\/ch-fr\/#website"},"primaryImageOfPage":{"@id":"https:\/\/www.northcdatacenters.com\/ch-fr\/centre-de-donnees\/le-centre-de-donnees-regional-plaque-tournante-de-la-connectivite\/#primaryimage"},"image":{"@id":"https:\/\/www.northcdatacenters.com\/ch-fr\/centre-de-donnees\/le-centre-de-donnees-regional-plaque-tournante-de-la-connectivite\/#primaryimage"},"thumbnailUrl":"https:\/\/www.northcdatacenters.com\/ch-fr\/wp-content\/uploads\/sites\/6\/2024\/03\/Regional-Data-Center.webp","datePublished":"2024-03-27T14:07:20+00:00","dateModified":"2026-04-20T09:24:13+00:00","description":"Avec l\u2019\u00e9mergence du Cloud Computing, de nombreuses entreprises d\u00e9localisent leur donn\u00e9es de leurs centres de donn\u00e9es locaux vers le Cloud.","breadcrumb":{"@id":"https:\/\/www.northcdatacenters.com\/ch-fr\/centre-de-donnees\/le-centre-de-donnees-regional-plaque-tournante-de-la-connectivite\/#breadcrumb"},"inLanguage":"fr-FR","potentialAction":[{"@type":"ReadAction","target":["https:\/\/www.northcdatacenters.com\/ch-fr\/centre-de-donnees\/le-centre-de-donnees-regional-plaque-tournante-de-la-connectivite\/"]}]},{"@type":"ImageObject","inLanguage":"fr-FR","@id":"https:\/\/www.northcdatacenters.com\/ch-fr\/centre-de-donnees\/le-centre-de-donnees-regional-plaque-tournante-de-la-connectivite\/#primaryimage","url":"https:\/\/www.northcdatacenters.com\/ch-fr\/wp-content\/uploads\/sites\/6\/2024\/03\/Regional-Data-Center.webp","contentUrl":"https:\/\/www.northcdatacenters.com\/ch-fr\/wp-content\/uploads\/sites\/6\/2024\/03\/Regional-Data-Center.webp","width":1920,"height":528,"caption":"Bild: Symbolbild Datacenter"},{"@type":"BreadcrumbList","@id":"https:\/\/www.northcdatacenters.com\/ch-fr\/centre-de-donnees\/le-centre-de-donnees-regional-plaque-tournante-de-la-connectivite\/#breadcrumb","itemListElement":[{"@type":"ListItem","position":1,"name":"Home","item":"https:\/\/www.northcdatacenters.com\/ch-fr\/"},{"@type":"ListItem","position":2,"name":"Le centre de donn\u00e9es r\u00e9gional, plaque tournante de la connectivit\u00e9"}]},{"@type":"WebSite","@id":"https:\/\/www.northcdatacenters.com\/ch-fr\/#website","url":"https:\/\/www.northcdatacenters.com\/ch-fr\/","name":"NorthC Datacenters","description":"Digital business, Personal connections.","publisher":{"@id":"https:\/\/www.northcdatacenters.com\/ch-fr\/#organization"},"potentialAction":[{"@type":"SearchAction","target":{"@type":"EntryPoint","urlTemplate":"https:\/\/www.northcdatacenters.com\/ch-fr\/?s={search_term_string}"},"query-input":{"@type":"PropertyValueSpecification","valueRequired":true,"valueName":"search_term_string"}}],"inLanguage":"fr-FR"},{"@type":"Organization","@id":"https:\/\/www.northcdatacenters.com\/ch-fr\/#organization","name":"NorthC Datacenters","url":"https:\/\/www.northcdatacenters.com\/ch-fr\/","logo":{"@type":"ImageObject","inLanguage":"fr-FR","@id":"https:\/\/www.northcdatacenters.com\/ch-fr\/#\/schema\/logo\/image\/","url":"https:\/\/www.northcdatacenters.com\/ch-fr\/wp-content\/uploads\/sites\/6\/2024\/11\/Logo_NorthC.svg","contentUrl":"https:\/\/www.northcdatacenters.com\/ch-fr\/wp-content\/uploads\/sites\/6\/2024\/11\/Logo_NorthC.svg","width":110,"height":24,"caption":"NorthC Datacenters"},"image":{"@id":"https:\/\/www.northcdatacenters.com\/ch-fr\/#\/schema\/logo\/image\/"}},{"@type":"Person","@id":"https:\/\/www.northcdatacenters.com\/ch-fr\/#\/schema\/person\/d9dc31297e84c0bf28cb42b588ffd95c","name":"Martin","url":"https:\/\/www.northcdatacenters.com\/ch-fr\/author\/martinming\/"}]}},"_links":{"self":[{"href":"https:\/\/www.northcdatacenters.com\/ch-fr\/wp-json\/wp\/v2\/posts\/24843","targetHints":{"allow":["GET"]}}],"collection":[{"href":"https:\/\/www.northcdatacenters.com\/ch-fr\/wp-json\/wp\/v2\/posts"}],"about":[{"href":"https:\/\/www.northcdatacenters.com\/ch-fr\/wp-json\/wp\/v2\/types\/post"}],"author":[{"embeddable":true,"href":"https:\/\/www.northcdatacenters.com\/ch-fr\/wp-json\/wp\/v2\/users\/16"}],"replies":[{"embeddable":true,"href":"https:\/\/www.northcdatacenters.com\/ch-fr\/wp-json\/wp\/v2\/comments?post=24843"}],"version-history":[{"count":6,"href":"https:\/\/www.northcdatacenters.com\/ch-fr\/wp-json\/wp\/v2\/posts\/24843\/revisions"}],"predecessor-version":[{"id":31628,"href":"https:\/\/www.northcdatacenters.com\/ch-fr\/wp-json\/wp\/v2\/posts\/24843\/revisions\/31628"}],"wp:featuredmedia":[{"embeddable":true,"href":"https:\/\/www.northcdatacenters.com\/ch-fr\/wp-json\/wp\/v2\/media\/24845"}],"wp:attachment":[{"href":"https:\/\/www.northcdatacenters.com\/ch-fr\/wp-json\/wp\/v2\/media?parent=24843"}],"wp:term":[{"taxonomy":"category","embeddable":true,"href":"https:\/\/www.northcdatacenters.com\/ch-fr\/wp-json\/wp\/v2\/categories?post=24843"},{"taxonomy":"post_tag","embeddable":true,"href":"https:\/\/www.northcdatacenters.com\/ch-fr\/wp-json\/wp\/v2\/tags?post=24843"}],"curies":[{"name":"wp","href":"https:\/\/api.w.org\/{rel}","templated":true}]}}