{"id":28275,"date":"2024-12-12T07:59:45","date_gmt":"2024-12-12T07:59:45","guid":{"rendered":"https:\/\/www.northcdatacenters.com\/ch-fr\/?p=28275"},"modified":"2026-04-20T06:52:20","modified_gmt":"2026-04-20T06:52:20","slug":"northc-poursuit-sa-croissance-en-europe","status":"publish","type":"post","link":"https:\/\/www.northcdatacenters.com\/ch-fr\/media-corner\/northc-poursuit-sa-croissance-en-europe\/","title":{"rendered":"NorthC poursuit sa croissance en Europe avec des extensions aux Pays-Bas et en Allemagne"},"content":{"rendered":"<div class=\"wpb-content-wrapper\"><p>[vc_row vc_row_spacing=\u00a0\u00bbdont-add-spacer adds-own-spacer add-spacer-top\u00a0\u00bb][vc_column][vc_column_text margin_block_end=\u00a0\u00bbmedium-block-end\u00a0\u00bb]Amsterdam, Nuremberg, 12 d\u00e9cembre 2024 \u2013 NorthC, fournisseur de services de centres de donn\u00e9es r\u00e9gionaux dans la r\u00e9gion Benelux et DACH, va continuer \u00e0 \u00e9tendre sa pr\u00e9sence avec des sites de centres de donn\u00e9es europ\u00e9ens en 2025 et 2026. Cette expansion permet \u00e0 NorthC de r\u00e9pondre \u00e0 la demande croissante en infrastructures informatiques et en capacit\u00e9s de centres de donn\u00e9es durables et fiables. Avec la construction de nouveaux centres de donn\u00e9es \u00e0 Francfort-sur-le-Main et Berlin, NorthC poursuit sa strat\u00e9gie ambitieuse de croissance internationale.<\/p>\n<p>Ces d\u00e9veloppements strat\u00e9giques soulignent l&rsquo;engagement de NorthC \u00e0 faire progresser la transformation num\u00e9rique des entreprises et des organisations gouvernementales europ\u00e9ennes. Le nouveau b\u00e2timent pr\u00e9vu \u00e0 Francfort-sur-le-Main sera le deuxi\u00e8me centre de donn\u00e9es de l&rsquo;entreprise dans cette importante place \u00e9conomique. Dans un premier temps, une capacit\u00e9 informatique de 1,5 MW est pr\u00e9vue, qui devrait \u00eatre port\u00e9e \u00e0 10,5 MW au maximum dans les ann\u00e9es \u00e0 venir. Le premier centre de donn\u00e9es de Francfort-sur-le-Main sera mis en service avec une capacit\u00e9 informatique de 3 MW.<\/p>\n<p>En plus des deux nouveaux centres de donn\u00e9es \u00e0 Francfort-sur-le-Main, NorthC fait son entr\u00e9e sur le march\u00e9 berlinois en pleine expansion en transformant un b\u00e2timent existant en centre de donn\u00e9es. Le centre de donn\u00e9es berlinois d\u00e9marrera avec une capacit\u00e9 informatique initiale de 3 MW et un potentiel d&rsquo;extension \u00e0 8 MW.<\/p>\n<p><strong>Une croissance durable et efficace<\/strong><br \/>\nLa demande croissante en services de colocation et de connectivit\u00e9 stimule l&rsquo;expansion de NorthC vers de nouveaux march\u00e9s et r\u00e9gions. Parall\u00e8lement, NorthC poursuit son engagement en faveur du d\u00e9veloppement durable en investissant massivement dans des solutions \u00e9nerg\u00e9tiques vertes telles que des syst\u00e8mes d&rsquo;urgence fonctionnant \u00e0 l&rsquo;hydrog\u00e8ne et des solutions innovantes de r\u00e9utilisation de la chaleur r\u00e9siduelle.<\/p>\n<p>\u00ab La num\u00e9risation croissante des processus commerciaux et des services administratifs dans toute l&rsquo;Europe entra\u00eene une demande croissante en capacit\u00e9s de centres de donn\u00e9es fiables, \u00e9volutives et durables \u00bb, explique Alexandra Schless, PDG de NorthC Datacenters. \u00ab Ces nouveaux sites constituent une \u00e9tape importante dans notre strat\u00e9gie de croissance. Avec un r\u00e9seau de plus de 20 centres de donn\u00e9es \u00e0 travers l&rsquo;Europe, nous sommes bien plac\u00e9s pour servir nos clients au niveau r\u00e9gional et travailler en \u00e9troite collaboration avec divers partenaires informatiques et fournisseurs de r\u00e9seaux. \u00bb<\/p>\n<p><strong>Plus de capacit\u00e9 sur les march\u00e9s existants<\/strong><br \/>\nEn plus de ces nouveaux sites, NorthC augmentera la capacit\u00e9 de ses centres de donn\u00e9es existants \u00e0 Munich et Nuremberg en 2025. Aux Pays-Bas, 11 MW suppl\u00e9mentaires de capacit\u00e9 informatique seront mis \u00e0 disposition l&rsquo;ann\u00e9e prochaine dans les centres de donn\u00e9es d&rsquo;Almere, Rotterdam, Aalsmeer et Eindhoven afin de r\u00e9pondre \u00e0 la demande croissante d&rsquo;infrastructures informatiques de haute qualit\u00e9 dans ces r\u00e9gions cl\u00e9s.<\/p>\n<p>Ces mesures d&rsquo;expansion constituent une \u00e9tape importante dans la mission de NorthC qui consiste \u00e0 fournir des solutions de centres de donn\u00e9es r\u00e9gionaux de premier plan dans toute l&rsquo;Europe. Soulign\u00e9e par un engagement fort en faveur de la durabilit\u00e9 et de la connectivit\u00e9, cette strat\u00e9gie de croissance renforce encore la position de NorthC comme l&rsquo;une des entreprises de centres de donn\u00e9es les plus avanc\u00e9es d&rsquo;Europe.[\/vc_column_text]\n    <picture class=\"responsive-picture \">\n                                              <source srcset=\"https:\/\/www.northcdatacenters.com\/ch-fr\/wp-content\/uploads\/sites\/6\/2024\/12\/Alexandra-Schless-NorthC-CEO.webp 996w, https:\/\/www.northcdatacenters.com\/ch-fr\/wp-content\/uploads\/sites\/6\/2024\/12\/Alexandra-Schless-NorthC-CEO-300x181.webp 300w, https:\/\/www.northcdatacenters.com\/ch-fr\/wp-content\/uploads\/sites\/6\/2024\/12\/Alexandra-Schless-NorthC-CEO-768x463.webp 768w, https:\/\/www.northcdatacenters.com\/ch-fr\/wp-content\/uploads\/sites\/6\/2024\/12\/Alexandra-Schless-NorthC-CEO-175x105.webp 175w, https:\/\/www.northcdatacenters.com\/ch-fr\/wp-content\/uploads\/sites\/6\/2024\/12\/Alexandra-Schless-NorthC-CEO-510x307.webp 510w, https:\/\/www.northcdatacenters.com\/ch-fr\/wp-content\/uploads\/sites\/6\/2024\/12\/Alexandra-Schless-NorthC-CEO-800x482.webp 800w\" media=\"(min-width: 768px)\">\n                                                    \n      <img decoding=\"async\" src=\"https:\/\/www.northcdatacenters.com\/ch-fr\/wp-content\/uploads\/sites\/6\/2024\/12\/Alexandra-Schless-CEO-NorthC-mobile.webp\" alt=\"\" loading=\"auto\" width=\"\" height=\"\">\n    <\/picture>\n[vc_column_text]<em>Alexandra Schless, PDG du groupe NorthC<\/em>[\/vc_column_text][\/vc_column][\/vc_row][vc_row full_width=\u00a0\u00bbstretch_row\u00a0\u00bb north_c_background_color=\u00a0\u00bbbg-gray-200&Prime;][vc_column]<div class=\"cta\">\n  <div class=\"cta-grid\">\n    <div class=\"cta-picture\">\n      <picture class=\"responsive-picture d-block\">\n  <img decoding=\"async\" src=\"https:\/\/www.northcdatacenters.com\/ch-fr\/wp-content\/uploads\/sites\/6\/2024\/11\/Marina-2-1256x1256.webp\" srcset=\"https:\/\/www.northcdatacenters.com\/ch-fr\/wp-content\/uploads\/sites\/6\/2024\/11\/Marina-2-1256x1256.webp 1256w, https:\/\/www.northcdatacenters.com\/ch-fr\/wp-content\/uploads\/sites\/6\/2024\/11\/Marina-2-300x300.webp 300w, https:\/\/www.northcdatacenters.com\/ch-fr\/wp-content\/uploads\/sites\/6\/2024\/11\/Marina-2-1024x1024.webp 1024w, https:\/\/www.northcdatacenters.com\/ch-fr\/wp-content\/uploads\/sites\/6\/2024\/11\/Marina-2-768x768.webp 768w, https:\/\/www.northcdatacenters.com\/ch-fr\/wp-content\/uploads\/sites\/6\/2024\/11\/Marina-2-1536x1536.webp 1536w, https:\/\/www.northcdatacenters.com\/ch-fr\/wp-content\/uploads\/sites\/6\/2024\/11\/Marina-2-250x250.webp 250w, https:\/\/www.northcdatacenters.com\/ch-fr\/wp-content\/uploads\/sites\/6\/2024\/11\/Marina-2-740x740.webp 740w, https:\/\/www.northcdatacenters.com\/ch-fr\/wp-content\/uploads\/sites\/6\/2024\/11\/Marina-2-175x175.webp 175w, https:\/\/www.northcdatacenters.com\/ch-fr\/wp-content\/uploads\/sites\/6\/2024\/11\/Marina-2-360x360.webp 360w, https:\/\/www.northcdatacenters.com\/ch-fr\/wp-content\/uploads\/sites\/6\/2024\/11\/Marina-2-500x500.webp 500w, https:\/\/www.northcdatacenters.com\/ch-fr\/wp-content\/uploads\/sites\/6\/2024\/11\/Marina-2.webp 1920w\"\n  class=\"\" style=\"\"\n  loading=\"lazy\"\n  sizes=\"(min-width: 992px) 1280px, 100vw\" \/><\/picture>\n          <\/div>\n\n    <div class=\"text text-white d-flex flex-column gap-4 justify-content-center align-items-center p-6 pb-12 px-lg-12 px-xxl-28\">\n      <h6 class=\"text-primary lh214 font-extrabold text-center mb-0\">Contactez-nous<\/h6>\n      <h3 class=\"mb-2 text-center text-sm-5xl mb-sm-6 text-balance\">Voulez-vous recevoir d'autres nouvelles, conseils et mises \u00e0 jour de notre part ?<\/h3>\n      <div class=\"buttons d-flex flex-column flex-lg-row flex-wrap gap-4 align-items-center justify-content-center dark-background\">\n                  \n  <button class=\"btn btn-primary\" type=\"button\" data-bs-toggle=\"offcanvas\" data-bs-target=\"#offcanvas_39\" aria-controls=\"offcanvas_39\">\n    S'inscrire \u00e0 la Newsletter  <\/button>\n                  \n  \n  <button class=\"btn btn-secondary\" type=\"button\" data-bs-toggle=\"offcanvas\" data-bs-target=\"#offcanvas_28\" aria-controls=\"offcanvas_28\">\n    Contactez-nous  <\/button>\n\n              <\/div>\n    <\/div>\n  <\/div>\n<\/div>[\/vc_column][\/vc_row]<\/p>\n<\/div>","protected":false},"excerpt":{"rendered":"<p>[vc_row vc_row_spacing=\u00a0\u00bbdont-add-spacer adds-own-spacer add-spacer-top\u00a0\u00bb][vc_column][vc_column_text margin_block_end=\u00a0\u00bbmedium-block-end\u00a0\u00bb]Amsterdam, Nuremberg, 12 d\u00e9cembre 2024 \u2013 NorthC, fournisseur de services de centres de donn\u00e9es r\u00e9gionaux dans la r\u00e9gion Benelux et DACH, va continuer \u00e0 \u00e9tendre sa pr\u00e9sence avec des sites de centres de donn\u00e9es europ\u00e9ens en 2025 et 2026. Cette expansion permet \u00e0 NorthC de r\u00e9pondre \u00e0 la demande croissante en &#8230;<\/p>\n","protected":false},"author":8,"featured_media":28276,"comment_status":"closed","ping_status":"closed","sticky":false,"template":"","format":"standard","meta":{"_acf_changed":false,"_relevanssi_hide_post":"","_relevanssi_hide_content":"","_relevanssi_pin_for_all":"","_relevanssi_pin_keywords":"","_relevanssi_unpin_keywords":"","_relevanssi_related_keywords":"","_relevanssi_related_include_ids":"","_relevanssi_related_exclude_ids":"","_relevanssi_related_no_append":"","_relevanssi_related_not_related":"","_relevanssi_related_posts":"","_relevanssi_noindex_reason":"","footnotes":""},"categories":[48],"tags":[],"class_list":["post-28275","post","type-post","status-publish","format-standard","has-post-thumbnail","hentry","category-media-corner"],"acf":[],"yoast_head":"<!-- This site is optimized with the Yoast SEO Premium plugin v27.4 (Yoast SEO v27.4) - https:\/\/yoast.com\/product\/yoast-seo-premium-wordpress\/ -->\n<title>NorthC \u00e9tend ses activit\u00e9s \u00e0 l\u2019international<\/title>\n<meta name=\"description\" content=\"NorthC \u00e9tend son r\u00e9seau avec de nouveaux centres de donn\u00e9es en Allemagne et aux Pays-Bas pour offrir aux clients une meilleure connectivit\u00e9.\" \/>\n<meta name=\"robots\" content=\"index, follow, max-snippet:-1, max-image-preview:large, max-video-preview:-1\" \/>\n<link rel=\"canonical\" href=\"https:\/\/www.northcdatacenters.com\/ch-fr\/media-corner\/northc-poursuit-sa-croissance-en-europe\/\" \/>\n<meta property=\"og:locale\" content=\"fr_FR\" \/>\n<meta property=\"og:type\" content=\"article\" \/>\n<meta property=\"og:title\" content=\"NorthC poursuit sa croissance en Europe avec des extensions aux Pays-Bas et en Allemagne\" \/>\n<meta property=\"og:description\" content=\"Suivez l&#039;expansion de NorthC \u00e0 travers l&#039;Europe et son engagement envers la transformation num\u00e9rique des entreprises.\" \/>\n<meta property=\"og:url\" content=\"https:\/\/www.northcdatacenters.com\/ch-fr\/media-corner\/northc-poursuit-sa-croissance-en-europe\/\" \/>\n<meta property=\"og:site_name\" content=\"NorthC Datacenters (CH-FR)\" \/>\n<meta property=\"article:published_time\" content=\"2024-12-12T07:59:45+00:00\" \/>\n<meta property=\"article:modified_time\" content=\"2026-04-20T06:52:20+00:00\" \/>\n<meta property=\"og:image\" content=\"https:\/\/www.northcdatacenters.com\/ch-fr\/wp-content\/uploads\/sites\/6\/2024\/12\/heading-netherlands-germany.webp\" \/>\n\t<meta property=\"og:image:width\" content=\"1920\" \/>\n\t<meta property=\"og:image:height\" content=\"576\" \/>\n\t<meta property=\"og:image:type\" content=\"image\/jpeg\" \/>\n<meta name=\"author\" content=\"Yde van Opstal\" \/>\n<meta name=\"twitter:card\" content=\"summary_large_image\" \/>\n<meta name=\"twitter:label1\" content=\"Written by\" \/>\n\t<meta name=\"twitter:data1\" content=\"Yde van Opstal\" \/>\n\t<meta name=\"twitter:label2\" content=\"Est. reading time\" \/>\n\t<meta name=\"twitter:data2\" content=\"4 minutes\" \/>\n<script type=\"application\/ld+json\" class=\"yoast-schema-graph\">{\"@context\":\"https:\\\/\\\/schema.org\",\"@graph\":[{\"@type\":\"Article\",\"@id\":\"https:\\\/\\\/www.northcdatacenters.com\\\/ch-fr\\\/media-corner\\\/northc-poursuit-sa-croissance-en-europe\\\/#article\",\"isPartOf\":{\"@id\":\"https:\\\/\\\/www.northcdatacenters.com\\\/ch-fr\\\/media-corner\\\/northc-poursuit-sa-croissance-en-europe\\\/\"},\"author\":{\"name\":\"Yde van Opstal\",\"@id\":\"https:\\\/\\\/www.northcdatacenters.com\\\/ch-fr\\\/#\\\/schema\\\/person\\\/48bd24cc9de3798cd9082925b80e68ab\"},\"headline\":\"NorthC poursuit sa croissance en Europe avec des extensions aux Pays-Bas et en Allemagne\",\"datePublished\":\"2024-12-12T07:59:45+00:00\",\"dateModified\":\"2026-04-20T06:52:20+00:00\",\"mainEntityOfPage\":{\"@id\":\"https:\\\/\\\/www.northcdatacenters.com\\\/ch-fr\\\/media-corner\\\/northc-poursuit-sa-croissance-en-europe\\\/\"},\"wordCount\":686,\"publisher\":{\"@id\":\"https:\\\/\\\/www.northcdatacenters.com\\\/ch-fr\\\/#organization\"},\"image\":{\"@id\":\"https:\\\/\\\/www.northcdatacenters.com\\\/ch-fr\\\/media-corner\\\/northc-poursuit-sa-croissance-en-europe\\\/#primaryimage\"},\"thumbnailUrl\":\"https:\\\/\\\/www.northcdatacenters.com\\\/ch-fr\\\/wp-content\\\/uploads\\\/sites\\\/6\\\/2024\\\/12\\\/heading-netherlands-germany.webp\",\"articleSection\":[\"Media Corner\"],\"inLanguage\":\"fr-FR\"},{\"@type\":\"WebPage\",\"@id\":\"https:\\\/\\\/www.northcdatacenters.com\\\/ch-fr\\\/media-corner\\\/northc-poursuit-sa-croissance-en-europe\\\/\",\"url\":\"https:\\\/\\\/www.northcdatacenters.com\\\/ch-fr\\\/media-corner\\\/northc-poursuit-sa-croissance-en-europe\\\/\",\"name\":\"NorthC \u00e9tend ses activit\u00e9s \u00e0 l\u2019international\",\"isPartOf\":{\"@id\":\"https:\\\/\\\/www.northcdatacenters.com\\\/ch-fr\\\/#website\"},\"primaryImageOfPage\":{\"@id\":\"https:\\\/\\\/www.northcdatacenters.com\\\/ch-fr\\\/media-corner\\\/northc-poursuit-sa-croissance-en-europe\\\/#primaryimage\"},\"image\":{\"@id\":\"https:\\\/\\\/www.northcdatacenters.com\\\/ch-fr\\\/media-corner\\\/northc-poursuit-sa-croissance-en-europe\\\/#primaryimage\"},\"thumbnailUrl\":\"https:\\\/\\\/www.northcdatacenters.com\\\/ch-fr\\\/wp-content\\\/uploads\\\/sites\\\/6\\\/2024\\\/12\\\/heading-netherlands-germany.webp\",\"datePublished\":\"2024-12-12T07:59:45+00:00\",\"dateModified\":\"2026-04-20T06:52:20+00:00\",\"description\":\"NorthC \u00e9tend son r\u00e9seau avec de nouveaux centres de donn\u00e9es en Allemagne et aux Pays-Bas pour offrir aux clients une meilleure connectivit\u00e9.\",\"breadcrumb\":{\"@id\":\"https:\\\/\\\/www.northcdatacenters.com\\\/ch-fr\\\/media-corner\\\/northc-poursuit-sa-croissance-en-europe\\\/#breadcrumb\"},\"inLanguage\":\"fr-FR\",\"potentialAction\":[{\"@type\":\"ReadAction\",\"target\":[\"https:\\\/\\\/www.northcdatacenters.com\\\/ch-fr\\\/media-corner\\\/northc-poursuit-sa-croissance-en-europe\\\/\"]}]},{\"@type\":\"ImageObject\",\"inLanguage\":\"fr-FR\",\"@id\":\"https:\\\/\\\/www.northcdatacenters.com\\\/ch-fr\\\/media-corner\\\/northc-poursuit-sa-croissance-en-europe\\\/#primaryimage\",\"url\":\"https:\\\/\\\/www.northcdatacenters.com\\\/ch-fr\\\/wp-content\\\/uploads\\\/sites\\\/6\\\/2024\\\/12\\\/heading-netherlands-germany.webp\",\"contentUrl\":\"https:\\\/\\\/www.northcdatacenters.com\\\/ch-fr\\\/wp-content\\\/uploads\\\/sites\\\/6\\\/2024\\\/12\\\/heading-netherlands-germany.webp\",\"width\":1920,\"height\":576},{\"@type\":\"BreadcrumbList\",\"@id\":\"https:\\\/\\\/www.northcdatacenters.com\\\/ch-fr\\\/media-corner\\\/northc-poursuit-sa-croissance-en-europe\\\/#breadcrumb\",\"itemListElement\":[{\"@type\":\"ListItem\",\"position\":1,\"name\":\"Home\",\"item\":\"https:\\\/\\\/www.northcdatacenters.com\\\/ch-fr\\\/\"},{\"@type\":\"ListItem\",\"position\":2,\"name\":\"NorthC poursuit sa croissance en Europe avec des extensions aux Pays-Bas et en Allemagne\"}]},{\"@type\":\"WebSite\",\"@id\":\"https:\\\/\\\/www.northcdatacenters.com\\\/ch-fr\\\/#website\",\"url\":\"https:\\\/\\\/www.northcdatacenters.com\\\/ch-fr\\\/\",\"name\":\"NorthC Datacenters\",\"description\":\"Digital business, Personal connections.\",\"publisher\":{\"@id\":\"https:\\\/\\\/www.northcdatacenters.com\\\/ch-fr\\\/#organization\"},\"potentialAction\":[{\"@type\":\"SearchAction\",\"target\":{\"@type\":\"EntryPoint\",\"urlTemplate\":\"https:\\\/\\\/www.northcdatacenters.com\\\/ch-fr\\\/?s={search_term_string}\"},\"query-input\":{\"@type\":\"PropertyValueSpecification\",\"valueRequired\":true,\"valueName\":\"search_term_string\"}}],\"inLanguage\":\"fr-FR\"},{\"@type\":\"Organization\",\"@id\":\"https:\\\/\\\/www.northcdatacenters.com\\\/ch-fr\\\/#organization\",\"name\":\"NorthC Datacenters\",\"url\":\"https:\\\/\\\/www.northcdatacenters.com\\\/ch-fr\\\/\",\"logo\":{\"@type\":\"ImageObject\",\"inLanguage\":\"fr-FR\",\"@id\":\"https:\\\/\\\/www.northcdatacenters.com\\\/ch-fr\\\/#\\\/schema\\\/logo\\\/image\\\/\",\"url\":\"https:\\\/\\\/www.northcdatacenters.com\\\/ch-fr\\\/wp-content\\\/uploads\\\/sites\\\/6\\\/2024\\\/11\\\/Logo_NorthC.svg\",\"contentUrl\":\"https:\\\/\\\/www.northcdatacenters.com\\\/ch-fr\\\/wp-content\\\/uploads\\\/sites\\\/6\\\/2024\\\/11\\\/Logo_NorthC.svg\",\"width\":110,\"height\":24,\"caption\":\"NorthC Datacenters\"},\"image\":{\"@id\":\"https:\\\/\\\/www.northcdatacenters.com\\\/ch-fr\\\/#\\\/schema\\\/logo\\\/image\\\/\"}},{\"@type\":\"Person\",\"@id\":\"https:\\\/\\\/www.northcdatacenters.com\\\/ch-fr\\\/#\\\/schema\\\/person\\\/48bd24cc9de3798cd9082925b80e68ab\",\"name\":\"Yde van Opstal\",\"url\":\"https:\\\/\\\/www.northcdatacenters.com\\\/ch-fr\\\/author\\\/ydevanopstal\\\/\"}]}<\/script>\n<!-- \/ Yoast SEO Premium plugin. -->","yoast_head_json":{"title":"NorthC \u00e9tend ses activit\u00e9s \u00e0 l\u2019international","description":"NorthC \u00e9tend son r\u00e9seau avec de nouveaux centres de donn\u00e9es en Allemagne et aux Pays-Bas pour offrir aux clients une meilleure connectivit\u00e9.","robots":{"index":"index","follow":"follow","max-snippet":"max-snippet:-1","max-image-preview":"max-image-preview:large","max-video-preview":"max-video-preview:-1"},"canonical":"https:\/\/www.northcdatacenters.com\/ch-fr\/media-corner\/northc-poursuit-sa-croissance-en-europe\/","og_locale":"fr_FR","og_type":"article","og_title":"NorthC poursuit sa croissance en Europe avec des extensions aux Pays-Bas et en Allemagne","og_description":"Suivez l'expansion de NorthC \u00e0 travers l'Europe et son engagement envers la transformation num\u00e9rique des entreprises.","og_url":"https:\/\/www.northcdatacenters.com\/ch-fr\/media-corner\/northc-poursuit-sa-croissance-en-europe\/","og_site_name":"NorthC Datacenters (CH-FR)","article_published_time":"2024-12-12T07:59:45+00:00","article_modified_time":"2026-04-20T06:52:20+00:00","og_image":[{"width":1920,"height":576,"url":"https:\/\/www.northcdatacenters.com\/ch-fr\/wp-content\/uploads\/sites\/6\/2024\/12\/heading-netherlands-germany.webp","type":"image\/jpeg"}],"author":"Yde van Opstal","twitter_card":"summary_large_image","twitter_misc":{"Written by":"Yde van Opstal","Est. reading time":"4 minutes"},"schema":{"@context":"https:\/\/schema.org","@graph":[{"@type":"Article","@id":"https:\/\/www.northcdatacenters.com\/ch-fr\/media-corner\/northc-poursuit-sa-croissance-en-europe\/#article","isPartOf":{"@id":"https:\/\/www.northcdatacenters.com\/ch-fr\/media-corner\/northc-poursuit-sa-croissance-en-europe\/"},"author":{"name":"Yde van Opstal","@id":"https:\/\/www.northcdatacenters.com\/ch-fr\/#\/schema\/person\/48bd24cc9de3798cd9082925b80e68ab"},"headline":"NorthC poursuit sa croissance en Europe avec des extensions aux Pays-Bas et en Allemagne","datePublished":"2024-12-12T07:59:45+00:00","dateModified":"2026-04-20T06:52:20+00:00","mainEntityOfPage":{"@id":"https:\/\/www.northcdatacenters.com\/ch-fr\/media-corner\/northc-poursuit-sa-croissance-en-europe\/"},"wordCount":686,"publisher":{"@id":"https:\/\/www.northcdatacenters.com\/ch-fr\/#organization"},"image":{"@id":"https:\/\/www.northcdatacenters.com\/ch-fr\/media-corner\/northc-poursuit-sa-croissance-en-europe\/#primaryimage"},"thumbnailUrl":"https:\/\/www.northcdatacenters.com\/ch-fr\/wp-content\/uploads\/sites\/6\/2024\/12\/heading-netherlands-germany.webp","articleSection":["Media Corner"],"inLanguage":"fr-FR"},{"@type":"WebPage","@id":"https:\/\/www.northcdatacenters.com\/ch-fr\/media-corner\/northc-poursuit-sa-croissance-en-europe\/","url":"https:\/\/www.northcdatacenters.com\/ch-fr\/media-corner\/northc-poursuit-sa-croissance-en-europe\/","name":"NorthC \u00e9tend ses activit\u00e9s \u00e0 l\u2019international","isPartOf":{"@id":"https:\/\/www.northcdatacenters.com\/ch-fr\/#website"},"primaryImageOfPage":{"@id":"https:\/\/www.northcdatacenters.com\/ch-fr\/media-corner\/northc-poursuit-sa-croissance-en-europe\/#primaryimage"},"image":{"@id":"https:\/\/www.northcdatacenters.com\/ch-fr\/media-corner\/northc-poursuit-sa-croissance-en-europe\/#primaryimage"},"thumbnailUrl":"https:\/\/www.northcdatacenters.com\/ch-fr\/wp-content\/uploads\/sites\/6\/2024\/12\/heading-netherlands-germany.webp","datePublished":"2024-12-12T07:59:45+00:00","dateModified":"2026-04-20T06:52:20+00:00","description":"NorthC \u00e9tend son r\u00e9seau avec de nouveaux centres de donn\u00e9es en Allemagne et aux Pays-Bas pour offrir aux clients une meilleure connectivit\u00e9.","breadcrumb":{"@id":"https:\/\/www.northcdatacenters.com\/ch-fr\/media-corner\/northc-poursuit-sa-croissance-en-europe\/#breadcrumb"},"inLanguage":"fr-FR","potentialAction":[{"@type":"ReadAction","target":["https:\/\/www.northcdatacenters.com\/ch-fr\/media-corner\/northc-poursuit-sa-croissance-en-europe\/"]}]},{"@type":"ImageObject","inLanguage":"fr-FR","@id":"https:\/\/www.northcdatacenters.com\/ch-fr\/media-corner\/northc-poursuit-sa-croissance-en-europe\/#primaryimage","url":"https:\/\/www.northcdatacenters.com\/ch-fr\/wp-content\/uploads\/sites\/6\/2024\/12\/heading-netherlands-germany.webp","contentUrl":"https:\/\/www.northcdatacenters.com\/ch-fr\/wp-content\/uploads\/sites\/6\/2024\/12\/heading-netherlands-germany.webp","width":1920,"height":576},{"@type":"BreadcrumbList","@id":"https:\/\/www.northcdatacenters.com\/ch-fr\/media-corner\/northc-poursuit-sa-croissance-en-europe\/#breadcrumb","itemListElement":[{"@type":"ListItem","position":1,"name":"Home","item":"https:\/\/www.northcdatacenters.com\/ch-fr\/"},{"@type":"ListItem","position":2,"name":"NorthC poursuit sa croissance en Europe avec des extensions aux Pays-Bas et en Allemagne"}]},{"@type":"WebSite","@id":"https:\/\/www.northcdatacenters.com\/ch-fr\/#website","url":"https:\/\/www.northcdatacenters.com\/ch-fr\/","name":"NorthC Datacenters","description":"Digital business, Personal connections.","publisher":{"@id":"https:\/\/www.northcdatacenters.com\/ch-fr\/#organization"},"potentialAction":[{"@type":"SearchAction","target":{"@type":"EntryPoint","urlTemplate":"https:\/\/www.northcdatacenters.com\/ch-fr\/?s={search_term_string}"},"query-input":{"@type":"PropertyValueSpecification","valueRequired":true,"valueName":"search_term_string"}}],"inLanguage":"fr-FR"},{"@type":"Organization","@id":"https:\/\/www.northcdatacenters.com\/ch-fr\/#organization","name":"NorthC Datacenters","url":"https:\/\/www.northcdatacenters.com\/ch-fr\/","logo":{"@type":"ImageObject","inLanguage":"fr-FR","@id":"https:\/\/www.northcdatacenters.com\/ch-fr\/#\/schema\/logo\/image\/","url":"https:\/\/www.northcdatacenters.com\/ch-fr\/wp-content\/uploads\/sites\/6\/2024\/11\/Logo_NorthC.svg","contentUrl":"https:\/\/www.northcdatacenters.com\/ch-fr\/wp-content\/uploads\/sites\/6\/2024\/11\/Logo_NorthC.svg","width":110,"height":24,"caption":"NorthC Datacenters"},"image":{"@id":"https:\/\/www.northcdatacenters.com\/ch-fr\/#\/schema\/logo\/image\/"}},{"@type":"Person","@id":"https:\/\/www.northcdatacenters.com\/ch-fr\/#\/schema\/person\/48bd24cc9de3798cd9082925b80e68ab","name":"Yde van Opstal","url":"https:\/\/www.northcdatacenters.com\/ch-fr\/author\/ydevanopstal\/"}]}},"_links":{"self":[{"href":"https:\/\/www.northcdatacenters.com\/ch-fr\/wp-json\/wp\/v2\/posts\/28275","targetHints":{"allow":["GET"]}}],"collection":[{"href":"https:\/\/www.northcdatacenters.com\/ch-fr\/wp-json\/wp\/v2\/posts"}],"about":[{"href":"https:\/\/www.northcdatacenters.com\/ch-fr\/wp-json\/wp\/v2\/types\/post"}],"author":[{"embeddable":true,"href":"https:\/\/www.northcdatacenters.com\/ch-fr\/wp-json\/wp\/v2\/users\/8"}],"replies":[{"embeddable":true,"href":"https:\/\/www.northcdatacenters.com\/ch-fr\/wp-json\/wp\/v2\/comments?post=28275"}],"version-history":[{"count":6,"href":"https:\/\/www.northcdatacenters.com\/ch-fr\/wp-json\/wp\/v2\/posts\/28275\/revisions"}],"predecessor-version":[{"id":30333,"href":"https:\/\/www.northcdatacenters.com\/ch-fr\/wp-json\/wp\/v2\/posts\/28275\/revisions\/30333"}],"wp:featuredmedia":[{"embeddable":true,"href":"https:\/\/www.northcdatacenters.com\/ch-fr\/wp-json\/wp\/v2\/media\/28276"}],"wp:attachment":[{"href":"https:\/\/www.northcdatacenters.com\/ch-fr\/wp-json\/wp\/v2\/media?parent=28275"}],"wp:term":[{"taxonomy":"category","embeddable":true,"href":"https:\/\/www.northcdatacenters.com\/ch-fr\/wp-json\/wp\/v2\/categories?post=28275"},{"taxonomy":"post_tag","embeddable":true,"href":"https:\/\/www.northcdatacenters.com\/ch-fr\/wp-json\/wp\/v2\/tags?post=28275"}],"curies":[{"name":"wp","href":"https:\/\/api.w.org\/{rel}","templated":true}]}}