{"id":28458,"date":"2025-01-16T10:44:24","date_gmt":"2025-01-16T10:44:24","guid":{"rendered":"https:\/\/www.northcdatacenters.com\/ch-fr\/?p=28458"},"modified":"2026-04-17T13:50:15","modified_gmt":"2026-04-17T13:50:15","slug":"donald-badoux-dirige-les-activites-de-northc-datacenters-dans-la-region-dach","status":"publish","type":"post","link":"https:\/\/www.northcdatacenters.com\/ch-fr\/actualites\/donald-badoux-dirige-les-activites-de-northc-datacenters-dans-la-region-dach\/","title":{"rendered":"Donald Badoux dirige les activit\u00e9s de NorthC Datacenters dans la r\u00e9gion DACH"},"content":{"rendered":"<div class=\"wpb-content-wrapper\"><p>[vc_row vc_row_spacing=\u00a0\u00bbdont-add-spacer adds-own-spacer add-spacer-top\u00a0\u00bb][vc_column][vc_column_text]M\u00fcnchenstein \/ Amsterdam, le 16 janvier 2025. Le groupe NorthC a nomm\u00e9 Donald Badoux au poste de directeur g\u00e9n\u00e9ral pour la r\u00e9gion DACH. M. Badoux a pris ses nouvelles fonctions le 1er janvier 2025 et dirigera les activit\u00e9s commerciales r\u00e9gionales de l&rsquo;op\u00e9rateur de centres de donn\u00e9es en Suisse et en Allemagne. La soci\u00e9t\u00e9 m\u00e8re NorthC Group est bas\u00e9e aux Pays-Bas. L&rsquo;Allemagne et la Suisse sont des march\u00e9s cl\u00e9s en Europe en raison de l&rsquo;importance des centres de donn\u00e9es et des r\u00e9seaux de fibre optique comme base pour les infrastructures num\u00e9riques et critiques. Donald Badoux occupe depuis plusieurs ann\u00e9es des postes de direction dans des entreprises du march\u00e9 allemand des centres de donn\u00e9es et contribuera \u00e0 la croissance et \u00e0 l&rsquo;expansion de NorthC. Il rendra compte directement \u00e0 Alexandra Schless, PDG du groupe NorthC.<\/p>\n<p>En tant que directeur g\u00e9n\u00e9ral pour la r\u00e9gion DACH, Donald Badoux jouera un r\u00f4le d\u00e9cisif dans la strat\u00e9gie de l&rsquo;entreprise. Les march\u00e9s allemand et suisse offrent tous deux des opportunit\u00e9s de croissance consid\u00e9rables, car l&rsquo;\u00e9conomie a de plus en plus besoin de centres de donn\u00e9es commerciaux pour soutenir des d\u00e9veloppements technologiques importants tels que la num\u00e9risation, l&rsquo;intelligence artificielle, la s\u00e9curit\u00e9 des donn\u00e9es et les faibles temps de latence. La demande en mati\u00e8re d&rsquo;externalisation, de services de connectivit\u00e9 et de solutions Cloud hybrides ne cesse de cro\u00eetre dans les entreprises de divers secteurs.<br \/>\n\u00ab D\u00e8s le d\u00e9but, j&rsquo;ai \u00e9t\u00e9 tr\u00e8s impressionn\u00e9 par la fa\u00e7on dont chacun chez NorthC a int\u00e9gr\u00e9 les valeurs de l&rsquo;entreprise et le fantastique esprit d&rsquo;\u00e9quipe qui refl\u00e8te notre culture centr\u00e9e sur les personnes. C&rsquo;est formidable de voir cela se refl\u00e9ter \u00e9galement dans nos interactions avec nos clients \u00bb, se r\u00e9jouit Donald Badoux, Managing Director DACH, NorthC.<\/p>\n<p>En ce qui concerne l&rsquo;\u00e9conomie, Badoux ajoute : \u00ab La mission centrale et prioritaire qui m&rsquo;est confi\u00e9e, \u00e0 savoir contribuer au d\u00e9veloppement de l&rsquo;infrastructure num\u00e9rique gr\u00e2ce \u00e0 des centres de donn\u00e9es r\u00e9gionaux r\u00e9partis et \u00e0 une \u00e9quipe engag\u00e9e \u00e0 mes c\u00f4t\u00e9s, me motive \u00e0 reprendre la t\u00eate d&rsquo;un op\u00e9rateur de centres de donn\u00e9es et \u00e0 renforcer la position solide et favorable de NorthC dans la r\u00e9gion DACH. \u00bb<\/p>\n<p>Patrik Hofer, directeur g\u00e9n\u00e9ral Suisse chez NorthC, explique : \u00ab Donald apporte une longue expertise. Dans le cadre de notre approche r\u00e9gionale, je me r\u00e9jouis de pouvoir, avec lui, continuer \u00e0 d\u00e9velopper les synergies entre l&rsquo;Allemagne et la Suisse. Nous pourrons ainsi continuer \u00e0 proposer des solutions sur mesure pour le march\u00e9 suisse, qui r\u00e9pondent aux exigences \u00e9lev\u00e9es en mati\u00e8re de qualit\u00e9, de s\u00e9curit\u00e9 et de durabilit\u00e9. Notre objectif est de continuer \u00e0 offrir un soutien optimal \u00e0 nos clients et de contribuer durablement au renforcement des march\u00e9s locaux. \u00bb<\/p>\n<h2><\/h2>\n<h2>La durabilit\u00e9 est la cl\u00e9<\/h2>\n<p>Une partie importante de la mission de l&rsquo;entreprise consiste \u00e0 promouvoir et \u00e0 mettre en \u0153uvre la durabilit\u00e9 dans tous les pays o\u00f9 NorthC exploite et construit de nouveaux centres de donn\u00e9es. Les investissements dans des solutions \u00e9nerg\u00e9tiques vertes, telles que les syst\u00e8mes d&rsquo;urgence fonctionnant \u00e0 l&rsquo;hydrog\u00e8ne aux Pays-Bas, l&rsquo;utilisation du propane comme r\u00e9frig\u00e9rant dans les centres de donn\u00e9es en Allemagne et la r\u00e9utilisation de la chaleur r\u00e9siduelle, font partie de cette strat\u00e9gie. En Suisse, le centre de donn\u00e9es de M\u00fcnchenstein (B\u00e2le) 1 joue un r\u00f4le d\u00e9cisif en mati\u00e8re de production et d&rsquo;utilisation durables de l&rsquo;\u00e9nergie : il alimente d\u00e9j\u00e0 les zones environnantes qui y sont raccord\u00e9es. Le campus d&rsquo;innovation uptownBasel et le site Primeo Energie, qui fait partie du r\u00e9seau de chauffage urbain de Birsstadt, sont parmi les b\u00e9n\u00e9ficiaires de cette alimentation en \u00e9nergie. Le r\u00e9seau de chauffage comprend 25 r\u00e9seaux de chauffage de quartier d\u00e9j\u00e0 existants dans les r\u00e9gions de Reinach, Arlesheim et M\u00fcnchenstein.<\/p>\n<p>\u00ab La durabilit\u00e9 est inscrite dans l&rsquo;ADN de NorthC \u00bb, explique Alexandra Schless, PDG du groupe NorthC. \u00ab Donald Badoux est parfaitement qualifi\u00e9 pour assumer cette fonction de direction et contribuer de mani\u00e8re constructive \u00e0 fa\u00e7onner ce domaine strat\u00e9gique. NorthC b\u00e9n\u00e9ficiera de son exp\u00e9rience et de son expertise dans le domaine des \u00e9nergies renouvelables et de leur distribution, acquises lors de son pr\u00e9c\u00e9dent poste de direction chez un fournisseur d&rsquo;\u00e9nergie de Hesse. Avec un r\u00e9seau de plus de 20 centres de donn\u00e9es r\u00e9gionaux et l&rsquo;expertise internationale de notre \u00e9quipe de direction, nous sommes bien positionn\u00e9s en Europe pour offrir \u00e0 nos clients un service personnalis\u00e9 et leur permettre de participer \u00e0 l&rsquo;\u00e9cosyst\u00e8me num\u00e9rique NorthC. \u00bb[\/vc_column_text]\n    <picture class=\"responsive-picture \">\n                                              <source srcset=\"https:\/\/www.northcdatacenters.com\/ch-fr\/wp-content\/uploads\/sites\/6\/2025\/01\/Donald_Badoux_Bild-scaled.webp 2129w, https:\/\/www.northcdatacenters.com\/ch-fr\/wp-content\/uploads\/sites\/6\/2025\/01\/Donald_Badoux_Bild-250x300.webp 250w, https:\/\/www.northcdatacenters.com\/ch-fr\/wp-content\/uploads\/sites\/6\/2025\/01\/Donald_Badoux_Bild-852x1024.webp 852w, https:\/\/www.northcdatacenters.com\/ch-fr\/wp-content\/uploads\/sites\/6\/2025\/01\/Donald_Badoux_Bild-768x923.webp 768w, https:\/\/www.northcdatacenters.com\/ch-fr\/wp-content\/uploads\/sites\/6\/2025\/01\/Donald_Badoux_Bild-1278x1536.webp 1278w, https:\/\/www.northcdatacenters.com\/ch-fr\/wp-content\/uploads\/sites\/6\/2025\/01\/Donald_Badoux_Bild-1703x2048.webp 1703w, https:\/\/www.northcdatacenters.com\/ch-fr\/wp-content\/uploads\/sites\/6\/2025\/01\/Donald_Badoux_Bild-1045x1256.webp 1045w, https:\/\/www.northcdatacenters.com\/ch-fr\/wp-content\/uploads\/sites\/6\/2025\/01\/Donald_Badoux_Bild-175x210.webp 175w, https:\/\/www.northcdatacenters.com\/ch-fr\/wp-content\/uploads\/sites\/6\/2025\/01\/Donald_Badoux_Bild-299x360.webp 299w, https:\/\/www.northcdatacenters.com\/ch-fr\/wp-content\/uploads\/sites\/6\/2025\/01\/Donald_Badoux_Bild-416x500.webp 416w\" media=\"(min-width: 576px)\">\n                        \n      <img decoding=\"async\" src=\"https:\/\/www.northcdatacenters.com\/ch-fr\/wp-content\/uploads\/sites\/6\/2025\/01\/Donald_Badoux_Bild-scaled.webp\" alt=\"\" loading=\"auto\" width=\"\" height=\"\">\n    <\/picture>\n[vc_column_text]<em>Donald Badoux, Directeur g\u00e9n\u00e9ral DACH<\/em>[\/vc_column_text][\/vc_column][\/vc_row][vc_row full_width=\u00a0\u00bbstretch_row\u00a0\u00bb north_c_background_color=\u00a0\u00bbbg-gray-200&Prime;][vc_column]<div class=\"cta\">\n  <div class=\"cta-grid\">\n    <div class=\"cta-picture\">\n      <picture class=\"responsive-picture d-block\">\n  <img decoding=\"async\" src=\"https:\/\/www.northcdatacenters.com\/ch-fr\/wp-content\/uploads\/sites\/6\/2024\/11\/Marina-2-1256x1256.webp\" srcset=\"https:\/\/www.northcdatacenters.com\/ch-fr\/wp-content\/uploads\/sites\/6\/2024\/11\/Marina-2-1256x1256.webp 1256w, https:\/\/www.northcdatacenters.com\/ch-fr\/wp-content\/uploads\/sites\/6\/2024\/11\/Marina-2-300x300.webp 300w, https:\/\/www.northcdatacenters.com\/ch-fr\/wp-content\/uploads\/sites\/6\/2024\/11\/Marina-2-1024x1024.webp 1024w, https:\/\/www.northcdatacenters.com\/ch-fr\/wp-content\/uploads\/sites\/6\/2024\/11\/Marina-2-768x768.webp 768w, https:\/\/www.northcdatacenters.com\/ch-fr\/wp-content\/uploads\/sites\/6\/2024\/11\/Marina-2-1536x1536.webp 1536w, https:\/\/www.northcdatacenters.com\/ch-fr\/wp-content\/uploads\/sites\/6\/2024\/11\/Marina-2-250x250.webp 250w, https:\/\/www.northcdatacenters.com\/ch-fr\/wp-content\/uploads\/sites\/6\/2024\/11\/Marina-2-740x740.webp 740w, https:\/\/www.northcdatacenters.com\/ch-fr\/wp-content\/uploads\/sites\/6\/2024\/11\/Marina-2-175x175.webp 175w, https:\/\/www.northcdatacenters.com\/ch-fr\/wp-content\/uploads\/sites\/6\/2024\/11\/Marina-2-360x360.webp 360w, https:\/\/www.northcdatacenters.com\/ch-fr\/wp-content\/uploads\/sites\/6\/2024\/11\/Marina-2-500x500.webp 500w, https:\/\/www.northcdatacenters.com\/ch-fr\/wp-content\/uploads\/sites\/6\/2024\/11\/Marina-2.webp 1920w\"\n  class=\"\" style=\"\"\n  loading=\"lazy\"\n  sizes=\"(min-width: 992px) 1280px, 100vw\" \/><\/picture>\n          <\/div>\n\n    <div class=\"text text-white d-flex flex-column gap-4 justify-content-center align-items-center p-6 pb-12 px-lg-12 px-xxl-28\">\n      <h6 class=\"text-primary lh214 font-extrabold text-center mb-0\">Contactez-nous<\/h6>\n      <h3 class=\"mb-2 text-center text-sm-5xl mb-sm-6 text-balance\">Voulez-vous recevoir d'autres conseils et actualit\u00e9s de notre part ?<\/h3>\n      <div class=\"buttons d-flex flex-column flex-lg-row flex-wrap gap-4 align-items-center justify-content-center dark-background\">\n                  \n  <button class=\"btn btn-primary\" type=\"button\" data-bs-toggle=\"offcanvas\" data-bs-target=\"#offcanvas_39\" aria-controls=\"offcanvas_39\">\n    S'inscrire \u00e0 la Newsletter  <\/button>\n                  \n  \n  <button class=\"btn btn-secondary\" type=\"button\" data-bs-toggle=\"offcanvas\" data-bs-target=\"#offcanvas_28\" aria-controls=\"offcanvas_28\">\n    Contactez-nous  <\/button>\n\n              <\/div>\n    <\/div>\n  <\/div>\n<\/div>[\/vc_column][\/vc_row]<\/p>\n<\/div>","protected":false},"excerpt":{"rendered":"<p>Donald Badoux dirige les activit\u00e9s de NorthC Datacenters dans la r\u00e9gion DACH<\/p>\n","protected":false},"author":24,"featured_media":28463,"comment_status":"closed","ping_status":"closed","sticky":false,"template":"","format":"standard","meta":{"_acf_changed":false,"_relevanssi_hide_post":"","_relevanssi_hide_content":"","_relevanssi_pin_for_all":"","_relevanssi_pin_keywords":"","_relevanssi_unpin_keywords":"","_relevanssi_related_keywords":"","_relevanssi_related_include_ids":"","_relevanssi_related_exclude_ids":"","_relevanssi_related_no_append":"","_relevanssi_related_not_related":"","_relevanssi_related_posts":"","_relevanssi_noindex_reason":"","footnotes":""},"categories":[1],"tags":[],"class_list":["post-28458","post","type-post","status-publish","format-standard","has-post-thumbnail","hentry","category-actualites"],"acf":[],"yoast_head":"<!-- This site is optimized with the Yoast SEO Premium plugin v27.4 (Yoast SEO v27.4) - https:\/\/yoast.com\/product\/yoast-seo-premium-wordpress\/ -->\n<title>Donald Badoux, nouveau directeur g\u00e9n\u00e9ral DACH<\/title>\n<meta name=\"description\" content=\"Donald Badoux dirige les activit\u00e9s de NorthC Datacenters en tant que directeur g\u00e9n\u00e9ral dans la r\u00e9gion DACH.\" \/>\n<meta name=\"robots\" content=\"index, follow, max-snippet:-1, max-image-preview:large, max-video-preview:-1\" \/>\n<link rel=\"canonical\" href=\"https:\/\/www.northcdatacenters.com\/ch-fr\/actualites\/donald-badoux-dirige-les-activites-de-northc-datacenters-dans-la-region-dach\/\" \/>\n<meta property=\"og:locale\" content=\"fr_FR\" \/>\n<meta property=\"og:type\" content=\"article\" \/>\n<meta property=\"og:title\" content=\"Donald Badoux dirige les activit\u00e9s de NorthC Datacenters dans la r\u00e9gion DACH\" \/>\n<meta property=\"og:description\" content=\"D\u00e9couvrez Donald Badoux, le nouveau directeur g\u00e9n\u00e9ral de NorthC pour la r\u00e9gion DACH, depuis le 1er janvier 2025.\" \/>\n<meta property=\"og:url\" content=\"https:\/\/www.northcdatacenters.com\/ch-fr\/actualites\/donald-badoux-dirige-les-activites-de-northc-datacenters-dans-la-region-dach\/\" \/>\n<meta property=\"og:site_name\" content=\"NorthC Datacenters (CH-FR)\" \/>\n<meta property=\"article:published_time\" content=\"2025-01-16T10:44:24+00:00\" \/>\n<meta property=\"article:modified_time\" content=\"2026-04-17T13:50:15+00:00\" \/>\n<meta property=\"og:image\" content=\"https:\/\/www.northcdatacenters.com\/ch-fr\/wp-content\/uploads\/sites\/6\/2025\/01\/Header-PR_CH_DE-scaled.webp\" \/>\n\t<meta property=\"og:image:width\" content=\"2560\" \/>\n\t<meta property=\"og:image:height\" content=\"1707\" \/>\n\t<meta property=\"og:image:type\" content=\"image\/jpeg\" \/>\n<meta name=\"author\" content=\"bettina\" \/>\n<meta name=\"twitter:card\" content=\"summary_large_image\" \/>\n<meta name=\"twitter:label1\" content=\"Written by\" \/>\n\t<meta name=\"twitter:data1\" content=\"bettina\" \/>\n\t<meta name=\"twitter:label2\" content=\"Est. reading time\" \/>\n\t<meta name=\"twitter:data2\" content=\"5 minutes\" \/>\n<script type=\"application\/ld+json\" class=\"yoast-schema-graph\">{\"@context\":\"https:\\\/\\\/schema.org\",\"@graph\":[{\"@type\":\"Article\",\"@id\":\"https:\\\/\\\/www.northcdatacenters.com\\\/ch-fr\\\/actualites\\\/donald-badoux-dirige-les-activites-de-northc-datacenters-dans-la-region-dach\\\/#article\",\"isPartOf\":{\"@id\":\"https:\\\/\\\/www.northcdatacenters.com\\\/ch-fr\\\/actualites\\\/donald-badoux-dirige-les-activites-de-northc-datacenters-dans-la-region-dach\\\/\"},\"author\":{\"name\":\"bettina\",\"@id\":\"https:\\\/\\\/www.northcdatacenters.com\\\/ch-fr\\\/#\\\/schema\\\/person\\\/2dfeec85b97bd1069af70ef59c2b813d\"},\"headline\":\"Donald Badoux dirige les activit\u00e9s de NorthC Datacenters dans la r\u00e9gion DACH\",\"datePublished\":\"2025-01-16T10:44:24+00:00\",\"dateModified\":\"2026-04-17T13:50:15+00:00\",\"mainEntityOfPage\":{\"@id\":\"https:\\\/\\\/www.northcdatacenters.com\\\/ch-fr\\\/actualites\\\/donald-badoux-dirige-les-activites-de-northc-datacenters-dans-la-region-dach\\\/\"},\"wordCount\":946,\"publisher\":{\"@id\":\"https:\\\/\\\/www.northcdatacenters.com\\\/ch-fr\\\/#organization\"},\"image\":{\"@id\":\"https:\\\/\\\/www.northcdatacenters.com\\\/ch-fr\\\/actualites\\\/donald-badoux-dirige-les-activites-de-northc-datacenters-dans-la-region-dach\\\/#primaryimage\"},\"thumbnailUrl\":\"https:\\\/\\\/www.northcdatacenters.com\\\/ch-fr\\\/wp-content\\\/uploads\\\/sites\\\/6\\\/2025\\\/01\\\/Header-PR_CH_DE-scaled.webp\",\"articleSection\":[\"Actualit\u00e9s\"],\"inLanguage\":\"fr-FR\"},{\"@type\":\"WebPage\",\"@id\":\"https:\\\/\\\/www.northcdatacenters.com\\\/ch-fr\\\/actualites\\\/donald-badoux-dirige-les-activites-de-northc-datacenters-dans-la-region-dach\\\/\",\"url\":\"https:\\\/\\\/www.northcdatacenters.com\\\/ch-fr\\\/actualites\\\/donald-badoux-dirige-les-activites-de-northc-datacenters-dans-la-region-dach\\\/\",\"name\":\"Donald Badoux, nouveau directeur g\u00e9n\u00e9ral DACH\",\"isPartOf\":{\"@id\":\"https:\\\/\\\/www.northcdatacenters.com\\\/ch-fr\\\/#website\"},\"primaryImageOfPage\":{\"@id\":\"https:\\\/\\\/www.northcdatacenters.com\\\/ch-fr\\\/actualites\\\/donald-badoux-dirige-les-activites-de-northc-datacenters-dans-la-region-dach\\\/#primaryimage\"},\"image\":{\"@id\":\"https:\\\/\\\/www.northcdatacenters.com\\\/ch-fr\\\/actualites\\\/donald-badoux-dirige-les-activites-de-northc-datacenters-dans-la-region-dach\\\/#primaryimage\"},\"thumbnailUrl\":\"https:\\\/\\\/www.northcdatacenters.com\\\/ch-fr\\\/wp-content\\\/uploads\\\/sites\\\/6\\\/2025\\\/01\\\/Header-PR_CH_DE-scaled.webp\",\"datePublished\":\"2025-01-16T10:44:24+00:00\",\"dateModified\":\"2026-04-17T13:50:15+00:00\",\"description\":\"Donald Badoux dirige les activit\u00e9s de NorthC Datacenters en tant que directeur g\u00e9n\u00e9ral dans la r\u00e9gion DACH.\",\"breadcrumb\":{\"@id\":\"https:\\\/\\\/www.northcdatacenters.com\\\/ch-fr\\\/actualites\\\/donald-badoux-dirige-les-activites-de-northc-datacenters-dans-la-region-dach\\\/#breadcrumb\"},\"inLanguage\":\"fr-FR\",\"potentialAction\":[{\"@type\":\"ReadAction\",\"target\":[\"https:\\\/\\\/www.northcdatacenters.com\\\/ch-fr\\\/actualites\\\/donald-badoux-dirige-les-activites-de-northc-datacenters-dans-la-region-dach\\\/\"]}]},{\"@type\":\"ImageObject\",\"inLanguage\":\"fr-FR\",\"@id\":\"https:\\\/\\\/www.northcdatacenters.com\\\/ch-fr\\\/actualites\\\/donald-badoux-dirige-les-activites-de-northc-datacenters-dans-la-region-dach\\\/#primaryimage\",\"url\":\"https:\\\/\\\/www.northcdatacenters.com\\\/ch-fr\\\/wp-content\\\/uploads\\\/sites\\\/6\\\/2025\\\/01\\\/Header-PR_CH_DE-scaled.webp\",\"contentUrl\":\"https:\\\/\\\/www.northcdatacenters.com\\\/ch-fr\\\/wp-content\\\/uploads\\\/sites\\\/6\\\/2025\\\/01\\\/Header-PR_CH_DE-scaled.webp\",\"width\":2560,\"height\":1707,\"caption\":\"Header Flag DE &amp; CH\"},{\"@type\":\"BreadcrumbList\",\"@id\":\"https:\\\/\\\/www.northcdatacenters.com\\\/ch-fr\\\/actualites\\\/donald-badoux-dirige-les-activites-de-northc-datacenters-dans-la-region-dach\\\/#breadcrumb\",\"itemListElement\":[{\"@type\":\"ListItem\",\"position\":1,\"name\":\"Home\",\"item\":\"https:\\\/\\\/www.northcdatacenters.com\\\/ch-fr\\\/\"},{\"@type\":\"ListItem\",\"position\":2,\"name\":\"Donald Badoux dirige les activit\u00e9s de NorthC Datacenters dans la r\u00e9gion DACH\"}]},{\"@type\":\"WebSite\",\"@id\":\"https:\\\/\\\/www.northcdatacenters.com\\\/ch-fr\\\/#website\",\"url\":\"https:\\\/\\\/www.northcdatacenters.com\\\/ch-fr\\\/\",\"name\":\"NorthC Datacenters\",\"description\":\"Digital business, Personal connections.\",\"publisher\":{\"@id\":\"https:\\\/\\\/www.northcdatacenters.com\\\/ch-fr\\\/#organization\"},\"potentialAction\":[{\"@type\":\"SearchAction\",\"target\":{\"@type\":\"EntryPoint\",\"urlTemplate\":\"https:\\\/\\\/www.northcdatacenters.com\\\/ch-fr\\\/?s={search_term_string}\"},\"query-input\":{\"@type\":\"PropertyValueSpecification\",\"valueRequired\":true,\"valueName\":\"search_term_string\"}}],\"inLanguage\":\"fr-FR\"},{\"@type\":\"Organization\",\"@id\":\"https:\\\/\\\/www.northcdatacenters.com\\\/ch-fr\\\/#organization\",\"name\":\"NorthC Datacenters\",\"url\":\"https:\\\/\\\/www.northcdatacenters.com\\\/ch-fr\\\/\",\"logo\":{\"@type\":\"ImageObject\",\"inLanguage\":\"fr-FR\",\"@id\":\"https:\\\/\\\/www.northcdatacenters.com\\\/ch-fr\\\/#\\\/schema\\\/logo\\\/image\\\/\",\"url\":\"https:\\\/\\\/www.northcdatacenters.com\\\/ch-fr\\\/wp-content\\\/uploads\\\/sites\\\/6\\\/2024\\\/11\\\/Logo_NorthC.svg\",\"contentUrl\":\"https:\\\/\\\/www.northcdatacenters.com\\\/ch-fr\\\/wp-content\\\/uploads\\\/sites\\\/6\\\/2024\\\/11\\\/Logo_NorthC.svg\",\"width\":110,\"height\":24,\"caption\":\"NorthC Datacenters\"},\"image\":{\"@id\":\"https:\\\/\\\/www.northcdatacenters.com\\\/ch-fr\\\/#\\\/schema\\\/logo\\\/image\\\/\"}},{\"@type\":\"Person\",\"@id\":\"https:\\\/\\\/www.northcdatacenters.com\\\/ch-fr\\\/#\\\/schema\\\/person\\\/2dfeec85b97bd1069af70ef59c2b813d\",\"name\":\"bettina\",\"url\":\"https:\\\/\\\/www.northcdatacenters.com\\\/ch-fr\\\/author\\\/bettina\\\/\"}]}<\/script>\n<!-- \/ Yoast SEO Premium plugin. -->","yoast_head_json":{"title":"Donald Badoux, nouveau directeur g\u00e9n\u00e9ral DACH","description":"Donald Badoux dirige les activit\u00e9s de NorthC Datacenters en tant que directeur g\u00e9n\u00e9ral dans la r\u00e9gion DACH.","robots":{"index":"index","follow":"follow","max-snippet":"max-snippet:-1","max-image-preview":"max-image-preview:large","max-video-preview":"max-video-preview:-1"},"canonical":"https:\/\/www.northcdatacenters.com\/ch-fr\/actualites\/donald-badoux-dirige-les-activites-de-northc-datacenters-dans-la-region-dach\/","og_locale":"fr_FR","og_type":"article","og_title":"Donald Badoux dirige les activit\u00e9s de NorthC Datacenters dans la r\u00e9gion DACH","og_description":"D\u00e9couvrez Donald Badoux, le nouveau directeur g\u00e9n\u00e9ral de NorthC pour la r\u00e9gion DACH, depuis le 1er janvier 2025.","og_url":"https:\/\/www.northcdatacenters.com\/ch-fr\/actualites\/donald-badoux-dirige-les-activites-de-northc-datacenters-dans-la-region-dach\/","og_site_name":"NorthC Datacenters (CH-FR)","article_published_time":"2025-01-16T10:44:24+00:00","article_modified_time":"2026-04-17T13:50:15+00:00","og_image":[{"width":2560,"height":1707,"url":"https:\/\/www.northcdatacenters.com\/ch-fr\/wp-content\/uploads\/sites\/6\/2025\/01\/Header-PR_CH_DE-scaled.webp","type":"image\/jpeg"}],"author":"bettina","twitter_card":"summary_large_image","twitter_misc":{"Written by":"bettina","Est. reading time":"5 minutes"},"schema":{"@context":"https:\/\/schema.org","@graph":[{"@type":"Article","@id":"https:\/\/www.northcdatacenters.com\/ch-fr\/actualites\/donald-badoux-dirige-les-activites-de-northc-datacenters-dans-la-region-dach\/#article","isPartOf":{"@id":"https:\/\/www.northcdatacenters.com\/ch-fr\/actualites\/donald-badoux-dirige-les-activites-de-northc-datacenters-dans-la-region-dach\/"},"author":{"name":"bettina","@id":"https:\/\/www.northcdatacenters.com\/ch-fr\/#\/schema\/person\/2dfeec85b97bd1069af70ef59c2b813d"},"headline":"Donald Badoux dirige les activit\u00e9s de NorthC Datacenters dans la r\u00e9gion DACH","datePublished":"2025-01-16T10:44:24+00:00","dateModified":"2026-04-17T13:50:15+00:00","mainEntityOfPage":{"@id":"https:\/\/www.northcdatacenters.com\/ch-fr\/actualites\/donald-badoux-dirige-les-activites-de-northc-datacenters-dans-la-region-dach\/"},"wordCount":946,"publisher":{"@id":"https:\/\/www.northcdatacenters.com\/ch-fr\/#organization"},"image":{"@id":"https:\/\/www.northcdatacenters.com\/ch-fr\/actualites\/donald-badoux-dirige-les-activites-de-northc-datacenters-dans-la-region-dach\/#primaryimage"},"thumbnailUrl":"https:\/\/www.northcdatacenters.com\/ch-fr\/wp-content\/uploads\/sites\/6\/2025\/01\/Header-PR_CH_DE-scaled.webp","articleSection":["Actualit\u00e9s"],"inLanguage":"fr-FR"},{"@type":"WebPage","@id":"https:\/\/www.northcdatacenters.com\/ch-fr\/actualites\/donald-badoux-dirige-les-activites-de-northc-datacenters-dans-la-region-dach\/","url":"https:\/\/www.northcdatacenters.com\/ch-fr\/actualites\/donald-badoux-dirige-les-activites-de-northc-datacenters-dans-la-region-dach\/","name":"Donald Badoux, nouveau directeur g\u00e9n\u00e9ral DACH","isPartOf":{"@id":"https:\/\/www.northcdatacenters.com\/ch-fr\/#website"},"primaryImageOfPage":{"@id":"https:\/\/www.northcdatacenters.com\/ch-fr\/actualites\/donald-badoux-dirige-les-activites-de-northc-datacenters-dans-la-region-dach\/#primaryimage"},"image":{"@id":"https:\/\/www.northcdatacenters.com\/ch-fr\/actualites\/donald-badoux-dirige-les-activites-de-northc-datacenters-dans-la-region-dach\/#primaryimage"},"thumbnailUrl":"https:\/\/www.northcdatacenters.com\/ch-fr\/wp-content\/uploads\/sites\/6\/2025\/01\/Header-PR_CH_DE-scaled.webp","datePublished":"2025-01-16T10:44:24+00:00","dateModified":"2026-04-17T13:50:15+00:00","description":"Donald Badoux dirige les activit\u00e9s de NorthC Datacenters en tant que directeur g\u00e9n\u00e9ral dans la r\u00e9gion DACH.","breadcrumb":{"@id":"https:\/\/www.northcdatacenters.com\/ch-fr\/actualites\/donald-badoux-dirige-les-activites-de-northc-datacenters-dans-la-region-dach\/#breadcrumb"},"inLanguage":"fr-FR","potentialAction":[{"@type":"ReadAction","target":["https:\/\/www.northcdatacenters.com\/ch-fr\/actualites\/donald-badoux-dirige-les-activites-de-northc-datacenters-dans-la-region-dach\/"]}]},{"@type":"ImageObject","inLanguage":"fr-FR","@id":"https:\/\/www.northcdatacenters.com\/ch-fr\/actualites\/donald-badoux-dirige-les-activites-de-northc-datacenters-dans-la-region-dach\/#primaryimage","url":"https:\/\/www.northcdatacenters.com\/ch-fr\/wp-content\/uploads\/sites\/6\/2025\/01\/Header-PR_CH_DE-scaled.webp","contentUrl":"https:\/\/www.northcdatacenters.com\/ch-fr\/wp-content\/uploads\/sites\/6\/2025\/01\/Header-PR_CH_DE-scaled.webp","width":2560,"height":1707,"caption":"Header Flag DE &amp; CH"},{"@type":"BreadcrumbList","@id":"https:\/\/www.northcdatacenters.com\/ch-fr\/actualites\/donald-badoux-dirige-les-activites-de-northc-datacenters-dans-la-region-dach\/#breadcrumb","itemListElement":[{"@type":"ListItem","position":1,"name":"Home","item":"https:\/\/www.northcdatacenters.com\/ch-fr\/"},{"@type":"ListItem","position":2,"name":"Donald Badoux dirige les activit\u00e9s de NorthC Datacenters dans la r\u00e9gion DACH"}]},{"@type":"WebSite","@id":"https:\/\/www.northcdatacenters.com\/ch-fr\/#website","url":"https:\/\/www.northcdatacenters.com\/ch-fr\/","name":"NorthC Datacenters","description":"Digital business, Personal connections.","publisher":{"@id":"https:\/\/www.northcdatacenters.com\/ch-fr\/#organization"},"potentialAction":[{"@type":"SearchAction","target":{"@type":"EntryPoint","urlTemplate":"https:\/\/www.northcdatacenters.com\/ch-fr\/?s={search_term_string}"},"query-input":{"@type":"PropertyValueSpecification","valueRequired":true,"valueName":"search_term_string"}}],"inLanguage":"fr-FR"},{"@type":"Organization","@id":"https:\/\/www.northcdatacenters.com\/ch-fr\/#organization","name":"NorthC Datacenters","url":"https:\/\/www.northcdatacenters.com\/ch-fr\/","logo":{"@type":"ImageObject","inLanguage":"fr-FR","@id":"https:\/\/www.northcdatacenters.com\/ch-fr\/#\/schema\/logo\/image\/","url":"https:\/\/www.northcdatacenters.com\/ch-fr\/wp-content\/uploads\/sites\/6\/2024\/11\/Logo_NorthC.svg","contentUrl":"https:\/\/www.northcdatacenters.com\/ch-fr\/wp-content\/uploads\/sites\/6\/2024\/11\/Logo_NorthC.svg","width":110,"height":24,"caption":"NorthC Datacenters"},"image":{"@id":"https:\/\/www.northcdatacenters.com\/ch-fr\/#\/schema\/logo\/image\/"}},{"@type":"Person","@id":"https:\/\/www.northcdatacenters.com\/ch-fr\/#\/schema\/person\/2dfeec85b97bd1069af70ef59c2b813d","name":"bettina","url":"https:\/\/www.northcdatacenters.com\/ch-fr\/author\/bettina\/"}]}},"_links":{"self":[{"href":"https:\/\/www.northcdatacenters.com\/ch-fr\/wp-json\/wp\/v2\/posts\/28458","targetHints":{"allow":["GET"]}}],"collection":[{"href":"https:\/\/www.northcdatacenters.com\/ch-fr\/wp-json\/wp\/v2\/posts"}],"about":[{"href":"https:\/\/www.northcdatacenters.com\/ch-fr\/wp-json\/wp\/v2\/types\/post"}],"author":[{"embeddable":true,"href":"https:\/\/www.northcdatacenters.com\/ch-fr\/wp-json\/wp\/v2\/users\/24"}],"replies":[{"embeddable":true,"href":"https:\/\/www.northcdatacenters.com\/ch-fr\/wp-json\/wp\/v2\/comments?post=28458"}],"version-history":[{"count":5,"href":"https:\/\/www.northcdatacenters.com\/ch-fr\/wp-json\/wp\/v2\/posts\/28458\/revisions"}],"predecessor-version":[{"id":30346,"href":"https:\/\/www.northcdatacenters.com\/ch-fr\/wp-json\/wp\/v2\/posts\/28458\/revisions\/30346"}],"wp:featuredmedia":[{"embeddable":true,"href":"https:\/\/www.northcdatacenters.com\/ch-fr\/wp-json\/wp\/v2\/media\/28463"}],"wp:attachment":[{"href":"https:\/\/www.northcdatacenters.com\/ch-fr\/wp-json\/wp\/v2\/media?parent=28458"}],"wp:term":[{"taxonomy":"category","embeddable":true,"href":"https:\/\/www.northcdatacenters.com\/ch-fr\/wp-json\/wp\/v2\/categories?post=28458"},{"taxonomy":"post_tag","embeddable":true,"href":"https:\/\/www.northcdatacenters.com\/ch-fr\/wp-json\/wp\/v2\/tags?post=28458"}],"curies":[{"name":"wp","href":"https:\/\/api.w.org\/{rel}","templated":true}]}}