{"id":28655,"date":"2025-03-20T14:01:53","date_gmt":"2025-03-20T14:01:53","guid":{"rendered":"https:\/\/www.northcdatacenters.com\/ch-fr\/?p=28655"},"modified":"2026-04-17T13:44:06","modified_gmt":"2026-04-17T13:44:06","slug":"northc-inaugure-officiellement-son-centre-de-donnees-a-winterthour","status":"publish","type":"post","link":"https:\/\/www.northcdatacenters.com\/ch-fr\/actualites\/northc-inaugure-officiellement-son-centre-de-donnees-a-winterthour\/","title":{"rendered":"NorthC inaugure officiellement son centre de donn\u00e9es \u00e0 Winterthour"},"content":{"rendered":"<div class=\"wpb-content-wrapper\"><p>[vc_row vc_row_spacing=\u00a0\u00bbdont-add-spacer adds-own-spacer add-spacer-top\u00a0\u00bb][vc_column][vc_column_text]<strong>Winterthour, le 20 mars 2025. <\/strong>NorthC Suisse AG inaugure aujourd&rsquo;hui officiellement son centre de donn\u00e9es \u00e0 Winterthour. Situ\u00e9 sous la tour Areal, il combine sur une surface d&rsquo;environ 1 100 m\u00b2 un emplacement central avec des services de colocation et de connectivit\u00e9. Avec ce quatri\u00e8me centre de donn\u00e9es en Suisse, le groupe NorthC poursuit sa strat\u00e9gie de croissance internationale. Le site de Winterthour joue un r\u00f4le central en tant que plaque tournante importante pour la communication de donn\u00e9es r\u00e9gionale et offre aux entreprises l&rsquo;acc\u00e8s \u00e0 un large choix de fournisseurs de connectivit\u00e9.<\/p>\n<p>En pr\u00e9sence de repr\u00e9sentants politiques, de la Chambre de commerce de Winterthour et du Turm Areal, NorthC a inaugur\u00e9 aujourd&rsquo;hui son centre de donn\u00e9es et ses nouveaux bureaux \u00e0 Winterthour. Il offre aux PME, mais aussi aux grandes entreprises (internationales), des solutions de colocation sur mesure, des connexions Cloud s\u00e9curis\u00e9es et directes, ainsi que des bandes passantes et des vitesses garanties pour les applications critiques. Gr\u00e2ce \u00e0 la connexion aux centres de donn\u00e9es NorthC de M\u00fcnchenstein (B\u00e2le) 1&amp;2 et Bienne (Berne) via une dorsale haut d\u00e9bit, une connexion fiable et sans faille \u00e0 un grand nombre de fournisseurs de services Cloud et informatiques est garantie. Le centre de donn\u00e9es dispose d&rsquo;une capacit\u00e9 de 1,8 MW, avec des possibilit\u00e9s d&rsquo;extension pour une croissance future. Il utilise bien s\u00fbr 100 % d&rsquo;\u00e9nergie renouvelable et, conform\u00e9ment \u00e0 la strat\u00e9gie 2030 de l&rsquo;entreprise, il est pr\u00e9vu de lancer en temps voulu des projets \u00e0 Winterthour afin de restituer la chaleur r\u00e9siduelle de mani\u00e8re judicieuse et \u00e9cologique.<\/p>\n<p>Patrik Hofer, directeur g\u00e9n\u00e9ral Suisse, NorthC, se r\u00e9jouit : \u00ab La r\u00e9gionalit\u00e9 est tr\u00e8s importante pour nous : nous proposons des centres de donn\u00e9es r\u00e9gionaux avec une port\u00e9e internationale. Apr\u00e8s M\u00fcnchenstein et Bienne, nous pouvons d\u00e9sormais inaugurer notre centre de donn\u00e9es et un nouveau bureau ici \u00e0 Winterthour. La demande en mati\u00e8re d&rsquo;externalisation, de services de connectivit\u00e9 et de solutions Cloud hybrides ne cesse de cro\u00eetre dans les entreprises de diff\u00e9rents secteurs. Gr\u00e2ce \u00e0 notre approche r\u00e9gionale, nous sommes en mesure de proposer des solutions sur mesure pour la r\u00e9gion de Winterthour qui r\u00e9pondent aux exigences \u00e9lev\u00e9es en mati\u00e8re de qualit\u00e9, de s\u00e9curit\u00e9 et de durabilit\u00e9. Travailler au niveau r\u00e9gional et \u00eatre connect\u00e9 au niveau mondial : les donn\u00e9es restent locales, la port\u00e9e est mondiale. \u00bb<\/p>\n<p>Cette \u00e9volution est \u00e9galement salu\u00e9e par l&rsquo;\u00e9conomie locale. Ralph Peterli, directeur g\u00e9n\u00e9ral de la Chambre de commerce et de l&rsquo;association des employeurs de Winterthour, souligne l&rsquo;importance de infrastructures informatiques s\u00e9curis\u00e9es pour les entreprises locales : \u00ab Winterthour abrite de nombreux leaders technologiques dans des domaines tr\u00e8s vari\u00e9s. Qu&rsquo;il s&rsquo;agisse de grandes entreprises ou de PME, toutes g\u00e8rent des volumes de donn\u00e9es en constante augmentation et doivent pouvoir garantir leur s\u00e9curit\u00e9 \u00e0 tout moment. Il est bon de savoir qu&rsquo;avec NorthC, une entreprise r\u00e9gionale offre des infrastructures informatiques stables et s\u00e9curis\u00e9es dans la zone urbaine. \u00bb[\/vc_column_text]\n    <picture class=\"responsive-picture \">\n                                              <source srcset=\"https:\/\/www.northcdatacenters.com\/ch-fr\/wp-content\/uploads\/sites\/6\/2025\/03\/001_NortC_Press_kunzmedia.ch_-scaled.webp 2560w, https:\/\/www.northcdatacenters.com\/ch-fr\/wp-content\/uploads\/sites\/6\/2025\/03\/001_NortC_Press_kunzmedia.ch_-300x200.webp 300w, https:\/\/www.northcdatacenters.com\/ch-fr\/wp-content\/uploads\/sites\/6\/2025\/03\/001_NortC_Press_kunzmedia.ch_-1024x683.webp 1024w, https:\/\/www.northcdatacenters.com\/ch-fr\/wp-content\/uploads\/sites\/6\/2025\/03\/001_NortC_Press_kunzmedia.ch_-1500x1000.webp 1500w, https:\/\/www.northcdatacenters.com\/ch-fr\/wp-content\/uploads\/sites\/6\/2025\/03\/001_NortC_Press_kunzmedia.ch_-768x512.webp 768w, https:\/\/www.northcdatacenters.com\/ch-fr\/wp-content\/uploads\/sites\/6\/2025\/03\/001_NortC_Press_kunzmedia.ch_-1536x1024.webp 1536w, https:\/\/www.northcdatacenters.com\/ch-fr\/wp-content\/uploads\/sites\/6\/2025\/03\/001_NortC_Press_kunzmedia.ch_-2048x1365.webp 2048w, https:\/\/www.northcdatacenters.com\/ch-fr\/wp-content\/uploads\/sites\/6\/2025\/03\/001_NortC_Press_kunzmedia.ch_-1440x960.webp 1440w, https:\/\/www.northcdatacenters.com\/ch-fr\/wp-content\/uploads\/sites\/6\/2025\/03\/001_NortC_Press_kunzmedia.ch_-175x117.webp 175w, https:\/\/www.northcdatacenters.com\/ch-fr\/wp-content\/uploads\/sites\/6\/2025\/03\/001_NortC_Press_kunzmedia.ch_-510x340.webp 510w, https:\/\/www.northcdatacenters.com\/ch-fr\/wp-content\/uploads\/sites\/6\/2025\/03\/001_NortC_Press_kunzmedia.ch_-750x500.webp 750w\" media=\"(min-width: 576px)\">\n                        \n      <img decoding=\"async\" src=\"https:\/\/www.northcdatacenters.com\/ch-fr\/wp-content\/uploads\/sites\/6\/2025\/03\/001_NortC_Press_kunzmedia.ch_-scaled.webp\" alt=\"\" loading=\"auto\" width=\"\" height=\"\">\n    <\/picture>\n[vc_column_text]L&rsquo;\u00e9quipe de NorthC Suisse AG inaugure son centre de donn\u00e9es lors d&rsquo;une c\u00e9r\u00e9monie historique avec coupure du ruban.[\/vc_column_text][\/vc_column][\/vc_row][vc_row full_width=\u00a0\u00bbstretch_row_content\u00a0\u00bb][vc_column]<div class=\"title-block px-3 title-block-image-right\">\n  <div class=\"container image-container\" style=\"--image-position-x: 50%;\">\n          <div class=\"video-content video-thumbnail\">\n  <div class=\"video-content-grid\">\n    \n<div class=\"poster d-flex flex-column justify-content-end align-items-center align-items-xl-start apply-video-aspect-ratio\" style=\"--poster-image: url(https:\/\/www.northcdatacenters.com\/ch-fr\/wp-content\/uploads\/sites\/6\/2025\/03\/001_NortC_Press_kunzmedia.ch_-2560x1080.webp); --aspect-ratio-x: 16; --aspect-ratio-y: 9;\">\n  <a href=\"#modal-video-69efce4d6b84b\" data-bs-toggle=\"modal\" class=\"stretched-link\" aria-label=\"Lire la vid\u00e9o\"><\/a>\n  <button type=\"button\" data-bs-target=\"#modal-video-69efce4d6b84b\" data-bs-toggle=\"modal\" \n    class=\"play-button bg-primary slanted slanted-from-top-right\" aria-label=\"Lire la vid\u00e9o\">\n    <i class=\"d-flex icon-play text-dark\" aria-hidden=\"true\"><jello-icon name=\"custom\/play\"><\/jello-icon><\/i>\n  <\/button>\n\n  <\/div>\n\n\n      <\/div>\n<\/div>\n      <\/div>\n\n  <div class=\"d-none d-xl-block background-with-slanted-edge slanted\"><\/div>\n\n  <div class=\"container text-container\">\n    <div class=\"text-bg-white text py-9 px-6 d-flex flex-column\">\n              <h2 class=\"font-heavy lh-sm\">Aftermovie de l'inauguration officielle du site NorthC \u00e0 Winterthour !<\/h2>\n      \n      <div class=\"content lh-xl\">\n        <h3>Merci beaucoup pour votre participation !<\/h3>\n<p>C&rsquo;est avec beaucoup de joie que nous repensons \u00e0 cet \u00e9v\u00e9nement inoubliable.<br \/>\nL&rsquo;ambiance, les rencontres, les discussions : nous avons immortalis\u00e9 tous ces moments dans un petit film et des images pleines d&rsquo;\u00e9motion.<br \/>\nD\u00e9couvrez-le d\u00e8s maintenant et revivez les plus beaux moments !<\/p>\n      <\/div>\n\n          <\/div>\n  <\/div>\n<\/div>[\/vc_column][\/vc_row][vc_row full_width=\u00a0\u00bbstretch_row\u00a0\u00bb north_c_background_color=\u00a0\u00bbbg-gray-200&Prime;][vc_column]<div class=\"cta\">\n  <div class=\"cta-grid\">\n    <div class=\"cta-picture\">\n      <picture class=\"responsive-picture d-block\">\n  <img decoding=\"async\" src=\"https:\/\/www.northcdatacenters.com\/ch-fr\/wp-content\/uploads\/sites\/6\/2025\/07\/Murat-Turgut-Kontakt-NorthC-1256x1256.webp\" srcset=\"https:\/\/www.northcdatacenters.com\/ch-fr\/wp-content\/uploads\/sites\/6\/2025\/07\/Murat-Turgut-Kontakt-NorthC-1256x1256.webp 1256w, https:\/\/www.northcdatacenters.com\/ch-fr\/wp-content\/uploads\/sites\/6\/2025\/07\/Murat-Turgut-Kontakt-NorthC-300x300.webp 300w, https:\/\/www.northcdatacenters.com\/ch-fr\/wp-content\/uploads\/sites\/6\/2025\/07\/Murat-Turgut-Kontakt-NorthC-1024x1024.webp 1024w, https:\/\/www.northcdatacenters.com\/ch-fr\/wp-content\/uploads\/sites\/6\/2025\/07\/Murat-Turgut-Kontakt-NorthC-768x768.webp 768w, https:\/\/www.northcdatacenters.com\/ch-fr\/wp-content\/uploads\/sites\/6\/2025\/07\/Murat-Turgut-Kontakt-NorthC-1536x1536.webp 1536w, https:\/\/www.northcdatacenters.com\/ch-fr\/wp-content\/uploads\/sites\/6\/2025\/07\/Murat-Turgut-Kontakt-NorthC-250x250.webp 250w, https:\/\/www.northcdatacenters.com\/ch-fr\/wp-content\/uploads\/sites\/6\/2025\/07\/Murat-Turgut-Kontakt-NorthC-740x740.webp 740w, https:\/\/www.northcdatacenters.com\/ch-fr\/wp-content\/uploads\/sites\/6\/2025\/07\/Murat-Turgut-Kontakt-NorthC-175x175.webp 175w, https:\/\/www.northcdatacenters.com\/ch-fr\/wp-content\/uploads\/sites\/6\/2025\/07\/Murat-Turgut-Kontakt-NorthC-360x360.webp 360w, https:\/\/www.northcdatacenters.com\/ch-fr\/wp-content\/uploads\/sites\/6\/2025\/07\/Murat-Turgut-Kontakt-NorthC-500x500.webp 500w, https:\/\/www.northcdatacenters.com\/ch-fr\/wp-content\/uploads\/sites\/6\/2025\/07\/Murat-Turgut-Kontakt-NorthC.webp 1920w\"\n  class=\"\" style=\"\"\n  loading=\"lazy\"\n  sizes=\"(min-width: 992px) 1280px, 100vw\" \/><\/picture>\n          <\/div>\n\n    <div class=\"text text-white d-flex flex-column gap-4 justify-content-center align-items-center p-6 pb-12 px-lg-12 px-xxl-28\">\n      <h6 class=\"text-primary lh214 font-extrabold text-center mb-0\">Contactez-nous<\/h6>\n      <h3 class=\"mb-2 text-center text-sm-5xl mb-sm-6 text-balance\">Voulez-vous recevoir d'autres conseils et actualit\u00e9s de notre part ?<\/h3>\n      <div class=\"buttons d-flex flex-column flex-lg-row flex-wrap gap-4 align-items-center justify-content-center dark-background\">\n                  \n  <button class=\"btn btn-primary\" type=\"button\" data-bs-toggle=\"offcanvas\" data-bs-target=\"#offcanvas_39\" aria-controls=\"offcanvas_39\">\n    S'inscrire \u00e0 la Newsletter  <\/button>\n                  \n  \n  <button class=\"btn btn-secondary\" type=\"button\" data-bs-toggle=\"offcanvas\" data-bs-target=\"#offcanvas_28\" aria-controls=\"offcanvas_28\">\n    Contactez-nous  <\/button>\n\n              <\/div>\n    <\/div>\n  <\/div>\n<\/div>[\/vc_column][\/vc_row]<\/p>\n<\/div>","protected":false},"excerpt":{"rendered":"<p>NorthC inaugure officiellement son centre de donn\u00e9es \u00e0 Winterthur<\/p>\n","protected":false},"author":24,"featured_media":28658,"comment_status":"closed","ping_status":"closed","sticky":false,"template":"","format":"standard","meta":{"_acf_changed":false,"_relevanssi_hide_post":"","_relevanssi_hide_content":"","_relevanssi_pin_for_all":"","_relevanssi_pin_keywords":"","_relevanssi_unpin_keywords":"","_relevanssi_related_keywords":"","_relevanssi_related_include_ids":"","_relevanssi_related_exclude_ids":"","_relevanssi_related_no_append":"","_relevanssi_related_not_related":"","_relevanssi_related_posts":"","_relevanssi_noindex_reason":"","footnotes":""},"categories":[1],"tags":[],"class_list":["post-28655","post","type-post","status-publish","format-standard","has-post-thumbnail","hentry","category-actualites"],"acf":[],"yoast_head":"<!-- This site is optimized with the Yoast SEO Premium plugin v27.4 (Yoast SEO v27.4) - https:\/\/yoast.com\/product\/yoast-seo-premium-wordpress\/ -->\n<title>NorthC inaugure son centre de donn\u00e9es<\/title>\n<meta name=\"description\" content=\"NorthC Schweiz AG c\u00e9l\u00e8bre l\u2019inauguration officielle de son centre de donn\u00e9es \u00e0 Winterthour, s\u00fbr, durable et r\u00e9gional.\" \/>\n<meta name=\"robots\" content=\"index, follow, max-snippet:-1, max-image-preview:large, max-video-preview:-1\" \/>\n<link rel=\"canonical\" href=\"https:\/\/www.northcdatacenters.com\/ch-fr\/actualites\/northc-inaugure-officiellement-son-centre-de-donnees-a-winterthour\/\" \/>\n<meta property=\"og:locale\" content=\"fr_FR\" \/>\n<meta property=\"og:type\" content=\"article\" \/>\n<meta property=\"og:title\" content=\"NorthC inaugure officiellement son centre de donn\u00e9es \u00e0 Winterthour\" \/>\n<meta property=\"og:description\" content=\"Le 20 mars 2025, NorthC inaugure son centre de donn\u00e9es \u00e0 Winterthour, renfor\u00e7ant son r\u00e9seau en Suisse et en Europe.\" \/>\n<meta property=\"og:url\" content=\"https:\/\/www.northcdatacenters.com\/ch-fr\/actualites\/northc-inaugure-officiellement-son-centre-de-donnees-a-winterthour\/\" \/>\n<meta property=\"og:site_name\" content=\"NorthC Datacenters (CH-FR)\" \/>\n<meta property=\"article:published_time\" content=\"2025-03-20T14:01:53+00:00\" \/>\n<meta property=\"article:modified_time\" content=\"2026-04-17T13:44:06+00:00\" \/>\n<meta property=\"og:image\" content=\"https:\/\/www.northcdatacenters.com\/ch-fr\/wp-content\/uploads\/sites\/6\/2025\/03\/cropped-img-wintherthur-basel-2@2x.jpg\" \/>\n<meta name=\"author\" content=\"bettina\" \/>\n<meta name=\"twitter:card\" content=\"summary_large_image\" \/>\n<meta name=\"twitter:label1\" content=\"Written by\" \/>\n\t<meta name=\"twitter:data1\" content=\"bettina\" \/>\n\t<meta name=\"twitter:label2\" content=\"Est. reading time\" \/>\n\t<meta name=\"twitter:data2\" content=\"4 minutes\" \/>\n<script type=\"application\/ld+json\" class=\"yoast-schema-graph\">{\"@context\":\"https:\\\/\\\/schema.org\",\"@graph\":[{\"@type\":\"Article\",\"@id\":\"https:\\\/\\\/www.northcdatacenters.com\\\/ch-fr\\\/actualites\\\/northc-inaugure-officiellement-son-centre-de-donnees-a-winterthour\\\/#article\",\"isPartOf\":{\"@id\":\"https:\\\/\\\/www.northcdatacenters.com\\\/ch-fr\\\/actualites\\\/northc-inaugure-officiellement-son-centre-de-donnees-a-winterthour\\\/\"},\"author\":{\"name\":\"bettina\",\"@id\":\"https:\\\/\\\/www.northcdatacenters.com\\\/ch-fr\\\/#\\\/schema\\\/person\\\/2dfeec85b97bd1069af70ef59c2b813d\"},\"headline\":\"NorthC inaugure officiellement son centre de donn\u00e9es \u00e0 Winterthour\",\"datePublished\":\"2025-03-20T14:01:53+00:00\",\"dateModified\":\"2026-04-17T13:44:06+00:00\",\"mainEntityOfPage\":{\"@id\":\"https:\\\/\\\/www.northcdatacenters.com\\\/ch-fr\\\/actualites\\\/northc-inaugure-officiellement-son-centre-de-donnees-a-winterthour\\\/\"},\"wordCount\":757,\"publisher\":{\"@id\":\"https:\\\/\\\/www.northcdatacenters.com\\\/ch-fr\\\/#organization\"},\"image\":{\"@id\":\"https:\\\/\\\/www.northcdatacenters.com\\\/ch-fr\\\/actualites\\\/northc-inaugure-officiellement-son-centre-de-donnees-a-winterthour\\\/#primaryimage\"},\"thumbnailUrl\":\"https:\\\/\\\/www.northcdatacenters.com\\\/ch-fr\\\/wp-content\\\/uploads\\\/sites\\\/6\\\/2025\\\/03\\\/cropped-img-wintherthur-basel-2@2x.webp\",\"articleSection\":[\"Actualit\u00e9s\"],\"inLanguage\":\"fr-FR\"},{\"@type\":\"WebPage\",\"@id\":\"https:\\\/\\\/www.northcdatacenters.com\\\/ch-fr\\\/actualites\\\/northc-inaugure-officiellement-son-centre-de-donnees-a-winterthour\\\/\",\"url\":\"https:\\\/\\\/www.northcdatacenters.com\\\/ch-fr\\\/actualites\\\/northc-inaugure-officiellement-son-centre-de-donnees-a-winterthour\\\/\",\"name\":\"NorthC inaugure son centre de donn\u00e9es\",\"isPartOf\":{\"@id\":\"https:\\\/\\\/www.northcdatacenters.com\\\/ch-fr\\\/#website\"},\"primaryImageOfPage\":{\"@id\":\"https:\\\/\\\/www.northcdatacenters.com\\\/ch-fr\\\/actualites\\\/northc-inaugure-officiellement-son-centre-de-donnees-a-winterthour\\\/#primaryimage\"},\"image\":{\"@id\":\"https:\\\/\\\/www.northcdatacenters.com\\\/ch-fr\\\/actualites\\\/northc-inaugure-officiellement-son-centre-de-donnees-a-winterthour\\\/#primaryimage\"},\"thumbnailUrl\":\"https:\\\/\\\/www.northcdatacenters.com\\\/ch-fr\\\/wp-content\\\/uploads\\\/sites\\\/6\\\/2025\\\/03\\\/cropped-img-wintherthur-basel-2@2x.webp\",\"datePublished\":\"2025-03-20T14:01:53+00:00\",\"dateModified\":\"2026-04-17T13:44:06+00:00\",\"description\":\"NorthC Schweiz AG c\u00e9l\u00e8bre l\u2019inauguration officielle de son centre de donn\u00e9es \u00e0 Winterthour, s\u00fbr, durable et r\u00e9gional.\",\"breadcrumb\":{\"@id\":\"https:\\\/\\\/www.northcdatacenters.com\\\/ch-fr\\\/actualites\\\/northc-inaugure-officiellement-son-centre-de-donnees-a-winterthour\\\/#breadcrumb\"},\"inLanguage\":\"fr-FR\",\"potentialAction\":[{\"@type\":\"ReadAction\",\"target\":[\"https:\\\/\\\/www.northcdatacenters.com\\\/ch-fr\\\/actualites\\\/northc-inaugure-officiellement-son-centre-de-donnees-a-winterthour\\\/\"]}]},{\"@type\":\"ImageObject\",\"inLanguage\":\"fr-FR\",\"@id\":\"https:\\\/\\\/www.northcdatacenters.com\\\/ch-fr\\\/actualites\\\/northc-inaugure-officiellement-son-centre-de-donnees-a-winterthour\\\/#primaryimage\",\"url\":\"https:\\\/\\\/www.northcdatacenters.com\\\/ch-fr\\\/wp-content\\\/uploads\\\/sites\\\/6\\\/2025\\\/03\\\/cropped-img-wintherthur-basel-2@2x.webp\",\"contentUrl\":\"https:\\\/\\\/www.northcdatacenters.com\\\/ch-fr\\\/wp-content\\\/uploads\\\/sites\\\/6\\\/2025\\\/03\\\/cropped-img-wintherthur-basel-2@2x.webp\",\"width\":2519,\"height\":1145},{\"@type\":\"BreadcrumbList\",\"@id\":\"https:\\\/\\\/www.northcdatacenters.com\\\/ch-fr\\\/actualites\\\/northc-inaugure-officiellement-son-centre-de-donnees-a-winterthour\\\/#breadcrumb\",\"itemListElement\":[{\"@type\":\"ListItem\",\"position\":1,\"name\":\"Home\",\"item\":\"https:\\\/\\\/www.northcdatacenters.com\\\/ch-fr\\\/\"},{\"@type\":\"ListItem\",\"position\":2,\"name\":\"NorthC inaugure officiellement son centre de donn\u00e9es \u00e0 Winterthour\"}]},{\"@type\":\"WebSite\",\"@id\":\"https:\\\/\\\/www.northcdatacenters.com\\\/ch-fr\\\/#website\",\"url\":\"https:\\\/\\\/www.northcdatacenters.com\\\/ch-fr\\\/\",\"name\":\"NorthC Datacenters\",\"description\":\"Digital business, Personal connections.\",\"publisher\":{\"@id\":\"https:\\\/\\\/www.northcdatacenters.com\\\/ch-fr\\\/#organization\"},\"potentialAction\":[{\"@type\":\"SearchAction\",\"target\":{\"@type\":\"EntryPoint\",\"urlTemplate\":\"https:\\\/\\\/www.northcdatacenters.com\\\/ch-fr\\\/?s={search_term_string}\"},\"query-input\":{\"@type\":\"PropertyValueSpecification\",\"valueRequired\":true,\"valueName\":\"search_term_string\"}}],\"inLanguage\":\"fr-FR\"},{\"@type\":\"Organization\",\"@id\":\"https:\\\/\\\/www.northcdatacenters.com\\\/ch-fr\\\/#organization\",\"name\":\"NorthC Datacenters\",\"url\":\"https:\\\/\\\/www.northcdatacenters.com\\\/ch-fr\\\/\",\"logo\":{\"@type\":\"ImageObject\",\"inLanguage\":\"fr-FR\",\"@id\":\"https:\\\/\\\/www.northcdatacenters.com\\\/ch-fr\\\/#\\\/schema\\\/logo\\\/image\\\/\",\"url\":\"https:\\\/\\\/www.northcdatacenters.com\\\/ch-fr\\\/wp-content\\\/uploads\\\/sites\\\/6\\\/2024\\\/11\\\/Logo_NorthC.svg\",\"contentUrl\":\"https:\\\/\\\/www.northcdatacenters.com\\\/ch-fr\\\/wp-content\\\/uploads\\\/sites\\\/6\\\/2024\\\/11\\\/Logo_NorthC.svg\",\"width\":110,\"height\":24,\"caption\":\"NorthC Datacenters\"},\"image\":{\"@id\":\"https:\\\/\\\/www.northcdatacenters.com\\\/ch-fr\\\/#\\\/schema\\\/logo\\\/image\\\/\"}},{\"@type\":\"Person\",\"@id\":\"https:\\\/\\\/www.northcdatacenters.com\\\/ch-fr\\\/#\\\/schema\\\/person\\\/2dfeec85b97bd1069af70ef59c2b813d\",\"name\":\"bettina\",\"url\":\"https:\\\/\\\/www.northcdatacenters.com\\\/ch-fr\\\/author\\\/bettina\\\/\"}]}<\/script>\n<!-- \/ Yoast SEO Premium plugin. -->","yoast_head_json":{"title":"NorthC inaugure son centre de donn\u00e9es","description":"NorthC Schweiz AG c\u00e9l\u00e8bre l\u2019inauguration officielle de son centre de donn\u00e9es \u00e0 Winterthour, s\u00fbr, durable et r\u00e9gional.","robots":{"index":"index","follow":"follow","max-snippet":"max-snippet:-1","max-image-preview":"max-image-preview:large","max-video-preview":"max-video-preview:-1"},"canonical":"https:\/\/www.northcdatacenters.com\/ch-fr\/actualites\/northc-inaugure-officiellement-son-centre-de-donnees-a-winterthour\/","og_locale":"fr_FR","og_type":"article","og_title":"NorthC inaugure officiellement son centre de donn\u00e9es \u00e0 Winterthour","og_description":"Le 20 mars 2025, NorthC inaugure son centre de donn\u00e9es \u00e0 Winterthour, renfor\u00e7ant son r\u00e9seau en Suisse et en Europe.","og_url":"https:\/\/www.northcdatacenters.com\/ch-fr\/actualites\/northc-inaugure-officiellement-son-centre-de-donnees-a-winterthour\/","og_site_name":"NorthC Datacenters (CH-FR)","article_published_time":"2025-03-20T14:01:53+00:00","article_modified_time":"2026-04-17T13:44:06+00:00","og_image":[{"url":"https:\/\/www.northcdatacenters.com\/ch-fr\/wp-content\/uploads\/sites\/6\/2025\/03\/cropped-img-wintherthur-basel-2@2x.jpg","type":"","width":"","height":""}],"author":"bettina","twitter_card":"summary_large_image","twitter_misc":{"Written by":"bettina","Est. reading time":"4 minutes"},"schema":{"@context":"https:\/\/schema.org","@graph":[{"@type":"Article","@id":"https:\/\/www.northcdatacenters.com\/ch-fr\/actualites\/northc-inaugure-officiellement-son-centre-de-donnees-a-winterthour\/#article","isPartOf":{"@id":"https:\/\/www.northcdatacenters.com\/ch-fr\/actualites\/northc-inaugure-officiellement-son-centre-de-donnees-a-winterthour\/"},"author":{"name":"bettina","@id":"https:\/\/www.northcdatacenters.com\/ch-fr\/#\/schema\/person\/2dfeec85b97bd1069af70ef59c2b813d"},"headline":"NorthC inaugure officiellement son centre de donn\u00e9es \u00e0 Winterthour","datePublished":"2025-03-20T14:01:53+00:00","dateModified":"2026-04-17T13:44:06+00:00","mainEntityOfPage":{"@id":"https:\/\/www.northcdatacenters.com\/ch-fr\/actualites\/northc-inaugure-officiellement-son-centre-de-donnees-a-winterthour\/"},"wordCount":757,"publisher":{"@id":"https:\/\/www.northcdatacenters.com\/ch-fr\/#organization"},"image":{"@id":"https:\/\/www.northcdatacenters.com\/ch-fr\/actualites\/northc-inaugure-officiellement-son-centre-de-donnees-a-winterthour\/#primaryimage"},"thumbnailUrl":"https:\/\/www.northcdatacenters.com\/ch-fr\/wp-content\/uploads\/sites\/6\/2025\/03\/cropped-img-wintherthur-basel-2@2x.webp","articleSection":["Actualit\u00e9s"],"inLanguage":"fr-FR"},{"@type":"WebPage","@id":"https:\/\/www.northcdatacenters.com\/ch-fr\/actualites\/northc-inaugure-officiellement-son-centre-de-donnees-a-winterthour\/","url":"https:\/\/www.northcdatacenters.com\/ch-fr\/actualites\/northc-inaugure-officiellement-son-centre-de-donnees-a-winterthour\/","name":"NorthC inaugure son centre de donn\u00e9es","isPartOf":{"@id":"https:\/\/www.northcdatacenters.com\/ch-fr\/#website"},"primaryImageOfPage":{"@id":"https:\/\/www.northcdatacenters.com\/ch-fr\/actualites\/northc-inaugure-officiellement-son-centre-de-donnees-a-winterthour\/#primaryimage"},"image":{"@id":"https:\/\/www.northcdatacenters.com\/ch-fr\/actualites\/northc-inaugure-officiellement-son-centre-de-donnees-a-winterthour\/#primaryimage"},"thumbnailUrl":"https:\/\/www.northcdatacenters.com\/ch-fr\/wp-content\/uploads\/sites\/6\/2025\/03\/cropped-img-wintherthur-basel-2@2x.webp","datePublished":"2025-03-20T14:01:53+00:00","dateModified":"2026-04-17T13:44:06+00:00","description":"NorthC Schweiz AG c\u00e9l\u00e8bre l\u2019inauguration officielle de son centre de donn\u00e9es \u00e0 Winterthour, s\u00fbr, durable et r\u00e9gional.","breadcrumb":{"@id":"https:\/\/www.northcdatacenters.com\/ch-fr\/actualites\/northc-inaugure-officiellement-son-centre-de-donnees-a-winterthour\/#breadcrumb"},"inLanguage":"fr-FR","potentialAction":[{"@type":"ReadAction","target":["https:\/\/www.northcdatacenters.com\/ch-fr\/actualites\/northc-inaugure-officiellement-son-centre-de-donnees-a-winterthour\/"]}]},{"@type":"ImageObject","inLanguage":"fr-FR","@id":"https:\/\/www.northcdatacenters.com\/ch-fr\/actualites\/northc-inaugure-officiellement-son-centre-de-donnees-a-winterthour\/#primaryimage","url":"https:\/\/www.northcdatacenters.com\/ch-fr\/wp-content\/uploads\/sites\/6\/2025\/03\/cropped-img-wintherthur-basel-2@2x.webp","contentUrl":"https:\/\/www.northcdatacenters.com\/ch-fr\/wp-content\/uploads\/sites\/6\/2025\/03\/cropped-img-wintherthur-basel-2@2x.webp","width":2519,"height":1145},{"@type":"BreadcrumbList","@id":"https:\/\/www.northcdatacenters.com\/ch-fr\/actualites\/northc-inaugure-officiellement-son-centre-de-donnees-a-winterthour\/#breadcrumb","itemListElement":[{"@type":"ListItem","position":1,"name":"Home","item":"https:\/\/www.northcdatacenters.com\/ch-fr\/"},{"@type":"ListItem","position":2,"name":"NorthC inaugure officiellement son centre de donn\u00e9es \u00e0 Winterthour"}]},{"@type":"WebSite","@id":"https:\/\/www.northcdatacenters.com\/ch-fr\/#website","url":"https:\/\/www.northcdatacenters.com\/ch-fr\/","name":"NorthC Datacenters","description":"Digital business, Personal connections.","publisher":{"@id":"https:\/\/www.northcdatacenters.com\/ch-fr\/#organization"},"potentialAction":[{"@type":"SearchAction","target":{"@type":"EntryPoint","urlTemplate":"https:\/\/www.northcdatacenters.com\/ch-fr\/?s={search_term_string}"},"query-input":{"@type":"PropertyValueSpecification","valueRequired":true,"valueName":"search_term_string"}}],"inLanguage":"fr-FR"},{"@type":"Organization","@id":"https:\/\/www.northcdatacenters.com\/ch-fr\/#organization","name":"NorthC Datacenters","url":"https:\/\/www.northcdatacenters.com\/ch-fr\/","logo":{"@type":"ImageObject","inLanguage":"fr-FR","@id":"https:\/\/www.northcdatacenters.com\/ch-fr\/#\/schema\/logo\/image\/","url":"https:\/\/www.northcdatacenters.com\/ch-fr\/wp-content\/uploads\/sites\/6\/2024\/11\/Logo_NorthC.svg","contentUrl":"https:\/\/www.northcdatacenters.com\/ch-fr\/wp-content\/uploads\/sites\/6\/2024\/11\/Logo_NorthC.svg","width":110,"height":24,"caption":"NorthC Datacenters"},"image":{"@id":"https:\/\/www.northcdatacenters.com\/ch-fr\/#\/schema\/logo\/image\/"}},{"@type":"Person","@id":"https:\/\/www.northcdatacenters.com\/ch-fr\/#\/schema\/person\/2dfeec85b97bd1069af70ef59c2b813d","name":"bettina","url":"https:\/\/www.northcdatacenters.com\/ch-fr\/author\/bettina\/"}]}},"_links":{"self":[{"href":"https:\/\/www.northcdatacenters.com\/ch-fr\/wp-json\/wp\/v2\/posts\/28655","targetHints":{"allow":["GET"]}}],"collection":[{"href":"https:\/\/www.northcdatacenters.com\/ch-fr\/wp-json\/wp\/v2\/posts"}],"about":[{"href":"https:\/\/www.northcdatacenters.com\/ch-fr\/wp-json\/wp\/v2\/types\/post"}],"author":[{"embeddable":true,"href":"https:\/\/www.northcdatacenters.com\/ch-fr\/wp-json\/wp\/v2\/users\/24"}],"replies":[{"embeddable":true,"href":"https:\/\/www.northcdatacenters.com\/ch-fr\/wp-json\/wp\/v2\/comments?post=28655"}],"version-history":[{"count":6,"href":"https:\/\/www.northcdatacenters.com\/ch-fr\/wp-json\/wp\/v2\/posts\/28655\/revisions"}],"predecessor-version":[{"id":31913,"href":"https:\/\/www.northcdatacenters.com\/ch-fr\/wp-json\/wp\/v2\/posts\/28655\/revisions\/31913"}],"wp:featuredmedia":[{"embeddable":true,"href":"https:\/\/www.northcdatacenters.com\/ch-fr\/wp-json\/wp\/v2\/media\/28658"}],"wp:attachment":[{"href":"https:\/\/www.northcdatacenters.com\/ch-fr\/wp-json\/wp\/v2\/media?parent=28655"}],"wp:term":[{"taxonomy":"category","embeddable":true,"href":"https:\/\/www.northcdatacenters.com\/ch-fr\/wp-json\/wp\/v2\/categories?post=28655"},{"taxonomy":"post_tag","embeddable":true,"href":"https:\/\/www.northcdatacenters.com\/ch-fr\/wp-json\/wp\/v2\/tags?post=28655"}],"curies":[{"name":"wp","href":"https:\/\/api.w.org\/{rel}","templated":true}]}}