{"id":28848,"date":"2025-05-07T13:06:51","date_gmt":"2025-05-07T13:06:51","guid":{"rendered":"https:\/\/www.northcdatacenters.com\/ch-fr\/?p=28848"},"modified":"2026-04-17T12:36:13","modified_gmt":"2026-04-17T12:36:13","slug":"northc-group-nomme-ronald-van-den-bosch-au-poste-de-directeur-technique","status":"publish","type":"post","link":"https:\/\/www.northcdatacenters.com\/ch-fr\/actualites\/northc-group-nomme-ronald-van-den-bosch-au-poste-de-directeur-technique\/","title":{"rendered":"NorthC Group nomme Ronald van den Bosch au poste de directeur technique"},"content":{"rendered":"<div class=\"wpb-content-wrapper\"><p>[vc_row vc_row_spacing=\u00a0\u00bbdont-add-spacer adds-own-spacer add-spacer-top\u00a0\u00bb][vc_column][vc_column_text margin_block_end=\u00a0\u00bbmedium-block-end\u00a0\u00bb]<strong>NorthC Group<\/strong> nomme Ronald van den Bosch au poste de directeur technique (CTO)<\/p>\n<p>Le groupe NorthC a nomm\u00e9 Ronald van den Bosch au poste de directeur technique (CTO). \u00c0 ce titre, il est responsable de l&rsquo;infrastructure critique des centres de donn\u00e9es de NorthC, y compris l&rsquo;extension des sites existants et la construction de nouvelles installations. Ses principales missions consistent \u00e9galement \u00e0 identifier de nouvelles technologies pour soutenir la strat\u00e9gie de croissance de l&rsquo;entreprise et \u00e0 d\u00e9velopper la strat\u00e9gie de d\u00e9veloppement durable de NorthC. M. van den Bosch occupe le poste de directeur des projets du groupe NorthC depuis f\u00e9vrier 2023.<\/p>\n<p><strong>Ronald van den Bosch, directeur technique chez NorthC<\/strong> : \u00ab Je suis ravi de rejoindre l&rsquo;\u00e9quipe de direction de NorthC en tant que directeur technique et de contribuer \u00e0 la strat\u00e9gie de croissance de l&rsquo;entreprise. Je me concentrerai principalement sur le d\u00e9veloppement technologique de l&rsquo;infrastructure dans les centres de donn\u00e9es existants et nouveaux, ainsi que sur la promotion des objectifs de durabilit\u00e9. NorthC s&rsquo;est fix\u00e9 pour objectif d&rsquo;atteindre la neutralit\u00e9 carbone d&rsquo;ici 2030, et nous sommes en bonne voie pour y parvenir. Au cours des prochaines ann\u00e9es, nous prendrons d&rsquo;autres mesures, telles que la mise en place de syst\u00e8mes de r\u00e9cup\u00e9ration de la chaleur r\u00e9siduelle ou l&rsquo;optimisation de l&rsquo;efficacit\u00e9 \u00e9nerg\u00e9tique de nos syst\u00e8mes de refroidissement. Cependant, la durabilit\u00e9 est un sujet complexe que nous ne pouvons pas r\u00e9soudre seuls. C&rsquo;est pourquoi nous recherchons en permanence la coop\u00e9ration avec des partenaires publics et priv\u00e9s. \u00bb<\/p>\n<p><strong>Alexandra Schless, PDG de NorthC<\/strong> : \u00ab Ronald est la personne id\u00e9ale pour faire progresser NorthC de mani\u00e8re d\u00e9cisive dans les domaines de la durabilit\u00e9 et de l&rsquo;efficacit\u00e9 de nos centres de donn\u00e9es. La demande de services de centres de donn\u00e9es r\u00e9gionaux est en forte croissance en Europe du Nord-Ouest. NorthC r\u00e9pond \u00e0 cette demande, par exemple avec la r\u00e9cente acquisition de six centres de donn\u00e9es de Colt aux Pays-Bas et en Allemagne. Afin de g\u00e9rer cette croissance de mani\u00e8re responsable, nous continuerons \u00e0 investir et \u00e0 innover, en nous appuyant sur notre \u00e9quipe engag\u00e9e et comp\u00e9tente qui m\u00e8ne \u00e0 bien nos projets. Nous pourrons ainsi continuer \u00e0 offrir \u00e0 nos clients des services de centres de donn\u00e9es durables et de haute qualit\u00e9. \u00bb<\/p>\n<p>Avant de rejoindre NorthC en 2022, Ronald van den Bosch a occup\u00e9 divers postes de direction chez ING, notamment celui de Product Owner Data Centre \u2013 Centre of Excellence et de Manager Maintenance &amp; Projects Facilities Data Centres. Il a \u00e9galement travaill\u00e9 comme Senior Project Manager Mission Critical chez Royal Haskoning et s&rsquo;est engag\u00e9 pendant de nombreuses ann\u00e9es en tant que r\u00e9dacteur b\u00e9n\u00e9vole et membre du comit\u00e9 pour les normes relatives aux centres de donn\u00e9es aupr\u00e8s de l&rsquo;institut n\u00e9erlandais de normalisation NEN, o\u00f9 il a notamment contribu\u00e9 \u00e0 la norme EN50600.<\/p>\n<p>Ronald van den Bosch est titulaire d&rsquo;un Master of Science (MSc) en gestion des processus commerciaux et en informatique. Il est \u00e9galement sp\u00e9cialiste des op\u00e9rations reconnu et certifi\u00e9 DC Manager Professional.[\/vc_column_text]\n    <picture class=\"responsive-picture \">\n                                              <source srcset=\"https:\/\/www.northcdatacenters.com\/ch-fr\/wp-content\/uploads\/sites\/6\/2025\/05\/ronald-social-1-1-scaled.webp 2560w, https:\/\/www.northcdatacenters.com\/ch-fr\/wp-content\/uploads\/sites\/6\/2025\/05\/ronald-social-1-1-300x298.webp 300w, https:\/\/www.northcdatacenters.com\/ch-fr\/wp-content\/uploads\/sites\/6\/2025\/05\/ronald-social-1-1-1024x1018.webp 1024w, https:\/\/www.northcdatacenters.com\/ch-fr\/wp-content\/uploads\/sites\/6\/2025\/05\/ronald-social-1-1-768x763.webp 768w, https:\/\/www.northcdatacenters.com\/ch-fr\/wp-content\/uploads\/sites\/6\/2025\/05\/ronald-social-1-1-1536x1526.webp 1536w, https:\/\/www.northcdatacenters.com\/ch-fr\/wp-content\/uploads\/sites\/6\/2025\/05\/ronald-social-1-1-2048x2035.webp 2048w, https:\/\/www.northcdatacenters.com\/ch-fr\/wp-content\/uploads\/sites\/6\/2025\/05\/ronald-social-1-1-1264x1256.webp 1264w, https:\/\/www.northcdatacenters.com\/ch-fr\/wp-content\/uploads\/sites\/6\/2025\/05\/ronald-social-1-1-175x174.webp 175w, https:\/\/www.northcdatacenters.com\/ch-fr\/wp-content\/uploads\/sites\/6\/2025\/05\/ronald-social-1-1-362x360.webp 362w, https:\/\/www.northcdatacenters.com\/ch-fr\/wp-content\/uploads\/sites\/6\/2025\/05\/ronald-social-1-1-503x500.webp 503w\" media=\"(min-width: 576px)\">\n                        \n      <img decoding=\"async\" src=\"https:\/\/www.northcdatacenters.com\/ch-fr\/wp-content\/uploads\/sites\/6\/2025\/05\/ronald-social-1-1-scaled.webp\" alt=\"\" loading=\"auto\" width=\"\" height=\"\">\n    <\/picture>\n[vc_column_text]<em>Ronald van Den Bosch, CTO<\/em>[\/vc_column_text][\/vc_column][\/vc_row][vc_row full_width=\u00a0\u00bbstretch_row\u00a0\u00bb north_c_background_color=\u00a0\u00bbbg-gray-200&Prime;][vc_column]<div class=\"cta\">\n  <div class=\"cta-grid\">\n    <div class=\"cta-picture\">\n      <picture class=\"responsive-picture d-block\">\n  <img decoding=\"async\" src=\"https:\/\/www.northcdatacenters.com\/ch-fr\/wp-content\/uploads\/sites\/6\/2025\/08\/Studio-Fotosession-1564-1-837x1256.webp\" srcset=\"https:\/\/www.northcdatacenters.com\/ch-fr\/wp-content\/uploads\/sites\/6\/2025\/08\/Studio-Fotosession-1564-1-837x1256.webp 837w, https:\/\/www.northcdatacenters.com\/ch-fr\/wp-content\/uploads\/sites\/6\/2025\/08\/Studio-Fotosession-1564-1-200x300.webp 200w, https:\/\/www.northcdatacenters.com\/ch-fr\/wp-content\/uploads\/sites\/6\/2025\/08\/Studio-Fotosession-1564-1-683x1024.webp 683w, https:\/\/www.northcdatacenters.com\/ch-fr\/wp-content\/uploads\/sites\/6\/2025\/08\/Studio-Fotosession-1564-1-768x1152.webp 768w, https:\/\/www.northcdatacenters.com\/ch-fr\/wp-content\/uploads\/sites\/6\/2025\/08\/Studio-Fotosession-1564-1-175x263.webp 175w, https:\/\/www.northcdatacenters.com\/ch-fr\/wp-content\/uploads\/sites\/6\/2025\/08\/Studio-Fotosession-1564-1-240x360.webp 240w, https:\/\/www.northcdatacenters.com\/ch-fr\/wp-content\/uploads\/sites\/6\/2025\/08\/Studio-Fotosession-1564-1-333x500.webp 333w\"\n  class=\"\" style=\"\"\n  loading=\"lazy\"\n  sizes=\"(min-width: 992px) 1280px, 100vw\" \/><\/picture>\n          <\/div>\n\n    <div class=\"text text-white d-flex flex-column gap-4 justify-content-center align-items-center p-6 pb-12 px-lg-12 px-xxl-28\">\n      <h6 class=\"text-primary lh214 font-extrabold text-center mb-0\">Contactez-nous<\/h6>\n      <h3 class=\"mb-2 text-center text-sm-5xl mb-sm-6 text-balance\">Besoin de conseils propres \u00e0 votre situation?<\/h3>\n      <div class=\"buttons d-flex flex-column flex-lg-row flex-wrap gap-4 align-items-center justify-content-center dark-background\">\n                  \n  <button class=\"btn btn-primary\" type=\"button\" data-bs-toggle=\"offcanvas\" data-bs-target=\"#offcanvas_15\" aria-controls=\"offcanvas_15\">\n    Demander un devis  <\/button>\n                  \n  \n  <button class=\"btn btn-secondary\" type=\"button\" data-bs-toggle=\"offcanvas\" data-bs-target=\"#offcanvas_34\" aria-controls=\"offcanvas_34\">\n    Planifier une visite  <\/button>\n\n              <\/div>\n    <\/div>\n  <\/div>\n<\/div>[\/vc_column][\/vc_row]<\/p>\n<\/div>","protected":false},"excerpt":{"rendered":"<p>[vc_row vc_row_spacing=\u00a0\u00bbdont-add-spacer adds-own-spacer add-spacer-top\u00a0\u00bb][vc_column][vc_column_text margin_block_end=\u00a0\u00bbmedium-block-end\u00a0\u00bb]NorthC Group nomme Ronald van den Bosch au poste de directeur technique (CTO) Le groupe NorthC a nomm\u00e9 Ronald van den Bosch au poste de directeur technique (CTO). \u00c0 ce titre, il est responsable de l&rsquo;infrastructure critique des centres de donn\u00e9es de NorthC, y compris l&rsquo;extension des sites existants et la &#8230;<\/p>\n","protected":false},"author":24,"featured_media":28850,"comment_status":"closed","ping_status":"closed","sticky":false,"template":"","format":"standard","meta":{"_acf_changed":false,"_relevanssi_hide_post":"","_relevanssi_hide_content":"","_relevanssi_pin_for_all":"","_relevanssi_pin_keywords":"","_relevanssi_unpin_keywords":"","_relevanssi_related_keywords":"","_relevanssi_related_include_ids":"","_relevanssi_related_exclude_ids":"","_relevanssi_related_no_append":"","_relevanssi_related_not_related":"","_relevanssi_related_posts":"","_relevanssi_noindex_reason":"","footnotes":""},"categories":[1,48],"tags":[],"class_list":["post-28848","post","type-post","status-publish","format-standard","has-post-thumbnail","hentry","category-actualites","category-media-corner"],"acf":[],"yoast_head":"<!-- This site is optimized with the Yoast SEO Premium plugin v27.4 (Yoast SEO v27.4) - https:\/\/yoast.com\/product\/yoast-seo-premium-wordpress\/ -->\n<title>Ronald van den Bosch est directeur technique de NorthC Group<\/title>\n<meta name=\"description\" content=\"Ronald van den Bosch prend la fonction de CTO pour promouvoir l\u2019orientation technologique et la strat\u00e9gie d\u2019innovation \u00e0 l\u2019\u00e9chelle europ\u00e9enne.\" \/>\n<meta name=\"robots\" content=\"index, follow, max-snippet:-1, max-image-preview:large, max-video-preview:-1\" \/>\n<link rel=\"canonical\" href=\"https:\/\/www.northcdatacenters.com\/ch-fr\/actualites\/northc-group-nomme-ronald-van-den-bosch-au-poste-de-directeur-technique\/\" \/>\n<meta property=\"og:locale\" content=\"fr_FR\" \/>\n<meta property=\"og:type\" content=\"article\" \/>\n<meta property=\"og:title\" content=\"NorthC Group nomme Ronald van den Bosch au poste de directeur technique\" \/>\n<meta property=\"og:description\" content=\"Le groupe NorthC accueille Ronald van den Bosch comme directeur technique. D\u00e9couvrez ses objectifs et sa vision pour l&#039;avenir.\" \/>\n<meta property=\"og:url\" content=\"https:\/\/www.northcdatacenters.com\/ch-fr\/actualites\/northc-group-nomme-ronald-van-den-bosch-au-poste-de-directeur-technique\/\" \/>\n<meta property=\"og:site_name\" content=\"NorthC Datacenters (CH-FR)\" \/>\n<meta property=\"article:published_time\" content=\"2025-05-07T13:06:51+00:00\" \/>\n<meta property=\"article:modified_time\" content=\"2026-04-17T12:36:13+00:00\" \/>\n<meta property=\"og:image\" content=\"https:\/\/www.northcdatacenters.com\/ch-fr\/wp-content\/uploads\/sites\/6\/2025\/05\/Server_racks_corridor-1.webp\" \/>\n\t<meta property=\"og:image:width\" content=\"1920\" \/>\n\t<meta property=\"og:image:height\" content=\"600\" \/>\n\t<meta property=\"og:image:type\" content=\"image\/jpeg\" \/>\n<meta name=\"author\" content=\"bettina\" \/>\n<meta name=\"twitter:card\" content=\"summary_large_image\" \/>\n<meta name=\"twitter:label1\" content=\"Written by\" \/>\n\t<meta name=\"twitter:data1\" content=\"bettina\" \/>\n\t<meta name=\"twitter:label2\" content=\"Est. reading time\" \/>\n\t<meta name=\"twitter:data2\" content=\"4 minutes\" \/>\n<script type=\"application\/ld+json\" class=\"yoast-schema-graph\">{\"@context\":\"https:\\\/\\\/schema.org\",\"@graph\":[{\"@type\":\"Article\",\"@id\":\"https:\\\/\\\/www.northcdatacenters.com\\\/ch-fr\\\/actualites\\\/northc-group-nomme-ronald-van-den-bosch-au-poste-de-directeur-technique\\\/#article\",\"isPartOf\":{\"@id\":\"https:\\\/\\\/www.northcdatacenters.com\\\/ch-fr\\\/actualites\\\/northc-group-nomme-ronald-van-den-bosch-au-poste-de-directeur-technique\\\/\"},\"author\":{\"name\":\"bettina\",\"@id\":\"https:\\\/\\\/www.northcdatacenters.com\\\/ch-fr\\\/#\\\/schema\\\/person\\\/2dfeec85b97bd1069af70ef59c2b813d\"},\"headline\":\"NorthC Group nomme Ronald van den Bosch au poste de directeur technique\",\"datePublished\":\"2025-05-07T13:06:51+00:00\",\"dateModified\":\"2026-04-17T12:36:13+00:00\",\"mainEntityOfPage\":{\"@id\":\"https:\\\/\\\/www.northcdatacenters.com\\\/ch-fr\\\/actualites\\\/northc-group-nomme-ronald-van-den-bosch-au-poste-de-directeur-technique\\\/\"},\"wordCount\":659,\"publisher\":{\"@id\":\"https:\\\/\\\/www.northcdatacenters.com\\\/ch-fr\\\/#organization\"},\"image\":{\"@id\":\"https:\\\/\\\/www.northcdatacenters.com\\\/ch-fr\\\/actualites\\\/northc-group-nomme-ronald-van-den-bosch-au-poste-de-directeur-technique\\\/#primaryimage\"},\"thumbnailUrl\":\"https:\\\/\\\/www.northcdatacenters.com\\\/ch-fr\\\/wp-content\\\/uploads\\\/sites\\\/6\\\/2025\\\/05\\\/Server_racks_corridor-1.webp\",\"articleSection\":[\"Actualit\u00e9s\",\"Media Corner\"],\"inLanguage\":\"fr-FR\"},{\"@type\":\"WebPage\",\"@id\":\"https:\\\/\\\/www.northcdatacenters.com\\\/ch-fr\\\/actualites\\\/northc-group-nomme-ronald-van-den-bosch-au-poste-de-directeur-technique\\\/\",\"url\":\"https:\\\/\\\/www.northcdatacenters.com\\\/ch-fr\\\/actualites\\\/northc-group-nomme-ronald-van-den-bosch-au-poste-de-directeur-technique\\\/\",\"name\":\"Ronald van den Bosch est directeur technique de NorthC Group\",\"isPartOf\":{\"@id\":\"https:\\\/\\\/www.northcdatacenters.com\\\/ch-fr\\\/#website\"},\"primaryImageOfPage\":{\"@id\":\"https:\\\/\\\/www.northcdatacenters.com\\\/ch-fr\\\/actualites\\\/northc-group-nomme-ronald-van-den-bosch-au-poste-de-directeur-technique\\\/#primaryimage\"},\"image\":{\"@id\":\"https:\\\/\\\/www.northcdatacenters.com\\\/ch-fr\\\/actualites\\\/northc-group-nomme-ronald-van-den-bosch-au-poste-de-directeur-technique\\\/#primaryimage\"},\"thumbnailUrl\":\"https:\\\/\\\/www.northcdatacenters.com\\\/ch-fr\\\/wp-content\\\/uploads\\\/sites\\\/6\\\/2025\\\/05\\\/Server_racks_corridor-1.webp\",\"datePublished\":\"2025-05-07T13:06:51+00:00\",\"dateModified\":\"2026-04-17T12:36:13+00:00\",\"description\":\"Ronald van den Bosch prend la fonction de CTO pour promouvoir l\u2019orientation technologique et la strat\u00e9gie d\u2019innovation \u00e0 l\u2019\u00e9chelle europ\u00e9enne.\",\"breadcrumb\":{\"@id\":\"https:\\\/\\\/www.northcdatacenters.com\\\/ch-fr\\\/actualites\\\/northc-group-nomme-ronald-van-den-bosch-au-poste-de-directeur-technique\\\/#breadcrumb\"},\"inLanguage\":\"fr-FR\",\"potentialAction\":[{\"@type\":\"ReadAction\",\"target\":[\"https:\\\/\\\/www.northcdatacenters.com\\\/ch-fr\\\/actualites\\\/northc-group-nomme-ronald-van-den-bosch-au-poste-de-directeur-technique\\\/\"]}]},{\"@type\":\"ImageObject\",\"inLanguage\":\"fr-FR\",\"@id\":\"https:\\\/\\\/www.northcdatacenters.com\\\/ch-fr\\\/actualites\\\/northc-group-nomme-ronald-van-den-bosch-au-poste-de-directeur-technique\\\/#primaryimage\",\"url\":\"https:\\\/\\\/www.northcdatacenters.com\\\/ch-fr\\\/wp-content\\\/uploads\\\/sites\\\/6\\\/2025\\\/05\\\/Server_racks_corridor-1.webp\",\"contentUrl\":\"https:\\\/\\\/www.northcdatacenters.com\\\/ch-fr\\\/wp-content\\\/uploads\\\/sites\\\/6\\\/2025\\\/05\\\/Server_racks_corridor-1.webp\",\"width\":1920,\"height\":600},{\"@type\":\"BreadcrumbList\",\"@id\":\"https:\\\/\\\/www.northcdatacenters.com\\\/ch-fr\\\/actualites\\\/northc-group-nomme-ronald-van-den-bosch-au-poste-de-directeur-technique\\\/#breadcrumb\",\"itemListElement\":[{\"@type\":\"ListItem\",\"position\":1,\"name\":\"Home\",\"item\":\"https:\\\/\\\/www.northcdatacenters.com\\\/ch-fr\\\/\"},{\"@type\":\"ListItem\",\"position\":2,\"name\":\"NorthC Group nomme Ronald van den Bosch au poste de directeur technique\"}]},{\"@type\":\"WebSite\",\"@id\":\"https:\\\/\\\/www.northcdatacenters.com\\\/ch-fr\\\/#website\",\"url\":\"https:\\\/\\\/www.northcdatacenters.com\\\/ch-fr\\\/\",\"name\":\"NorthC Datacenters\",\"description\":\"Digital business, Personal connections.\",\"publisher\":{\"@id\":\"https:\\\/\\\/www.northcdatacenters.com\\\/ch-fr\\\/#organization\"},\"potentialAction\":[{\"@type\":\"SearchAction\",\"target\":{\"@type\":\"EntryPoint\",\"urlTemplate\":\"https:\\\/\\\/www.northcdatacenters.com\\\/ch-fr\\\/?s={search_term_string}\"},\"query-input\":{\"@type\":\"PropertyValueSpecification\",\"valueRequired\":true,\"valueName\":\"search_term_string\"}}],\"inLanguage\":\"fr-FR\"},{\"@type\":\"Organization\",\"@id\":\"https:\\\/\\\/www.northcdatacenters.com\\\/ch-fr\\\/#organization\",\"name\":\"NorthC Datacenters\",\"url\":\"https:\\\/\\\/www.northcdatacenters.com\\\/ch-fr\\\/\",\"logo\":{\"@type\":\"ImageObject\",\"inLanguage\":\"fr-FR\",\"@id\":\"https:\\\/\\\/www.northcdatacenters.com\\\/ch-fr\\\/#\\\/schema\\\/logo\\\/image\\\/\",\"url\":\"https:\\\/\\\/www.northcdatacenters.com\\\/ch-fr\\\/wp-content\\\/uploads\\\/sites\\\/6\\\/2024\\\/11\\\/Logo_NorthC.svg\",\"contentUrl\":\"https:\\\/\\\/www.northcdatacenters.com\\\/ch-fr\\\/wp-content\\\/uploads\\\/sites\\\/6\\\/2024\\\/11\\\/Logo_NorthC.svg\",\"width\":110,\"height\":24,\"caption\":\"NorthC Datacenters\"},\"image\":{\"@id\":\"https:\\\/\\\/www.northcdatacenters.com\\\/ch-fr\\\/#\\\/schema\\\/logo\\\/image\\\/\"}},{\"@type\":\"Person\",\"@id\":\"https:\\\/\\\/www.northcdatacenters.com\\\/ch-fr\\\/#\\\/schema\\\/person\\\/2dfeec85b97bd1069af70ef59c2b813d\",\"name\":\"bettina\",\"url\":\"https:\\\/\\\/www.northcdatacenters.com\\\/ch-fr\\\/author\\\/bettina\\\/\"}]}<\/script>\n<!-- \/ Yoast SEO Premium plugin. -->","yoast_head_json":{"title":"Ronald van den Bosch est directeur technique de NorthC Group","description":"Ronald van den Bosch prend la fonction de CTO pour promouvoir l\u2019orientation technologique et la strat\u00e9gie d\u2019innovation \u00e0 l\u2019\u00e9chelle europ\u00e9enne.","robots":{"index":"index","follow":"follow","max-snippet":"max-snippet:-1","max-image-preview":"max-image-preview:large","max-video-preview":"max-video-preview:-1"},"canonical":"https:\/\/www.northcdatacenters.com\/ch-fr\/actualites\/northc-group-nomme-ronald-van-den-bosch-au-poste-de-directeur-technique\/","og_locale":"fr_FR","og_type":"article","og_title":"NorthC Group nomme Ronald van den Bosch au poste de directeur technique","og_description":"Le groupe NorthC accueille Ronald van den Bosch comme directeur technique. D\u00e9couvrez ses objectifs et sa vision pour l'avenir.","og_url":"https:\/\/www.northcdatacenters.com\/ch-fr\/actualites\/northc-group-nomme-ronald-van-den-bosch-au-poste-de-directeur-technique\/","og_site_name":"NorthC Datacenters (CH-FR)","article_published_time":"2025-05-07T13:06:51+00:00","article_modified_time":"2026-04-17T12:36:13+00:00","og_image":[{"width":1920,"height":600,"url":"https:\/\/www.northcdatacenters.com\/ch-fr\/wp-content\/uploads\/sites\/6\/2025\/05\/Server_racks_corridor-1.webp","type":"image\/jpeg"}],"author":"bettina","twitter_card":"summary_large_image","twitter_misc":{"Written by":"bettina","Est. reading time":"4 minutes"},"schema":{"@context":"https:\/\/schema.org","@graph":[{"@type":"Article","@id":"https:\/\/www.northcdatacenters.com\/ch-fr\/actualites\/northc-group-nomme-ronald-van-den-bosch-au-poste-de-directeur-technique\/#article","isPartOf":{"@id":"https:\/\/www.northcdatacenters.com\/ch-fr\/actualites\/northc-group-nomme-ronald-van-den-bosch-au-poste-de-directeur-technique\/"},"author":{"name":"bettina","@id":"https:\/\/www.northcdatacenters.com\/ch-fr\/#\/schema\/person\/2dfeec85b97bd1069af70ef59c2b813d"},"headline":"NorthC Group nomme Ronald van den Bosch au poste de directeur technique","datePublished":"2025-05-07T13:06:51+00:00","dateModified":"2026-04-17T12:36:13+00:00","mainEntityOfPage":{"@id":"https:\/\/www.northcdatacenters.com\/ch-fr\/actualites\/northc-group-nomme-ronald-van-den-bosch-au-poste-de-directeur-technique\/"},"wordCount":659,"publisher":{"@id":"https:\/\/www.northcdatacenters.com\/ch-fr\/#organization"},"image":{"@id":"https:\/\/www.northcdatacenters.com\/ch-fr\/actualites\/northc-group-nomme-ronald-van-den-bosch-au-poste-de-directeur-technique\/#primaryimage"},"thumbnailUrl":"https:\/\/www.northcdatacenters.com\/ch-fr\/wp-content\/uploads\/sites\/6\/2025\/05\/Server_racks_corridor-1.webp","articleSection":["Actualit\u00e9s","Media Corner"],"inLanguage":"fr-FR"},{"@type":"WebPage","@id":"https:\/\/www.northcdatacenters.com\/ch-fr\/actualites\/northc-group-nomme-ronald-van-den-bosch-au-poste-de-directeur-technique\/","url":"https:\/\/www.northcdatacenters.com\/ch-fr\/actualites\/northc-group-nomme-ronald-van-den-bosch-au-poste-de-directeur-technique\/","name":"Ronald van den Bosch est directeur technique de NorthC Group","isPartOf":{"@id":"https:\/\/www.northcdatacenters.com\/ch-fr\/#website"},"primaryImageOfPage":{"@id":"https:\/\/www.northcdatacenters.com\/ch-fr\/actualites\/northc-group-nomme-ronald-van-den-bosch-au-poste-de-directeur-technique\/#primaryimage"},"image":{"@id":"https:\/\/www.northcdatacenters.com\/ch-fr\/actualites\/northc-group-nomme-ronald-van-den-bosch-au-poste-de-directeur-technique\/#primaryimage"},"thumbnailUrl":"https:\/\/www.northcdatacenters.com\/ch-fr\/wp-content\/uploads\/sites\/6\/2025\/05\/Server_racks_corridor-1.webp","datePublished":"2025-05-07T13:06:51+00:00","dateModified":"2026-04-17T12:36:13+00:00","description":"Ronald van den Bosch prend la fonction de CTO pour promouvoir l\u2019orientation technologique et la strat\u00e9gie d\u2019innovation \u00e0 l\u2019\u00e9chelle europ\u00e9enne.","breadcrumb":{"@id":"https:\/\/www.northcdatacenters.com\/ch-fr\/actualites\/northc-group-nomme-ronald-van-den-bosch-au-poste-de-directeur-technique\/#breadcrumb"},"inLanguage":"fr-FR","potentialAction":[{"@type":"ReadAction","target":["https:\/\/www.northcdatacenters.com\/ch-fr\/actualites\/northc-group-nomme-ronald-van-den-bosch-au-poste-de-directeur-technique\/"]}]},{"@type":"ImageObject","inLanguage":"fr-FR","@id":"https:\/\/www.northcdatacenters.com\/ch-fr\/actualites\/northc-group-nomme-ronald-van-den-bosch-au-poste-de-directeur-technique\/#primaryimage","url":"https:\/\/www.northcdatacenters.com\/ch-fr\/wp-content\/uploads\/sites\/6\/2025\/05\/Server_racks_corridor-1.webp","contentUrl":"https:\/\/www.northcdatacenters.com\/ch-fr\/wp-content\/uploads\/sites\/6\/2025\/05\/Server_racks_corridor-1.webp","width":1920,"height":600},{"@type":"BreadcrumbList","@id":"https:\/\/www.northcdatacenters.com\/ch-fr\/actualites\/northc-group-nomme-ronald-van-den-bosch-au-poste-de-directeur-technique\/#breadcrumb","itemListElement":[{"@type":"ListItem","position":1,"name":"Home","item":"https:\/\/www.northcdatacenters.com\/ch-fr\/"},{"@type":"ListItem","position":2,"name":"NorthC Group nomme Ronald van den Bosch au poste de directeur technique"}]},{"@type":"WebSite","@id":"https:\/\/www.northcdatacenters.com\/ch-fr\/#website","url":"https:\/\/www.northcdatacenters.com\/ch-fr\/","name":"NorthC Datacenters","description":"Digital business, Personal connections.","publisher":{"@id":"https:\/\/www.northcdatacenters.com\/ch-fr\/#organization"},"potentialAction":[{"@type":"SearchAction","target":{"@type":"EntryPoint","urlTemplate":"https:\/\/www.northcdatacenters.com\/ch-fr\/?s={search_term_string}"},"query-input":{"@type":"PropertyValueSpecification","valueRequired":true,"valueName":"search_term_string"}}],"inLanguage":"fr-FR"},{"@type":"Organization","@id":"https:\/\/www.northcdatacenters.com\/ch-fr\/#organization","name":"NorthC Datacenters","url":"https:\/\/www.northcdatacenters.com\/ch-fr\/","logo":{"@type":"ImageObject","inLanguage":"fr-FR","@id":"https:\/\/www.northcdatacenters.com\/ch-fr\/#\/schema\/logo\/image\/","url":"https:\/\/www.northcdatacenters.com\/ch-fr\/wp-content\/uploads\/sites\/6\/2024\/11\/Logo_NorthC.svg","contentUrl":"https:\/\/www.northcdatacenters.com\/ch-fr\/wp-content\/uploads\/sites\/6\/2024\/11\/Logo_NorthC.svg","width":110,"height":24,"caption":"NorthC Datacenters"},"image":{"@id":"https:\/\/www.northcdatacenters.com\/ch-fr\/#\/schema\/logo\/image\/"}},{"@type":"Person","@id":"https:\/\/www.northcdatacenters.com\/ch-fr\/#\/schema\/person\/2dfeec85b97bd1069af70ef59c2b813d","name":"bettina","url":"https:\/\/www.northcdatacenters.com\/ch-fr\/author\/bettina\/"}]}},"_links":{"self":[{"href":"https:\/\/www.northcdatacenters.com\/ch-fr\/wp-json\/wp\/v2\/posts\/28848","targetHints":{"allow":["GET"]}}],"collection":[{"href":"https:\/\/www.northcdatacenters.com\/ch-fr\/wp-json\/wp\/v2\/posts"}],"about":[{"href":"https:\/\/www.northcdatacenters.com\/ch-fr\/wp-json\/wp\/v2\/types\/post"}],"author":[{"embeddable":true,"href":"https:\/\/www.northcdatacenters.com\/ch-fr\/wp-json\/wp\/v2\/users\/24"}],"replies":[{"embeddable":true,"href":"https:\/\/www.northcdatacenters.com\/ch-fr\/wp-json\/wp\/v2\/comments?post=28848"}],"version-history":[{"count":5,"href":"https:\/\/www.northcdatacenters.com\/ch-fr\/wp-json\/wp\/v2\/posts\/28848\/revisions"}],"predecessor-version":[{"id":30399,"href":"https:\/\/www.northcdatacenters.com\/ch-fr\/wp-json\/wp\/v2\/posts\/28848\/revisions\/30399"}],"wp:featuredmedia":[{"embeddable":true,"href":"https:\/\/www.northcdatacenters.com\/ch-fr\/wp-json\/wp\/v2\/media\/28850"}],"wp:attachment":[{"href":"https:\/\/www.northcdatacenters.com\/ch-fr\/wp-json\/wp\/v2\/media?parent=28848"}],"wp:term":[{"taxonomy":"category","embeddable":true,"href":"https:\/\/www.northcdatacenters.com\/ch-fr\/wp-json\/wp\/v2\/categories?post=28848"},{"taxonomy":"post_tag","embeddable":true,"href":"https:\/\/www.northcdatacenters.com\/ch-fr\/wp-json\/wp\/v2\/tags?post=28848"}],"curies":[{"name":"wp","href":"https:\/\/api.w.org\/{rel}","templated":true}]}}