{"id":29182,"date":"2025-06-11T07:03:23","date_gmt":"2025-06-11T07:03:23","guid":{"rendered":"https:\/\/www.northcdatacenters.com\/ch-fr\/?p=29182"},"modified":"2026-04-22T10:02:27","modified_gmt":"2026-04-22T10:02:27","slug":"comment-l-ia-et-la-durabilite-vont-de-pair-selon-northc","status":"publish","type":"post","link":"https:\/\/www.northcdatacenters.com\/ch-fr\/centre-de-donnees\/comment-l-ia-et-la-durabilite-vont-de-pair-selon-northc\/","title":{"rendered":"Comment l&rsquo;IA et la durabilit\u00e9 vont de pair selon NorthC"},"content":{"rendered":"<div class=\"wpb-content-wrapper\"><p>[vc_row][vc_column][vc_column_text css=\u00a0\u00bb\u00a0\u00bb]L&rsquo;IA stimule \u00e9galement l&rsquo;activit\u00e9 des centres de donn\u00e9es. Mais quel est l&rsquo;impact de cet essor sur la durabilit\u00e9 ? M\u00eame sans IA, les centres de donn\u00e9es consomment \u00e9norm\u00e9ment d&rsquo;\u00e9lectricit\u00e9. Patrik Hofer, directeur g\u00e9n\u00e9ral de NorthC Suisse, nous explique dans quelle mesure les centres de donn\u00e9es locaux sont \u00e9cologiques.<\/p>\n<p><em>Source : <a href=\"https:\/\/www.it-markt.ch\/news\/2025-05-28\/patrik-hofer-managing-director-northc-schweiz\">IT-Markt<\/a><\/em>[\/vc_column_text][vc_column_text]<\/p>\n<h3>Dans quelle mesure la popularit\u00e9 de l&rsquo;IA a-t-elle stimul\u00e9 les services de centres de donn\u00e9es ?<\/h3>\n<p>Patrik Hofer : Avec l&rsquo;utilisation croissante de l&rsquo;intelligence artificielle, le volume de donn\u00e9es augmente rapidement, une tendance que nous ressentons clairement dans nos centres de donn\u00e9es. La demande en infrastructures \u00e9volutives et performantes augmente, c&rsquo;est pourquoi nous continuons \u00e0 d\u00e9velopper nos capacit\u00e9s. Nous proposons d\u00e9sormais des racks pouvant atteindre 50 kilowatts, id\u00e9aux pour les charges de travail IA gourmandes en calcul. De nombreuses PME s&rsquo;int\u00e9ressent \u00e9galement de plus en plus aux applications IA. Cette \u00e9volution souligne la transformation du paysage informatique vers des mod\u00e8les commerciaux bas\u00e9s sur les donn\u00e9es, qui n\u00e9cessitent des services de centres de donn\u00e9es performants et fiables.[\/vc_column_text][vc_column_text]<\/p>\n<h3>Le boom de l&rsquo;IA va-t-il nuire \u00e0 la durabilit\u00e9 des centres de donn\u00e9es ?<\/h3>\n<p>La consommation d&rsquo;\u00e9nergie dans les centres de donn\u00e9es est en grande partie d\u00e9termin\u00e9e par le refroidissement n\u00e9cessaire pour prot\u00e9ger les serveurs contre la surchauffe. \u00c0 l&rsquo;avenir, l&rsquo;intelligence artificielle nous permettra d&rsquo;adapter la puissance de refroidissement de mani\u00e8re dynamique et en fonction des besoins. Gr\u00e2ce \u00e0 l&rsquo;analyse continue des donn\u00e9es de temp\u00e9rature, d&rsquo;humidit\u00e9 et de consommation d&rsquo;\u00e9nergie, l&rsquo;IA contr\u00f4le la vitesse des ventilateurs et la temp\u00e9rature du liquide de refroidissement en temps r\u00e9el.[\/vc_column_text]\n    <picture class=\"responsive-picture \">\n                                              <source srcset=\"https:\/\/www.northcdatacenters.com\/ch-fr\/wp-content\/uploads\/sites\/6\/2025\/06\/Biel-City-Microchip-Design.webp 1536w, https:\/\/www.northcdatacenters.com\/ch-fr\/wp-content\/uploads\/sites\/6\/2025\/06\/Biel-City-Microchip-Design-300x200.webp 300w, https:\/\/www.northcdatacenters.com\/ch-fr\/wp-content\/uploads\/sites\/6\/2025\/06\/Biel-City-Microchip-Design-1024x683.webp 1024w, https:\/\/www.northcdatacenters.com\/ch-fr\/wp-content\/uploads\/sites\/6\/2025\/06\/Biel-City-Microchip-Design-1500x1000.webp 1500w, https:\/\/www.northcdatacenters.com\/ch-fr\/wp-content\/uploads\/sites\/6\/2025\/06\/Biel-City-Microchip-Design-768x512.webp 768w, https:\/\/www.northcdatacenters.com\/ch-fr\/wp-content\/uploads\/sites\/6\/2025\/06\/Biel-City-Microchip-Design-1440x960.webp 1440w, https:\/\/www.northcdatacenters.com\/ch-fr\/wp-content\/uploads\/sites\/6\/2025\/06\/Biel-City-Microchip-Design-175x117.webp 175w, https:\/\/www.northcdatacenters.com\/ch-fr\/wp-content\/uploads\/sites\/6\/2025\/06\/Biel-City-Microchip-Design-510x340.webp 510w, https:\/\/www.northcdatacenters.com\/ch-fr\/wp-content\/uploads\/sites\/6\/2025\/06\/Biel-City-Microchip-Design-750x500.webp 750w\" media=\"(min-width: 576px)\">\n                        \n      <img decoding=\"async\" src=\"https:\/\/www.northcdatacenters.com\/ch-fr\/wp-content\/uploads\/sites\/6\/2025\/06\/Biel-City-Microchip-Design.webp\" alt=\"\" loading=\"auto\" width=\"\" height=\"\">\n    <\/picture>\n[vc_column_text][\/vc_column_text][vc_column_text]<\/p>\n<h3>Les centres de donn\u00e9es en Suisse sont-ils vraiment \u00e9cologiques ?<\/h3>\n<p>Je ne peux parler que pour nous ; notre objectif est d&rsquo;atteindre la neutralit\u00e9 carbone d&rsquo;ici 2030. Pour y parvenir, nous nous appuyons sur les cinq piliers de la durabilit\u00e9 : technologie de l&rsquo;hydrog\u00e8ne vert, \u00e9lectricit\u00e9 100 % verte, utilisation de la chaleur r\u00e9siduelle, conception modulaire et intelligence artificielle.[\/vc_column_text][vc_column_text]<\/p>\n<h3>O\u00f9 utilisez-vous vous-m\u00eame l&rsquo;IA et constatez-vous d\u00e9j\u00e0 les avantages escompt\u00e9s ?<\/h3>\n<p>Notre centre de donn\u00e9es d&rsquo;Aalsmeer (Pays-Bas) est un exemple concret de gain d&rsquo;efficacit\u00e9 : le refroidissement bas\u00e9 sur l&rsquo;IA a d\u00e9j\u00e0 permis de r\u00e9duire la consommation d&rsquo;\u00e9nergie de plus de 4 %. Cette technologie nous permet d&rsquo;\u00e9viter toute consommation d&rsquo;\u00e9nergie inutile et d&rsquo;utiliser les ressources de mani\u00e8re cibl\u00e9e, ce qui maximise l&rsquo;efficacit\u00e9 et r\u00e9duit les co\u00fbts d&rsquo;exploitation.[\/vc_column_text][vc_column_text]<\/p>\n<h3>Quelles autres tendances technologiques stimulent actuellement le march\u00e9 ?<\/h3>\n<p>La bande passante \u00e0 la demande devient la cl\u00e9 de connexions flexibles et performantes dans les centres de donn\u00e9es modernes. Qu&rsquo;il s&rsquo;agisse de charges de travail IA, de mod\u00e8les de Cloud hybride ou d&rsquo;analyses en temps r\u00e9el, les entreprises ont besoin de capacit\u00e9s r\u00e9seau dynamiquement \u00e9volutives avec une latence ultra-faible. C&rsquo;est exactement ce que permet notre infrastructure : elle est efficace, hautement disponible et parfaitement adapt\u00e9e aux besoins. La bande passante \u00e0 la demande devient ainsi la base des strat\u00e9gies informatiques durables.[\/vc_column_text][\/vc_column][\/vc_row][vc_row full_width=\u00a0\u00bbstretch_row_content\u00a0\u00bb][vc_column]<div class=\"title-block px-3 title-block-image-right\">\n  <div class=\"container image-container\" style=\"--image-position-x: 50%;\">\n          <picture class=\"responsive-picture \">\n  <img decoding=\"async\" src=\"https:\/\/www.northcdatacenters.com\/ch-fr\/wp-content\/uploads\/sites\/6\/2022\/11\/Patrik-Management-Portrait-02-1600x1143.webp\" srcset=\"\"\n  class=\"\" style=\"\"\n  loading=\"lazy\"\n  sizes=\"(min-width: 1400px) 1200px, (min-width: 1200px) 48vw, 100vw\" \/><\/picture>      <\/div>\n\n  <div class=\"d-none d-xl-block background-with-slanted-edge slanted\"><\/div>\n\n  <div class=\"container text-container\">\n    <div class=\"text-bg-white text py-9 px-6 d-flex flex-column\">\n              <h2 class=\"font-heavy lh-sm\">Infobox<\/h2>\n      \n      <div class=\"content lh-xl\">\n        Patrik Hofer, directeur g\u00e9n\u00e9ral de NorthC Suisse, vit avec sa famille \u00e0 Bassersdorf et est un expert en d\u00e9veloppement organisationnel et strat\u00e9gique. Il travaille dans le secteur informatique depuis plus de 35 ans, dont les 25 derni\u00e8res ann\u00e9es \u00e0 des postes de direction. Avant de rejoindre NorthC, il \u00e9tait directeur informatique et directeur des op\u00e9rations chez green.ch AG. \u00c0 ce titre, il \u00e9tait responsable de la planification, du pilotage, de l&rsquo;optimisation et de l&rsquo;automatisation des \u00e9quipes informatiques du fournisseur d&rsquo;acc\u00e8s Internet et de centres de donn\u00e9es. Auparavant, cet \u00e9conomiste d&rsquo;entreprise dipl\u00f4m\u00e9 a occup\u00e9 divers postes de direction dans diff\u00e9rents domaines, notamment chez VSHN AG, Nine Internet Solutions AG et Nexphone AG, o\u00f9 il a mis \u00e0 profit ses connaissances approfondies en gestion d&rsquo;entreprise dans le domaine des services Cloud g\u00e9r\u00e9s.      <\/div>\n\n          <\/div>\n  <\/div>\n<\/div>[\/vc_column][\/vc_row][vc_row full_width=\u00a0\u00bbstretch_row\u00a0\u00bb north_c_background_color=\u00a0\u00bbbg-gray-200&Prime;][vc_column]<div class=\"cta\">\n  <div class=\"cta-grid\">\n    <div class=\"cta-picture\">\n      <picture class=\"responsive-picture d-block\">\n  <img decoding=\"async\" src=\"https:\/\/www.northcdatacenters.com\/ch-fr\/wp-content\/uploads\/sites\/6\/2025\/03\/Patrik-Hofer-1-e1741608642572.webp\" srcset=\"https:\/\/www.northcdatacenters.com\/ch-fr\/wp-content\/uploads\/sites\/6\/2025\/03\/Patrik-Hofer-1-e1741608642572.webp 400w, https:\/\/www.northcdatacenters.com\/ch-fr\/wp-content\/uploads\/sites\/6\/2025\/03\/Patrik-Hofer-1-e1741608642572-300x300.webp 300w, https:\/\/www.northcdatacenters.com\/ch-fr\/wp-content\/uploads\/sites\/6\/2025\/03\/Patrik-Hofer-1-e1741608642572-250x250.webp 250w, https:\/\/www.northcdatacenters.com\/ch-fr\/wp-content\/uploads\/sites\/6\/2025\/03\/Patrik-Hofer-1-e1741608642572-175x175.webp 175w, https:\/\/www.northcdatacenters.com\/ch-fr\/wp-content\/uploads\/sites\/6\/2025\/03\/Patrik-Hofer-1-e1741608642572-360x360.webp 360w\"\n  class=\"\" style=\"\"\n  loading=\"lazy\"\n  sizes=\"(min-width: 992px) 1280px, 100vw\" \/><\/picture>\n          <\/div>\n\n    <div class=\"text text-white d-flex flex-column gap-4 justify-content-center align-items-center p-6 pb-12 px-lg-12 px-xxl-28\">\n      <h6 class=\"text-primary lh214 font-extrabold text-center mb-0\">Contactez-nous<\/h6>\n      <h3 class=\"mb-2 text-center text-sm-5xl mb-sm-6 text-balance\">Voulez-vous recevoir d'autres conseils et actualit\u00e9s de notre part ?<\/h3>\n      <div class=\"buttons d-flex flex-column flex-lg-row flex-wrap gap-4 align-items-center justify-content-center dark-background\">\n                  \n  <button class=\"btn btn-primary\" type=\"button\" data-bs-toggle=\"offcanvas\" data-bs-target=\"#offcanvas_39\" aria-controls=\"offcanvas_39\">\n    S'inscrire \u00e0 la Newsletter  <\/button>\n                  \n  \n  <button class=\"btn btn-secondary\" type=\"button\" data-bs-toggle=\"offcanvas\" data-bs-target=\"#offcanvas_28\" aria-controls=\"offcanvas_28\">\n    Contactez-nous  <\/button>\n\n              <\/div>\n    <\/div>\n  <\/div>\n<\/div>[\/vc_column][\/vc_row][vc_row][vc_column][\/vc_column][\/vc_row]<\/p>\n<\/div>","protected":false},"excerpt":{"rendered":"<p>[vc_row][vc_column][vc_column_text css=\u00a0\u00bb\u00a0\u00bb]L&rsquo;IA stimule \u00e9galement l&rsquo;activit\u00e9 des centres de donn\u00e9es. Mais quel est l&rsquo;impact de cet essor sur la durabilit\u00e9 ? M\u00eame sans IA, les centres de donn\u00e9es consomment \u00e9norm\u00e9ment d&rsquo;\u00e9lectricit\u00e9. Patrik Hofer, directeur g\u00e9n\u00e9ral de NorthC Suisse, nous explique dans quelle mesure les centres de donn\u00e9es locaux sont \u00e9cologiques. Source : IT-Markt[\/vc_column_text][vc_column_text] Dans quelle mesure &#8230;<\/p>\n","protected":false},"author":24,"featured_media":29189,"comment_status":"closed","ping_status":"closed","sticky":false,"template":"","format":"standard","meta":{"_acf_changed":false,"_relevanssi_hide_post":"","_relevanssi_hide_content":"","_relevanssi_pin_for_all":"","_relevanssi_pin_keywords":"","_relevanssi_unpin_keywords":"","_relevanssi_related_keywords":"","_relevanssi_related_include_ids":"","_relevanssi_related_exclude_ids":"","_relevanssi_related_no_append":"","_relevanssi_related_not_related":"","_relevanssi_related_posts":"","_relevanssi_noindex_reason":"","footnotes":""},"categories":[58,62,60],"tags":[],"class_list":["post-29182","post","type-post","status-publish","format-standard","has-post-thumbnail","hentry","category-centre-de-donnees","category-hightech","category-souverainete-numerique"],"acf":[],"yoast_head":"<!-- This site is optimized with the Yoast SEO Premium plugin v27.4 (Yoast SEO v27.4) - https:\/\/yoast.com\/product\/yoast-seo-premium-wordpress\/ -->\n<title>IA et durabilit\u00e9 | Informatique intelligente et durable avec NorthC<\/title>\n<meta name=\"description\" content=\"Patrik Hofer explique comment NorthC utilise l&#039;IA de mani\u00e8re durable pour atteindre un objectif d&#039;efficacit\u00e9 \u00e9nerg\u00e9tique\" \/>\n<meta name=\"robots\" content=\"index, follow, max-snippet:-1, max-image-preview:large, max-video-preview:-1\" \/>\n<link rel=\"canonical\" href=\"https:\/\/www.northcdatacenters.com\/ch-fr\/centre-de-donnees\/comment-l-ia-et-la-durabilite-vont-de-pair-selon-northc\/\" \/>\n<meta property=\"og:locale\" content=\"fr_FR\" \/>\n<meta property=\"og:type\" content=\"article\" \/>\n<meta property=\"og:title\" content=\"Comment l&#039;IA et la durabilit\u00e9 vont de pair selon NorthC\" \/>\n<meta property=\"og:description\" content=\"Patrik Hofer explique comment l&#039;IA durable influence les infrastructures des centres de donn\u00e9es et leur efficacit\u00e9 \u00e9nerg\u00e9tique.\" \/>\n<meta property=\"og:url\" content=\"https:\/\/www.northcdatacenters.com\/ch-fr\/centre-de-donnees\/comment-l-ia-et-la-durabilite-vont-de-pair-selon-northc\/\" \/>\n<meta property=\"og:site_name\" content=\"NorthC Datacenters (CH-FR)\" \/>\n<meta property=\"article:published_time\" content=\"2025-06-11T07:03:23+00:00\" \/>\n<meta property=\"article:modified_time\" content=\"2026-04-22T10:02:27+00:00\" \/>\n<meta property=\"og:image\" content=\"https:\/\/www.northcdatacenters.com\/ch-fr\/wp-content\/uploads\/sites\/6\/2025\/01\/cropped-Racks-scaled-1.jpg\" \/>\n<meta name=\"author\" content=\"bettina\" \/>\n<meta name=\"twitter:card\" content=\"summary_large_image\" \/>\n<meta name=\"twitter:label1\" content=\"Written by\" \/>\n\t<meta name=\"twitter:data1\" content=\"bettina\" \/>\n\t<meta name=\"twitter:label2\" content=\"Est. reading time\" \/>\n\t<meta name=\"twitter:data2\" content=\"4 minutes\" \/>\n<script type=\"application\/ld+json\" class=\"yoast-schema-graph\">{\"@context\":\"https:\\\/\\\/schema.org\",\"@graph\":[{\"@type\":\"Article\",\"@id\":\"https:\\\/\\\/www.northcdatacenters.com\\\/ch-fr\\\/centre-de-donnees\\\/comment-l-ia-et-la-durabilite-vont-de-pair-selon-northc\\\/#article\",\"isPartOf\":{\"@id\":\"https:\\\/\\\/www.northcdatacenters.com\\\/ch-fr\\\/centre-de-donnees\\\/comment-l-ia-et-la-durabilite-vont-de-pair-selon-northc\\\/\"},\"author\":{\"name\":\"bettina\",\"@id\":\"https:\\\/\\\/www.northcdatacenters.com\\\/ch-fr\\\/#\\\/schema\\\/person\\\/2dfeec85b97bd1069af70ef59c2b813d\"},\"headline\":\"Comment l&rsquo;IA et la durabilit\u00e9 vont de pair selon NorthC\",\"datePublished\":\"2025-06-11T07:03:23+00:00\",\"dateModified\":\"2026-04-22T10:02:27+00:00\",\"mainEntityOfPage\":{\"@id\":\"https:\\\/\\\/www.northcdatacenters.com\\\/ch-fr\\\/centre-de-donnees\\\/comment-l-ia-et-la-durabilite-vont-de-pair-selon-northc\\\/\"},\"wordCount\":855,\"publisher\":{\"@id\":\"https:\\\/\\\/www.northcdatacenters.com\\\/ch-fr\\\/#organization\"},\"image\":{\"@id\":\"https:\\\/\\\/www.northcdatacenters.com\\\/ch-fr\\\/centre-de-donnees\\\/comment-l-ia-et-la-durabilite-vont-de-pair-selon-northc\\\/#primaryimage\"},\"thumbnailUrl\":\"https:\\\/\\\/www.northcdatacenters.com\\\/ch-fr\\\/wp-content\\\/uploads\\\/sites\\\/6\\\/2025\\\/06\\\/ai-hightech-industry.webp\",\"articleSection\":[\"Centre de donn\u00e9es\",\"Hightech\",\"Souverainet\u00e9 num\u00e9rique\"],\"inLanguage\":\"fr-FR\"},{\"@type\":\"WebPage\",\"@id\":\"https:\\\/\\\/www.northcdatacenters.com\\\/ch-fr\\\/centre-de-donnees\\\/comment-l-ia-et-la-durabilite-vont-de-pair-selon-northc\\\/\",\"url\":\"https:\\\/\\\/www.northcdatacenters.com\\\/ch-fr\\\/centre-de-donnees\\\/comment-l-ia-et-la-durabilite-vont-de-pair-selon-northc\\\/\",\"name\":\"IA et durabilit\u00e9 | Informatique intelligente et durable avec NorthC\",\"isPartOf\":{\"@id\":\"https:\\\/\\\/www.northcdatacenters.com\\\/ch-fr\\\/#website\"},\"primaryImageOfPage\":{\"@id\":\"https:\\\/\\\/www.northcdatacenters.com\\\/ch-fr\\\/centre-de-donnees\\\/comment-l-ia-et-la-durabilite-vont-de-pair-selon-northc\\\/#primaryimage\"},\"image\":{\"@id\":\"https:\\\/\\\/www.northcdatacenters.com\\\/ch-fr\\\/centre-de-donnees\\\/comment-l-ia-et-la-durabilite-vont-de-pair-selon-northc\\\/#primaryimage\"},\"thumbnailUrl\":\"https:\\\/\\\/www.northcdatacenters.com\\\/ch-fr\\\/wp-content\\\/uploads\\\/sites\\\/6\\\/2025\\\/06\\\/ai-hightech-industry.webp\",\"datePublished\":\"2025-06-11T07:03:23+00:00\",\"dateModified\":\"2026-04-22T10:02:27+00:00\",\"description\":\"Patrik Hofer explique comment NorthC utilise l'IA de mani\u00e8re durable pour atteindre un objectif d'efficacit\u00e9 \u00e9nerg\u00e9tique\",\"breadcrumb\":{\"@id\":\"https:\\\/\\\/www.northcdatacenters.com\\\/ch-fr\\\/centre-de-donnees\\\/comment-l-ia-et-la-durabilite-vont-de-pair-selon-northc\\\/#breadcrumb\"},\"inLanguage\":\"fr-FR\",\"potentialAction\":[{\"@type\":\"ReadAction\",\"target\":[\"https:\\\/\\\/www.northcdatacenters.com\\\/ch-fr\\\/centre-de-donnees\\\/comment-l-ia-et-la-durabilite-vont-de-pair-selon-northc\\\/\"]}]},{\"@type\":\"ImageObject\",\"inLanguage\":\"fr-FR\",\"@id\":\"https:\\\/\\\/www.northcdatacenters.com\\\/ch-fr\\\/centre-de-donnees\\\/comment-l-ia-et-la-durabilite-vont-de-pair-selon-northc\\\/#primaryimage\",\"url\":\"https:\\\/\\\/www.northcdatacenters.com\\\/ch-fr\\\/wp-content\\\/uploads\\\/sites\\\/6\\\/2025\\\/06\\\/ai-hightech-industry.webp\",\"contentUrl\":\"https:\\\/\\\/www.northcdatacenters.com\\\/ch-fr\\\/wp-content\\\/uploads\\\/sites\\\/6\\\/2025\\\/06\\\/ai-hightech-industry.webp\",\"width\":1920,\"height\":800,\"caption\":\"alt=\\\"\\\"\"},{\"@type\":\"BreadcrumbList\",\"@id\":\"https:\\\/\\\/www.northcdatacenters.com\\\/ch-fr\\\/centre-de-donnees\\\/comment-l-ia-et-la-durabilite-vont-de-pair-selon-northc\\\/#breadcrumb\",\"itemListElement\":[{\"@type\":\"ListItem\",\"position\":1,\"name\":\"Home\",\"item\":\"https:\\\/\\\/www.northcdatacenters.com\\\/ch-fr\\\/\"},{\"@type\":\"ListItem\",\"position\":2,\"name\":\"Comment l&rsquo;IA et la durabilit\u00e9 vont de pair selon NorthC\"}]},{\"@type\":\"WebSite\",\"@id\":\"https:\\\/\\\/www.northcdatacenters.com\\\/ch-fr\\\/#website\",\"url\":\"https:\\\/\\\/www.northcdatacenters.com\\\/ch-fr\\\/\",\"name\":\"NorthC Datacenters\",\"description\":\"Digital business, Personal connections.\",\"publisher\":{\"@id\":\"https:\\\/\\\/www.northcdatacenters.com\\\/ch-fr\\\/#organization\"},\"potentialAction\":[{\"@type\":\"SearchAction\",\"target\":{\"@type\":\"EntryPoint\",\"urlTemplate\":\"https:\\\/\\\/www.northcdatacenters.com\\\/ch-fr\\\/?s={search_term_string}\"},\"query-input\":{\"@type\":\"PropertyValueSpecification\",\"valueRequired\":true,\"valueName\":\"search_term_string\"}}],\"inLanguage\":\"fr-FR\"},{\"@type\":\"Organization\",\"@id\":\"https:\\\/\\\/www.northcdatacenters.com\\\/ch-fr\\\/#organization\",\"name\":\"NorthC Datacenters\",\"url\":\"https:\\\/\\\/www.northcdatacenters.com\\\/ch-fr\\\/\",\"logo\":{\"@type\":\"ImageObject\",\"inLanguage\":\"fr-FR\",\"@id\":\"https:\\\/\\\/www.northcdatacenters.com\\\/ch-fr\\\/#\\\/schema\\\/logo\\\/image\\\/\",\"url\":\"https:\\\/\\\/www.northcdatacenters.com\\\/ch-fr\\\/wp-content\\\/uploads\\\/sites\\\/6\\\/2024\\\/11\\\/Logo_NorthC.svg\",\"contentUrl\":\"https:\\\/\\\/www.northcdatacenters.com\\\/ch-fr\\\/wp-content\\\/uploads\\\/sites\\\/6\\\/2024\\\/11\\\/Logo_NorthC.svg\",\"width\":110,\"height\":24,\"caption\":\"NorthC Datacenters\"},\"image\":{\"@id\":\"https:\\\/\\\/www.northcdatacenters.com\\\/ch-fr\\\/#\\\/schema\\\/logo\\\/image\\\/\"}},{\"@type\":\"Person\",\"@id\":\"https:\\\/\\\/www.northcdatacenters.com\\\/ch-fr\\\/#\\\/schema\\\/person\\\/2dfeec85b97bd1069af70ef59c2b813d\",\"name\":\"bettina\",\"url\":\"https:\\\/\\\/www.northcdatacenters.com\\\/ch-fr\\\/author\\\/bettina\\\/\"}]}<\/script>\n<!-- \/ Yoast SEO Premium plugin. -->","yoast_head_json":{"title":"IA et durabilit\u00e9 | Informatique intelligente et durable avec NorthC","description":"Patrik Hofer explique comment NorthC utilise l'IA de mani\u00e8re durable pour atteindre un objectif d'efficacit\u00e9 \u00e9nerg\u00e9tique","robots":{"index":"index","follow":"follow","max-snippet":"max-snippet:-1","max-image-preview":"max-image-preview:large","max-video-preview":"max-video-preview:-1"},"canonical":"https:\/\/www.northcdatacenters.com\/ch-fr\/centre-de-donnees\/comment-l-ia-et-la-durabilite-vont-de-pair-selon-northc\/","og_locale":"fr_FR","og_type":"article","og_title":"Comment l'IA et la durabilit\u00e9 vont de pair selon NorthC","og_description":"Patrik Hofer explique comment l'IA durable influence les infrastructures des centres de donn\u00e9es et leur efficacit\u00e9 \u00e9nerg\u00e9tique.","og_url":"https:\/\/www.northcdatacenters.com\/ch-fr\/centre-de-donnees\/comment-l-ia-et-la-durabilite-vont-de-pair-selon-northc\/","og_site_name":"NorthC Datacenters (CH-FR)","article_published_time":"2025-06-11T07:03:23+00:00","article_modified_time":"2026-04-22T10:02:27+00:00","og_image":[{"url":"https:\/\/www.northcdatacenters.com\/ch-fr\/wp-content\/uploads\/sites\/6\/2025\/01\/cropped-Racks-scaled-1.jpg","type":"","width":"","height":""}],"author":"bettina","twitter_card":"summary_large_image","twitter_misc":{"Written by":"bettina","Est. reading time":"4 minutes"},"schema":{"@context":"https:\/\/schema.org","@graph":[{"@type":"Article","@id":"https:\/\/www.northcdatacenters.com\/ch-fr\/centre-de-donnees\/comment-l-ia-et-la-durabilite-vont-de-pair-selon-northc\/#article","isPartOf":{"@id":"https:\/\/www.northcdatacenters.com\/ch-fr\/centre-de-donnees\/comment-l-ia-et-la-durabilite-vont-de-pair-selon-northc\/"},"author":{"name":"bettina","@id":"https:\/\/www.northcdatacenters.com\/ch-fr\/#\/schema\/person\/2dfeec85b97bd1069af70ef59c2b813d"},"headline":"Comment l&rsquo;IA et la durabilit\u00e9 vont de pair selon NorthC","datePublished":"2025-06-11T07:03:23+00:00","dateModified":"2026-04-22T10:02:27+00:00","mainEntityOfPage":{"@id":"https:\/\/www.northcdatacenters.com\/ch-fr\/centre-de-donnees\/comment-l-ia-et-la-durabilite-vont-de-pair-selon-northc\/"},"wordCount":855,"publisher":{"@id":"https:\/\/www.northcdatacenters.com\/ch-fr\/#organization"},"image":{"@id":"https:\/\/www.northcdatacenters.com\/ch-fr\/centre-de-donnees\/comment-l-ia-et-la-durabilite-vont-de-pair-selon-northc\/#primaryimage"},"thumbnailUrl":"https:\/\/www.northcdatacenters.com\/ch-fr\/wp-content\/uploads\/sites\/6\/2025\/06\/ai-hightech-industry.webp","articleSection":["Centre de donn\u00e9es","Hightech","Souverainet\u00e9 num\u00e9rique"],"inLanguage":"fr-FR"},{"@type":"WebPage","@id":"https:\/\/www.northcdatacenters.com\/ch-fr\/centre-de-donnees\/comment-l-ia-et-la-durabilite-vont-de-pair-selon-northc\/","url":"https:\/\/www.northcdatacenters.com\/ch-fr\/centre-de-donnees\/comment-l-ia-et-la-durabilite-vont-de-pair-selon-northc\/","name":"IA et durabilit\u00e9 | Informatique intelligente et durable avec NorthC","isPartOf":{"@id":"https:\/\/www.northcdatacenters.com\/ch-fr\/#website"},"primaryImageOfPage":{"@id":"https:\/\/www.northcdatacenters.com\/ch-fr\/centre-de-donnees\/comment-l-ia-et-la-durabilite-vont-de-pair-selon-northc\/#primaryimage"},"image":{"@id":"https:\/\/www.northcdatacenters.com\/ch-fr\/centre-de-donnees\/comment-l-ia-et-la-durabilite-vont-de-pair-selon-northc\/#primaryimage"},"thumbnailUrl":"https:\/\/www.northcdatacenters.com\/ch-fr\/wp-content\/uploads\/sites\/6\/2025\/06\/ai-hightech-industry.webp","datePublished":"2025-06-11T07:03:23+00:00","dateModified":"2026-04-22T10:02:27+00:00","description":"Patrik Hofer explique comment NorthC utilise l'IA de mani\u00e8re durable pour atteindre un objectif d'efficacit\u00e9 \u00e9nerg\u00e9tique","breadcrumb":{"@id":"https:\/\/www.northcdatacenters.com\/ch-fr\/centre-de-donnees\/comment-l-ia-et-la-durabilite-vont-de-pair-selon-northc\/#breadcrumb"},"inLanguage":"fr-FR","potentialAction":[{"@type":"ReadAction","target":["https:\/\/www.northcdatacenters.com\/ch-fr\/centre-de-donnees\/comment-l-ia-et-la-durabilite-vont-de-pair-selon-northc\/"]}]},{"@type":"ImageObject","inLanguage":"fr-FR","@id":"https:\/\/www.northcdatacenters.com\/ch-fr\/centre-de-donnees\/comment-l-ia-et-la-durabilite-vont-de-pair-selon-northc\/#primaryimage","url":"https:\/\/www.northcdatacenters.com\/ch-fr\/wp-content\/uploads\/sites\/6\/2025\/06\/ai-hightech-industry.webp","contentUrl":"https:\/\/www.northcdatacenters.com\/ch-fr\/wp-content\/uploads\/sites\/6\/2025\/06\/ai-hightech-industry.webp","width":1920,"height":800,"caption":"alt=\"\""},{"@type":"BreadcrumbList","@id":"https:\/\/www.northcdatacenters.com\/ch-fr\/centre-de-donnees\/comment-l-ia-et-la-durabilite-vont-de-pair-selon-northc\/#breadcrumb","itemListElement":[{"@type":"ListItem","position":1,"name":"Home","item":"https:\/\/www.northcdatacenters.com\/ch-fr\/"},{"@type":"ListItem","position":2,"name":"Comment l&rsquo;IA et la durabilit\u00e9 vont de pair selon NorthC"}]},{"@type":"WebSite","@id":"https:\/\/www.northcdatacenters.com\/ch-fr\/#website","url":"https:\/\/www.northcdatacenters.com\/ch-fr\/","name":"NorthC Datacenters","description":"Digital business, Personal connections.","publisher":{"@id":"https:\/\/www.northcdatacenters.com\/ch-fr\/#organization"},"potentialAction":[{"@type":"SearchAction","target":{"@type":"EntryPoint","urlTemplate":"https:\/\/www.northcdatacenters.com\/ch-fr\/?s={search_term_string}"},"query-input":{"@type":"PropertyValueSpecification","valueRequired":true,"valueName":"search_term_string"}}],"inLanguage":"fr-FR"},{"@type":"Organization","@id":"https:\/\/www.northcdatacenters.com\/ch-fr\/#organization","name":"NorthC Datacenters","url":"https:\/\/www.northcdatacenters.com\/ch-fr\/","logo":{"@type":"ImageObject","inLanguage":"fr-FR","@id":"https:\/\/www.northcdatacenters.com\/ch-fr\/#\/schema\/logo\/image\/","url":"https:\/\/www.northcdatacenters.com\/ch-fr\/wp-content\/uploads\/sites\/6\/2024\/11\/Logo_NorthC.svg","contentUrl":"https:\/\/www.northcdatacenters.com\/ch-fr\/wp-content\/uploads\/sites\/6\/2024\/11\/Logo_NorthC.svg","width":110,"height":24,"caption":"NorthC Datacenters"},"image":{"@id":"https:\/\/www.northcdatacenters.com\/ch-fr\/#\/schema\/logo\/image\/"}},{"@type":"Person","@id":"https:\/\/www.northcdatacenters.com\/ch-fr\/#\/schema\/person\/2dfeec85b97bd1069af70ef59c2b813d","name":"bettina","url":"https:\/\/www.northcdatacenters.com\/ch-fr\/author\/bettina\/"}]}},"_links":{"self":[{"href":"https:\/\/www.northcdatacenters.com\/ch-fr\/wp-json\/wp\/v2\/posts\/29182","targetHints":{"allow":["GET"]}}],"collection":[{"href":"https:\/\/www.northcdatacenters.com\/ch-fr\/wp-json\/wp\/v2\/posts"}],"about":[{"href":"https:\/\/www.northcdatacenters.com\/ch-fr\/wp-json\/wp\/v2\/types\/post"}],"author":[{"embeddable":true,"href":"https:\/\/www.northcdatacenters.com\/ch-fr\/wp-json\/wp\/v2\/users\/24"}],"replies":[{"embeddable":true,"href":"https:\/\/www.northcdatacenters.com\/ch-fr\/wp-json\/wp\/v2\/comments?post=29182"}],"version-history":[{"count":5,"href":"https:\/\/www.northcdatacenters.com\/ch-fr\/wp-json\/wp\/v2\/posts\/29182\/revisions"}],"predecessor-version":[{"id":30558,"href":"https:\/\/www.northcdatacenters.com\/ch-fr\/wp-json\/wp\/v2\/posts\/29182\/revisions\/30558"}],"wp:featuredmedia":[{"embeddable":true,"href":"https:\/\/www.northcdatacenters.com\/ch-fr\/wp-json\/wp\/v2\/media\/29189"}],"wp:attachment":[{"href":"https:\/\/www.northcdatacenters.com\/ch-fr\/wp-json\/wp\/v2\/media?parent=29182"}],"wp:term":[{"taxonomy":"category","embeddable":true,"href":"https:\/\/www.northcdatacenters.com\/ch-fr\/wp-json\/wp\/v2\/categories?post=29182"},{"taxonomy":"post_tag","embeddable":true,"href":"https:\/\/www.northcdatacenters.com\/ch-fr\/wp-json\/wp\/v2\/tags?post=29182"}],"curies":[{"name":"wp","href":"https:\/\/api.w.org\/{rel}","templated":true}]}}