{"id":30962,"date":"2026-02-23T16:08:57","date_gmt":"2026-02-23T16:08:57","guid":{"rendered":"https:\/\/www.northcdatacenters.com\/ch-fr\/?p=30962"},"modified":"2026-04-17T09:28:14","modified_gmt":"2026-04-17T09:28:14","slug":"northc-finalise-l-acquisition-de-six-centres-de-donnees-de-colt-technology-services","status":"publish","type":"post","link":"https:\/\/www.northcdatacenters.com\/ch-fr\/media-corner\/northc-finalise-l-acquisition-de-six-centres-de-donnees-de-colt-technology-services\/","title":{"rendered":"NorthC finalise l&rsquo;acquisition de six centres de donn\u00e9es de Colt Technology Services"},"content":{"rendered":"<div class=\"wpb-content-wrapper\"><p>[vc_row vc_row_spacing=\u00a0\u00bbdont-add-spacer adds-own-spacer add-spacer-top\u00a0\u00bb][vc_column][vc_column_text]Amsterdam, Pays-Bas, 1er septembre 2025 &#8211; NorthC, l&rsquo;un des principaux fournisseurs r\u00e9gionaux de centres de donn\u00e9es en Europe du Nord-Ouest, a annonc\u00e9 la finalisation de l&rsquo;acquisition de six centres de donn\u00e9es appartenant \u00e0 Colt Technology Services. \u00c0 compter du 1er septembre, NorthC prendra en charge l&rsquo;exploitation des sites de Francfort, Berlin, Hambourg, Munich et D\u00fcsseldorf, ainsi que celui d&rsquo;Amsterdam aux Pays-Bas.[\/vc_column_text][\/vc_column][\/vc_row][vc_row full_width=\u00a0\u00bbstretch_row_content\u00a0\u00bb][vc_column]<div class=\"title-block px-3 title-block-image-right\">\n  <div class=\"container image-container\" style=\"--image-position-x: 50%;\">\n          <div class=\"video-content video-thumbnail\">\n  <div class=\"video-content-grid\">\n    \n<div class=\"poster d-flex flex-column justify-content-end align-items-center align-items-xl-start apply-video-aspect-ratio\" style=\"--poster-image: url(https:\/\/www.northcdatacenters.com\/ch-fr\/wp-content\/uploads\/sites\/6\/2025\/04\/NorthC-Germany-Netherlands.webp); --aspect-ratio-x: 16; --aspect-ratio-y: 9;\">\n  <a href=\"#modal-video-69efb1dbd013e\" data-bs-toggle=\"modal\" class=\"stretched-link\" aria-label=\"Lire la vid\u00e9o\"><\/a>\n  <button type=\"button\" data-bs-target=\"#modal-video-69efb1dbd013e\" data-bs-toggle=\"modal\" \n    class=\"play-button bg-primary slanted slanted-from-top-right\" aria-label=\"Lire la vid\u00e9o\">\n    <i class=\"d-flex icon-play text-dark\" aria-hidden=\"true\"><jello-icon name=\"custom\/play\"><\/jello-icon><\/i>\n  <\/button>\n\n  <\/div>\n\n\n      <\/div>\n<\/div>\n      <\/div>\n\n  <div class=\"d-none d-xl-block background-with-slanted-edge slanted\"><\/div>\n\n  <div class=\"container text-container\">\n    <div class=\"text-bg-white text py-9 px-6 d-flex flex-column\">\n      \n      <div class=\"content lh-xl\">\n        <p>Cette acquisition ajoute plus de 25 m\u00e9gawatts de capacit\u00e9 suppl\u00e9mentaire \u00e0 la plateforme de NorthC, renfor\u00e7ant ainsi de mani\u00e8re significative la pr\u00e9sence de l&rsquo;entreprise dans la r\u00e9gion DACH et l&rsquo;Union Benelux. Elle permet une couverture compl\u00e8te du march\u00e9 allemand : les deux sites existants seront compl\u00e9t\u00e9s par cinq autres. Enfin, cette acquisition cr\u00e9e des capacit\u00e9s suppl\u00e9mentaires \u00e0 Amsterdam, un n\u0153ud central du r\u00e9seau de centres de donn\u00e9es r\u00e9gionaux de NorthC.<\/p>\n<p>NorthC pr\u00e9voit \u00e9galement d&rsquo;\u00e9tendre son \u00e9cosyst\u00e8me de connectivit\u00e9 afin de r\u00e9pondre \u00e0 la demande croissante de solutions \u00e0 faible latence pour les centres de donn\u00e9es con\u00e7us pour l&rsquo;IA.<\/p>\n      <\/div>\n\n          <\/div>\n  <\/div>\n<\/div>[\/vc_column][\/vc_row][vc_row vc_row_spacing=\u00a0\u00bbdont-add-spacer adds-own-spacer add-spacer-top\u00a0\u00bb][vc_column][vc_column_text]<strong>Mise en place d&rsquo;une base solide<\/strong><\/p>\n<p>NorthC dispose d&rsquo;un vaste \u00e9ventail de succ\u00e8s dans la mise \u00e0 disposition de services de colocation fiables et s\u00e9curis\u00e9s. L&rsquo;accent est mis ici sur la pr\u00e9sence r\u00e9gionale, une infrastructure \u00e9volutive et durable, ainsi qu&rsquo;une expertise technique exceptionnelle avec une touche personnelle.<\/p>\n<p>Apr\u00e8s le transfert de contr\u00f4le le 1er septembre, les sites acquis seront int\u00e9gr\u00e9s \u00e0 la plateforme NorthC et align\u00e9s sur les normes d&rsquo;exploitation, de qualit\u00e9 et de service de NorthC. Les clients b\u00e9n\u00e9ficieront d&rsquo;un acc\u00e8s transparent aux services num\u00e9riques de NorthC, tels que le portail en libre-service \u00ab MyNorthC \u00bb.<\/p>\n<p>NorthC pr\u00e9voit d&rsquo;augmenter la capacit\u00e9 disponible, l&rsquo;efficacit\u00e9 et la durabilit\u00e9 des nouveaux centres de donn\u00e9es en investissant davantage dans les nouveaux sites. De cette mani\u00e8re, l&rsquo;entreprise souhaite s&rsquo;assurer que les clients b\u00e9n\u00e9ficient des m\u00eames normes \u00e9lev\u00e9es de service et de qualit\u00e9 que NorthC offre dans tous ses centres de donn\u00e9es.<\/p>\n<p>Alexandra Schless, PDG du groupe NorthC, explique : \u00ab Aujourd&rsquo;hui marque une \u00e9tape importante dans notre objectif de devenir la plateforme leader pour les centres de donn\u00e9es r\u00e9gionaux en Europe du Nord-Ouest. L&rsquo;int\u00e9gration de ces six sites strat\u00e9giques acc\u00e9l\u00e8re notre expansion, en particulier en Allemagne. Cela nous permettra de soutenir nos clients dans toutes les r\u00e9gions m\u00e9tropolitaines centrales gr\u00e2ce \u00e0 une infrastructure num\u00e9rique \u00e9volutive, s\u00e9curis\u00e9e et durable. \u00bb<\/p>\n<p><strong>Soutenir les clients \u2013 au niveau local et au-del\u00e0 des fronti\u00e8res nationales<\/strong><\/p>\n<p>Les centres de donn\u00e9es acquis sont situ\u00e9s dans des r\u00e9gions b\u00e9n\u00e9ficiant d&rsquo;une forte connectivit\u00e9 et d&rsquo;un besoin croissant en infrastructures num\u00e9riques. Gr\u00e2ce \u00e0 cette expansion, NorthC est encore mieux plac\u00e9 pour soutenir les organisations ayant des activit\u00e9s transfrontali\u00e8res, telles que les entreprises internationales, les fournisseurs de services Cloud et informatiques ou les institutions publiques.<\/p>\n<p>Dans le cadre de la transaction, Colt Technology Services restera un client de longue date dans les sites acquis. Cela garantit la continuit\u00e9 du service et renforce la coop\u00e9ration entre les deux entreprises.<\/p>\n<p>\u00ab Notre objectif principal est d&rsquo;assurer une transition sans heurts pour tous les clients \u00bb, souligne Alexandra Schless. \u00ab De plus, notre objectif est de cr\u00e9er de la valeur ajout\u00e9e gr\u00e2ce \u00e0 nos \u00e9quipes d&rsquo;experts, tant dans les domaines techniques que dans le service \u00e0 la client\u00e8le. \u00bb[\/vc_column_text]\n    <picture class=\"responsive-picture \">\n                                              <source srcset=\"https:\/\/www.northcdatacenters.com\/ch-fr\/wp-content\/uploads\/sites\/6\/2024\/12\/Alexandra-Schless-NorthC-CEO.webp 996w, https:\/\/www.northcdatacenters.com\/ch-fr\/wp-content\/uploads\/sites\/6\/2024\/12\/Alexandra-Schless-NorthC-CEO-300x181.webp 300w, https:\/\/www.northcdatacenters.com\/ch-fr\/wp-content\/uploads\/sites\/6\/2024\/12\/Alexandra-Schless-NorthC-CEO-768x463.webp 768w, https:\/\/www.northcdatacenters.com\/ch-fr\/wp-content\/uploads\/sites\/6\/2024\/12\/Alexandra-Schless-NorthC-CEO-175x105.webp 175w, https:\/\/www.northcdatacenters.com\/ch-fr\/wp-content\/uploads\/sites\/6\/2024\/12\/Alexandra-Schless-NorthC-CEO-510x307.webp 510w, https:\/\/www.northcdatacenters.com\/ch-fr\/wp-content\/uploads\/sites\/6\/2024\/12\/Alexandra-Schless-NorthC-CEO-800x482.webp 800w\" media=\"(min-width: 768px)\">\n                                                  <source srcset=\"https:\/\/www.northcdatacenters.com\/ch-fr\/wp-content\/uploads\/sites\/6\/2024\/12\/Alexandra-Schless-CEO-NorthC-mobile.webp 579w, https:\/\/www.northcdatacenters.com\/ch-fr\/wp-content\/uploads\/sites\/6\/2024\/12\/Alexandra-Schless-CEO-NorthC-mobile-290x300.webp 290w, https:\/\/www.northcdatacenters.com\/ch-fr\/wp-content\/uploads\/sites\/6\/2024\/12\/Alexandra-Schless-CEO-NorthC-mobile-175x181.webp 175w, https:\/\/www.northcdatacenters.com\/ch-fr\/wp-content\/uploads\/sites\/6\/2024\/12\/Alexandra-Schless-CEO-NorthC-mobile-347x360.webp 347w, https:\/\/www.northcdatacenters.com\/ch-fr\/wp-content\/uploads\/sites\/6\/2024\/12\/Alexandra-Schless-CEO-NorthC-mobile-483x500.webp 483w\" media=\"(min-width: 576px)\">\n                        \n      <img decoding=\"async\" src=\"https:\/\/www.northcdatacenters.com\/ch-fr\/wp-content\/uploads\/sites\/6\/2024\/12\/Alexandra-Schless-CEO-NorthC-mobile.webp\" alt=\"\" loading=\"auto\" width=\"\" height=\"\">\n    <\/picture>\n[vc_column_text]<em>Alexandra Schless, Group CEO NorthC<\/em>[\/vc_column_text][\/vc_column][\/vc_row][vc_row el_id=\u00a0\u00bbinsights\u00a0\u00bb][vc_column]<div class=\"title d-flex flex-wrap  justify-content-between gap-4 mb-12\">\n  <div class=\"d-flex flex-column \">\n          <h3 class=\"chapeau text-base text-gray-500\">Insights<\/h3>\n    \n    <div class=\"d-flex flex-column gap-4\">\n      <h2 class=\"mb-2\">Autres communiqu\u00e9s de presse<\/h2>\n\n              <p class=\"text-base lh15 mb-2\">Vous trouverez ici d'autres communiqu\u00e9s de presse concernant l'acquisition de Colt et notre expansion dans la r\u00e9gion DACH.<\/p>\n          <\/div>\n\n    \n\n  <\/div>\n  <\/div>\n<div class=\"related-insights card-list\">\n      \n<div class=\"card card-horizontal has-description\">\n  <div class=\"card-img-wrap aspect-ratio bg-gray-300\" style=\"--aspect-ratio: 1.41\">\n          <img decoding=\"async\" src=\"https:\/\/www.northcdatacenters.com\/ch-fr\/wp-content\/uploads\/sites\/6\/2025\/04\/NorthC-data-centers-Colt-510x360.webp\" srcset=\"\"\n  class=\"card-img h-100 bg-gray-300 inherit-aspect-ratio\" style=\"\"\n  loading=\"lazy\"\n  sizes=\"400px\" \/>    \n    <div class=\"card-img-overlay\">\n              <span class=\"tag text-bg-white\">\n          Temps de lecture : 2 min        <\/span>\n          <\/div>\n  <\/div>\n\n  <div class=\"card-body\">\n    <div class=\"card-title mb-2\">\n      NorthC acquiert six centres de donn\u00e9es de Colt Technology Services en Allemagne et aux Pays-Bas    <\/div>\n\n          <div class=\"chapeau\">\n        Article      <\/div>\n    \n          <p class=\"card-text mb-0\">\n        La transaction comprend des centres de donn\u00e9es dans des grandes r\u00e9gions m\u00e9tropolitaines telles que Francfort, Berlin, Hambourg, Munich, D\u00fcsseldorf et Amsterdam. Les centres de donn\u00e9es ont une disponibilit\u00e9 de puissance\u2026      <\/p>\n      <\/div>\n\n  \n  <a href=\"https:\/\/www.northcdatacenters.com\/ch-fr\/media-corner\/prise-en-charge-des-centres-de-donnees-colt\/\" class=\"stretched-link\" target=\"\">\n    <span class=\"card-btn material-symbols-outlined m-0\" aria-hidden=\"true\"><jello-icon name=\"material\/arrow_right_alt\"><\/jello-icon><\/span>\n  <\/a>\n<\/div>      \n<div class=\"card card-horizontal has-description\">\n  <div class=\"card-img-wrap aspect-ratio bg-gray-300\" style=\"--aspect-ratio: 1.41\">\n          <img decoding=\"async\" src=\"https:\/\/www.northcdatacenters.com\/ch-fr\/wp-content\/uploads\/sites\/6\/2023\/07\/Header-Press-Release-DC-WIN-510x360.webp\" srcset=\"\"\n  class=\"card-img h-100 bg-gray-300 inherit-aspect-ratio\" style=\"\"\n  loading=\"lazy\"\n  sizes=\"400px\" \/>    \n    <div class=\"card-img-overlay\">\n              <span class=\"tag text-bg-white\">\n          Temps de lecture : 2 min        <\/span>\n          <\/div>\n  <\/div>\n\n  <div class=\"card-body\">\n    <div class=\"card-title mb-2\">\n      NorthC Group poursuit son expansion avec un quatri\u00e8me centre de donn\u00e9es en Suisse    <\/div>\n\n          <div class=\"chapeau\">\n        Article      <\/div>\n    \n          <p class=\"card-text mb-0\">\n        NorthC Group poursuit le d\u00e9veloppement de sa pr\u00e9sence en Suisse et ouvre un nouveau centre de donn\u00e9es dans la r\u00e9gion de Zurich. NorthC renforce ainsi sa couverture r\u00e9gionale et poursuit\u2026      <\/p>\n      <\/div>\n\n  \n  <a href=\"https:\/\/www.northcdatacenters.com\/ch-fr\/media-corner\/northc-group-poursuit-son-expansion-avec-un-quatrieme-centre-de-donnees-en-suisse\/\" class=\"stretched-link\" target=\"\">\n    <span class=\"card-btn material-symbols-outlined m-0\" aria-hidden=\"true\"><jello-icon name=\"material\/arrow_right_alt\"><\/jello-icon><\/span>\n  <\/a>\n<\/div>  <\/div>\n\n[\/vc_column][\/vc_row][vc_row full_width=\u00a0\u00bbstretch_row\u00a0\u00bb north_c_background_color=\u00a0\u00bbbg-gray-200&Prime;][vc_column]<div class=\"cta\">\n  <div class=\"cta-grid\">\n    <div class=\"cta-picture\">\n      <picture class=\"responsive-picture d-block\">\n  <img decoding=\"async\" src=\"https:\/\/www.northcdatacenters.com\/ch-fr\/wp-content\/uploads\/sites\/6\/2024\/11\/Marina-2-1256x1256.webp\" srcset=\"https:\/\/www.northcdatacenters.com\/ch-fr\/wp-content\/uploads\/sites\/6\/2024\/11\/Marina-2-1256x1256.webp 1256w, https:\/\/www.northcdatacenters.com\/ch-fr\/wp-content\/uploads\/sites\/6\/2024\/11\/Marina-2-300x300.webp 300w, https:\/\/www.northcdatacenters.com\/ch-fr\/wp-content\/uploads\/sites\/6\/2024\/11\/Marina-2-1024x1024.webp 1024w, https:\/\/www.northcdatacenters.com\/ch-fr\/wp-content\/uploads\/sites\/6\/2024\/11\/Marina-2-768x768.webp 768w, https:\/\/www.northcdatacenters.com\/ch-fr\/wp-content\/uploads\/sites\/6\/2024\/11\/Marina-2-1536x1536.webp 1536w, https:\/\/www.northcdatacenters.com\/ch-fr\/wp-content\/uploads\/sites\/6\/2024\/11\/Marina-2-250x250.webp 250w, https:\/\/www.northcdatacenters.com\/ch-fr\/wp-content\/uploads\/sites\/6\/2024\/11\/Marina-2-740x740.webp 740w, https:\/\/www.northcdatacenters.com\/ch-fr\/wp-content\/uploads\/sites\/6\/2024\/11\/Marina-2-175x175.webp 175w, https:\/\/www.northcdatacenters.com\/ch-fr\/wp-content\/uploads\/sites\/6\/2024\/11\/Marina-2-360x360.webp 360w, https:\/\/www.northcdatacenters.com\/ch-fr\/wp-content\/uploads\/sites\/6\/2024\/11\/Marina-2-500x500.webp 500w, https:\/\/www.northcdatacenters.com\/ch-fr\/wp-content\/uploads\/sites\/6\/2024\/11\/Marina-2.webp 1920w\"\n  class=\"\" style=\"\"\n  loading=\"lazy\"\n  sizes=\"(min-width: 992px) 1280px, 100vw\" \/><\/picture>\n          <\/div>\n\n    <div class=\"text text-white d-flex flex-column gap-4 justify-content-center align-items-center p-6 pb-12 px-lg-12 px-xxl-28\">\n      <h6 class=\"text-primary lh214 font-extrabold text-center mb-0\"><\/h6>\n      <h3 class=\"mb-2 text-center text-sm-5xl mb-sm-6 text-balance\">Voulez-vous recevoir d'autres conseils et actualit\u00e9s de notre part ?<\/h3>\n      <div class=\"buttons d-flex flex-column flex-lg-row flex-wrap gap-4 align-items-center justify-content-center dark-background\">\n                  \n  <button class=\"btn btn-primary\" type=\"button\" data-bs-toggle=\"offcanvas\" data-bs-target=\"#offcanvas_39\" aria-controls=\"offcanvas_39\">\n    S'inscrire \u00e0 la newsletter  <\/button>\n                  \n  \n  <button class=\"btn btn-secondary\" type=\"button\" data-bs-toggle=\"offcanvas\" data-bs-target=\"#offcanvas_28\" aria-controls=\"offcanvas_28\">\n    Contactez-nous  <\/button>\n\n              <\/div>\n    <\/div>\n  <\/div>\n<\/div>[\/vc_column][\/vc_row]<\/p>\n<\/div>","protected":false},"excerpt":{"rendered":"<p>La transaction porte sur des centres de donn\u00e9es situ\u00e9s dans des r\u00e9gions m\u00e9tropolitaines importantes telles que Francfort, Berlin, Hambourg, Munich, D\u00fcsseldorf et Amsterdam. Les centres de donn\u00e9es ont une capacit\u00e9 totale de plus de 25 MW.<\/p>\n","protected":false},"author":31,"featured_media":28816,"comment_status":"closed","ping_status":"closed","sticky":false,"template":"","format":"standard","meta":{"_acf_changed":false,"_relevanssi_hide_post":"","_relevanssi_hide_content":"","_relevanssi_pin_for_all":"","_relevanssi_pin_keywords":"","_relevanssi_unpin_keywords":"","_relevanssi_related_keywords":"","_relevanssi_related_include_ids":"","_relevanssi_related_exclude_ids":"","_relevanssi_related_no_append":"","_relevanssi_related_not_related":"","_relevanssi_related_posts":"","_relevanssi_noindex_reason":"","footnotes":""},"categories":[48],"tags":[],"class_list":["post-30962","post","type-post","status-publish","format-standard","has-post-thumbnail","hentry","category-media-corner"],"acf":[],"yoast_head":"<!-- This site is optimized with the Yoast SEO Premium plugin v27.4 (Yoast SEO v27.4) - https:\/\/yoast.com\/product\/yoast-seo-premium-wordpress\/ -->\n<title>NorthC finalise l&#039;acquisition de six centres de donn\u00e9es<\/title>\n<meta name=\"description\" content=\"NorthC finalise l&#039;acquisition de six centres de donn\u00e9es de Colt Technology Services. D\u00e9couvrez ce que cela signifie pour NorthC.\" \/>\n<meta name=\"robots\" content=\"index, follow, max-snippet:-1, max-image-preview:large, max-video-preview:-1\" \/>\n<link rel=\"canonical\" href=\"https:\/\/www.northcdatacenters.com\/ch-fr\/media-corner\/northc-finalise-l-acquisition-de-six-centres-de-donnees-de-colt-technology-services\/\" \/>\n<meta property=\"og:locale\" content=\"fr_FR\" \/>\n<meta property=\"og:type\" content=\"article\" \/>\n<meta property=\"og:title\" content=\"NorthC finalise l&#039;acquisition de six centres de donn\u00e9es de Colt Technology Services\" \/>\n<meta property=\"og:description\" content=\"NorthC prend en charge six centres de donn\u00e9es Colt, \u00e9largissant ainsi son r\u00e9seau dans la r\u00e9gion DACH et l&#039;Union Benelux.\" \/>\n<meta property=\"og:url\" content=\"https:\/\/www.northcdatacenters.com\/ch-fr\/media-corner\/northc-finalise-l-acquisition-de-six-centres-de-donnees-de-colt-technology-services\/\" \/>\n<meta property=\"og:site_name\" content=\"NorthC Datacenters (CH-FR)\" \/>\n<meta property=\"article:published_time\" content=\"2026-02-23T16:08:57+00:00\" \/>\n<meta property=\"article:modified_time\" content=\"2026-04-17T09:28:14+00:00\" \/>\n<meta property=\"og:image\" content=\"https:\/\/www.northcdatacenters.com\/ch-fr\/wp-content\/uploads\/sites\/6\/2025\/04\/NorthC-data-centers-Colt.webp\" \/>\n\t<meta property=\"og:image:width\" content=\"1920\" \/>\n\t<meta property=\"og:image:height\" content=\"910\" \/>\n\t<meta property=\"og:image:type\" content=\"image\/jpeg\" \/>\n<meta name=\"author\" content=\"eryneurli\" \/>\n<meta name=\"twitter:card\" content=\"summary_large_image\" \/>\n<meta name=\"twitter:label1\" content=\"Written by\" \/>\n\t<meta name=\"twitter:data1\" content=\"eryneurli\" \/>\n\t<meta name=\"twitter:label2\" content=\"Est. reading time\" \/>\n\t<meta name=\"twitter:data2\" content=\"4 minutes\" \/>\n<script type=\"application\/ld+json\" class=\"yoast-schema-graph\">{\"@context\":\"https:\\\/\\\/schema.org\",\"@graph\":[{\"@type\":\"Article\",\"@id\":\"https:\\\/\\\/www.northcdatacenters.com\\\/ch-fr\\\/media-corner\\\/northc-finalise-l-acquisition-de-six-centres-de-donnees-de-colt-technology-services\\\/#article\",\"isPartOf\":{\"@id\":\"https:\\\/\\\/www.northcdatacenters.com\\\/ch-fr\\\/media-corner\\\/northc-finalise-l-acquisition-de-six-centres-de-donnees-de-colt-technology-services\\\/\"},\"author\":{\"name\":\"eryneurli\",\"@id\":\"https:\\\/\\\/www.northcdatacenters.com\\\/ch-fr\\\/#\\\/schema\\\/person\\\/52b96c82b23bf85893854f040e28ef8c\"},\"headline\":\"NorthC finalise l&rsquo;acquisition de six centres de donn\u00e9es de Colt Technology Services\",\"datePublished\":\"2026-02-23T16:08:57+00:00\",\"dateModified\":\"2026-04-17T09:28:14+00:00\",\"mainEntityOfPage\":{\"@id\":\"https:\\\/\\\/www.northcdatacenters.com\\\/ch-fr\\\/media-corner\\\/northc-finalise-l-acquisition-de-six-centres-de-donnees-de-colt-technology-services\\\/\"},\"wordCount\":814,\"publisher\":{\"@id\":\"https:\\\/\\\/www.northcdatacenters.com\\\/ch-fr\\\/#organization\"},\"image\":{\"@id\":\"https:\\\/\\\/www.northcdatacenters.com\\\/ch-fr\\\/media-corner\\\/northc-finalise-l-acquisition-de-six-centres-de-donnees-de-colt-technology-services\\\/#primaryimage\"},\"thumbnailUrl\":\"https:\\\/\\\/www.northcdatacenters.com\\\/ch-fr\\\/wp-content\\\/uploads\\\/sites\\\/6\\\/2025\\\/04\\\/NorthC-data-centers-Colt.webp\",\"articleSection\":[\"Media Corner\"],\"inLanguage\":\"fr-FR\"},{\"@type\":\"WebPage\",\"@id\":\"https:\\\/\\\/www.northcdatacenters.com\\\/ch-fr\\\/media-corner\\\/northc-finalise-l-acquisition-de-six-centres-de-donnees-de-colt-technology-services\\\/\",\"url\":\"https:\\\/\\\/www.northcdatacenters.com\\\/ch-fr\\\/media-corner\\\/northc-finalise-l-acquisition-de-six-centres-de-donnees-de-colt-technology-services\\\/\",\"name\":\"NorthC finalise l'acquisition de six centres de donn\u00e9es\",\"isPartOf\":{\"@id\":\"https:\\\/\\\/www.northcdatacenters.com\\\/ch-fr\\\/#website\"},\"primaryImageOfPage\":{\"@id\":\"https:\\\/\\\/www.northcdatacenters.com\\\/ch-fr\\\/media-corner\\\/northc-finalise-l-acquisition-de-six-centres-de-donnees-de-colt-technology-services\\\/#primaryimage\"},\"image\":{\"@id\":\"https:\\\/\\\/www.northcdatacenters.com\\\/ch-fr\\\/media-corner\\\/northc-finalise-l-acquisition-de-six-centres-de-donnees-de-colt-technology-services\\\/#primaryimage\"},\"thumbnailUrl\":\"https:\\\/\\\/www.northcdatacenters.com\\\/ch-fr\\\/wp-content\\\/uploads\\\/sites\\\/6\\\/2025\\\/04\\\/NorthC-data-centers-Colt.webp\",\"datePublished\":\"2026-02-23T16:08:57+00:00\",\"dateModified\":\"2026-04-17T09:28:14+00:00\",\"description\":\"NorthC finalise l'acquisition de six centres de donn\u00e9es de Colt Technology Services. D\u00e9couvrez ce que cela signifie pour NorthC.\",\"breadcrumb\":{\"@id\":\"https:\\\/\\\/www.northcdatacenters.com\\\/ch-fr\\\/media-corner\\\/northc-finalise-l-acquisition-de-six-centres-de-donnees-de-colt-technology-services\\\/#breadcrumb\"},\"inLanguage\":\"fr-FR\",\"potentialAction\":[{\"@type\":\"ReadAction\",\"target\":[\"https:\\\/\\\/www.northcdatacenters.com\\\/ch-fr\\\/media-corner\\\/northc-finalise-l-acquisition-de-six-centres-de-donnees-de-colt-technology-services\\\/\"]}]},{\"@type\":\"ImageObject\",\"inLanguage\":\"fr-FR\",\"@id\":\"https:\\\/\\\/www.northcdatacenters.com\\\/ch-fr\\\/media-corner\\\/northc-finalise-l-acquisition-de-six-centres-de-donnees-de-colt-technology-services\\\/#primaryimage\",\"url\":\"https:\\\/\\\/www.northcdatacenters.com\\\/ch-fr\\\/wp-content\\\/uploads\\\/sites\\\/6\\\/2025\\\/04\\\/NorthC-data-centers-Colt.webp\",\"contentUrl\":\"https:\\\/\\\/www.northcdatacenters.com\\\/ch-fr\\\/wp-content\\\/uploads\\\/sites\\\/6\\\/2025\\\/04\\\/NorthC-data-centers-Colt.webp\",\"width\":1920,\"height\":910},{\"@type\":\"BreadcrumbList\",\"@id\":\"https:\\\/\\\/www.northcdatacenters.com\\\/ch-fr\\\/media-corner\\\/northc-finalise-l-acquisition-de-six-centres-de-donnees-de-colt-technology-services\\\/#breadcrumb\",\"itemListElement\":[{\"@type\":\"ListItem\",\"position\":1,\"name\":\"Home\",\"item\":\"https:\\\/\\\/www.northcdatacenters.com\\\/ch-fr\\\/\"},{\"@type\":\"ListItem\",\"position\":2,\"name\":\"NorthC finalise l&rsquo;acquisition de six centres de donn\u00e9es de Colt Technology Services\"}]},{\"@type\":\"WebSite\",\"@id\":\"https:\\\/\\\/www.northcdatacenters.com\\\/ch-fr\\\/#website\",\"url\":\"https:\\\/\\\/www.northcdatacenters.com\\\/ch-fr\\\/\",\"name\":\"NorthC Datacenters\",\"description\":\"Digital business, Personal connections.\",\"publisher\":{\"@id\":\"https:\\\/\\\/www.northcdatacenters.com\\\/ch-fr\\\/#organization\"},\"potentialAction\":[{\"@type\":\"SearchAction\",\"target\":{\"@type\":\"EntryPoint\",\"urlTemplate\":\"https:\\\/\\\/www.northcdatacenters.com\\\/ch-fr\\\/?s={search_term_string}\"},\"query-input\":{\"@type\":\"PropertyValueSpecification\",\"valueRequired\":true,\"valueName\":\"search_term_string\"}}],\"inLanguage\":\"fr-FR\"},{\"@type\":\"Organization\",\"@id\":\"https:\\\/\\\/www.northcdatacenters.com\\\/ch-fr\\\/#organization\",\"name\":\"NorthC Datacenters\",\"url\":\"https:\\\/\\\/www.northcdatacenters.com\\\/ch-fr\\\/\",\"logo\":{\"@type\":\"ImageObject\",\"inLanguage\":\"fr-FR\",\"@id\":\"https:\\\/\\\/www.northcdatacenters.com\\\/ch-fr\\\/#\\\/schema\\\/logo\\\/image\\\/\",\"url\":\"https:\\\/\\\/www.northcdatacenters.com\\\/ch-fr\\\/wp-content\\\/uploads\\\/sites\\\/6\\\/2024\\\/11\\\/Logo_NorthC.svg\",\"contentUrl\":\"https:\\\/\\\/www.northcdatacenters.com\\\/ch-fr\\\/wp-content\\\/uploads\\\/sites\\\/6\\\/2024\\\/11\\\/Logo_NorthC.svg\",\"width\":110,\"height\":24,\"caption\":\"NorthC Datacenters\"},\"image\":{\"@id\":\"https:\\\/\\\/www.northcdatacenters.com\\\/ch-fr\\\/#\\\/schema\\\/logo\\\/image\\\/\"}},{\"@type\":\"Person\",\"@id\":\"https:\\\/\\\/www.northcdatacenters.com\\\/ch-fr\\\/#\\\/schema\\\/person\\\/52b96c82b23bf85893854f040e28ef8c\",\"name\":\"eryneurli\",\"url\":\"https:\\\/\\\/www.northcdatacenters.com\\\/ch-fr\\\/author\\\/eryneurli\\\/\"}]}<\/script>\n<!-- \/ Yoast SEO Premium plugin. -->","yoast_head_json":{"title":"NorthC finalise l'acquisition de six centres de donn\u00e9es","description":"NorthC finalise l'acquisition de six centres de donn\u00e9es de Colt Technology Services. D\u00e9couvrez ce que cela signifie pour NorthC.","robots":{"index":"index","follow":"follow","max-snippet":"max-snippet:-1","max-image-preview":"max-image-preview:large","max-video-preview":"max-video-preview:-1"},"canonical":"https:\/\/www.northcdatacenters.com\/ch-fr\/media-corner\/northc-finalise-l-acquisition-de-six-centres-de-donnees-de-colt-technology-services\/","og_locale":"fr_FR","og_type":"article","og_title":"NorthC finalise l'acquisition de six centres de donn\u00e9es de Colt Technology Services","og_description":"NorthC prend en charge six centres de donn\u00e9es Colt, \u00e9largissant ainsi son r\u00e9seau dans la r\u00e9gion DACH et l'Union Benelux.","og_url":"https:\/\/www.northcdatacenters.com\/ch-fr\/media-corner\/northc-finalise-l-acquisition-de-six-centres-de-donnees-de-colt-technology-services\/","og_site_name":"NorthC Datacenters (CH-FR)","article_published_time":"2026-02-23T16:08:57+00:00","article_modified_time":"2026-04-17T09:28:14+00:00","og_image":[{"width":1920,"height":910,"url":"https:\/\/www.northcdatacenters.com\/ch-fr\/wp-content\/uploads\/sites\/6\/2025\/04\/NorthC-data-centers-Colt.webp","type":"image\/jpeg"}],"author":"eryneurli","twitter_card":"summary_large_image","twitter_misc":{"Written by":"eryneurli","Est. reading time":"4 minutes"},"schema":{"@context":"https:\/\/schema.org","@graph":[{"@type":"Article","@id":"https:\/\/www.northcdatacenters.com\/ch-fr\/media-corner\/northc-finalise-l-acquisition-de-six-centres-de-donnees-de-colt-technology-services\/#article","isPartOf":{"@id":"https:\/\/www.northcdatacenters.com\/ch-fr\/media-corner\/northc-finalise-l-acquisition-de-six-centres-de-donnees-de-colt-technology-services\/"},"author":{"name":"eryneurli","@id":"https:\/\/www.northcdatacenters.com\/ch-fr\/#\/schema\/person\/52b96c82b23bf85893854f040e28ef8c"},"headline":"NorthC finalise l&rsquo;acquisition de six centres de donn\u00e9es de Colt Technology Services","datePublished":"2026-02-23T16:08:57+00:00","dateModified":"2026-04-17T09:28:14+00:00","mainEntityOfPage":{"@id":"https:\/\/www.northcdatacenters.com\/ch-fr\/media-corner\/northc-finalise-l-acquisition-de-six-centres-de-donnees-de-colt-technology-services\/"},"wordCount":814,"publisher":{"@id":"https:\/\/www.northcdatacenters.com\/ch-fr\/#organization"},"image":{"@id":"https:\/\/www.northcdatacenters.com\/ch-fr\/media-corner\/northc-finalise-l-acquisition-de-six-centres-de-donnees-de-colt-technology-services\/#primaryimage"},"thumbnailUrl":"https:\/\/www.northcdatacenters.com\/ch-fr\/wp-content\/uploads\/sites\/6\/2025\/04\/NorthC-data-centers-Colt.webp","articleSection":["Media Corner"],"inLanguage":"fr-FR"},{"@type":"WebPage","@id":"https:\/\/www.northcdatacenters.com\/ch-fr\/media-corner\/northc-finalise-l-acquisition-de-six-centres-de-donnees-de-colt-technology-services\/","url":"https:\/\/www.northcdatacenters.com\/ch-fr\/media-corner\/northc-finalise-l-acquisition-de-six-centres-de-donnees-de-colt-technology-services\/","name":"NorthC finalise l'acquisition de six centres de donn\u00e9es","isPartOf":{"@id":"https:\/\/www.northcdatacenters.com\/ch-fr\/#website"},"primaryImageOfPage":{"@id":"https:\/\/www.northcdatacenters.com\/ch-fr\/media-corner\/northc-finalise-l-acquisition-de-six-centres-de-donnees-de-colt-technology-services\/#primaryimage"},"image":{"@id":"https:\/\/www.northcdatacenters.com\/ch-fr\/media-corner\/northc-finalise-l-acquisition-de-six-centres-de-donnees-de-colt-technology-services\/#primaryimage"},"thumbnailUrl":"https:\/\/www.northcdatacenters.com\/ch-fr\/wp-content\/uploads\/sites\/6\/2025\/04\/NorthC-data-centers-Colt.webp","datePublished":"2026-02-23T16:08:57+00:00","dateModified":"2026-04-17T09:28:14+00:00","description":"NorthC finalise l'acquisition de six centres de donn\u00e9es de Colt Technology Services. D\u00e9couvrez ce que cela signifie pour NorthC.","breadcrumb":{"@id":"https:\/\/www.northcdatacenters.com\/ch-fr\/media-corner\/northc-finalise-l-acquisition-de-six-centres-de-donnees-de-colt-technology-services\/#breadcrumb"},"inLanguage":"fr-FR","potentialAction":[{"@type":"ReadAction","target":["https:\/\/www.northcdatacenters.com\/ch-fr\/media-corner\/northc-finalise-l-acquisition-de-six-centres-de-donnees-de-colt-technology-services\/"]}]},{"@type":"ImageObject","inLanguage":"fr-FR","@id":"https:\/\/www.northcdatacenters.com\/ch-fr\/media-corner\/northc-finalise-l-acquisition-de-six-centres-de-donnees-de-colt-technology-services\/#primaryimage","url":"https:\/\/www.northcdatacenters.com\/ch-fr\/wp-content\/uploads\/sites\/6\/2025\/04\/NorthC-data-centers-Colt.webp","contentUrl":"https:\/\/www.northcdatacenters.com\/ch-fr\/wp-content\/uploads\/sites\/6\/2025\/04\/NorthC-data-centers-Colt.webp","width":1920,"height":910},{"@type":"BreadcrumbList","@id":"https:\/\/www.northcdatacenters.com\/ch-fr\/media-corner\/northc-finalise-l-acquisition-de-six-centres-de-donnees-de-colt-technology-services\/#breadcrumb","itemListElement":[{"@type":"ListItem","position":1,"name":"Home","item":"https:\/\/www.northcdatacenters.com\/ch-fr\/"},{"@type":"ListItem","position":2,"name":"NorthC finalise l&rsquo;acquisition de six centres de donn\u00e9es de Colt Technology Services"}]},{"@type":"WebSite","@id":"https:\/\/www.northcdatacenters.com\/ch-fr\/#website","url":"https:\/\/www.northcdatacenters.com\/ch-fr\/","name":"NorthC Datacenters","description":"Digital business, Personal connections.","publisher":{"@id":"https:\/\/www.northcdatacenters.com\/ch-fr\/#organization"},"potentialAction":[{"@type":"SearchAction","target":{"@type":"EntryPoint","urlTemplate":"https:\/\/www.northcdatacenters.com\/ch-fr\/?s={search_term_string}"},"query-input":{"@type":"PropertyValueSpecification","valueRequired":true,"valueName":"search_term_string"}}],"inLanguage":"fr-FR"},{"@type":"Organization","@id":"https:\/\/www.northcdatacenters.com\/ch-fr\/#organization","name":"NorthC Datacenters","url":"https:\/\/www.northcdatacenters.com\/ch-fr\/","logo":{"@type":"ImageObject","inLanguage":"fr-FR","@id":"https:\/\/www.northcdatacenters.com\/ch-fr\/#\/schema\/logo\/image\/","url":"https:\/\/www.northcdatacenters.com\/ch-fr\/wp-content\/uploads\/sites\/6\/2024\/11\/Logo_NorthC.svg","contentUrl":"https:\/\/www.northcdatacenters.com\/ch-fr\/wp-content\/uploads\/sites\/6\/2024\/11\/Logo_NorthC.svg","width":110,"height":24,"caption":"NorthC Datacenters"},"image":{"@id":"https:\/\/www.northcdatacenters.com\/ch-fr\/#\/schema\/logo\/image\/"}},{"@type":"Person","@id":"https:\/\/www.northcdatacenters.com\/ch-fr\/#\/schema\/person\/52b96c82b23bf85893854f040e28ef8c","name":"eryneurli","url":"https:\/\/www.northcdatacenters.com\/ch-fr\/author\/eryneurli\/"}]}},"_links":{"self":[{"href":"https:\/\/www.northcdatacenters.com\/ch-fr\/wp-json\/wp\/v2\/posts\/30962","targetHints":{"allow":["GET"]}}],"collection":[{"href":"https:\/\/www.northcdatacenters.com\/ch-fr\/wp-json\/wp\/v2\/posts"}],"about":[{"href":"https:\/\/www.northcdatacenters.com\/ch-fr\/wp-json\/wp\/v2\/types\/post"}],"author":[{"embeddable":true,"href":"https:\/\/www.northcdatacenters.com\/ch-fr\/wp-json\/wp\/v2\/users\/31"}],"replies":[{"embeddable":true,"href":"https:\/\/www.northcdatacenters.com\/ch-fr\/wp-json\/wp\/v2\/comments?post=30962"}],"version-history":[{"count":4,"href":"https:\/\/www.northcdatacenters.com\/ch-fr\/wp-json\/wp\/v2\/posts\/30962\/revisions"}],"predecessor-version":[{"id":30966,"href":"https:\/\/www.northcdatacenters.com\/ch-fr\/wp-json\/wp\/v2\/posts\/30962\/revisions\/30966"}],"wp:featuredmedia":[{"embeddable":true,"href":"https:\/\/www.northcdatacenters.com\/ch-fr\/wp-json\/wp\/v2\/media\/28816"}],"wp:attachment":[{"href":"https:\/\/www.northcdatacenters.com\/ch-fr\/wp-json\/wp\/v2\/media?parent=30962"}],"wp:term":[{"taxonomy":"category","embeddable":true,"href":"https:\/\/www.northcdatacenters.com\/ch-fr\/wp-json\/wp\/v2\/categories?post=30962"},{"taxonomy":"post_tag","embeddable":true,"href":"https:\/\/www.northcdatacenters.com\/ch-fr\/wp-json\/wp\/v2\/tags?post=30962"}],"curies":[{"name":"wp","href":"https:\/\/api.w.org\/{rel}","templated":true}]}}