{"id":30968,"date":"2026-02-24T10:33:36","date_gmt":"2026-02-24T10:33:36","guid":{"rendered":"https:\/\/www.northcdatacenters.com\/ch-fr\/?p=30968"},"modified":"2026-04-22T09:48:59","modified_gmt":"2026-04-22T09:48:59","slug":"northc-construit-le-centre-de-donnees-du-futur-sur-le-campus-uptownbasel","status":"publish","type":"post","link":"https:\/\/www.northcdatacenters.com\/ch-fr\/media-corner\/northc-construit-le-centre-de-donnees-du-futur-sur-le-campus-uptownbasel\/","title":{"rendered":"NorthC construit le centre de donn\u00e9es du futur sur le campus uptownBasel"},"content":{"rendered":"<div class=\"wpb-content-wrapper\"><p>[vc_row vc_row_spacing=\u00a0\u00bbdont-add-spacer adds-own-spacer add-spacer-top\u00a0\u00bb][vc_column][vc_column_text]<strong>B\u00e2le \/ Amsterdam, le 11 septembre 2025<\/strong> &#8211; NorthC, l&rsquo;un des principaux fournisseurs r\u00e9gionaux de centres de donn\u00e9es en Europe du Nord-Ouest, a sign\u00e9 un contrat pour la construction d&rsquo;un centre de donn\u00e9es r\u00e9gional sur le campus d&rsquo;innovation uptownBasel \u00e0 Arlesheim. NorthC \u00e9tend ainsi sa collaboration existante avec uptownBasel avec un centre de donn\u00e9es d\u00e9di\u00e9 aux technologies de pointe telles que l&rsquo;IA, l&rsquo;informatique quantique, le diagnostic et la m\u00e9decine personnalis\u00e9e. La mise en service est pr\u00e9vue pour mi-2027, pr\u00e9c\u00e9d\u00e9e d&rsquo;une p\u00e9riode de construction d&rsquo;une dur\u00e9e d&rsquo;environ 18 mois apr\u00e8s l&rsquo;obtention du permis de construire.<br \/>\nuptownBasel est un campus d&rsquo;innovation ultramoderne o\u00f9 des entreprises technologiques, des start-ups et des instituts de recherche se r\u00e9unissent pour fa\u00e7onner l&rsquo;avenir num\u00e9rique. NorthC construit et exploite d\u00e9sormais son propre centre de donn\u00e9es pour le campus et l&rsquo;industrie de B\u00e2le sur le site d&rsquo;uptownBasel.<\/p>\n<p>Dans une premi\u00e8re phase d&rsquo;extension, le nouveau centre de donn\u00e9es sera construit sur une surface de 2 500 m\u00b2 avec une puissance d&rsquo;alimentation de 6 MVA, ce qui correspond \u00e0 environ 5,5 MW de puissance exploitable. L&rsquo;\u00e9nergie n\u00e9cessaire sera fournie \u00e0 100 % par des sources renouvelables. Les syst\u00e8mes de g\u00e9n\u00e9rateurs de secours fonctionneront au diesel vert. La construction est donc conforme \u00e0 l&rsquo;objectif de l&rsquo;entreprise d&rsquo;atteindre la neutralit\u00e9 carbone d&rsquo;ici 2030. Le nouveau b\u00e2timent sera \u00e9galement raccord\u00e9 \u00e0 un r\u00e9seau \u00e9nerg\u00e9tique r\u00e9gional, de sorte que la chaleur r\u00e9siduelle sera transf\u00e9r\u00e9e aux unit\u00e9s r\u00e9sidentielles et ainsi utilis\u00e9e de mani\u00e8re optimale.<\/p>\n<p><strong><br \/>\nEngagement envers le site de B\u00e2le\/ Arlesheim<\/strong><\/p>\n<p>Avec la mise en service du centre de donn\u00e9es, NorthC renforce son partenariat \u00e9troit avec uptownBasel, qui dure depuis une dizaine d&rsquo;ann\u00e9es. Hans-J\u00f6rg Fankhauser, uptownBasel : \u00ab Avec NorthC, nous avons \u00e0 nos c\u00f4t\u00e9s un partenaire qui partage notre vision. Il comprend les opportunit\u00e9s qui se pr\u00e9sentent lorsque l&rsquo;on exploite un centre de donn\u00e9es sur un campus d&rsquo;innovation de renomm\u00e9e mondiale ! \u00bb. La vision de Fankhauser pour uptownBasel : \u00ab Nous voulons \u00eatre la plateforme de r\u00e9f\u00e9rence pour les r\u00e9seaux leaders dans les domaines de la technologie m\u00e9dicale, de l&rsquo;informatique quantique, de l&rsquo;IA et du New Work. \u00bb. Un autre objectif est d&rsquo;attirer \u00e0 Arlesheim des start-ups et des talents d\u00e8s leurs d\u00e9buts.<\/p>\n<p>Avec ce nouveau centre de donn\u00e9es, NorthC \u00e9largit son r\u00e9seau existant alors compos\u00e9 de M\u00fcnchenstein 1&amp;2 et renforce encore sa position dans la r\u00e9gion de B\u00e2le en tant que composante infrastructurelle pour les technologies m\u00e9dicales, l&rsquo;industrie 4.0 et l&rsquo;IA. \u00c0 l&rsquo;avenir, NorthC exploitera au total cinq centres de donn\u00e9es en Suisse. NorthC souligne une fois de plus son expertise dans la fourniture de services fiables avec cette construction. L&rsquo;accent est mis ici sur la pr\u00e9sence r\u00e9gionale, une infrastructure \u00e9volutive et durable ainsi qu&rsquo;une expertise technique exceptionnelle avec une touche personnelle.<\/p>\n<p>Alexandra Schless, PDG du groupe NorthC, d\u00e9clare : \u00ab Nous sommes tr\u00e8s heureux de cet \u00e9largissement de notre partenariat avec uptownBasel. Avec la construction du centre de donn\u00e9es sur leur campus, nous soulignons une fois de plus notre engagement envers la Suisse et notre foi en l&rsquo;innovation et l&rsquo;avenir. \u00bb[\/vc_column_text]\n  <a href=\"https:\/\/www.northcdatacenters.com\/ch-de\/wp-content\/uploads\/sites\/3\/2025\/09\/NorthC_uptownBasel_1.jpg\" target=\"\" rel=\"\" title=\"\">\n    <picture class=\"responsive-picture \">\n                                              <source srcset=\"https:\/\/www.northcdatacenters.com\/ch-fr\/wp-content\/uploads\/sites\/6\/2026\/02\/A7R08761-scaled.webp 2560w, https:\/\/www.northcdatacenters.com\/ch-fr\/wp-content\/uploads\/sites\/6\/2026\/02\/A7R08761-300x200.webp 300w, https:\/\/www.northcdatacenters.com\/ch-fr\/wp-content\/uploads\/sites\/6\/2026\/02\/A7R08761-1024x682.webp 1024w, https:\/\/www.northcdatacenters.com\/ch-fr\/wp-content\/uploads\/sites\/6\/2026\/02\/A7R08761-1500x1000.webp 1500w, https:\/\/www.northcdatacenters.com\/ch-fr\/wp-content\/uploads\/sites\/6\/2026\/02\/A7R08761-768x512.webp 768w, https:\/\/www.northcdatacenters.com\/ch-fr\/wp-content\/uploads\/sites\/6\/2026\/02\/A7R08761-1536x1024.webp 1536w, https:\/\/www.northcdatacenters.com\/ch-fr\/wp-content\/uploads\/sites\/6\/2026\/02\/A7R08761-2048x1365.webp 2048w, https:\/\/www.northcdatacenters.com\/ch-fr\/wp-content\/uploads\/sites\/6\/2026\/02\/A7R08761-1440x960.webp 1440w, https:\/\/www.northcdatacenters.com\/ch-fr\/wp-content\/uploads\/sites\/6\/2026\/02\/A7R08761-175x117.webp 175w, https:\/\/www.northcdatacenters.com\/ch-fr\/wp-content\/uploads\/sites\/6\/2026\/02\/A7R08761-510x340.webp 510w, https:\/\/www.northcdatacenters.com\/ch-fr\/wp-content\/uploads\/sites\/6\/2026\/02\/A7R08761-750x500.webp 750w\" media=\"(min-width: 576px)\">\n                        \n      <img decoding=\"async\" src=\"https:\/\/www.northcdatacenters.com\/ch-fr\/wp-content\/uploads\/sites\/6\/2026\/02\/A7R08761-scaled.webp\" alt=\"\" loading=\"auto\" width=\"\" height=\"\">\n    <\/picture>\n  <\/a>\n[vc_column_text]<em>L\u00e9gende (de gauche \u00e0 droite)<\/em><br \/>\n<em>Patrik Hofer, directeur g\u00e9n\u00e9ral de NorthC Schweiz AG ; Bardo Magel, PDG d&rsquo;uptownBasel ; Donald Badoux, directeur g\u00e9n\u00e9ral de NorthC DACH ; Hans-J\u00f6rg Fankhauser, d\u00e9veloppeur immobilier chez uptownBasel.<\/em>[\/vc_column_text][\/vc_column][\/vc_row][vc_row el_id=\u00a0\u00bbinsights\u00a0\u00bb][vc_column]<div class=\"title d-flex flex-wrap  justify-content-between gap-4 mb-12\">\n  <div class=\"d-flex flex-column \">\n          <h3 class=\"chapeau text-base text-gray-500\">Insights<\/h3>\n    \n    <div class=\"d-flex flex-column gap-4\">\n      <h2 class=\"mb-2\">Autres communiqu\u00e9s de presse<\/h2>\n\n              <p class=\"text-base lh15 mb-2\">Vous trouverez ici d'autres communiqu\u00e9s de presse concernant l'acquisition de Colt et notre expansion dans la r\u00e9gion DACH.<\/p>\n          <\/div>\n\n    \n\n  <\/div>\n  <\/div>\n<div class=\"related-insights card-list\">\n      \n<div class=\"card card-horizontal has-description\">\n  <div class=\"card-img-wrap aspect-ratio bg-gray-300\" style=\"--aspect-ratio: 1.41\">\n          <img decoding=\"async\" src=\"https:\/\/www.northcdatacenters.com\/ch-fr\/wp-content\/uploads\/sites\/6\/2025\/04\/NorthC-data-centers-Colt-510x360.webp\" srcset=\"\"\n  class=\"card-img h-100 bg-gray-300 inherit-aspect-ratio\" style=\"\"\n  loading=\"lazy\"\n  sizes=\"400px\" \/>    \n    <div class=\"card-img-overlay\">\n              <span class=\"tag text-bg-white\">\n          Temps de lecture : 2 min        <\/span>\n          <\/div>\n  <\/div>\n\n  <div class=\"card-body\">\n    <div class=\"card-title mb-2\">\n      NorthC acquiert six centres de donn\u00e9es de Colt Technology Services en Allemagne et aux Pays-Bas    <\/div>\n\n          <div class=\"chapeau\">\n        Article      <\/div>\n    \n          <p class=\"card-text mb-0\">\n        La transaction comprend des centres de donn\u00e9es dans des grandes r\u00e9gions m\u00e9tropolitaines telles que Francfort, Berlin, Hambourg, Munich, D\u00fcsseldorf et Amsterdam. Les centres de donn\u00e9es ont une disponibilit\u00e9 de puissance\u2026      <\/p>\n      <\/div>\n\n  \n  <a href=\"https:\/\/www.northcdatacenters.com\/ch-fr\/media-corner\/prise-en-charge-des-centres-de-donnees-colt\/\" class=\"stretched-link\" target=\"\">\n    <span class=\"card-btn material-symbols-outlined m-0\" aria-hidden=\"true\"><jello-icon name=\"material\/arrow_right_alt\"><\/jello-icon><\/span>\n  <\/a>\n<\/div>      \n<div class=\"card card-horizontal has-description\">\n  <div class=\"card-img-wrap aspect-ratio bg-gray-300\" style=\"--aspect-ratio: 1.41\">\n          <img decoding=\"async\" src=\"https:\/\/www.northcdatacenters.com\/ch-fr\/wp-content\/uploads\/sites\/6\/2023\/07\/Header-Press-Release-DC-WIN-510x360.webp\" srcset=\"\"\n  class=\"card-img h-100 bg-gray-300 inherit-aspect-ratio\" style=\"\"\n  loading=\"lazy\"\n  sizes=\"400px\" \/>    \n    <div class=\"card-img-overlay\">\n              <span class=\"tag text-bg-white\">\n          Temps de lecture : 2 min        <\/span>\n          <\/div>\n  <\/div>\n\n  <div class=\"card-body\">\n    <div class=\"card-title mb-2\">\n      NorthC Group poursuit son expansion avec un quatri\u00e8me centre de donn\u00e9es en Suisse    <\/div>\n\n          <div class=\"chapeau\">\n        Article      <\/div>\n    \n          <p class=\"card-text mb-0\">\n        NorthC Group poursuit le d\u00e9veloppement de sa pr\u00e9sence en Suisse et ouvre un nouveau centre de donn\u00e9es dans la r\u00e9gion de Zurich. NorthC renforce ainsi sa couverture r\u00e9gionale et poursuit\u2026      <\/p>\n      <\/div>\n\n  \n  <a href=\"https:\/\/www.northcdatacenters.com\/ch-fr\/media-corner\/northc-group-poursuit-son-expansion-avec-un-quatrieme-centre-de-donnees-en-suisse\/\" class=\"stretched-link\" target=\"\">\n    <span class=\"card-btn material-symbols-outlined m-0\" aria-hidden=\"true\"><jello-icon name=\"material\/arrow_right_alt\"><\/jello-icon><\/span>\n  <\/a>\n<\/div>  <\/div>\n\n[\/vc_column][\/vc_row][vc_row full_width=\u00a0\u00bbstretch_row\u00a0\u00bb north_c_background_color=\u00a0\u00bbbg-gray-200&Prime;][vc_column]<div class=\"cta\">\n  <div class=\"cta-grid\">\n    <div class=\"cta-picture\">\n      <picture class=\"responsive-picture d-block\">\n  <img decoding=\"async\" src=\"https:\/\/www.northcdatacenters.com\/ch-fr\/wp-content\/uploads\/sites\/6\/2024\/11\/Marina-2-1256x1256.webp\" srcset=\"https:\/\/www.northcdatacenters.com\/ch-fr\/wp-content\/uploads\/sites\/6\/2024\/11\/Marina-2-1256x1256.webp 1256w, https:\/\/www.northcdatacenters.com\/ch-fr\/wp-content\/uploads\/sites\/6\/2024\/11\/Marina-2-300x300.webp 300w, https:\/\/www.northcdatacenters.com\/ch-fr\/wp-content\/uploads\/sites\/6\/2024\/11\/Marina-2-1024x1024.webp 1024w, https:\/\/www.northcdatacenters.com\/ch-fr\/wp-content\/uploads\/sites\/6\/2024\/11\/Marina-2-768x768.webp 768w, https:\/\/www.northcdatacenters.com\/ch-fr\/wp-content\/uploads\/sites\/6\/2024\/11\/Marina-2-1536x1536.webp 1536w, https:\/\/www.northcdatacenters.com\/ch-fr\/wp-content\/uploads\/sites\/6\/2024\/11\/Marina-2-250x250.webp 250w, https:\/\/www.northcdatacenters.com\/ch-fr\/wp-content\/uploads\/sites\/6\/2024\/11\/Marina-2-740x740.webp 740w, https:\/\/www.northcdatacenters.com\/ch-fr\/wp-content\/uploads\/sites\/6\/2024\/11\/Marina-2-175x175.webp 175w, https:\/\/www.northcdatacenters.com\/ch-fr\/wp-content\/uploads\/sites\/6\/2024\/11\/Marina-2-360x360.webp 360w, https:\/\/www.northcdatacenters.com\/ch-fr\/wp-content\/uploads\/sites\/6\/2024\/11\/Marina-2-500x500.webp 500w, https:\/\/www.northcdatacenters.com\/ch-fr\/wp-content\/uploads\/sites\/6\/2024\/11\/Marina-2.webp 1920w\"\n  class=\"\" style=\"\"\n  loading=\"lazy\"\n  sizes=\"(min-width: 992px) 1280px, 100vw\" \/><\/picture>\n          <\/div>\n\n    <div class=\"text text-white d-flex flex-column gap-4 justify-content-center align-items-center p-6 pb-12 px-lg-12 px-xxl-28\">\n      <h6 class=\"text-primary lh214 font-extrabold text-center mb-0\"><\/h6>\n      <h3 class=\"mb-2 text-center text-sm-5xl mb-sm-6 text-balance\">Voulez-vous recevoir d'autres conseils et actualit\u00e9s de notre part ?<\/h3>\n      <div class=\"buttons d-flex flex-column flex-lg-row flex-wrap gap-4 align-items-center justify-content-center dark-background\">\n                  \n  <button class=\"btn btn-primary\" type=\"button\" data-bs-toggle=\"offcanvas\" data-bs-target=\"#offcanvas_39\" aria-controls=\"offcanvas_39\">\n    S'inscrire \u00e0 la newsletter  <\/button>\n                  \n  \n  <button class=\"btn btn-secondary\" type=\"button\" data-bs-toggle=\"offcanvas\" data-bs-target=\"#offcanvas_28\" aria-controls=\"offcanvas_28\">\n    Contactez-nous  <\/button>\n\n              <\/div>\n    <\/div>\n  <\/div>\n<\/div>[\/vc_column][\/vc_row]<\/p>\n<\/div>","protected":false},"excerpt":{"rendered":"<p>[vc_row vc_row_spacing=\u00a0\u00bbdont-add-spacer adds-own-spacer add-spacer-top\u00a0\u00bb][vc_column][vc_column_text]B\u00e2le \/ Amsterdam, le 11 septembre 2025 &#8211; NorthC, l&rsquo;un des principaux fournisseurs r\u00e9gionaux de centres de donn\u00e9es en Europe du Nord-Ouest, a sign\u00e9 un contrat pour la construction d&rsquo;un centre de donn\u00e9es r\u00e9gional sur le campus d&rsquo;innovation uptownBasel \u00e0 Arlesheim. NorthC \u00e9tend ainsi sa collaboration existante avec uptownBasel avec un centre &#8230;<\/p>\n","protected":false},"author":31,"featured_media":30979,"comment_status":"closed","ping_status":"closed","sticky":false,"template":"","format":"standard","meta":{"_acf_changed":false,"_relevanssi_hide_post":"","_relevanssi_hide_content":"","_relevanssi_pin_for_all":"","_relevanssi_pin_keywords":"","_relevanssi_unpin_keywords":"","_relevanssi_related_keywords":"","_relevanssi_related_include_ids":"","_relevanssi_related_exclude_ids":"","_relevanssi_related_no_append":"","_relevanssi_related_not_related":"","_relevanssi_related_posts":"","_relevanssi_noindex_reason":"","footnotes":""},"categories":[48],"tags":[],"class_list":["post-30968","post","type-post","status-publish","format-standard","has-post-thumbnail","hentry","category-media-corner"],"acf":[],"yoast_head":"<!-- This site is optimized with the Yoast SEO Premium plugin v27.4 (Yoast SEO v27.4) - https:\/\/yoast.com\/product\/yoast-seo-premium-wordpress\/ -->\n<title>NorthC construit un centre de donn\u00e9es \u00e0 uptownBasel<\/title>\n<meta name=\"description\" content=\"NorthC construit \u00e0 Arlesheim, sur le campus uptownBasel, le centre de donn\u00e9es du futur d\u00e9di\u00e9 \u00e0 l&#039;IA, l&#039;informatique quantique et la m\u00e9decine\" \/>\n<meta name=\"robots\" content=\"index, follow, max-snippet:-1, max-image-preview:large, max-video-preview:-1\" \/>\n<link rel=\"canonical\" href=\"https:\/\/www.northcdatacenters.com\/ch-fr\/media-corner\/northc-construit-le-centre-de-donnees-du-futur-sur-le-campus-uptownbasel\/\" \/>\n<meta property=\"og:locale\" content=\"fr_FR\" \/>\n<meta property=\"og:type\" content=\"article\" \/>\n<meta property=\"og:title\" content=\"NorthC construit le centre de donn\u00e9es du futur sur le campus uptownBasel\" \/>\n<meta property=\"og:description\" content=\"Le centre de donn\u00e9es Arlesheim de NorthC, un projet innovant, sera lanc\u00e9 d&#039;ici 2027. Restez inform\u00e9 sur cette initiative.\" \/>\n<meta property=\"og:url\" content=\"https:\/\/www.northcdatacenters.com\/ch-fr\/media-corner\/northc-construit-le-centre-de-donnees-du-futur-sur-le-campus-uptownbasel\/\" \/>\n<meta property=\"og:site_name\" content=\"NorthC Datacenters (CH-FR)\" \/>\n<meta property=\"article:published_time\" content=\"2026-02-24T10:33:36+00:00\" \/>\n<meta property=\"article:modified_time\" content=\"2026-04-22T09:48:59+00:00\" \/>\n<meta property=\"og:image\" content=\"https:\/\/www.northcdatacenters.com\/ch-fr\/wp-content\/uploads\/sites\/6\/2026\/02\/Fankhauser_Uptown_Vogelperspektive-1.webp\" \/>\n\t<meta property=\"og:image:width\" content=\"2500\" \/>\n\t<meta property=\"og:image:height\" content=\"1873\" \/>\n\t<meta property=\"og:image:type\" content=\"image\/jpeg\" \/>\n<meta name=\"author\" content=\"eryneurli\" \/>\n<meta name=\"twitter:card\" content=\"summary_large_image\" \/>\n<meta name=\"twitter:label1\" content=\"Written by\" \/>\n\t<meta name=\"twitter:data1\" content=\"eryneurli\" \/>\n\t<meta name=\"twitter:label2\" content=\"Est. reading time\" \/>\n\t<meta name=\"twitter:data2\" content=\"4 minutes\" \/>\n<script type=\"application\/ld+json\" class=\"yoast-schema-graph\">{\"@context\":\"https:\\\/\\\/schema.org\",\"@graph\":[{\"@type\":\"Article\",\"@id\":\"https:\\\/\\\/www.northcdatacenters.com\\\/ch-fr\\\/media-corner\\\/northc-construit-le-centre-de-donnees-du-futur-sur-le-campus-uptownbasel\\\/#article\",\"isPartOf\":{\"@id\":\"https:\\\/\\\/www.northcdatacenters.com\\\/ch-fr\\\/media-corner\\\/northc-construit-le-centre-de-donnees-du-futur-sur-le-campus-uptownbasel\\\/\"},\"author\":{\"name\":\"eryneurli\",\"@id\":\"https:\\\/\\\/www.northcdatacenters.com\\\/ch-fr\\\/#\\\/schema\\\/person\\\/52b96c82b23bf85893854f040e28ef8c\"},\"headline\":\"NorthC construit le centre de donn\u00e9es du futur sur le campus uptownBasel\",\"datePublished\":\"2026-02-24T10:33:36+00:00\",\"dateModified\":\"2026-04-22T09:48:59+00:00\",\"mainEntityOfPage\":{\"@id\":\"https:\\\/\\\/www.northcdatacenters.com\\\/ch-fr\\\/media-corner\\\/northc-construit-le-centre-de-donnees-du-futur-sur-le-campus-uptownbasel\\\/\"},\"wordCount\":790,\"publisher\":{\"@id\":\"https:\\\/\\\/www.northcdatacenters.com\\\/ch-fr\\\/#organization\"},\"image\":{\"@id\":\"https:\\\/\\\/www.northcdatacenters.com\\\/ch-fr\\\/media-corner\\\/northc-construit-le-centre-de-donnees-du-futur-sur-le-campus-uptownbasel\\\/#primaryimage\"},\"thumbnailUrl\":\"https:\\\/\\\/www.northcdatacenters.com\\\/ch-fr\\\/wp-content\\\/uploads\\\/sites\\\/6\\\/2026\\\/02\\\/Fankhauser_Uptown_Vogelperspektive-1.webp\",\"articleSection\":[\"Media Corner\"],\"inLanguage\":\"fr-FR\"},{\"@type\":\"WebPage\",\"@id\":\"https:\\\/\\\/www.northcdatacenters.com\\\/ch-fr\\\/media-corner\\\/northc-construit-le-centre-de-donnees-du-futur-sur-le-campus-uptownbasel\\\/\",\"url\":\"https:\\\/\\\/www.northcdatacenters.com\\\/ch-fr\\\/media-corner\\\/northc-construit-le-centre-de-donnees-du-futur-sur-le-campus-uptownbasel\\\/\",\"name\":\"NorthC construit un centre de donn\u00e9es \u00e0 uptownBasel\",\"isPartOf\":{\"@id\":\"https:\\\/\\\/www.northcdatacenters.com\\\/ch-fr\\\/#website\"},\"primaryImageOfPage\":{\"@id\":\"https:\\\/\\\/www.northcdatacenters.com\\\/ch-fr\\\/media-corner\\\/northc-construit-le-centre-de-donnees-du-futur-sur-le-campus-uptownbasel\\\/#primaryimage\"},\"image\":{\"@id\":\"https:\\\/\\\/www.northcdatacenters.com\\\/ch-fr\\\/media-corner\\\/northc-construit-le-centre-de-donnees-du-futur-sur-le-campus-uptownbasel\\\/#primaryimage\"},\"thumbnailUrl\":\"https:\\\/\\\/www.northcdatacenters.com\\\/ch-fr\\\/wp-content\\\/uploads\\\/sites\\\/6\\\/2026\\\/02\\\/Fankhauser_Uptown_Vogelperspektive-1.webp\",\"datePublished\":\"2026-02-24T10:33:36+00:00\",\"dateModified\":\"2026-04-22T09:48:59+00:00\",\"description\":\"NorthC construit \u00e0 Arlesheim, sur le campus uptownBasel, le centre de donn\u00e9es du futur d\u00e9di\u00e9 \u00e0 l'IA, l'informatique quantique et la m\u00e9decine\",\"breadcrumb\":{\"@id\":\"https:\\\/\\\/www.northcdatacenters.com\\\/ch-fr\\\/media-corner\\\/northc-construit-le-centre-de-donnees-du-futur-sur-le-campus-uptownbasel\\\/#breadcrumb\"},\"inLanguage\":\"fr-FR\",\"potentialAction\":[{\"@type\":\"ReadAction\",\"target\":[\"https:\\\/\\\/www.northcdatacenters.com\\\/ch-fr\\\/media-corner\\\/northc-construit-le-centre-de-donnees-du-futur-sur-le-campus-uptownbasel\\\/\"]}]},{\"@type\":\"ImageObject\",\"inLanguage\":\"fr-FR\",\"@id\":\"https:\\\/\\\/www.northcdatacenters.com\\\/ch-fr\\\/media-corner\\\/northc-construit-le-centre-de-donnees-du-futur-sur-le-campus-uptownbasel\\\/#primaryimage\",\"url\":\"https:\\\/\\\/www.northcdatacenters.com\\\/ch-fr\\\/wp-content\\\/uploads\\\/sites\\\/6\\\/2026\\\/02\\\/Fankhauser_Uptown_Vogelperspektive-1.webp\",\"contentUrl\":\"https:\\\/\\\/www.northcdatacenters.com\\\/ch-fr\\\/wp-content\\\/uploads\\\/sites\\\/6\\\/2026\\\/02\\\/Fankhauser_Uptown_Vogelperspektive-1.webp\",\"width\":2500,\"height\":1873},{\"@type\":\"BreadcrumbList\",\"@id\":\"https:\\\/\\\/www.northcdatacenters.com\\\/ch-fr\\\/media-corner\\\/northc-construit-le-centre-de-donnees-du-futur-sur-le-campus-uptownbasel\\\/#breadcrumb\",\"itemListElement\":[{\"@type\":\"ListItem\",\"position\":1,\"name\":\"Home\",\"item\":\"https:\\\/\\\/www.northcdatacenters.com\\\/ch-fr\\\/\"},{\"@type\":\"ListItem\",\"position\":2,\"name\":\"NorthC construit le centre de donn\u00e9es du futur sur le campus uptownBasel\"}]},{\"@type\":\"WebSite\",\"@id\":\"https:\\\/\\\/www.northcdatacenters.com\\\/ch-fr\\\/#website\",\"url\":\"https:\\\/\\\/www.northcdatacenters.com\\\/ch-fr\\\/\",\"name\":\"NorthC Datacenters\",\"description\":\"Digital business, Personal connections.\",\"publisher\":{\"@id\":\"https:\\\/\\\/www.northcdatacenters.com\\\/ch-fr\\\/#organization\"},\"potentialAction\":[{\"@type\":\"SearchAction\",\"target\":{\"@type\":\"EntryPoint\",\"urlTemplate\":\"https:\\\/\\\/www.northcdatacenters.com\\\/ch-fr\\\/?s={search_term_string}\"},\"query-input\":{\"@type\":\"PropertyValueSpecification\",\"valueRequired\":true,\"valueName\":\"search_term_string\"}}],\"inLanguage\":\"fr-FR\"},{\"@type\":\"Organization\",\"@id\":\"https:\\\/\\\/www.northcdatacenters.com\\\/ch-fr\\\/#organization\",\"name\":\"NorthC Datacenters\",\"url\":\"https:\\\/\\\/www.northcdatacenters.com\\\/ch-fr\\\/\",\"logo\":{\"@type\":\"ImageObject\",\"inLanguage\":\"fr-FR\",\"@id\":\"https:\\\/\\\/www.northcdatacenters.com\\\/ch-fr\\\/#\\\/schema\\\/logo\\\/image\\\/\",\"url\":\"https:\\\/\\\/www.northcdatacenters.com\\\/ch-fr\\\/wp-content\\\/uploads\\\/sites\\\/6\\\/2024\\\/11\\\/Logo_NorthC.svg\",\"contentUrl\":\"https:\\\/\\\/www.northcdatacenters.com\\\/ch-fr\\\/wp-content\\\/uploads\\\/sites\\\/6\\\/2024\\\/11\\\/Logo_NorthC.svg\",\"width\":110,\"height\":24,\"caption\":\"NorthC Datacenters\"},\"image\":{\"@id\":\"https:\\\/\\\/www.northcdatacenters.com\\\/ch-fr\\\/#\\\/schema\\\/logo\\\/image\\\/\"}},{\"@type\":\"Person\",\"@id\":\"https:\\\/\\\/www.northcdatacenters.com\\\/ch-fr\\\/#\\\/schema\\\/person\\\/52b96c82b23bf85893854f040e28ef8c\",\"name\":\"eryneurli\",\"url\":\"https:\\\/\\\/www.northcdatacenters.com\\\/ch-fr\\\/author\\\/eryneurli\\\/\"}]}<\/script>\n<!-- \/ Yoast SEO Premium plugin. -->","yoast_head_json":{"title":"NorthC construit un centre de donn\u00e9es \u00e0 uptownBasel","description":"NorthC construit \u00e0 Arlesheim, sur le campus uptownBasel, le centre de donn\u00e9es du futur d\u00e9di\u00e9 \u00e0 l'IA, l'informatique quantique et la m\u00e9decine","robots":{"index":"index","follow":"follow","max-snippet":"max-snippet:-1","max-image-preview":"max-image-preview:large","max-video-preview":"max-video-preview:-1"},"canonical":"https:\/\/www.northcdatacenters.com\/ch-fr\/media-corner\/northc-construit-le-centre-de-donnees-du-futur-sur-le-campus-uptownbasel\/","og_locale":"fr_FR","og_type":"article","og_title":"NorthC construit le centre de donn\u00e9es du futur sur le campus uptownBasel","og_description":"Le centre de donn\u00e9es Arlesheim de NorthC, un projet innovant, sera lanc\u00e9 d'ici 2027. Restez inform\u00e9 sur cette initiative.","og_url":"https:\/\/www.northcdatacenters.com\/ch-fr\/media-corner\/northc-construit-le-centre-de-donnees-du-futur-sur-le-campus-uptownbasel\/","og_site_name":"NorthC Datacenters (CH-FR)","article_published_time":"2026-02-24T10:33:36+00:00","article_modified_time":"2026-04-22T09:48:59+00:00","og_image":[{"width":2500,"height":1873,"url":"https:\/\/www.northcdatacenters.com\/ch-fr\/wp-content\/uploads\/sites\/6\/2026\/02\/Fankhauser_Uptown_Vogelperspektive-1.webp","type":"image\/jpeg"}],"author":"eryneurli","twitter_card":"summary_large_image","twitter_misc":{"Written by":"eryneurli","Est. reading time":"4 minutes"},"schema":{"@context":"https:\/\/schema.org","@graph":[{"@type":"Article","@id":"https:\/\/www.northcdatacenters.com\/ch-fr\/media-corner\/northc-construit-le-centre-de-donnees-du-futur-sur-le-campus-uptownbasel\/#article","isPartOf":{"@id":"https:\/\/www.northcdatacenters.com\/ch-fr\/media-corner\/northc-construit-le-centre-de-donnees-du-futur-sur-le-campus-uptownbasel\/"},"author":{"name":"eryneurli","@id":"https:\/\/www.northcdatacenters.com\/ch-fr\/#\/schema\/person\/52b96c82b23bf85893854f040e28ef8c"},"headline":"NorthC construit le centre de donn\u00e9es du futur sur le campus uptownBasel","datePublished":"2026-02-24T10:33:36+00:00","dateModified":"2026-04-22T09:48:59+00:00","mainEntityOfPage":{"@id":"https:\/\/www.northcdatacenters.com\/ch-fr\/media-corner\/northc-construit-le-centre-de-donnees-du-futur-sur-le-campus-uptownbasel\/"},"wordCount":790,"publisher":{"@id":"https:\/\/www.northcdatacenters.com\/ch-fr\/#organization"},"image":{"@id":"https:\/\/www.northcdatacenters.com\/ch-fr\/media-corner\/northc-construit-le-centre-de-donnees-du-futur-sur-le-campus-uptownbasel\/#primaryimage"},"thumbnailUrl":"https:\/\/www.northcdatacenters.com\/ch-fr\/wp-content\/uploads\/sites\/6\/2026\/02\/Fankhauser_Uptown_Vogelperspektive-1.webp","articleSection":["Media Corner"],"inLanguage":"fr-FR"},{"@type":"WebPage","@id":"https:\/\/www.northcdatacenters.com\/ch-fr\/media-corner\/northc-construit-le-centre-de-donnees-du-futur-sur-le-campus-uptownbasel\/","url":"https:\/\/www.northcdatacenters.com\/ch-fr\/media-corner\/northc-construit-le-centre-de-donnees-du-futur-sur-le-campus-uptownbasel\/","name":"NorthC construit un centre de donn\u00e9es \u00e0 uptownBasel","isPartOf":{"@id":"https:\/\/www.northcdatacenters.com\/ch-fr\/#website"},"primaryImageOfPage":{"@id":"https:\/\/www.northcdatacenters.com\/ch-fr\/media-corner\/northc-construit-le-centre-de-donnees-du-futur-sur-le-campus-uptownbasel\/#primaryimage"},"image":{"@id":"https:\/\/www.northcdatacenters.com\/ch-fr\/media-corner\/northc-construit-le-centre-de-donnees-du-futur-sur-le-campus-uptownbasel\/#primaryimage"},"thumbnailUrl":"https:\/\/www.northcdatacenters.com\/ch-fr\/wp-content\/uploads\/sites\/6\/2026\/02\/Fankhauser_Uptown_Vogelperspektive-1.webp","datePublished":"2026-02-24T10:33:36+00:00","dateModified":"2026-04-22T09:48:59+00:00","description":"NorthC construit \u00e0 Arlesheim, sur le campus uptownBasel, le centre de donn\u00e9es du futur d\u00e9di\u00e9 \u00e0 l'IA, l'informatique quantique et la m\u00e9decine","breadcrumb":{"@id":"https:\/\/www.northcdatacenters.com\/ch-fr\/media-corner\/northc-construit-le-centre-de-donnees-du-futur-sur-le-campus-uptownbasel\/#breadcrumb"},"inLanguage":"fr-FR","potentialAction":[{"@type":"ReadAction","target":["https:\/\/www.northcdatacenters.com\/ch-fr\/media-corner\/northc-construit-le-centre-de-donnees-du-futur-sur-le-campus-uptownbasel\/"]}]},{"@type":"ImageObject","inLanguage":"fr-FR","@id":"https:\/\/www.northcdatacenters.com\/ch-fr\/media-corner\/northc-construit-le-centre-de-donnees-du-futur-sur-le-campus-uptownbasel\/#primaryimage","url":"https:\/\/www.northcdatacenters.com\/ch-fr\/wp-content\/uploads\/sites\/6\/2026\/02\/Fankhauser_Uptown_Vogelperspektive-1.webp","contentUrl":"https:\/\/www.northcdatacenters.com\/ch-fr\/wp-content\/uploads\/sites\/6\/2026\/02\/Fankhauser_Uptown_Vogelperspektive-1.webp","width":2500,"height":1873},{"@type":"BreadcrumbList","@id":"https:\/\/www.northcdatacenters.com\/ch-fr\/media-corner\/northc-construit-le-centre-de-donnees-du-futur-sur-le-campus-uptownbasel\/#breadcrumb","itemListElement":[{"@type":"ListItem","position":1,"name":"Home","item":"https:\/\/www.northcdatacenters.com\/ch-fr\/"},{"@type":"ListItem","position":2,"name":"NorthC construit le centre de donn\u00e9es du futur sur le campus uptownBasel"}]},{"@type":"WebSite","@id":"https:\/\/www.northcdatacenters.com\/ch-fr\/#website","url":"https:\/\/www.northcdatacenters.com\/ch-fr\/","name":"NorthC Datacenters","description":"Digital business, Personal connections.","publisher":{"@id":"https:\/\/www.northcdatacenters.com\/ch-fr\/#organization"},"potentialAction":[{"@type":"SearchAction","target":{"@type":"EntryPoint","urlTemplate":"https:\/\/www.northcdatacenters.com\/ch-fr\/?s={search_term_string}"},"query-input":{"@type":"PropertyValueSpecification","valueRequired":true,"valueName":"search_term_string"}}],"inLanguage":"fr-FR"},{"@type":"Organization","@id":"https:\/\/www.northcdatacenters.com\/ch-fr\/#organization","name":"NorthC Datacenters","url":"https:\/\/www.northcdatacenters.com\/ch-fr\/","logo":{"@type":"ImageObject","inLanguage":"fr-FR","@id":"https:\/\/www.northcdatacenters.com\/ch-fr\/#\/schema\/logo\/image\/","url":"https:\/\/www.northcdatacenters.com\/ch-fr\/wp-content\/uploads\/sites\/6\/2024\/11\/Logo_NorthC.svg","contentUrl":"https:\/\/www.northcdatacenters.com\/ch-fr\/wp-content\/uploads\/sites\/6\/2024\/11\/Logo_NorthC.svg","width":110,"height":24,"caption":"NorthC Datacenters"},"image":{"@id":"https:\/\/www.northcdatacenters.com\/ch-fr\/#\/schema\/logo\/image\/"}},{"@type":"Person","@id":"https:\/\/www.northcdatacenters.com\/ch-fr\/#\/schema\/person\/52b96c82b23bf85893854f040e28ef8c","name":"eryneurli","url":"https:\/\/www.northcdatacenters.com\/ch-fr\/author\/eryneurli\/"}]}},"_links":{"self":[{"href":"https:\/\/www.northcdatacenters.com\/ch-fr\/wp-json\/wp\/v2\/posts\/30968","targetHints":{"allow":["GET"]}}],"collection":[{"href":"https:\/\/www.northcdatacenters.com\/ch-fr\/wp-json\/wp\/v2\/posts"}],"about":[{"href":"https:\/\/www.northcdatacenters.com\/ch-fr\/wp-json\/wp\/v2\/types\/post"}],"author":[{"embeddable":true,"href":"https:\/\/www.northcdatacenters.com\/ch-fr\/wp-json\/wp\/v2\/users\/31"}],"replies":[{"embeddable":true,"href":"https:\/\/www.northcdatacenters.com\/ch-fr\/wp-json\/wp\/v2\/comments?post=30968"}],"version-history":[{"count":4,"href":"https:\/\/www.northcdatacenters.com\/ch-fr\/wp-json\/wp\/v2\/posts\/30968\/revisions"}],"predecessor-version":[{"id":30982,"href":"https:\/\/www.northcdatacenters.com\/ch-fr\/wp-json\/wp\/v2\/posts\/30968\/revisions\/30982"}],"wp:featuredmedia":[{"embeddable":true,"href":"https:\/\/www.northcdatacenters.com\/ch-fr\/wp-json\/wp\/v2\/media\/30979"}],"wp:attachment":[{"href":"https:\/\/www.northcdatacenters.com\/ch-fr\/wp-json\/wp\/v2\/media?parent=30968"}],"wp:term":[{"taxonomy":"category","embeddable":true,"href":"https:\/\/www.northcdatacenters.com\/ch-fr\/wp-json\/wp\/v2\/categories?post=30968"},{"taxonomy":"post_tag","embeddable":true,"href":"https:\/\/www.northcdatacenters.com\/ch-fr\/wp-json\/wp\/v2\/tags?post=30968"}],"curies":[{"name":"wp","href":"https:\/\/api.w.org\/{rel}","templated":true}]}}