{"id":31054,"date":"2026-02-26T15:35:25","date_gmt":"2026-02-26T15:35:25","guid":{"rendered":"https:\/\/www.northcdatacenters.com\/ch-fr\/?p=31054"},"modified":"2026-04-17T07:15:47","modified_gmt":"2026-04-17T07:15:47","slug":"northc-et-legrand-creent-une-infrastructure-compatible-avec-lia-dans-le-centre-de-donnees-de-munchenstein","status":"publish","type":"post","link":"https:\/\/www.northcdatacenters.com\/ch-fr\/media-corner\/northc-et-legrand-creent-une-infrastructure-compatible-avec-lia-dans-le-centre-de-donnees-de-munchenstein\/","title":{"rendered":"NorthC et Legrand cr\u00e9ent une infrastructure compatible avec l&rsquo;IA dans le centre de donn\u00e9es de M\u00fcnchenstein"},"content":{"rendered":"<div class=\"wpb-content-wrapper\"><p>[vc_row vc_row_spacing=\u00a0\u00bbdont-add-spacer adds-own-spacer add-spacer-top\u00a0\u00bb][vc_column][vc_column_text]Limoges, France, et M\u00fcnchenstein (B\u00e2le), 19 novembre 2025<\/p>\n<p>&nbsp;<\/p>\n<p><a href=\"https:\/\/www.legrand.com\/datacenter\/gb-en?utm=NorthC-Custcas_refer25\">Legrand<\/a>, sp\u00e9cialiste mondial des infrastructures \u00e9lectriques et num\u00e9riques du b\u00e2timent, s&rsquo;est associ\u00e9 \u00e0 <a href=\"https:\/\/www.northcdatacenters.com\/ch-fr\/\">NorthC<\/a>, l&rsquo;un des principaux fournisseurs europ\u00e9ens de services de centres de donn\u00e9es et de colocation, pour transformer le centre de donn\u00e9es de M\u00fcnchenstein (B\u00e2le) 1 en une installation haute densit\u00e9 compatible avec l&rsquo;IA. Cette mise \u00e0 niveau permettra le d\u00e9ploiement rapide de clusters GPU avanc\u00e9s, de charges de travail Cloud hybrides et d&rsquo;environnements informatiques haute performance (HPC) \u00e9volutifs.<\/p>\n<p>Legrand a fourni, via sa marque sp\u00e9cialis\u00e9e <a href=\"https:\/\/www.legrand.com\/datacenter\/gb-en\/white-space\/cooling\/rear-door-cooling?utm=NorthC-Custcas_refer25\">USystems, des \u00e9changeurs thermiques de porte arri\u00e8re<\/a> (RDHx) pour le refroidissement au niveau des racks. Ce syst\u00e8me de refroidissement innovant est mont\u00e9 directement \u00e0 l&rsquo;arri\u00e8re des racks de serveurs, absorbe la chaleur d\u00e9gag\u00e9e par les serveurs et la dissipe via un \u00e9changeur de chaleur hautement efficace avant de renvoyer l&rsquo;air refroidi dans la pi\u00e8ce. La conception ferm\u00e9e de ce syst\u00e8me permet d&rsquo;am\u00e9liorer consid\u00e9rablement l&rsquo;efficacit\u00e9 tout en prenant en charge les racks \u00e0 haute densit\u00e9, ce qui en fait la solution de refroidissement par porte arri\u00e8re la plus \u00e9conome en \u00e9nergie disponible dans le monde.<\/p>\n<p><strong>\u00a0<\/strong><\/p>\n<p>Les unit\u00e9s RDHx ont \u00e9t\u00e9 install\u00e9es sans interrompre le fonctionnement du centre de donn\u00e9es, ce que Wolfgang Voigt, responsable du site du centre de donn\u00e9es M\u00fcnchenstein (B\u00e2le) 1 chez NorthC, d\u00e9crit comme \u00ab une op\u00e9ration \u00e0 c\u0153ur ouvert \u00bb.<\/p>\n<p>&nbsp;<\/p>\n<p>La consommation d&rsquo;\u00e9nergie du site de M\u00fcnchenstein (B\u00e2le) 1 a pu \u00eatre r\u00e9duite d&rsquo;environ 80 % gr\u00e2ce au refroidissement par la porte arri\u00e8re et \u00e0 des am\u00e9liorations de l&rsquo;infrastructure. L&rsquo;installation est d\u00e9sormais enti\u00e8rement \u00e9quip\u00e9e pour les applications d&rsquo;IA et de HPC et prend en charge les clusters pilot\u00e9s par GPU, les environnements de Cloud hybride et le calcul haute densit\u00e9. Les clients de NorthC b\u00e9n\u00e9ficient d&rsquo;une infrastructure rapide \u00e0 faible latence, conforme \u00e0 la l\u00e9gislation suisse en mati\u00e8re de protection des donn\u00e9es.<\/p>\n<p>&nbsp;<\/p>\n<p>Wolfgang Voigt commente :<\/p>\n<p><em>\u00ab L&rsquo;introduction de la technologie RDHx \u00e0 haute efficacit\u00e9 \u00e9nerg\u00e9tique a \u00e9t\u00e9 une \u00e9tape d\u00e9cisive pour nous. Le fait qu&rsquo;elle permette un calcul haute densit\u00e9 tout en r\u00e9duisant la consommation d&rsquo;\u00e9nergie en fait un choix convaincant pour r\u00e9pondre aux exigences de l&rsquo;IA et du HPC. \u00bb<\/em><\/p>\n<p><em>\u00a0<\/em><\/p>\n<p>L&rsquo;infrastructure modernis\u00e9e soutient \u00e9galement la croissance future, car elle est modulaire et flexible, permettant l&rsquo;installation de racks suppl\u00e9mentaires ou la transition vers la technologie de refroidissement par liquide ou directement \u00e0 la puce. NorthC continue d&rsquo;avancer vers son objectif de neutralit\u00e9 carbone d&rsquo;ici 2030 en utilisant des solutions de refroidissement efficaces et en optimisant l&rsquo;infrastructure existante du site.<\/p>\n<p><em>\u00a0<\/em><\/p>\n<p>Colin Rowlands, Support Technique Europ\u00e9en pour USystems, explique :<\/p>\n<p><em>\u00ab L\u2019installation de l\u2019infrastructure de base de nos solutions de refroidissement dans un centre de donn\u00e9es, qu\u2019il s\u2019agisse de l\u2019ensemble du centre de donn\u00e9es ou d\u2019une partie seulement, permet une mise \u00e0 niveau facile. La solution commune, dont nous sommes tr\u00e8s fiers, offre \u00e0 NorthC une infrastructure p\u00e9renne et flexible. \u00bb<\/em><\/p>\n<p><em>\u00a0<\/em><\/p>\n<p>Pour plus d&rsquo;informations, consultez le site web et les \u00e9tudes de cas clients :<\/p>\n<p><a href=\"https:\/\/www.northcdatacenters.com\/ch-de\/northclegrandsuccessstoryhighperformancecomputing\/?utm_source=pressrelease&amp;utm_medium=organic&amp;utm_campaign=ch-northclegrandsuccessstory2025&amp;utm_content=marketing\">NorthC Datacenters\u00a0<\/a><br \/>\n<a href=\"https:\/\/www.legrand.com\/datacenter\/ch-en\/news\/northc-and-legrand-new-class-of-ai-enabled-infrastructure\">Legrand Datacenter Solution\u00a0<\/a>[\/vc_column_text][\/vc_column][\/vc_row][vc_row el_id=\u00a0\u00bbinsights\u00a0\u00bb][vc_column]<div class=\"title d-flex flex-wrap  justify-content-between gap-4 mb-12\">\n  <div class=\"d-flex flex-column \">\n          <h3 class=\"chapeau text-base text-gray-500\">Insights<\/h3>\n    \n    <div class=\"d-flex flex-column gap-4\">\n      <h2 class=\"mb-2\">Autres communiqu\u00e9s de presse<\/h2>\n\n              <p class=\"text-base lh15 mb-2\">Vous trouverez ici d'autres communiqu\u00e9s de presse concernant l'acquisition de Colt et notre expansion dans la r\u00e9gion DACH.<\/p>\n          <\/div>\n\n    \n\n  <\/div>\n  <\/div>\n<div class=\"related-insights card-list\">\n      \n<div class=\"card card-horizontal has-description\">\n  <div class=\"card-img-wrap aspect-ratio bg-gray-300\" style=\"--aspect-ratio: 1.41\">\n          <img decoding=\"async\" src=\"https:\/\/www.northcdatacenters.com\/ch-fr\/wp-content\/uploads\/sites\/6\/2025\/04\/NorthC-data-centers-Colt-510x360.webp\" srcset=\"\"\n  class=\"card-img h-100 bg-gray-300 inherit-aspect-ratio\" style=\"\"\n  loading=\"lazy\"\n  sizes=\"400px\" \/>    \n    <div class=\"card-img-overlay\">\n              <span class=\"tag text-bg-white\">\n          Temps de lecture : 2 min        <\/span>\n          <\/div>\n  <\/div>\n\n  <div class=\"card-body\">\n    <div class=\"card-title mb-2\">\n      NorthC acquiert six centres de donn\u00e9es de Colt Technology Services en Allemagne et aux Pays-Bas    <\/div>\n\n          <div class=\"chapeau\">\n        Article      <\/div>\n    \n          <p class=\"card-text mb-0\">\n        La transaction comprend des centres de donn\u00e9es dans des grandes r\u00e9gions m\u00e9tropolitaines telles que Francfort, Berlin, Hambourg, Munich, D\u00fcsseldorf et Amsterdam. Les centres de donn\u00e9es ont une disponibilit\u00e9 de puissance\u2026      <\/p>\n      <\/div>\n\n  \n  <a href=\"https:\/\/www.northcdatacenters.com\/ch-fr\/media-corner\/prise-en-charge-des-centres-de-donnees-colt\/\" class=\"stretched-link\" target=\"\">\n    <span class=\"card-btn material-symbols-outlined m-0\" aria-hidden=\"true\"><jello-icon name=\"material\/arrow_right_alt\"><\/jello-icon><\/span>\n  <\/a>\n<\/div>      \n<div class=\"card card-horizontal has-description\">\n  <div class=\"card-img-wrap aspect-ratio bg-gray-300\" style=\"--aspect-ratio: 1.41\">\n          <img decoding=\"async\" src=\"https:\/\/www.northcdatacenters.com\/ch-fr\/wp-content\/uploads\/sites\/6\/2023\/07\/Header-Press-Release-DC-WIN-510x360.webp\" srcset=\"\"\n  class=\"card-img h-100 bg-gray-300 inherit-aspect-ratio\" style=\"\"\n  loading=\"lazy\"\n  sizes=\"400px\" \/>    \n    <div class=\"card-img-overlay\">\n              <span class=\"tag text-bg-white\">\n          Temps de lecture : 2 min        <\/span>\n          <\/div>\n  <\/div>\n\n  <div class=\"card-body\">\n    <div class=\"card-title mb-2\">\n      NorthC Group poursuit son expansion avec un quatri\u00e8me centre de donn\u00e9es en Suisse    <\/div>\n\n          <div class=\"chapeau\">\n        Article      <\/div>\n    \n          <p class=\"card-text mb-0\">\n        NorthC Group poursuit le d\u00e9veloppement de sa pr\u00e9sence en Suisse et ouvre un nouveau centre de donn\u00e9es dans la r\u00e9gion de Zurich. NorthC renforce ainsi sa couverture r\u00e9gionale et poursuit\u2026      <\/p>\n      <\/div>\n\n  \n  <a href=\"https:\/\/www.northcdatacenters.com\/ch-fr\/media-corner\/northc-group-poursuit-son-expansion-avec-un-quatrieme-centre-de-donnees-en-suisse\/\" class=\"stretched-link\" target=\"\">\n    <span class=\"card-btn material-symbols-outlined m-0\" aria-hidden=\"true\"><jello-icon name=\"material\/arrow_right_alt\"><\/jello-icon><\/span>\n  <\/a>\n<\/div>      \n<div class=\"card card-horizontal\">\n  <div class=\"card-img-wrap aspect-ratio bg-gray-300\" style=\"--aspect-ratio: 1.41\">\n          <img decoding=\"async\" src=\"https:\/\/www.northcdatacenters.com\/ch-fr\/wp-content\/uploads\/sites\/6\/2026\/02\/Fankhauser_Uptown_Vogelperspektive-1-510x360.webp\" srcset=\"\"\n  class=\"card-img h-100 bg-gray-300 inherit-aspect-ratio\" style=\"\"\n  loading=\"lazy\"\n  sizes=\"400px\" \/>    \n    <div class=\"card-img-overlay\">\n              <span class=\"tag text-bg-white\">\n          Temps de lecture : 3 min        <\/span>\n          <\/div>\n  <\/div>\n\n  <div class=\"card-body\">\n    <div class=\"card-title mb-2\">\n      NorthC construit le centre de donn\u00e9es du futur sur le campus uptownBasel    <\/div>\n\n          <div class=\"chapeau\">\n        Article      <\/div>\n    \n      <\/div>\n\n  \n  <a href=\"https:\/\/www.northcdatacenters.com\/ch-fr\/media-corner\/northc-construit-le-centre-de-donnees-du-futur-sur-le-campus-uptownbasel\/\" class=\"stretched-link\" target=\"\">\n    <span class=\"card-btn material-symbols-outlined m-0\" aria-hidden=\"true\"><jello-icon name=\"material\/arrow_right_alt\"><\/jello-icon><\/span>\n  <\/a>\n<\/div>  <\/div>\n\n[\/vc_column][\/vc_row][vc_row full_width=\u00a0\u00bbstretch_row\u00a0\u00bb north_c_background_color=\u00a0\u00bbbg-gray-200&Prime;][vc_column]<div class=\"cta\">\n  <div class=\"cta-grid\">\n    <div class=\"cta-picture\">\n      <picture class=\"responsive-picture d-block\">\n  <img decoding=\"async\" src=\"https:\/\/www.northcdatacenters.com\/ch-fr\/wp-content\/uploads\/sites\/6\/2024\/11\/Marina-2-1256x1256.webp\" srcset=\"https:\/\/www.northcdatacenters.com\/ch-fr\/wp-content\/uploads\/sites\/6\/2024\/11\/Marina-2-1256x1256.webp 1256w, https:\/\/www.northcdatacenters.com\/ch-fr\/wp-content\/uploads\/sites\/6\/2024\/11\/Marina-2-300x300.webp 300w, https:\/\/www.northcdatacenters.com\/ch-fr\/wp-content\/uploads\/sites\/6\/2024\/11\/Marina-2-1024x1024.webp 1024w, https:\/\/www.northcdatacenters.com\/ch-fr\/wp-content\/uploads\/sites\/6\/2024\/11\/Marina-2-768x768.webp 768w, https:\/\/www.northcdatacenters.com\/ch-fr\/wp-content\/uploads\/sites\/6\/2024\/11\/Marina-2-1536x1536.webp 1536w, https:\/\/www.northcdatacenters.com\/ch-fr\/wp-content\/uploads\/sites\/6\/2024\/11\/Marina-2-250x250.webp 250w, https:\/\/www.northcdatacenters.com\/ch-fr\/wp-content\/uploads\/sites\/6\/2024\/11\/Marina-2-740x740.webp 740w, https:\/\/www.northcdatacenters.com\/ch-fr\/wp-content\/uploads\/sites\/6\/2024\/11\/Marina-2-175x175.webp 175w, https:\/\/www.northcdatacenters.com\/ch-fr\/wp-content\/uploads\/sites\/6\/2024\/11\/Marina-2-360x360.webp 360w, https:\/\/www.northcdatacenters.com\/ch-fr\/wp-content\/uploads\/sites\/6\/2024\/11\/Marina-2-500x500.webp 500w, https:\/\/www.northcdatacenters.com\/ch-fr\/wp-content\/uploads\/sites\/6\/2024\/11\/Marina-2.webp 1920w\"\n  class=\"\" style=\"\"\n  loading=\"lazy\"\n  sizes=\"(min-width: 992px) 1280px, 100vw\" \/><\/picture>\n          <\/div>\n\n    <div class=\"text text-white d-flex flex-column gap-4 justify-content-center align-items-center p-6 pb-12 px-lg-12 px-xxl-28\">\n      <h6 class=\"text-primary lh214 font-extrabold text-center mb-0\"><\/h6>\n      <h3 class=\"mb-2 text-center text-sm-5xl mb-sm-6 text-balance\">Voulez-vous recevoir d'autres conseils et actualit\u00e9s de notre part ?<\/h3>\n      <div class=\"buttons d-flex flex-column flex-lg-row flex-wrap gap-4 align-items-center justify-content-center dark-background\">\n                  \n  <button class=\"btn btn-primary\" type=\"button\" data-bs-toggle=\"offcanvas\" data-bs-target=\"#offcanvas_39\" aria-controls=\"offcanvas_39\">\n    S'inscrire \u00e0 la newsletter  <\/button>\n                  \n  \n  <button class=\"btn btn-secondary\" type=\"button\" data-bs-toggle=\"offcanvas\" data-bs-target=\"#offcanvas_28\" aria-controls=\"offcanvas_28\">\n    Contactez-nous  <\/button>\n\n              <\/div>\n    <\/div>\n  <\/div>\n<\/div>[\/vc_column][\/vc_row]<\/p>\n<\/div>","protected":false},"excerpt":{"rendered":"<p>NorthC et Legrand annoncent aujourd&rsquo;hui le lancement d&rsquo;une nouvelle \u00e8re dans le domaine des infrastructures de centres de donn\u00e9es en Suisse.<\/p>\n","protected":false},"author":31,"featured_media":31059,"comment_status":"closed","ping_status":"closed","sticky":false,"template":"","format":"standard","meta":{"_acf_changed":false,"_relevanssi_hide_post":"","_relevanssi_hide_content":"","_relevanssi_pin_for_all":"","_relevanssi_pin_keywords":"","_relevanssi_unpin_keywords":"","_relevanssi_related_keywords":"","_relevanssi_related_include_ids":"","_relevanssi_related_exclude_ids":"","_relevanssi_related_no_append":"","_relevanssi_related_not_related":"","_relevanssi_related_posts":"","_relevanssi_noindex_reason":"","footnotes":""},"categories":[48],"tags":[],"class_list":["post-31054","post","type-post","status-publish","format-standard","has-post-thumbnail","hentry","category-media-corner"],"acf":[],"yoast_head":"<!-- This site is optimized with the Yoast SEO Premium plugin v27.4 (Yoast SEO v27.4) - https:\/\/yoast.com\/product\/yoast-seo-premium-wordpress\/ -->\n<title>Infrastructure adapt\u00e9e \u00e0 l&#039;IA pour les centres de donn\u00e9es modernes<\/title>\n<meta name=\"description\" content=\"Une infrastructure adapt\u00e9e \u00e0 l&#039;IA est en cours de cr\u00e9ation \u00e0 M\u00fcnchenstein. D\u00e9couvrez-en plus sur cette transition technologique innovante.\" \/>\n<meta name=\"robots\" content=\"index, follow, max-snippet:-1, max-image-preview:large, max-video-preview:-1\" \/>\n<link rel=\"canonical\" href=\"https:\/\/www.northcdatacenters.com\/ch-fr\/media-corner\/northc-et-legrand-creent-une-infrastructure-compatible-avec-lia-dans-le-centre-de-donnees-de-munchenstein\/\" \/>\n<meta property=\"og:locale\" content=\"fr_FR\" \/>\n<meta property=\"og:type\" content=\"article\" \/>\n<meta property=\"og:title\" content=\"NorthC et Legrand cr\u00e9ent une infrastructure compatible avec l&#039;IA dans le centre de donn\u00e9es de M\u00fcnchenstein\" \/>\n<meta property=\"og:description\" content=\"D\u00e9couvrez comment NorthC et Legrand transforment le centre de donn\u00e9es de M\u00fcnchenstein en une installation haute densit\u00e9, compatible avec l&#039;IA.\" \/>\n<meta property=\"og:url\" content=\"https:\/\/www.northcdatacenters.com\/ch-fr\/media-corner\/northc-et-legrand-creent-une-infrastructure-compatible-avec-lia-dans-le-centre-de-donnees-de-munchenstein\/\" \/>\n<meta property=\"og:site_name\" content=\"NorthC Datacenters (CH-FR)\" \/>\n<meta property=\"article:published_time\" content=\"2026-02-26T15:35:25+00:00\" \/>\n<meta property=\"article:modified_time\" content=\"2026-04-17T07:15:47+00:00\" \/>\n<meta property=\"og:image\" content=\"https:\/\/www.northcdatacenters.com\/ch-fr\/wp-content\/uploads\/sites\/6\/2026\/02\/162_NorthC_Legrand_kunzmedia-jpg-jpg.webp\" \/>\n\t<meta property=\"og:image:width\" content=\"8579\" \/>\n\t<meta property=\"og:image:height\" content=\"5719\" \/>\n\t<meta property=\"og:image:type\" content=\"image\/jpeg\" \/>\n<meta name=\"author\" content=\"eryneurli\" \/>\n<meta name=\"twitter:card\" content=\"summary_large_image\" \/>\n<meta name=\"twitter:label1\" content=\"Written by\" \/>\n\t<meta name=\"twitter:data1\" content=\"eryneurli\" \/>\n\t<meta name=\"twitter:label2\" content=\"Est. reading time\" \/>\n\t<meta name=\"twitter:data2\" content=\"4 minutes\" \/>\n<script type=\"application\/ld+json\" class=\"yoast-schema-graph\">{\"@context\":\"https:\\\/\\\/schema.org\",\"@graph\":[{\"@type\":\"Article\",\"@id\":\"https:\\\/\\\/www.northcdatacenters.com\\\/ch-fr\\\/media-corner\\\/northc-et-legrand-creent-une-infrastructure-compatible-avec-lia-dans-le-centre-de-donnees-de-munchenstein\\\/#article\",\"isPartOf\":{\"@id\":\"https:\\\/\\\/www.northcdatacenters.com\\\/ch-fr\\\/media-corner\\\/northc-et-legrand-creent-une-infrastructure-compatible-avec-lia-dans-le-centre-de-donnees-de-munchenstein\\\/\"},\"author\":{\"name\":\"eryneurli\",\"@id\":\"https:\\\/\\\/www.northcdatacenters.com\\\/ch-fr\\\/#\\\/schema\\\/person\\\/52b96c82b23bf85893854f040e28ef8c\"},\"headline\":\"NorthC et Legrand cr\u00e9ent une infrastructure compatible avec l&rsquo;IA dans le centre de donn\u00e9es de M\u00fcnchenstein\",\"datePublished\":\"2026-02-26T15:35:25+00:00\",\"dateModified\":\"2026-04-17T07:15:47+00:00\",\"mainEntityOfPage\":{\"@id\":\"https:\\\/\\\/www.northcdatacenters.com\\\/ch-fr\\\/media-corner\\\/northc-et-legrand-creent-une-infrastructure-compatible-avec-lia-dans-le-centre-de-donnees-de-munchenstein\\\/\"},\"wordCount\":715,\"publisher\":{\"@id\":\"https:\\\/\\\/www.northcdatacenters.com\\\/ch-fr\\\/#organization\"},\"image\":{\"@id\":\"https:\\\/\\\/www.northcdatacenters.com\\\/ch-fr\\\/media-corner\\\/northc-et-legrand-creent-une-infrastructure-compatible-avec-lia-dans-le-centre-de-donnees-de-munchenstein\\\/#primaryimage\"},\"thumbnailUrl\":\"https:\\\/\\\/www.northcdatacenters.com\\\/ch-fr\\\/wp-content\\\/uploads\\\/sites\\\/6\\\/2026\\\/02\\\/162_NorthC_Legrand_kunzmedia-jpg-jpg.webp\",\"articleSection\":[\"Media Corner\"],\"inLanguage\":\"fr-FR\"},{\"@type\":\"WebPage\",\"@id\":\"https:\\\/\\\/www.northcdatacenters.com\\\/ch-fr\\\/media-corner\\\/northc-et-legrand-creent-une-infrastructure-compatible-avec-lia-dans-le-centre-de-donnees-de-munchenstein\\\/\",\"url\":\"https:\\\/\\\/www.northcdatacenters.com\\\/ch-fr\\\/media-corner\\\/northc-et-legrand-creent-une-infrastructure-compatible-avec-lia-dans-le-centre-de-donnees-de-munchenstein\\\/\",\"name\":\"Infrastructure adapt\u00e9e \u00e0 l'IA pour les centres de donn\u00e9es modernes\",\"isPartOf\":{\"@id\":\"https:\\\/\\\/www.northcdatacenters.com\\\/ch-fr\\\/#website\"},\"primaryImageOfPage\":{\"@id\":\"https:\\\/\\\/www.northcdatacenters.com\\\/ch-fr\\\/media-corner\\\/northc-et-legrand-creent-une-infrastructure-compatible-avec-lia-dans-le-centre-de-donnees-de-munchenstein\\\/#primaryimage\"},\"image\":{\"@id\":\"https:\\\/\\\/www.northcdatacenters.com\\\/ch-fr\\\/media-corner\\\/northc-et-legrand-creent-une-infrastructure-compatible-avec-lia-dans-le-centre-de-donnees-de-munchenstein\\\/#primaryimage\"},\"thumbnailUrl\":\"https:\\\/\\\/www.northcdatacenters.com\\\/ch-fr\\\/wp-content\\\/uploads\\\/sites\\\/6\\\/2026\\\/02\\\/162_NorthC_Legrand_kunzmedia-jpg-jpg.webp\",\"datePublished\":\"2026-02-26T15:35:25+00:00\",\"dateModified\":\"2026-04-17T07:15:47+00:00\",\"description\":\"Une infrastructure adapt\u00e9e \u00e0 l'IA est en cours de cr\u00e9ation \u00e0 M\u00fcnchenstein. D\u00e9couvrez-en plus sur cette transition technologique innovante.\",\"breadcrumb\":{\"@id\":\"https:\\\/\\\/www.northcdatacenters.com\\\/ch-fr\\\/media-corner\\\/northc-et-legrand-creent-une-infrastructure-compatible-avec-lia-dans-le-centre-de-donnees-de-munchenstein\\\/#breadcrumb\"},\"inLanguage\":\"fr-FR\",\"potentialAction\":[{\"@type\":\"ReadAction\",\"target\":[\"https:\\\/\\\/www.northcdatacenters.com\\\/ch-fr\\\/media-corner\\\/northc-et-legrand-creent-une-infrastructure-compatible-avec-lia-dans-le-centre-de-donnees-de-munchenstein\\\/\"]}]},{\"@type\":\"ImageObject\",\"inLanguage\":\"fr-FR\",\"@id\":\"https:\\\/\\\/www.northcdatacenters.com\\\/ch-fr\\\/media-corner\\\/northc-et-legrand-creent-une-infrastructure-compatible-avec-lia-dans-le-centre-de-donnees-de-munchenstein\\\/#primaryimage\",\"url\":\"https:\\\/\\\/www.northcdatacenters.com\\\/ch-fr\\\/wp-content\\\/uploads\\\/sites\\\/6\\\/2026\\\/02\\\/162_NorthC_Legrand_kunzmedia-jpg-jpg.webp\",\"contentUrl\":\"https:\\\/\\\/www.northcdatacenters.com\\\/ch-fr\\\/wp-content\\\/uploads\\\/sites\\\/6\\\/2026\\\/02\\\/162_NorthC_Legrand_kunzmedia-jpg-jpg.webp\",\"width\":8579,\"height\":5719},{\"@type\":\"BreadcrumbList\",\"@id\":\"https:\\\/\\\/www.northcdatacenters.com\\\/ch-fr\\\/media-corner\\\/northc-et-legrand-creent-une-infrastructure-compatible-avec-lia-dans-le-centre-de-donnees-de-munchenstein\\\/#breadcrumb\",\"itemListElement\":[{\"@type\":\"ListItem\",\"position\":1,\"name\":\"Home\",\"item\":\"https:\\\/\\\/www.northcdatacenters.com\\\/ch-fr\\\/\"},{\"@type\":\"ListItem\",\"position\":2,\"name\":\"NorthC et Legrand cr\u00e9ent une infrastructure compatible avec l&rsquo;IA dans le centre de donn\u00e9es de M\u00fcnchenstein\"}]},{\"@type\":\"WebSite\",\"@id\":\"https:\\\/\\\/www.northcdatacenters.com\\\/ch-fr\\\/#website\",\"url\":\"https:\\\/\\\/www.northcdatacenters.com\\\/ch-fr\\\/\",\"name\":\"NorthC Datacenters\",\"description\":\"Digital business, Personal connections.\",\"publisher\":{\"@id\":\"https:\\\/\\\/www.northcdatacenters.com\\\/ch-fr\\\/#organization\"},\"potentialAction\":[{\"@type\":\"SearchAction\",\"target\":{\"@type\":\"EntryPoint\",\"urlTemplate\":\"https:\\\/\\\/www.northcdatacenters.com\\\/ch-fr\\\/?s={search_term_string}\"},\"query-input\":{\"@type\":\"PropertyValueSpecification\",\"valueRequired\":true,\"valueName\":\"search_term_string\"}}],\"inLanguage\":\"fr-FR\"},{\"@type\":\"Organization\",\"@id\":\"https:\\\/\\\/www.northcdatacenters.com\\\/ch-fr\\\/#organization\",\"name\":\"NorthC Datacenters\",\"url\":\"https:\\\/\\\/www.northcdatacenters.com\\\/ch-fr\\\/\",\"logo\":{\"@type\":\"ImageObject\",\"inLanguage\":\"fr-FR\",\"@id\":\"https:\\\/\\\/www.northcdatacenters.com\\\/ch-fr\\\/#\\\/schema\\\/logo\\\/image\\\/\",\"url\":\"https:\\\/\\\/www.northcdatacenters.com\\\/ch-fr\\\/wp-content\\\/uploads\\\/sites\\\/6\\\/2024\\\/11\\\/Logo_NorthC.svg\",\"contentUrl\":\"https:\\\/\\\/www.northcdatacenters.com\\\/ch-fr\\\/wp-content\\\/uploads\\\/sites\\\/6\\\/2024\\\/11\\\/Logo_NorthC.svg\",\"width\":110,\"height\":24,\"caption\":\"NorthC Datacenters\"},\"image\":{\"@id\":\"https:\\\/\\\/www.northcdatacenters.com\\\/ch-fr\\\/#\\\/schema\\\/logo\\\/image\\\/\"}},{\"@type\":\"Person\",\"@id\":\"https:\\\/\\\/www.northcdatacenters.com\\\/ch-fr\\\/#\\\/schema\\\/person\\\/52b96c82b23bf85893854f040e28ef8c\",\"name\":\"eryneurli\",\"url\":\"https:\\\/\\\/www.northcdatacenters.com\\\/ch-fr\\\/author\\\/eryneurli\\\/\"}]}<\/script>\n<!-- \/ Yoast SEO Premium plugin. -->","yoast_head_json":{"title":"Infrastructure adapt\u00e9e \u00e0 l'IA pour les centres de donn\u00e9es modernes","description":"Une infrastructure adapt\u00e9e \u00e0 l'IA est en cours de cr\u00e9ation \u00e0 M\u00fcnchenstein. D\u00e9couvrez-en plus sur cette transition technologique innovante.","robots":{"index":"index","follow":"follow","max-snippet":"max-snippet:-1","max-image-preview":"max-image-preview:large","max-video-preview":"max-video-preview:-1"},"canonical":"https:\/\/www.northcdatacenters.com\/ch-fr\/media-corner\/northc-et-legrand-creent-une-infrastructure-compatible-avec-lia-dans-le-centre-de-donnees-de-munchenstein\/","og_locale":"fr_FR","og_type":"article","og_title":"NorthC et Legrand cr\u00e9ent une infrastructure compatible avec l'IA dans le centre de donn\u00e9es de M\u00fcnchenstein","og_description":"D\u00e9couvrez comment NorthC et Legrand transforment le centre de donn\u00e9es de M\u00fcnchenstein en une installation haute densit\u00e9, compatible avec l'IA.","og_url":"https:\/\/www.northcdatacenters.com\/ch-fr\/media-corner\/northc-et-legrand-creent-une-infrastructure-compatible-avec-lia-dans-le-centre-de-donnees-de-munchenstein\/","og_site_name":"NorthC Datacenters (CH-FR)","article_published_time":"2026-02-26T15:35:25+00:00","article_modified_time":"2026-04-17T07:15:47+00:00","og_image":[{"width":8579,"height":5719,"url":"https:\/\/www.northcdatacenters.com\/ch-fr\/wp-content\/uploads\/sites\/6\/2026\/02\/162_NorthC_Legrand_kunzmedia-jpg-jpg.webp","type":"image\/jpeg"}],"author":"eryneurli","twitter_card":"summary_large_image","twitter_misc":{"Written by":"eryneurli","Est. reading time":"4 minutes"},"schema":{"@context":"https:\/\/schema.org","@graph":[{"@type":"Article","@id":"https:\/\/www.northcdatacenters.com\/ch-fr\/media-corner\/northc-et-legrand-creent-une-infrastructure-compatible-avec-lia-dans-le-centre-de-donnees-de-munchenstein\/#article","isPartOf":{"@id":"https:\/\/www.northcdatacenters.com\/ch-fr\/media-corner\/northc-et-legrand-creent-une-infrastructure-compatible-avec-lia-dans-le-centre-de-donnees-de-munchenstein\/"},"author":{"name":"eryneurli","@id":"https:\/\/www.northcdatacenters.com\/ch-fr\/#\/schema\/person\/52b96c82b23bf85893854f040e28ef8c"},"headline":"NorthC et Legrand cr\u00e9ent une infrastructure compatible avec l&rsquo;IA dans le centre de donn\u00e9es de M\u00fcnchenstein","datePublished":"2026-02-26T15:35:25+00:00","dateModified":"2026-04-17T07:15:47+00:00","mainEntityOfPage":{"@id":"https:\/\/www.northcdatacenters.com\/ch-fr\/media-corner\/northc-et-legrand-creent-une-infrastructure-compatible-avec-lia-dans-le-centre-de-donnees-de-munchenstein\/"},"wordCount":715,"publisher":{"@id":"https:\/\/www.northcdatacenters.com\/ch-fr\/#organization"},"image":{"@id":"https:\/\/www.northcdatacenters.com\/ch-fr\/media-corner\/northc-et-legrand-creent-une-infrastructure-compatible-avec-lia-dans-le-centre-de-donnees-de-munchenstein\/#primaryimage"},"thumbnailUrl":"https:\/\/www.northcdatacenters.com\/ch-fr\/wp-content\/uploads\/sites\/6\/2026\/02\/162_NorthC_Legrand_kunzmedia-jpg-jpg.webp","articleSection":["Media Corner"],"inLanguage":"fr-FR"},{"@type":"WebPage","@id":"https:\/\/www.northcdatacenters.com\/ch-fr\/media-corner\/northc-et-legrand-creent-une-infrastructure-compatible-avec-lia-dans-le-centre-de-donnees-de-munchenstein\/","url":"https:\/\/www.northcdatacenters.com\/ch-fr\/media-corner\/northc-et-legrand-creent-une-infrastructure-compatible-avec-lia-dans-le-centre-de-donnees-de-munchenstein\/","name":"Infrastructure adapt\u00e9e \u00e0 l'IA pour les centres de donn\u00e9es modernes","isPartOf":{"@id":"https:\/\/www.northcdatacenters.com\/ch-fr\/#website"},"primaryImageOfPage":{"@id":"https:\/\/www.northcdatacenters.com\/ch-fr\/media-corner\/northc-et-legrand-creent-une-infrastructure-compatible-avec-lia-dans-le-centre-de-donnees-de-munchenstein\/#primaryimage"},"image":{"@id":"https:\/\/www.northcdatacenters.com\/ch-fr\/media-corner\/northc-et-legrand-creent-une-infrastructure-compatible-avec-lia-dans-le-centre-de-donnees-de-munchenstein\/#primaryimage"},"thumbnailUrl":"https:\/\/www.northcdatacenters.com\/ch-fr\/wp-content\/uploads\/sites\/6\/2026\/02\/162_NorthC_Legrand_kunzmedia-jpg-jpg.webp","datePublished":"2026-02-26T15:35:25+00:00","dateModified":"2026-04-17T07:15:47+00:00","description":"Une infrastructure adapt\u00e9e \u00e0 l'IA est en cours de cr\u00e9ation \u00e0 M\u00fcnchenstein. D\u00e9couvrez-en plus sur cette transition technologique innovante.","breadcrumb":{"@id":"https:\/\/www.northcdatacenters.com\/ch-fr\/media-corner\/northc-et-legrand-creent-une-infrastructure-compatible-avec-lia-dans-le-centre-de-donnees-de-munchenstein\/#breadcrumb"},"inLanguage":"fr-FR","potentialAction":[{"@type":"ReadAction","target":["https:\/\/www.northcdatacenters.com\/ch-fr\/media-corner\/northc-et-legrand-creent-une-infrastructure-compatible-avec-lia-dans-le-centre-de-donnees-de-munchenstein\/"]}]},{"@type":"ImageObject","inLanguage":"fr-FR","@id":"https:\/\/www.northcdatacenters.com\/ch-fr\/media-corner\/northc-et-legrand-creent-une-infrastructure-compatible-avec-lia-dans-le-centre-de-donnees-de-munchenstein\/#primaryimage","url":"https:\/\/www.northcdatacenters.com\/ch-fr\/wp-content\/uploads\/sites\/6\/2026\/02\/162_NorthC_Legrand_kunzmedia-jpg-jpg.webp","contentUrl":"https:\/\/www.northcdatacenters.com\/ch-fr\/wp-content\/uploads\/sites\/6\/2026\/02\/162_NorthC_Legrand_kunzmedia-jpg-jpg.webp","width":8579,"height":5719},{"@type":"BreadcrumbList","@id":"https:\/\/www.northcdatacenters.com\/ch-fr\/media-corner\/northc-et-legrand-creent-une-infrastructure-compatible-avec-lia-dans-le-centre-de-donnees-de-munchenstein\/#breadcrumb","itemListElement":[{"@type":"ListItem","position":1,"name":"Home","item":"https:\/\/www.northcdatacenters.com\/ch-fr\/"},{"@type":"ListItem","position":2,"name":"NorthC et Legrand cr\u00e9ent une infrastructure compatible avec l&rsquo;IA dans le centre de donn\u00e9es de M\u00fcnchenstein"}]},{"@type":"WebSite","@id":"https:\/\/www.northcdatacenters.com\/ch-fr\/#website","url":"https:\/\/www.northcdatacenters.com\/ch-fr\/","name":"NorthC Datacenters","description":"Digital business, Personal connections.","publisher":{"@id":"https:\/\/www.northcdatacenters.com\/ch-fr\/#organization"},"potentialAction":[{"@type":"SearchAction","target":{"@type":"EntryPoint","urlTemplate":"https:\/\/www.northcdatacenters.com\/ch-fr\/?s={search_term_string}"},"query-input":{"@type":"PropertyValueSpecification","valueRequired":true,"valueName":"search_term_string"}}],"inLanguage":"fr-FR"},{"@type":"Organization","@id":"https:\/\/www.northcdatacenters.com\/ch-fr\/#organization","name":"NorthC Datacenters","url":"https:\/\/www.northcdatacenters.com\/ch-fr\/","logo":{"@type":"ImageObject","inLanguage":"fr-FR","@id":"https:\/\/www.northcdatacenters.com\/ch-fr\/#\/schema\/logo\/image\/","url":"https:\/\/www.northcdatacenters.com\/ch-fr\/wp-content\/uploads\/sites\/6\/2024\/11\/Logo_NorthC.svg","contentUrl":"https:\/\/www.northcdatacenters.com\/ch-fr\/wp-content\/uploads\/sites\/6\/2024\/11\/Logo_NorthC.svg","width":110,"height":24,"caption":"NorthC Datacenters"},"image":{"@id":"https:\/\/www.northcdatacenters.com\/ch-fr\/#\/schema\/logo\/image\/"}},{"@type":"Person","@id":"https:\/\/www.northcdatacenters.com\/ch-fr\/#\/schema\/person\/52b96c82b23bf85893854f040e28ef8c","name":"eryneurli","url":"https:\/\/www.northcdatacenters.com\/ch-fr\/author\/eryneurli\/"}]}},"_links":{"self":[{"href":"https:\/\/www.northcdatacenters.com\/ch-fr\/wp-json\/wp\/v2\/posts\/31054","targetHints":{"allow":["GET"]}}],"collection":[{"href":"https:\/\/www.northcdatacenters.com\/ch-fr\/wp-json\/wp\/v2\/posts"}],"about":[{"href":"https:\/\/www.northcdatacenters.com\/ch-fr\/wp-json\/wp\/v2\/types\/post"}],"author":[{"embeddable":true,"href":"https:\/\/www.northcdatacenters.com\/ch-fr\/wp-json\/wp\/v2\/users\/31"}],"replies":[{"embeddable":true,"href":"https:\/\/www.northcdatacenters.com\/ch-fr\/wp-json\/wp\/v2\/comments?post=31054"}],"version-history":[{"count":3,"href":"https:\/\/www.northcdatacenters.com\/ch-fr\/wp-json\/wp\/v2\/posts\/31054\/revisions"}],"predecessor-version":[{"id":31060,"href":"https:\/\/www.northcdatacenters.com\/ch-fr\/wp-json\/wp\/v2\/posts\/31054\/revisions\/31060"}],"wp:featuredmedia":[{"embeddable":true,"href":"https:\/\/www.northcdatacenters.com\/ch-fr\/wp-json\/wp\/v2\/media\/31059"}],"wp:attachment":[{"href":"https:\/\/www.northcdatacenters.com\/ch-fr\/wp-json\/wp\/v2\/media?parent=31054"}],"wp:term":[{"taxonomy":"category","embeddable":true,"href":"https:\/\/www.northcdatacenters.com\/ch-fr\/wp-json\/wp\/v2\/categories?post=31054"},{"taxonomy":"post_tag","embeddable":true,"href":"https:\/\/www.northcdatacenters.com\/ch-fr\/wp-json\/wp\/v2\/tags?post=31054"}],"curies":[{"name":"wp","href":"https:\/\/api.w.org\/{rel}","templated":true}]}}