{"id":31243,"date":"2026-03-05T14:01:49","date_gmt":"2026-03-05T14:01:49","guid":{"rendered":"https:\/\/www.northcdatacenters.com\/ch-fr\/?p=31243"},"modified":"2026-04-22T11:06:20","modified_gmt":"2026-04-22T11:06:20","slug":"antin-rachete-northc-a-dws","status":"publish","type":"post","link":"https:\/\/www.northcdatacenters.com\/ch-fr\/media-corner\/antin-rachete-northc-a-dws\/","title":{"rendered":"Antin acquiert NorthC aupr\u00e8s de DWS"},"content":{"rendered":"<div class=\"wpb-content-wrapper\"><p>[vc_row vc_row_spacing=\u00a0\u00bbdont-add-spacer adds-own-spacer add-spacer-top\u00a0\u00bb][vc_column][vc_column_text]Antin Infrastructure Partners a conclu un accord avec DWS en vue d&rsquo;acqu\u00e9rir NorthC Datacenters. NorthC exploite 25 centres de donn\u00e9es de colocation aux Pays-Bas, en Allemagne et en Suisse. L&rsquo;entreprise dispose d&rsquo;une capacit\u00e9 de centre de donn\u00e9es s\u00e9curis\u00e9e de plus de 140 MW sur des sites existants et nouveaux.<\/p>\n<p>Antin poss\u00e8de une longue exp\u00e9rience dans l&rsquo;investissement et le d\u00e9veloppement d&rsquo;infrastructures num\u00e9riques critiques \u00e0 travers l&rsquo;Europe. Cela comprend notamment Pulsant, une plateforme r\u00e9gionale de centres de donn\u00e9es de colocation de premier plan au Royaume-Uni, ainsi que diverses plateformes d&rsquo;infrastructures de connectivit\u00e9 et de communication dans le domaine de la fibre optique et des antennes-relais de t\u00e9l\u00e9phonie mobile. L&rsquo;\u00e9quipe de direction du groupe, bas\u00e9e \u00e0 Amsterdam aux Pays-Bas et dirig\u00e9e par la PDG Alexandra Schless, reste inchang\u00e9e et continuera \u00e0 investir dans l&rsquo;entreprise avec Antin.<\/p>\n<p>Alexandra Schless, PDG de NorthC, a d\u00e9clar\u00e9 :<br \/>\n\u00ab Nous sommes reconnaissants envers DWS pour son soutien au cours des derni\u00e8res ann\u00e9es et nous nous r\u00e9jouissons de poursuivre le d\u00e9veloppement et l&rsquo;expansion de l&rsquo;entreprise avec Antin. L&rsquo;exp\u00e9rience d&rsquo;Antin dans le domaine des centres de donn\u00e9es de colocation et sa connaissance du march\u00e9 des entreprises seront un atout majeur pour tirer parti des nombreuses opportunit\u00e9s de croissance qui s&rsquo;offrent \u00e0 nous. \u00bb<\/p>\n<p>St\u00e9phane Ifker et Maximilian Lindner, respectivement associ\u00e9 g\u00e9rant et associ\u00e9 chez Antin Infrastructure Partners, ont d\u00e9clar\u00e9 : \u00ab Nous sommes convaincus du potentiel de croissance des centres de donn\u00e9es en colocation, et NorthC est le leader europ\u00e9en dans ce domaine. NorthC est bien positionn\u00e9 pour acc\u00e9l\u00e9rer sa croissance et consolider sa position de leader dans un segment du march\u00e9 des infrastructures num\u00e9riques en pleine expansion et de plus en plus strat\u00e9gique. Nous sommes impatients d&rsquo;accompagner Alexandra et son \u00e9quipe dans la mise en \u0153uvre de la prochaine phase de croissance de NorthC. \u00bb<\/p>\n<p>La transaction est soumise aux autorisations r\u00e9glementaires habituelles et devrait \u00eatre finalis\u00e9e au cours du premier semestre 2026.[\/vc_column_text]\n    <picture class=\"responsive-picture \">\n                                              <source srcset=\"https:\/\/www.northcdatacenters.com\/ch-fr\/wp-content\/uploads\/sites\/6\/2026\/03\/Alexandra_CEO_NorthC_Group.webp 1003w, https:\/\/www.northcdatacenters.com\/ch-fr\/wp-content\/uploads\/sites\/6\/2026\/03\/Alexandra_CEO_NorthC_Group-300x179.webp 300w, https:\/\/www.northcdatacenters.com\/ch-fr\/wp-content\/uploads\/sites\/6\/2026\/03\/Alexandra_CEO_NorthC_Group-768x459.webp 768w, https:\/\/www.northcdatacenters.com\/ch-fr\/wp-content\/uploads\/sites\/6\/2026\/03\/Alexandra_CEO_NorthC_Group-175x105.webp 175w, https:\/\/www.northcdatacenters.com\/ch-fr\/wp-content\/uploads\/sites\/6\/2026\/03\/Alexandra_CEO_NorthC_Group-510x305.webp 510w, https:\/\/www.northcdatacenters.com\/ch-fr\/wp-content\/uploads\/sites\/6\/2026\/03\/Alexandra_CEO_NorthC_Group-800x479.webp 800w\" media=\"(min-width: 576px)\">\n                        \n      <img decoding=\"async\" src=\"https:\/\/www.northcdatacenters.com\/ch-fr\/wp-content\/uploads\/sites\/6\/2026\/03\/Alexandra_CEO_NorthC_Group.webp\" alt=\"\" loading=\"auto\" width=\"\" height=\"\">\n    <\/picture>\n[vc_column_text]<em>Alexandra Schless, Group CEO NorthC<\/em>[\/vc_column_text][\/vc_column][\/vc_row][vc_row el_id=\u00a0\u00bbinsights\u00a0\u00bb][vc_column]<div class=\"title d-flex flex-wrap  justify-content-between gap-4 mb-12\">\n  <div class=\"d-flex flex-column \">\n          <h3 class=\"chapeau text-base text-gray-500\">Insights<\/h3>\n    \n    <div class=\"d-flex flex-column gap-4\">\n      <h2 class=\"mb-2\">Autres communiqu\u00e9s de presse<\/h2>\n\n              <p class=\"text-base lh15 mb-2\">Vous trouverez ici d'autres communiqu\u00e9s de presse concernant l'acquisition de Colt et notre expansion dans la r\u00e9gion DACH.<\/p>\n          <\/div>\n\n    \n\n  <\/div>\n  <\/div>\n<div class=\"related-insights card-list\">\n      \n<div class=\"card card-horizontal has-description\">\n  <div class=\"card-img-wrap aspect-ratio bg-gray-300\" style=\"--aspect-ratio: 1.41\">\n          <img decoding=\"async\" src=\"https:\/\/www.northcdatacenters.com\/ch-fr\/wp-content\/uploads\/sites\/6\/2025\/04\/NorthC-data-centers-Colt-510x360.webp\" srcset=\"\"\n  class=\"card-img h-100 bg-gray-300 inherit-aspect-ratio\" style=\"\"\n  loading=\"lazy\"\n  sizes=\"400px\" \/>    \n    <div class=\"card-img-overlay\">\n              <span class=\"tag text-bg-white\">\n          Temps de lecture : 2 min        <\/span>\n          <\/div>\n  <\/div>\n\n  <div class=\"card-body\">\n    <div class=\"card-title mb-2\">\n      NorthC acquiert six centres de donn\u00e9es de Colt Technology Services en Allemagne et aux Pays-Bas    <\/div>\n\n          <div class=\"chapeau\">\n        Article      <\/div>\n    \n          <p class=\"card-text mb-0\">\n        La transaction comprend des centres de donn\u00e9es dans des grandes r\u00e9gions m\u00e9tropolitaines telles que Francfort, Berlin, Hambourg, Munich, D\u00fcsseldorf et Amsterdam. Les centres de donn\u00e9es ont une disponibilit\u00e9 de puissance\u2026      <\/p>\n      <\/div>\n\n  \n  <a href=\"https:\/\/www.northcdatacenters.com\/ch-fr\/media-corner\/prise-en-charge-des-centres-de-donnees-colt\/\" class=\"stretched-link\" target=\"\">\n    <span class=\"card-btn material-symbols-outlined m-0\" aria-hidden=\"true\"><jello-icon name=\"material\/arrow_right_alt\"><\/jello-icon><\/span>\n  <\/a>\n<\/div>      \n<div class=\"card card-horizontal has-description\">\n  <div class=\"card-img-wrap aspect-ratio bg-gray-300\" style=\"--aspect-ratio: 1.41\">\n          <img decoding=\"async\" src=\"https:\/\/www.northcdatacenters.com\/ch-fr\/wp-content\/uploads\/sites\/6\/2023\/07\/Header-Press-Release-DC-WIN-510x360.webp\" srcset=\"\"\n  class=\"card-img h-100 bg-gray-300 inherit-aspect-ratio\" style=\"\"\n  loading=\"lazy\"\n  sizes=\"400px\" \/>    \n    <div class=\"card-img-overlay\">\n              <span class=\"tag text-bg-white\">\n          Temps de lecture : 2 min        <\/span>\n          <\/div>\n  <\/div>\n\n  <div class=\"card-body\">\n    <div class=\"card-title mb-2\">\n      NorthC Group poursuit son expansion avec un quatri\u00e8me centre de donn\u00e9es en Suisse    <\/div>\n\n          <div class=\"chapeau\">\n        Article      <\/div>\n    \n          <p class=\"card-text mb-0\">\n        NorthC Group poursuit le d\u00e9veloppement de sa pr\u00e9sence en Suisse et ouvre un nouveau centre de donn\u00e9es dans la r\u00e9gion de Zurich. NorthC renforce ainsi sa couverture r\u00e9gionale et poursuit\u2026      <\/p>\n      <\/div>\n\n  \n  <a href=\"https:\/\/www.northcdatacenters.com\/ch-fr\/media-corner\/northc-group-poursuit-son-expansion-avec-un-quatrieme-centre-de-donnees-en-suisse\/\" class=\"stretched-link\" target=\"\">\n    <span class=\"card-btn material-symbols-outlined m-0\" aria-hidden=\"true\"><jello-icon name=\"material\/arrow_right_alt\"><\/jello-icon><\/span>\n  <\/a>\n<\/div>  <\/div>\n\n[\/vc_column][\/vc_row][vc_row full_width=\u00a0\u00bbstretch_row\u00a0\u00bb north_c_background_color=\u00a0\u00bbbg-gray-200&Prime;][vc_column]<div class=\"cta\">\n  <div class=\"cta-grid\">\n    <div class=\"cta-picture\">\n      <picture class=\"responsive-picture d-block\">\n  <img decoding=\"async\" src=\"https:\/\/www.northcdatacenters.com\/ch-fr\/wp-content\/uploads\/sites\/6\/2024\/11\/Marina-2-1256x1256.webp\" srcset=\"https:\/\/www.northcdatacenters.com\/ch-fr\/wp-content\/uploads\/sites\/6\/2024\/11\/Marina-2-1256x1256.webp 1256w, https:\/\/www.northcdatacenters.com\/ch-fr\/wp-content\/uploads\/sites\/6\/2024\/11\/Marina-2-300x300.webp 300w, https:\/\/www.northcdatacenters.com\/ch-fr\/wp-content\/uploads\/sites\/6\/2024\/11\/Marina-2-1024x1024.webp 1024w, https:\/\/www.northcdatacenters.com\/ch-fr\/wp-content\/uploads\/sites\/6\/2024\/11\/Marina-2-768x768.webp 768w, https:\/\/www.northcdatacenters.com\/ch-fr\/wp-content\/uploads\/sites\/6\/2024\/11\/Marina-2-1536x1536.webp 1536w, https:\/\/www.northcdatacenters.com\/ch-fr\/wp-content\/uploads\/sites\/6\/2024\/11\/Marina-2-250x250.webp 250w, https:\/\/www.northcdatacenters.com\/ch-fr\/wp-content\/uploads\/sites\/6\/2024\/11\/Marina-2-740x740.webp 740w, https:\/\/www.northcdatacenters.com\/ch-fr\/wp-content\/uploads\/sites\/6\/2024\/11\/Marina-2-175x175.webp 175w, https:\/\/www.northcdatacenters.com\/ch-fr\/wp-content\/uploads\/sites\/6\/2024\/11\/Marina-2-360x360.webp 360w, https:\/\/www.northcdatacenters.com\/ch-fr\/wp-content\/uploads\/sites\/6\/2024\/11\/Marina-2-500x500.webp 500w, https:\/\/www.northcdatacenters.com\/ch-fr\/wp-content\/uploads\/sites\/6\/2024\/11\/Marina-2.webp 1920w\"\n  class=\"\" style=\"\"\n  loading=\"lazy\"\n  sizes=\"(min-width: 992px) 1280px, 100vw\" \/><\/picture>\n          <\/div>\n\n    <div class=\"text text-white d-flex flex-column gap-4 justify-content-center align-items-center p-6 pb-12 px-lg-12 px-xxl-28\">\n      <h6 class=\"text-primary lh214 font-extrabold text-center mb-0\"><\/h6>\n      <h3 class=\"mb-2 text-center text-sm-5xl mb-sm-6 text-balance\">Voulez-vous recevoir d'autres conseils et actualit\u00e9s de notre part ?<\/h3>\n      <div class=\"buttons d-flex flex-column flex-lg-row flex-wrap gap-4 align-items-center justify-content-center dark-background\">\n                  \n  <button class=\"btn btn-primary\" type=\"button\" data-bs-toggle=\"offcanvas\" data-bs-target=\"#offcanvas_39\" aria-controls=\"offcanvas_39\">\n    S'inscrire \u00e0 la newsletter  <\/button>\n                  \n  \n  <button class=\"btn btn-secondary\" type=\"button\" data-bs-toggle=\"offcanvas\" data-bs-target=\"#offcanvas_28\" aria-controls=\"offcanvas_28\">\n    Contactez-nous  <\/button>\n\n              <\/div>\n    <\/div>\n  <\/div>\n<\/div>[\/vc_column][\/vc_row]<\/p>\n<\/div>","protected":false},"excerpt":{"rendered":"<p>Antin Infrastructure Partners a conclu un accord avec DWS en vue d&rsquo;acqu\u00e9rir NorthC Datacenters. NorthC exploite 25 centres de donn\u00e9es de colocation aux Pays-Bas, en Allemagne et en Suisse.<\/p>\n","protected":false},"author":31,"featured_media":31244,"comment_status":"closed","ping_status":"closed","sticky":false,"template":"","format":"standard","meta":{"_acf_changed":false,"_relevanssi_hide_post":"","_relevanssi_hide_content":"","_relevanssi_pin_for_all":"","_relevanssi_pin_keywords":"","_relevanssi_unpin_keywords":"","_relevanssi_related_keywords":"","_relevanssi_related_include_ids":"","_relevanssi_related_exclude_ids":"","_relevanssi_related_no_append":"","_relevanssi_related_not_related":"","_relevanssi_related_posts":"","_relevanssi_noindex_reason":"","footnotes":""},"categories":[48],"tags":[],"class_list":["post-31243","post","type-post","status-publish","format-standard","has-post-thumbnail","hentry","category-media-corner"],"acf":[],"yoast_head":"<!-- This site is optimized with the Yoast SEO Premium plugin v27.4 (Yoast SEO v27.4) - https:\/\/yoast.com\/product\/yoast-seo-premium-wordpress\/ -->\n<title>Reprise par Antin : de nouvelles perspectives pour NorthC - NorthC Datacenters (CH-FR)<\/title>\n<meta name=\"description\" content=\"Acquisition de NorthC Datacenters par Antin : d\u00e9couvrez-en davantage sur cet investissement majeur dans l&#039;infrastructure num\u00e9rique.\" \/>\n<meta name=\"robots\" content=\"index, follow, max-snippet:-1, max-image-preview:large, max-video-preview:-1\" \/>\n<link rel=\"canonical\" href=\"https:\/\/www.northcdatacenters.com\/ch-fr\/media-corner\/antin-rachete-northc-a-dws\/\" \/>\n<meta property=\"og:locale\" content=\"fr_FR\" \/>\n<meta property=\"og:type\" content=\"article\" \/>\n<meta property=\"og:title\" content=\"Antin acquiert NorthC aupr\u00e8s de DWS\" \/>\n<meta property=\"og:description\" content=\"Antin Acquisition : un nouveau chapitre avec NorthC Datacenters, augmentant ses capacit\u00e9s en colocation en Europe.\" \/>\n<meta property=\"og:url\" content=\"https:\/\/www.northcdatacenters.com\/ch-fr\/media-corner\/antin-rachete-northc-a-dws\/\" \/>\n<meta property=\"og:site_name\" content=\"NorthC Datacenters (CH-FR)\" \/>\n<meta property=\"article:published_time\" content=\"2026-03-05T14:01:49+00:00\" \/>\n<meta property=\"article:modified_time\" content=\"2026-04-22T11:06:20+00:00\" \/>\n<meta property=\"og:image\" content=\"https:\/\/www.northcdatacenters.com\/ch-fr\/wp-content\/uploads\/sites\/6\/2026\/03\/antin-dws-northc.webp\" \/>\n\t<meta property=\"og:image:width\" content=\"2560\" \/>\n\t<meta property=\"og:image:height\" content=\"1440\" \/>\n\t<meta property=\"og:image:type\" content=\"image\/jpeg\" \/>\n<meta name=\"author\" content=\"eryneurli\" \/>\n<meta name=\"twitter:card\" content=\"summary_large_image\" \/>\n<meta name=\"twitter:label1\" content=\"Written by\" \/>\n\t<meta name=\"twitter:data1\" content=\"eryneurli\" \/>\n\t<meta name=\"twitter:label2\" content=\"Est. reading time\" \/>\n\t<meta name=\"twitter:data2\" content=\"3 minutes\" \/>\n<script type=\"application\/ld+json\" class=\"yoast-schema-graph\">{\"@context\":\"https:\\\/\\\/schema.org\",\"@graph\":[{\"@type\":\"Article\",\"@id\":\"https:\\\/\\\/www.northcdatacenters.com\\\/ch-fr\\\/media-corner\\\/antin-rachete-northc-a-dws\\\/#article\",\"isPartOf\":{\"@id\":\"https:\\\/\\\/www.northcdatacenters.com\\\/ch-fr\\\/media-corner\\\/antin-rachete-northc-a-dws\\\/\"},\"author\":{\"name\":\"eryneurli\",\"@id\":\"https:\\\/\\\/www.northcdatacenters.com\\\/ch-fr\\\/#\\\/schema\\\/person\\\/52b96c82b23bf85893854f040e28ef8c\"},\"headline\":\"Antin acquiert NorthC aupr\u00e8s de DWS\",\"datePublished\":\"2026-03-05T14:01:49+00:00\",\"dateModified\":\"2026-04-22T11:06:20+00:00\",\"mainEntityOfPage\":{\"@id\":\"https:\\\/\\\/www.northcdatacenters.com\\\/ch-fr\\\/media-corner\\\/antin-rachete-northc-a-dws\\\/\"},\"wordCount\":517,\"publisher\":{\"@id\":\"https:\\\/\\\/www.northcdatacenters.com\\\/ch-fr\\\/#organization\"},\"image\":{\"@id\":\"https:\\\/\\\/www.northcdatacenters.com\\\/ch-fr\\\/media-corner\\\/antin-rachete-northc-a-dws\\\/#primaryimage\"},\"thumbnailUrl\":\"https:\\\/\\\/www.northcdatacenters.com\\\/ch-fr\\\/wp-content\\\/uploads\\\/sites\\\/6\\\/2026\\\/03\\\/antin-dws-northc.webp\",\"articleSection\":[\"Media Corner\"],\"inLanguage\":\"fr-FR\"},{\"@type\":\"WebPage\",\"@id\":\"https:\\\/\\\/www.northcdatacenters.com\\\/ch-fr\\\/media-corner\\\/antin-rachete-northc-a-dws\\\/\",\"url\":\"https:\\\/\\\/www.northcdatacenters.com\\\/ch-fr\\\/media-corner\\\/antin-rachete-northc-a-dws\\\/\",\"name\":\"Reprise par Antin : de nouvelles perspectives pour NorthC - NorthC Datacenters (CH-FR)\",\"isPartOf\":{\"@id\":\"https:\\\/\\\/www.northcdatacenters.com\\\/ch-fr\\\/#website\"},\"primaryImageOfPage\":{\"@id\":\"https:\\\/\\\/www.northcdatacenters.com\\\/ch-fr\\\/media-corner\\\/antin-rachete-northc-a-dws\\\/#primaryimage\"},\"image\":{\"@id\":\"https:\\\/\\\/www.northcdatacenters.com\\\/ch-fr\\\/media-corner\\\/antin-rachete-northc-a-dws\\\/#primaryimage\"},\"thumbnailUrl\":\"https:\\\/\\\/www.northcdatacenters.com\\\/ch-fr\\\/wp-content\\\/uploads\\\/sites\\\/6\\\/2026\\\/03\\\/antin-dws-northc.webp\",\"datePublished\":\"2026-03-05T14:01:49+00:00\",\"dateModified\":\"2026-04-22T11:06:20+00:00\",\"description\":\"Acquisition de NorthC Datacenters par Antin : d\u00e9couvrez-en davantage sur cet investissement majeur dans l'infrastructure num\u00e9rique.\",\"breadcrumb\":{\"@id\":\"https:\\\/\\\/www.northcdatacenters.com\\\/ch-fr\\\/media-corner\\\/antin-rachete-northc-a-dws\\\/#breadcrumb\"},\"inLanguage\":\"fr-FR\",\"potentialAction\":[{\"@type\":\"ReadAction\",\"target\":[\"https:\\\/\\\/www.northcdatacenters.com\\\/ch-fr\\\/media-corner\\\/antin-rachete-northc-a-dws\\\/\"]}]},{\"@type\":\"ImageObject\",\"inLanguage\":\"fr-FR\",\"@id\":\"https:\\\/\\\/www.northcdatacenters.com\\\/ch-fr\\\/media-corner\\\/antin-rachete-northc-a-dws\\\/#primaryimage\",\"url\":\"https:\\\/\\\/www.northcdatacenters.com\\\/ch-fr\\\/wp-content\\\/uploads\\\/sites\\\/6\\\/2026\\\/03\\\/antin-dws-northc.webp\",\"contentUrl\":\"https:\\\/\\\/www.northcdatacenters.com\\\/ch-fr\\\/wp-content\\\/uploads\\\/sites\\\/6\\\/2026\\\/03\\\/antin-dws-northc.webp\",\"width\":2560,\"height\":1440,\"caption\":\"alt=\\\"\\\"\"},{\"@type\":\"BreadcrumbList\",\"@id\":\"https:\\\/\\\/www.northcdatacenters.com\\\/ch-fr\\\/media-corner\\\/antin-rachete-northc-a-dws\\\/#breadcrumb\",\"itemListElement\":[{\"@type\":\"ListItem\",\"position\":1,\"name\":\"Home\",\"item\":\"https:\\\/\\\/www.northcdatacenters.com\\\/ch-fr\\\/\"},{\"@type\":\"ListItem\",\"position\":2,\"name\":\"Antin acquiert NorthC aupr\u00e8s de DWS\"}]},{\"@type\":\"WebSite\",\"@id\":\"https:\\\/\\\/www.northcdatacenters.com\\\/ch-fr\\\/#website\",\"url\":\"https:\\\/\\\/www.northcdatacenters.com\\\/ch-fr\\\/\",\"name\":\"NorthC Datacenters\",\"description\":\"Digital business, Personal connections.\",\"publisher\":{\"@id\":\"https:\\\/\\\/www.northcdatacenters.com\\\/ch-fr\\\/#organization\"},\"potentialAction\":[{\"@type\":\"SearchAction\",\"target\":{\"@type\":\"EntryPoint\",\"urlTemplate\":\"https:\\\/\\\/www.northcdatacenters.com\\\/ch-fr\\\/?s={search_term_string}\"},\"query-input\":{\"@type\":\"PropertyValueSpecification\",\"valueRequired\":true,\"valueName\":\"search_term_string\"}}],\"inLanguage\":\"fr-FR\"},{\"@type\":\"Organization\",\"@id\":\"https:\\\/\\\/www.northcdatacenters.com\\\/ch-fr\\\/#organization\",\"name\":\"NorthC Datacenters\",\"url\":\"https:\\\/\\\/www.northcdatacenters.com\\\/ch-fr\\\/\",\"logo\":{\"@type\":\"ImageObject\",\"inLanguage\":\"fr-FR\",\"@id\":\"https:\\\/\\\/www.northcdatacenters.com\\\/ch-fr\\\/#\\\/schema\\\/logo\\\/image\\\/\",\"url\":\"https:\\\/\\\/www.northcdatacenters.com\\\/ch-fr\\\/wp-content\\\/uploads\\\/sites\\\/6\\\/2024\\\/11\\\/Logo_NorthC.svg\",\"contentUrl\":\"https:\\\/\\\/www.northcdatacenters.com\\\/ch-fr\\\/wp-content\\\/uploads\\\/sites\\\/6\\\/2024\\\/11\\\/Logo_NorthC.svg\",\"width\":110,\"height\":24,\"caption\":\"NorthC Datacenters\"},\"image\":{\"@id\":\"https:\\\/\\\/www.northcdatacenters.com\\\/ch-fr\\\/#\\\/schema\\\/logo\\\/image\\\/\"}},{\"@type\":\"Person\",\"@id\":\"https:\\\/\\\/www.northcdatacenters.com\\\/ch-fr\\\/#\\\/schema\\\/person\\\/52b96c82b23bf85893854f040e28ef8c\",\"name\":\"eryneurli\",\"url\":\"https:\\\/\\\/www.northcdatacenters.com\\\/ch-fr\\\/author\\\/eryneurli\\\/\"}]}<\/script>\n<!-- \/ Yoast SEO Premium plugin. -->","yoast_head_json":{"title":"Reprise par Antin : de nouvelles perspectives pour NorthC - NorthC Datacenters (CH-FR)","description":"Acquisition de NorthC Datacenters par Antin : d\u00e9couvrez-en davantage sur cet investissement majeur dans l'infrastructure num\u00e9rique.","robots":{"index":"index","follow":"follow","max-snippet":"max-snippet:-1","max-image-preview":"max-image-preview:large","max-video-preview":"max-video-preview:-1"},"canonical":"https:\/\/www.northcdatacenters.com\/ch-fr\/media-corner\/antin-rachete-northc-a-dws\/","og_locale":"fr_FR","og_type":"article","og_title":"Antin acquiert NorthC aupr\u00e8s de DWS","og_description":"Antin Acquisition : un nouveau chapitre avec NorthC Datacenters, augmentant ses capacit\u00e9s en colocation en Europe.","og_url":"https:\/\/www.northcdatacenters.com\/ch-fr\/media-corner\/antin-rachete-northc-a-dws\/","og_site_name":"NorthC Datacenters (CH-FR)","article_published_time":"2026-03-05T14:01:49+00:00","article_modified_time":"2026-04-22T11:06:20+00:00","og_image":[{"width":2560,"height":1440,"url":"https:\/\/www.northcdatacenters.com\/ch-fr\/wp-content\/uploads\/sites\/6\/2026\/03\/antin-dws-northc.webp","type":"image\/jpeg"}],"author":"eryneurli","twitter_card":"summary_large_image","twitter_misc":{"Written by":"eryneurli","Est. reading time":"3 minutes"},"schema":{"@context":"https:\/\/schema.org","@graph":[{"@type":"Article","@id":"https:\/\/www.northcdatacenters.com\/ch-fr\/media-corner\/antin-rachete-northc-a-dws\/#article","isPartOf":{"@id":"https:\/\/www.northcdatacenters.com\/ch-fr\/media-corner\/antin-rachete-northc-a-dws\/"},"author":{"name":"eryneurli","@id":"https:\/\/www.northcdatacenters.com\/ch-fr\/#\/schema\/person\/52b96c82b23bf85893854f040e28ef8c"},"headline":"Antin acquiert NorthC aupr\u00e8s de DWS","datePublished":"2026-03-05T14:01:49+00:00","dateModified":"2026-04-22T11:06:20+00:00","mainEntityOfPage":{"@id":"https:\/\/www.northcdatacenters.com\/ch-fr\/media-corner\/antin-rachete-northc-a-dws\/"},"wordCount":517,"publisher":{"@id":"https:\/\/www.northcdatacenters.com\/ch-fr\/#organization"},"image":{"@id":"https:\/\/www.northcdatacenters.com\/ch-fr\/media-corner\/antin-rachete-northc-a-dws\/#primaryimage"},"thumbnailUrl":"https:\/\/www.northcdatacenters.com\/ch-fr\/wp-content\/uploads\/sites\/6\/2026\/03\/antin-dws-northc.webp","articleSection":["Media Corner"],"inLanguage":"fr-FR"},{"@type":"WebPage","@id":"https:\/\/www.northcdatacenters.com\/ch-fr\/media-corner\/antin-rachete-northc-a-dws\/","url":"https:\/\/www.northcdatacenters.com\/ch-fr\/media-corner\/antin-rachete-northc-a-dws\/","name":"Reprise par Antin : de nouvelles perspectives pour NorthC - NorthC Datacenters (CH-FR)","isPartOf":{"@id":"https:\/\/www.northcdatacenters.com\/ch-fr\/#website"},"primaryImageOfPage":{"@id":"https:\/\/www.northcdatacenters.com\/ch-fr\/media-corner\/antin-rachete-northc-a-dws\/#primaryimage"},"image":{"@id":"https:\/\/www.northcdatacenters.com\/ch-fr\/media-corner\/antin-rachete-northc-a-dws\/#primaryimage"},"thumbnailUrl":"https:\/\/www.northcdatacenters.com\/ch-fr\/wp-content\/uploads\/sites\/6\/2026\/03\/antin-dws-northc.webp","datePublished":"2026-03-05T14:01:49+00:00","dateModified":"2026-04-22T11:06:20+00:00","description":"Acquisition de NorthC Datacenters par Antin : d\u00e9couvrez-en davantage sur cet investissement majeur dans l'infrastructure num\u00e9rique.","breadcrumb":{"@id":"https:\/\/www.northcdatacenters.com\/ch-fr\/media-corner\/antin-rachete-northc-a-dws\/#breadcrumb"},"inLanguage":"fr-FR","potentialAction":[{"@type":"ReadAction","target":["https:\/\/www.northcdatacenters.com\/ch-fr\/media-corner\/antin-rachete-northc-a-dws\/"]}]},{"@type":"ImageObject","inLanguage":"fr-FR","@id":"https:\/\/www.northcdatacenters.com\/ch-fr\/media-corner\/antin-rachete-northc-a-dws\/#primaryimage","url":"https:\/\/www.northcdatacenters.com\/ch-fr\/wp-content\/uploads\/sites\/6\/2026\/03\/antin-dws-northc.webp","contentUrl":"https:\/\/www.northcdatacenters.com\/ch-fr\/wp-content\/uploads\/sites\/6\/2026\/03\/antin-dws-northc.webp","width":2560,"height":1440,"caption":"alt=\"\""},{"@type":"BreadcrumbList","@id":"https:\/\/www.northcdatacenters.com\/ch-fr\/media-corner\/antin-rachete-northc-a-dws\/#breadcrumb","itemListElement":[{"@type":"ListItem","position":1,"name":"Home","item":"https:\/\/www.northcdatacenters.com\/ch-fr\/"},{"@type":"ListItem","position":2,"name":"Antin acquiert NorthC aupr\u00e8s de DWS"}]},{"@type":"WebSite","@id":"https:\/\/www.northcdatacenters.com\/ch-fr\/#website","url":"https:\/\/www.northcdatacenters.com\/ch-fr\/","name":"NorthC Datacenters","description":"Digital business, Personal connections.","publisher":{"@id":"https:\/\/www.northcdatacenters.com\/ch-fr\/#organization"},"potentialAction":[{"@type":"SearchAction","target":{"@type":"EntryPoint","urlTemplate":"https:\/\/www.northcdatacenters.com\/ch-fr\/?s={search_term_string}"},"query-input":{"@type":"PropertyValueSpecification","valueRequired":true,"valueName":"search_term_string"}}],"inLanguage":"fr-FR"},{"@type":"Organization","@id":"https:\/\/www.northcdatacenters.com\/ch-fr\/#organization","name":"NorthC Datacenters","url":"https:\/\/www.northcdatacenters.com\/ch-fr\/","logo":{"@type":"ImageObject","inLanguage":"fr-FR","@id":"https:\/\/www.northcdatacenters.com\/ch-fr\/#\/schema\/logo\/image\/","url":"https:\/\/www.northcdatacenters.com\/ch-fr\/wp-content\/uploads\/sites\/6\/2024\/11\/Logo_NorthC.svg","contentUrl":"https:\/\/www.northcdatacenters.com\/ch-fr\/wp-content\/uploads\/sites\/6\/2024\/11\/Logo_NorthC.svg","width":110,"height":24,"caption":"NorthC Datacenters"},"image":{"@id":"https:\/\/www.northcdatacenters.com\/ch-fr\/#\/schema\/logo\/image\/"}},{"@type":"Person","@id":"https:\/\/www.northcdatacenters.com\/ch-fr\/#\/schema\/person\/52b96c82b23bf85893854f040e28ef8c","name":"eryneurli","url":"https:\/\/www.northcdatacenters.com\/ch-fr\/author\/eryneurli\/"}]}},"_links":{"self":[{"href":"https:\/\/www.northcdatacenters.com\/ch-fr\/wp-json\/wp\/v2\/posts\/31243","targetHints":{"allow":["GET"]}}],"collection":[{"href":"https:\/\/www.northcdatacenters.com\/ch-fr\/wp-json\/wp\/v2\/posts"}],"about":[{"href":"https:\/\/www.northcdatacenters.com\/ch-fr\/wp-json\/wp\/v2\/types\/post"}],"author":[{"embeddable":true,"href":"https:\/\/www.northcdatacenters.com\/ch-fr\/wp-json\/wp\/v2\/users\/31"}],"replies":[{"embeddable":true,"href":"https:\/\/www.northcdatacenters.com\/ch-fr\/wp-json\/wp\/v2\/comments?post=31243"}],"version-history":[{"count":3,"href":"https:\/\/www.northcdatacenters.com\/ch-fr\/wp-json\/wp\/v2\/posts\/31243\/revisions"}],"predecessor-version":[{"id":31248,"href":"https:\/\/www.northcdatacenters.com\/ch-fr\/wp-json\/wp\/v2\/posts\/31243\/revisions\/31248"}],"wp:featuredmedia":[{"embeddable":true,"href":"https:\/\/www.northcdatacenters.com\/ch-fr\/wp-json\/wp\/v2\/media\/31244"}],"wp:attachment":[{"href":"https:\/\/www.northcdatacenters.com\/ch-fr\/wp-json\/wp\/v2\/media?parent=31243"}],"wp:term":[{"taxonomy":"category","embeddable":true,"href":"https:\/\/www.northcdatacenters.com\/ch-fr\/wp-json\/wp\/v2\/categories?post=31243"},{"taxonomy":"post_tag","embeddable":true,"href":"https:\/\/www.northcdatacenters.com\/ch-fr\/wp-json\/wp\/v2\/tags?post=31243"}],"curies":[{"name":"wp","href":"https:\/\/api.w.org\/{rel}","templated":true}]}}