{"id":26449,"date":"2025-03-20T14:01:43","date_gmt":"2025-03-20T14:01:43","guid":{"rendered":"https:\/\/www.northcdatacenters.com\/de\/?p=26449"},"modified":"2025-03-20T14:04:31","modified_gmt":"2025-03-20T14:04:31","slug":"northc-weiht-datacenter-in-winterthur-offiziell-ein","status":"publish","type":"post","link":"https:\/\/www.northcdatacenters.com\/de\/nachrichten\/northc-weiht-datacenter-in-winterthur-offiziell-ein\/","title":{"rendered":"NorthC weiht Datacenter in Winterthur offiziell ein"},"content":{"rendered":"<div class=\"wpb-content-wrapper\"><p>[vc_row vc_row_spacing=&#8220;dont-add-spacer adds-own-spacer add-spacer-top&#8220;][vc_column][vc_column_text margin_block_end=&#8220;medium-block-end&#8220;]<strong>Winterthur, 20. M\u00e4rz 2025<\/strong>. Die NorthC Schweiz AG er\u00f6ffnet heute offiziell ihr Datacenter in Winterthur. Unterhalb des Turm Areals kombiniert es auf einer Fl\u00e4che von rund 1.100 m2 eine zentrale Lage mit Colocation- und Connectivity-Services. Mit dem vierten Datacenter in der Schweiz treibt die NorthC Group ihre internationale Wachstumsstrategie weiter voran. Der Standort Winterthur spielt dabei eine zentrale Rolle als bedeutender Knotenpunkt f\u00fcr die regionale Datenkommunikation und bietet Unternehmen Zugang zu einer breiten Auswahl an Konnektivit\u00e4tsanbietern.<\/p>\n<p>Im Beisein von Vertretern aus Politik, der Handelskammer Winterthur sowie des Turm Areals konnte NorthC heute in Winterthur sein Datacenter sowie die neuen B\u00fcror\u00e4umlichkeiten einweihen. Es bietet KMU, aber auch gro\u00dfen (internationalen) Unternehmen, ma\u00dfgeschneiderte Colocation-L\u00f6sungen, sichere und direkte Cloud-Anbindungen sowie garantierte Bandbreiten und Geschwindigkeiten f\u00fcr gesch\u00e4ftskritische Anwendungen. Dank der Anbindung an die NorthC Datacenter in M\u00fcnchenstein (Basel) 1&amp;2 und Biel (Bern) \u00fcber einen High-Speed-Backbone ist f\u00fcr eine nahtlose, zuverl\u00e4ssige Verbindung zu einer Vielzahl von Cloud- und IT-Dienstleistern gesorgt. Das Datacenter verf\u00fcgt \u00fcber eine Kapazit\u00e4t von 1,8 MW, mit Ausbaum\u00f6glichkeiten f\u00fcr weiteres Wachstum. Selbstverst\u00e4ndlich nutzt es 100% erneuerbarer Energie und gem\u00e4\u00df der 2030 Strategie des Unternehmens ist geplant, zu gegebener Zeit auch in Winterthur Projekte zu initiieren, um die entstehende Abw\u00e4rme sinnvoll und \u00f6kologisch abzugeben.<\/p>\n<p>Patrik Hofer, Managing Director Schweiz, NorthC, freut sich: \u201eRegionalit\u00e4t ist uns sehr wichtig \u2013 wir bieten regionale Datacenter mit internationaler Reichweite. Nach M\u00fcnchenstein und Biel k\u00f6nnen wir nun auch hier in Winterthur unser Datacenter sowie ein neues B\u00fcro einweihen. Die Nachfrage nach Outsourcing, Connectivity-Services und hybriden Cloud-L\u00f6sungen steigt bei Unternehmen aus verschiedenen Branchen stetig. Mit unserem regionalen Ansatz k\u00f6nnen wir ma\u00dfgeschneiderte L\u00f6sungen f\u00fcr die Region Winterthur anbieten, die den hohen Anspr\u00fcchen an Qualit\u00e4t, Sicherheit und Nachhaltigkeit gerecht werden. Regional arbeiten und global vernetzt sein: Die Daten bleiben lokal, die Reichweite ist global.\u201c<\/p>\n<p>Diese Entwicklung wird auch von der lokalen Wirtschaft begr\u00fc\u00dft. Dr. Ralph Peterli, Gesch\u00e4ftsf\u00fchrer der Handelskammer und Arbeitgebervereinigung Winterthur, betont die Bedeutung sicherer IT-Infrastrukturen f\u00fcr Unternehmen vor Ort: \u201eWinterthur beheimatet viele Technologie-Leader in unterschiedlichsten Bereichen. Ob Gro\u00dfkonzern oder KMU: Alle Unternehmen bewirtschaften laufend steigende Datenvolumen und m\u00fcssen deren Sicherheit jederzeit gew\u00e4hrleisten k\u00f6nnen. Es ist gut zu wissen, dass mit NorthC ein regionales Unternehmen stabile und sichere IT-Infrastrukturen auf Stadtgebiet anbietet.\u201c[\/vc_column_text]\n    <picture class=\"responsive-picture \">\n                                                \n      <img decoding=\"async\" src=\"https:\/\/www.northcdatacenters.com\/de\/wp-content\/uploads\/sites\/5\/2025\/03\/001_NortC_Press_kunzmedia.ch_-scaled.webp\" alt=\"\" loading=\"auto\" width=\"\" height=\"\">\n    <\/picture>\n[vc_column_text]Das Team von NorthC Schweiz AG weiht sein Datacenter feierlich mit einem historischen Ribbon-Cutting ein.[\/vc_column_text][\/vc_column][\/vc_row][vc_row full_width=&#8220;stretch_row&#8220; north_c_background_color=&#8220;bg-gray-200&#8243;][vc_column]<div class=\"cta\">\n  <div class=\"cta-grid\">\n    <div class=\"cta-picture\">\n      <picture class=\"responsive-picture d-block\">\n  <img decoding=\"async\" src=\"https:\/\/www.northcdatacenters.com\/de\/wp-content\/uploads\/sites\/5\/2024\/11\/Walter-Bartole-1256x1256.webp\" srcset=\"https:\/\/www.northcdatacenters.com\/de\/wp-content\/uploads\/sites\/5\/2024\/11\/Walter-Bartole-1256x1256.webp 1256w, https:\/\/www.northcdatacenters.com\/de\/wp-content\/uploads\/sites\/5\/2024\/11\/Walter-Bartole-300x300.webp 300w, https:\/\/www.northcdatacenters.com\/de\/wp-content\/uploads\/sites\/5\/2024\/11\/Walter-Bartole-1024x1024.webp 1024w, https:\/\/www.northcdatacenters.com\/de\/wp-content\/uploads\/sites\/5\/2024\/11\/Walter-Bartole-768x768.webp 768w, https:\/\/www.northcdatacenters.com\/de\/wp-content\/uploads\/sites\/5\/2024\/11\/Walter-Bartole-1536x1536.webp 1536w, https:\/\/www.northcdatacenters.com\/de\/wp-content\/uploads\/sites\/5\/2024\/11\/Walter-Bartole-250x250.webp 250w, https:\/\/www.northcdatacenters.com\/de\/wp-content\/uploads\/sites\/5\/2024\/11\/Walter-Bartole-740x740.webp 740w, https:\/\/www.northcdatacenters.com\/de\/wp-content\/uploads\/sites\/5\/2024\/11\/Walter-Bartole-175x175.webp 175w, https:\/\/www.northcdatacenters.com\/de\/wp-content\/uploads\/sites\/5\/2024\/11\/Walter-Bartole-360x360.webp 360w, https:\/\/www.northcdatacenters.com\/de\/wp-content\/uploads\/sites\/5\/2024\/11\/Walter-Bartole-500x500.webp 500w, https:\/\/www.northcdatacenters.com\/de\/wp-content\/uploads\/sites\/5\/2024\/11\/Walter-Bartole.webp 1920w\"\n  class=\"\" style=\"\"\n  loading=\"lazy\"\n  sizes=\"(min-width: 992px) 1280px, 100vw\" \/><\/picture>\n          <\/div>\n\n    <div class=\"text text-white d-flex flex-column gap-4 justify-content-center align-items-center p-6 pb-12 px-lg-12 px-xxl-28\">\n      <h6 class=\"text-primary lh214 font-extrabold text-center mb-0\">Kontakt<\/h6>\n      <h3 class=\"mb-2 text-center text-sm-5xl mb-sm-6 text-balance\">Sie ben\u00f6tigen eine Beratung f\u00fcr Ihre spezifische Situation?<\/h3>\n      <div class=\"buttons d-flex flex-column flex-lg-row flex-wrap gap-4 align-items-center justify-content-center dark-background\">\n                  \n  <button class=\"btn btn-primary\" type=\"button\" data-bs-toggle=\"offcanvas\" data-bs-target=\"#offcanvas_15\" aria-controls=\"offcanvas_15\">\n    Jetzt Angebot sichern  <\/button>\n                  \n  \n  <button class=\"btn btn-secondary\" type=\"button\" data-bs-toggle=\"offcanvas\" data-bs-target=\"#offcanvas_28\" aria-controls=\"offcanvas_28\">\n    Kontakt aufnehmen  <\/button>\n\n              <\/div>\n    <\/div>\n  <\/div>\n<\/div>[\/vc_column][\/vc_row]<\/p>\n<\/div>","protected":false},"excerpt":{"rendered":"<p>[vc_row vc_row_spacing=&#8220;dont-add-spacer adds-own-spacer add-spacer-top&#8220;][vc_column][vc_column_text margin_block_end=&#8220;medium-block-end&#8220;]Winterthur, 20. M\u00e4rz 2025. Die NorthC Schweiz AG er\u00f6ffnet heute offiziell ihr Datacenter in Winterthur. Unterhalb des Turm Areals kombiniert es auf einer Fl\u00e4che von rund 1.100 m2 eine zentrale Lage mit Colocation- und Connectivity-Services. Mit dem vierten Datacenter in der Schweiz treibt die NorthC Group ihre internationale Wachstumsstrategie weiter voran. &#8230;<\/p>\n","protected":false},"author":17,"featured_media":26466,"comment_status":"closed","ping_status":"closed","sticky":false,"template":"","format":"standard","meta":{"_acf_changed":false,"_relevanssi_hide_post":"","_relevanssi_hide_content":"","_relevanssi_pin_for_all":"","_relevanssi_pin_keywords":"","_relevanssi_unpin_keywords":"","_relevanssi_related_keywords":"","_relevanssi_related_include_ids":"","_relevanssi_related_exclude_ids":"","_relevanssi_related_no_append":"","_relevanssi_related_not_related":"","_relevanssi_related_posts":"","_relevanssi_noindex_reason":"","footnotes":""},"categories":[1],"tags":[],"class_list":["post-26449","post","type-post","status-publish","format-standard","has-post-thumbnail","hentry","category-nachrichten"],"acf":[],"yoast_head":"<!-- This site is optimized with the Yoast SEO Premium plugin v27.4 (Yoast SEO v27.4) - https:\/\/yoast.com\/product\/yoast-seo-premium-wordpress\/ -->\n<title>NorthC weiht Datacenter ein<\/title>\n<meta name=\"description\" content=\"NorthC Schweiz AG feiert die offizielle Einweihung ihres Datacenters in Winterthur \u2013 f\u00fcr eine sichere, nachhaltige und regionale digitale Infrastruktur.\" \/>\n<meta name=\"robots\" content=\"index, follow, max-snippet:-1, max-image-preview:large, max-video-preview:-1\" \/>\n<link rel=\"canonical\" href=\"https:\/\/www.northcdatacenters.com\/de\/nachrichten\/northc-weiht-datacenter-in-winterthur-offiziell-ein\/\" \/>\n<meta property=\"og:locale\" content=\"de_DE\" \/>\n<meta property=\"og:type\" content=\"article\" \/>\n<meta property=\"og:title\" content=\"NorthC weiht Datacenter in Winterthur offiziell ein\" \/>\n<meta property=\"og:description\" content=\"NorthC Schweiz AG feiert die offizielle Einweihung ihres Datacenters in Winterthur \u2013 f\u00fcr eine sichere, nachhaltige und regionale digitale Infrastruktur.\" \/>\n<meta property=\"og:url\" content=\"https:\/\/www.northcdatacenters.com\/de\/nachrichten\/northc-weiht-datacenter-in-winterthur-offiziell-ein\/\" \/>\n<meta property=\"og:site_name\" content=\"NorthC Datacenters (DE)\" \/>\n<meta property=\"article:published_time\" content=\"2025-03-20T14:01:43+00:00\" \/>\n<meta property=\"article:modified_time\" content=\"2025-03-20T14:04:31+00:00\" \/>\n<meta property=\"og:image\" content=\"https:\/\/www.northcdatacenters.com\/de\/wp-content\/uploads\/sites\/5\/2025\/03\/cropped-img-wintherthur-basel-2@2x.webp\" \/>\n\t<meta property=\"og:image:width\" content=\"2519\" \/>\n\t<meta property=\"og:image:height\" content=\"1145\" \/>\n\t<meta property=\"og:image:type\" content=\"image\/jpeg\" \/>\n<meta name=\"author\" content=\"christianleupold\" \/>\n<meta name=\"twitter:card\" content=\"summary_large_image\" \/>\n<meta name=\"twitter:label1\" content=\"Verfasst von\" \/>\n\t<meta name=\"twitter:data1\" content=\"christianleupold\" \/>\n\t<meta name=\"twitter:label2\" content=\"Gesch\u00e4tzte Lesezeit\" \/>\n\t<meta name=\"twitter:data2\" content=\"3\u00a0Minuten\" \/>\n<script type=\"application\/ld+json\" class=\"yoast-schema-graph\">{\"@context\":\"https:\\\/\\\/schema.org\",\"@graph\":[{\"@type\":\"Article\",\"@id\":\"https:\\\/\\\/www.northcdatacenters.com\\\/de\\\/nachrichten\\\/northc-weiht-datacenter-in-winterthur-offiziell-ein\\\/#article\",\"isPartOf\":{\"@id\":\"https:\\\/\\\/www.northcdatacenters.com\\\/de\\\/nachrichten\\\/northc-weiht-datacenter-in-winterthur-offiziell-ein\\\/\"},\"author\":{\"name\":\"christianleupold\",\"@id\":\"https:\\\/\\\/www.northcdatacenters.com\\\/de\\\/#\\\/schema\\\/person\\\/d463beb3495e572be9b31117077a7018\"},\"headline\":\"NorthC weiht Datacenter in Winterthur offiziell ein\",\"datePublished\":\"2025-03-20T14:01:43+00:00\",\"dateModified\":\"2025-03-20T14:04:31+00:00\",\"mainEntityOfPage\":{\"@id\":\"https:\\\/\\\/www.northcdatacenters.com\\\/de\\\/nachrichten\\\/northc-weiht-datacenter-in-winterthur-offiziell-ein\\\/\"},\"wordCount\":525,\"publisher\":{\"@id\":\"https:\\\/\\\/www.northcdatacenters.com\\\/de\\\/#organization\"},\"image\":{\"@id\":\"https:\\\/\\\/www.northcdatacenters.com\\\/de\\\/nachrichten\\\/northc-weiht-datacenter-in-winterthur-offiziell-ein\\\/#primaryimage\"},\"thumbnailUrl\":\"https:\\\/\\\/www.northcdatacenters.com\\\/de\\\/wp-content\\\/uploads\\\/sites\\\/5\\\/2025\\\/03\\\/cropped-img-wintherthur-basel-2@2x.webp\",\"articleSection\":[\"Nachrichten\"],\"inLanguage\":\"de\"},{\"@type\":\"WebPage\",\"@id\":\"https:\\\/\\\/www.northcdatacenters.com\\\/de\\\/nachrichten\\\/northc-weiht-datacenter-in-winterthur-offiziell-ein\\\/\",\"url\":\"https:\\\/\\\/www.northcdatacenters.com\\\/de\\\/nachrichten\\\/northc-weiht-datacenter-in-winterthur-offiziell-ein\\\/\",\"name\":\"NorthC weiht Datacenter ein\",\"isPartOf\":{\"@id\":\"https:\\\/\\\/www.northcdatacenters.com\\\/de\\\/#website\"},\"primaryImageOfPage\":{\"@id\":\"https:\\\/\\\/www.northcdatacenters.com\\\/de\\\/nachrichten\\\/northc-weiht-datacenter-in-winterthur-offiziell-ein\\\/#primaryimage\"},\"image\":{\"@id\":\"https:\\\/\\\/www.northcdatacenters.com\\\/de\\\/nachrichten\\\/northc-weiht-datacenter-in-winterthur-offiziell-ein\\\/#primaryimage\"},\"thumbnailUrl\":\"https:\\\/\\\/www.northcdatacenters.com\\\/de\\\/wp-content\\\/uploads\\\/sites\\\/5\\\/2025\\\/03\\\/cropped-img-wintherthur-basel-2@2x.webp\",\"datePublished\":\"2025-03-20T14:01:43+00:00\",\"dateModified\":\"2025-03-20T14:04:31+00:00\",\"description\":\"NorthC Schweiz AG feiert die offizielle Einweihung ihres Datacenters in Winterthur \u2013 f\u00fcr eine sichere, nachhaltige und regionale digitale Infrastruktur.\",\"breadcrumb\":{\"@id\":\"https:\\\/\\\/www.northcdatacenters.com\\\/de\\\/nachrichten\\\/northc-weiht-datacenter-in-winterthur-offiziell-ein\\\/#breadcrumb\"},\"inLanguage\":\"de\",\"potentialAction\":[{\"@type\":\"ReadAction\",\"target\":[\"https:\\\/\\\/www.northcdatacenters.com\\\/de\\\/nachrichten\\\/northc-weiht-datacenter-in-winterthur-offiziell-ein\\\/\"]}]},{\"@type\":\"ImageObject\",\"inLanguage\":\"de\",\"@id\":\"https:\\\/\\\/www.northcdatacenters.com\\\/de\\\/nachrichten\\\/northc-weiht-datacenter-in-winterthur-offiziell-ein\\\/#primaryimage\",\"url\":\"https:\\\/\\\/www.northcdatacenters.com\\\/de\\\/wp-content\\\/uploads\\\/sites\\\/5\\\/2025\\\/03\\\/cropped-img-wintherthur-basel-2@2x.webp\",\"contentUrl\":\"https:\\\/\\\/www.northcdatacenters.com\\\/de\\\/wp-content\\\/uploads\\\/sites\\\/5\\\/2025\\\/03\\\/cropped-img-wintherthur-basel-2@2x.webp\",\"width\":2519,\"height\":1145},{\"@type\":\"BreadcrumbList\",\"@id\":\"https:\\\/\\\/www.northcdatacenters.com\\\/de\\\/nachrichten\\\/northc-weiht-datacenter-in-winterthur-offiziell-ein\\\/#breadcrumb\",\"itemListElement\":[{\"@type\":\"ListItem\",\"position\":1,\"name\":\"Home\",\"item\":\"https:\\\/\\\/www.northcdatacenters.com\\\/de\\\/\"},{\"@type\":\"ListItem\",\"position\":2,\"name\":\"NorthC weiht Datacenter in Winterthur offiziell ein\"}]},{\"@type\":\"WebSite\",\"@id\":\"https:\\\/\\\/www.northcdatacenters.com\\\/de\\\/#website\",\"url\":\"https:\\\/\\\/www.northcdatacenters.com\\\/de\\\/\",\"name\":\"NorthC Datacenters\",\"description\":\"Digital business, Personal connections.\",\"publisher\":{\"@id\":\"https:\\\/\\\/www.northcdatacenters.com\\\/de\\\/#organization\"},\"potentialAction\":[{\"@type\":\"SearchAction\",\"target\":{\"@type\":\"EntryPoint\",\"urlTemplate\":\"https:\\\/\\\/www.northcdatacenters.com\\\/de\\\/?s={search_term_string}\"},\"query-input\":{\"@type\":\"PropertyValueSpecification\",\"valueRequired\":true,\"valueName\":\"search_term_string\"}}],\"inLanguage\":\"de\"},{\"@type\":\"Organization\",\"@id\":\"https:\\\/\\\/www.northcdatacenters.com\\\/de\\\/#organization\",\"name\":\"NorthC Datacenters\",\"url\":\"https:\\\/\\\/www.northcdatacenters.com\\\/de\\\/\",\"logo\":{\"@type\":\"ImageObject\",\"inLanguage\":\"de\",\"@id\":\"https:\\\/\\\/www.northcdatacenters.com\\\/de\\\/#\\\/schema\\\/logo\\\/image\\\/\",\"url\":\"https:\\\/\\\/www.northcdatacenters.com\\\/de\\\/wp-content\\\/uploads\\\/sites\\\/5\\\/2024\\\/11\\\/Logo_NorthC.svg\",\"contentUrl\":\"https:\\\/\\\/www.northcdatacenters.com\\\/de\\\/wp-content\\\/uploads\\\/sites\\\/5\\\/2024\\\/11\\\/Logo_NorthC.svg\",\"width\":110,\"height\":24,\"caption\":\"NorthC Datacenters\"},\"image\":{\"@id\":\"https:\\\/\\\/www.northcdatacenters.com\\\/de\\\/#\\\/schema\\\/logo\\\/image\\\/\"},\"sameAs\":[\"https:\\\/\\\/www.linkedin.com\\\/company\\\/northc-datacenters-deutschland\\\/\"]},{\"@type\":\"Person\",\"@id\":\"https:\\\/\\\/www.northcdatacenters.com\\\/de\\\/#\\\/schema\\\/person\\\/d463beb3495e572be9b31117077a7018\",\"name\":\"christianleupold\",\"url\":\"https:\\\/\\\/www.northcdatacenters.com\\\/de\\\/author\\\/christianleupold\\\/\"}]}<\/script>\n<!-- \/ Yoast SEO Premium plugin. -->","yoast_head_json":{"title":"NorthC weiht Datacenter ein","description":"NorthC Schweiz AG feiert die offizielle Einweihung ihres Datacenters in Winterthur \u2013 f\u00fcr eine sichere, nachhaltige und regionale digitale Infrastruktur.","robots":{"index":"index","follow":"follow","max-snippet":"max-snippet:-1","max-image-preview":"max-image-preview:large","max-video-preview":"max-video-preview:-1"},"canonical":"https:\/\/www.northcdatacenters.com\/de\/nachrichten\/northc-weiht-datacenter-in-winterthur-offiziell-ein\/","og_locale":"de_DE","og_type":"article","og_title":"NorthC weiht Datacenter in Winterthur offiziell ein","og_description":"NorthC Schweiz AG feiert die offizielle Einweihung ihres Datacenters in Winterthur \u2013 f\u00fcr eine sichere, nachhaltige und regionale digitale Infrastruktur.","og_url":"https:\/\/www.northcdatacenters.com\/de\/nachrichten\/northc-weiht-datacenter-in-winterthur-offiziell-ein\/","og_site_name":"NorthC Datacenters (DE)","article_published_time":"2025-03-20T14:01:43+00:00","article_modified_time":"2025-03-20T14:04:31+00:00","og_image":[{"width":2519,"height":1145,"url":"https:\/\/www.northcdatacenters.com\/de\/wp-content\/uploads\/sites\/5\/2025\/03\/cropped-img-wintherthur-basel-2@2x.webp","type":"image\/jpeg"}],"author":"christianleupold","twitter_card":"summary_large_image","twitter_misc":{"Verfasst von":"christianleupold","Gesch\u00e4tzte Lesezeit":"3\u00a0Minuten"},"schema":{"@context":"https:\/\/schema.org","@graph":[{"@type":"Article","@id":"https:\/\/www.northcdatacenters.com\/de\/nachrichten\/northc-weiht-datacenter-in-winterthur-offiziell-ein\/#article","isPartOf":{"@id":"https:\/\/www.northcdatacenters.com\/de\/nachrichten\/northc-weiht-datacenter-in-winterthur-offiziell-ein\/"},"author":{"name":"christianleupold","@id":"https:\/\/www.northcdatacenters.com\/de\/#\/schema\/person\/d463beb3495e572be9b31117077a7018"},"headline":"NorthC weiht Datacenter in Winterthur offiziell ein","datePublished":"2025-03-20T14:01:43+00:00","dateModified":"2025-03-20T14:04:31+00:00","mainEntityOfPage":{"@id":"https:\/\/www.northcdatacenters.com\/de\/nachrichten\/northc-weiht-datacenter-in-winterthur-offiziell-ein\/"},"wordCount":525,"publisher":{"@id":"https:\/\/www.northcdatacenters.com\/de\/#organization"},"image":{"@id":"https:\/\/www.northcdatacenters.com\/de\/nachrichten\/northc-weiht-datacenter-in-winterthur-offiziell-ein\/#primaryimage"},"thumbnailUrl":"https:\/\/www.northcdatacenters.com\/de\/wp-content\/uploads\/sites\/5\/2025\/03\/cropped-img-wintherthur-basel-2@2x.webp","articleSection":["Nachrichten"],"inLanguage":"de"},{"@type":"WebPage","@id":"https:\/\/www.northcdatacenters.com\/de\/nachrichten\/northc-weiht-datacenter-in-winterthur-offiziell-ein\/","url":"https:\/\/www.northcdatacenters.com\/de\/nachrichten\/northc-weiht-datacenter-in-winterthur-offiziell-ein\/","name":"NorthC weiht Datacenter ein","isPartOf":{"@id":"https:\/\/www.northcdatacenters.com\/de\/#website"},"primaryImageOfPage":{"@id":"https:\/\/www.northcdatacenters.com\/de\/nachrichten\/northc-weiht-datacenter-in-winterthur-offiziell-ein\/#primaryimage"},"image":{"@id":"https:\/\/www.northcdatacenters.com\/de\/nachrichten\/northc-weiht-datacenter-in-winterthur-offiziell-ein\/#primaryimage"},"thumbnailUrl":"https:\/\/www.northcdatacenters.com\/de\/wp-content\/uploads\/sites\/5\/2025\/03\/cropped-img-wintherthur-basel-2@2x.webp","datePublished":"2025-03-20T14:01:43+00:00","dateModified":"2025-03-20T14:04:31+00:00","description":"NorthC Schweiz AG feiert die offizielle Einweihung ihres Datacenters in Winterthur \u2013 f\u00fcr eine sichere, nachhaltige und regionale digitale Infrastruktur.","breadcrumb":{"@id":"https:\/\/www.northcdatacenters.com\/de\/nachrichten\/northc-weiht-datacenter-in-winterthur-offiziell-ein\/#breadcrumb"},"inLanguage":"de","potentialAction":[{"@type":"ReadAction","target":["https:\/\/www.northcdatacenters.com\/de\/nachrichten\/northc-weiht-datacenter-in-winterthur-offiziell-ein\/"]}]},{"@type":"ImageObject","inLanguage":"de","@id":"https:\/\/www.northcdatacenters.com\/de\/nachrichten\/northc-weiht-datacenter-in-winterthur-offiziell-ein\/#primaryimage","url":"https:\/\/www.northcdatacenters.com\/de\/wp-content\/uploads\/sites\/5\/2025\/03\/cropped-img-wintherthur-basel-2@2x.webp","contentUrl":"https:\/\/www.northcdatacenters.com\/de\/wp-content\/uploads\/sites\/5\/2025\/03\/cropped-img-wintherthur-basel-2@2x.webp","width":2519,"height":1145},{"@type":"BreadcrumbList","@id":"https:\/\/www.northcdatacenters.com\/de\/nachrichten\/northc-weiht-datacenter-in-winterthur-offiziell-ein\/#breadcrumb","itemListElement":[{"@type":"ListItem","position":1,"name":"Home","item":"https:\/\/www.northcdatacenters.com\/de\/"},{"@type":"ListItem","position":2,"name":"NorthC weiht Datacenter in Winterthur offiziell ein"}]},{"@type":"WebSite","@id":"https:\/\/www.northcdatacenters.com\/de\/#website","url":"https:\/\/www.northcdatacenters.com\/de\/","name":"NorthC Datacenters","description":"Digital business, Personal connections.","publisher":{"@id":"https:\/\/www.northcdatacenters.com\/de\/#organization"},"potentialAction":[{"@type":"SearchAction","target":{"@type":"EntryPoint","urlTemplate":"https:\/\/www.northcdatacenters.com\/de\/?s={search_term_string}"},"query-input":{"@type":"PropertyValueSpecification","valueRequired":true,"valueName":"search_term_string"}}],"inLanguage":"de"},{"@type":"Organization","@id":"https:\/\/www.northcdatacenters.com\/de\/#organization","name":"NorthC Datacenters","url":"https:\/\/www.northcdatacenters.com\/de\/","logo":{"@type":"ImageObject","inLanguage":"de","@id":"https:\/\/www.northcdatacenters.com\/de\/#\/schema\/logo\/image\/","url":"https:\/\/www.northcdatacenters.com\/de\/wp-content\/uploads\/sites\/5\/2024\/11\/Logo_NorthC.svg","contentUrl":"https:\/\/www.northcdatacenters.com\/de\/wp-content\/uploads\/sites\/5\/2024\/11\/Logo_NorthC.svg","width":110,"height":24,"caption":"NorthC Datacenters"},"image":{"@id":"https:\/\/www.northcdatacenters.com\/de\/#\/schema\/logo\/image\/"},"sameAs":["https:\/\/www.linkedin.com\/company\/northc-datacenters-deutschland\/"]},{"@type":"Person","@id":"https:\/\/www.northcdatacenters.com\/de\/#\/schema\/person\/d463beb3495e572be9b31117077a7018","name":"christianleupold","url":"https:\/\/www.northcdatacenters.com\/de\/author\/christianleupold\/"}]}},"_links":{"self":[{"href":"https:\/\/www.northcdatacenters.com\/de\/wp-json\/wp\/v2\/posts\/26449","targetHints":{"allow":["GET"]}}],"collection":[{"href":"https:\/\/www.northcdatacenters.com\/de\/wp-json\/wp\/v2\/posts"}],"about":[{"href":"https:\/\/www.northcdatacenters.com\/de\/wp-json\/wp\/v2\/types\/post"}],"author":[{"embeddable":true,"href":"https:\/\/www.northcdatacenters.com\/de\/wp-json\/wp\/v2\/users\/17"}],"replies":[{"embeddable":true,"href":"https:\/\/www.northcdatacenters.com\/de\/wp-json\/wp\/v2\/comments?post=26449"}],"version-history":[{"count":5,"href":"https:\/\/www.northcdatacenters.com\/de\/wp-json\/wp\/v2\/posts\/26449\/revisions"}],"predecessor-version":[{"id":26475,"href":"https:\/\/www.northcdatacenters.com\/de\/wp-json\/wp\/v2\/posts\/26449\/revisions\/26475"}],"wp:featuredmedia":[{"embeddable":true,"href":"https:\/\/www.northcdatacenters.com\/de\/wp-json\/wp\/v2\/media\/26466"}],"wp:attachment":[{"href":"https:\/\/www.northcdatacenters.com\/de\/wp-json\/wp\/v2\/media?parent=26449"}],"wp:term":[{"taxonomy":"category","embeddable":true,"href":"https:\/\/www.northcdatacenters.com\/de\/wp-json\/wp\/v2\/categories?post=26449"},{"taxonomy":"post_tag","embeddable":true,"href":"https:\/\/www.northcdatacenters.com\/de\/wp-json\/wp\/v2\/tags?post=26449"}],"curies":[{"name":"wp","href":"https:\/\/api.w.org\/{rel}","templated":true}]}}