{"id":27368,"date":"2025-09-01T09:25:26","date_gmt":"2025-09-01T09:25:26","guid":{"rendered":"https:\/\/www.northcdatacenters.com\/de\/?p=27368"},"modified":"2025-09-01T09:31:09","modified_gmt":"2025-09-01T09:31:09","slug":"northc-schliesst-akquisition-von-sechs-rechenzentren-der-colt-technology-services-ab","status":"publish","type":"post","link":"https:\/\/www.northcdatacenters.com\/de\/nachrichten\/northc-schliesst-akquisition-von-sechs-rechenzentren-der-colt-technology-services-ab\/","title":{"rendered":"NorthC schlie\u00dft Akquisition von sechs Rechenzentren der Colt Technology Services ab"},"content":{"rendered":"<div class=\"wpb-content-wrapper\"><p>[vc_row vc_row_spacing=&#8220;dont-add-spacer adds-own-spacer add-spacer-top&#8220;][vc_column][vc_column_text]Amsterdam, Niederlande, 01. September 2025 &#8211; NorthC, ein f\u00fchrender regionaler Anbieter von Datacenter in Nordwesteuropa, hat den Abschluss seiner Akquisition von sechs Rechenzentren der Colt Technology Services bekanntgegeben. Zum 1. September \u00fcbernimmt NorthC den Betrieb der Standorte in Frankfurt, Berlin, Hamburg, M\u00fcnchen und D\u00fcsseldorf sowie Amsterdam in den Niederlanden.[\/vc_column_text][\/vc_column][\/vc_row][vc_row full_width=&#8220;stretch_row_content&#8220;][vc_column]<div class=\"title-block px-3 title-block-image-right\">\n  <div class=\"container image-container\" style=\"--image-position-x: 50%;\">\n          <div class=\"video-content video-thumbnail\">\n  <div class=\"video-content-grid\">\n    \n<div class=\"poster d-flex flex-column justify-content-end align-items-center align-items-xl-start apply-video-aspect-ratio\" style=\"--poster-image: url(https:\/\/www.northcdatacenters.com\/de\/wp-content\/uploads\/sites\/5\/2025\/09\/NorthC-Germany-Netherlands.webp); --aspect-ratio-x: 16; --aspect-ratio-y: 9;\">\n  <a href=\"#modal-video-69ef966609cb5\" data-bs-toggle=\"modal\" class=\"stretched-link\" aria-label=\"Video abspielen\"><\/a>\n  <button type=\"button\" data-bs-target=\"#modal-video-69ef966609cb5\" data-bs-toggle=\"modal\" \n    class=\"play-button bg-primary slanted slanted-from-top-right\" aria-label=\"Video abspielen\">\n    <i class=\"d-flex icon-play text-dark\" aria-hidden=\"true\"><jello-icon name=\"custom\/play\"><\/jello-icon><\/i>\n  <\/button>\n\n  <\/div>\n\n\n      <\/div>\n<\/div>\n      <\/div>\n\n  <div class=\"d-none d-xl-block background-with-slanted-edge slanted\"><\/div>\n\n  <div class=\"container text-container\">\n    <div class=\"text-bg-white text py-9 px-6 d-flex flex-column\">\n      \n      <div class=\"content lh-xl\">\n        <p>Die Akquisition erweitert NorthCs Plattform um mehr als 25 Megawatt an zus\u00e4tzlicher Kapazit\u00e4t und st\u00e4rkt damit die Pr\u00e4senz des Unternehmens sowohl in der DACH- als auch der Benelux-Region auf signifikante Weise. Sie erm\u00f6glicht eine umfassende Abdeckung des deutschen Markts: Die bestehenden beiden Standorte werden um f\u00fcnf weitere erg\u00e4nzt. Schlie\u00dflich schafft die Akquisition zus\u00e4tzliche Kapazit\u00e4ten in Amsterdam, einem zentralen Knotenpunkt in NorthCs Netzwerk an regionalen Rechenzentren.<\/p>\n<p>Ebenso plant NorthC eine Erweiterung seines Konnektivit\u00e4ts-\u00d6kosystems, um dem steigenden Bedarf an L\u00f6sungen mit geringer Latenz f\u00fcr auf KI ausgelegte Rechenzentren gerecht zu werden.<\/p>\n      <\/div>\n\n          <\/div>\n  <\/div>\n<\/div>[\/vc_column][\/vc_row][vc_row vc_row_spacing=&#8220;dont-add-spacer adds-own-spacer add-spacer-top&#8220;][vc_column][vc_column_text]<strong>Aufbau eines starken Fundaments<\/strong><\/p>\n<p>NorthC verf\u00fcgt \u00fcber ein umfangreiches Portfolio an erfolgreichen Referenzen bei der Bereitstellung zuverl\u00e4ssiger und sicherer Colocation-Services. Ein Fokus liegt hierbei auf regionaler Pr\u00e4senz, skalierbarer und nachhaltiger Infrastruktur sowie herausragender technischer Expertise mit pers\u00f6nlicher Note.<\/p>\n<p>Im Anschluss an die \u00dcbertragung der Kontrolle am 1. September werden die erworbenen Standorte in die NorthC-Plattform integriert und an NorthCs Betriebs-, Qualit\u00e4ts- und Service-Standards angeglichen. Kunden werden von nahtlosem Zugang zu den digitalen Services von NorthC wie etwa dem Self-Service-Portal \u201eMyNorthC\u201c profitieren.<\/p>\n<p>Durch weitere Investitionen in die neuen Standorte will NorthC die verf\u00fcgbare Kapazit\u00e4t, Effizienz und Nachhaltigkeit \u00fcber die neuen Rechenzentren hinweg erh\u00f6hen. Auf diese Weise will das Unternehmen sicherstellen, dass Kunden von denselben hohen Service- und Qualit\u00e4tsstandards profitieren, die NorthC in all seinen Rechenzentren bietet.<\/p>\n<p>Alexandra Schless, CEO der NorthC-Gruppe, erkl\u00e4rt: \u201eDer heutige Tag markiert einen zentralen Meilenstein auf unserem Weg, die f\u00fchrende Plattform f\u00fcr regionale Datacenter in Nordwesteuropa zu schaffen. Die Integration dieser sechs strategischen Standorte beschleunigt unsere Expansion, insbesondere in Deutschland. So wird es uns m\u00f6glich, Kunden \u00fcber alle zentralen Metropolregionen hinweg mit einer skalierbaren, sicheren und nachhaltigen digitalen Infrastruktur zu unterst\u00fctzen.\u201c<\/p>\n<p><strong>Kunden unterst\u00fctzen \u2013 lokal und \u00fcber L\u00e4ndergrenzen hinweg <\/strong><\/p>\n<p>Die erworbenen Rechenzentren befinden sich in Regionen mit starker Konnektivit\u00e4t und wachsendem Bedarf an digitaler Infrastruktur. Mit der aktuellen Expansion befindet sich NorthC in einer noch besseren Ausgangslage, Organisationen mit grenz\u00fcberschreitendem Gesch\u00e4ftsbetrieb zu unterst\u00fctzen, etwa internationale Unternehmen, Cloud- und IT-Anbieter oder \u00f6ffentliche Institutionen.<\/p>\n<p>Als Teil der Transaktion wird Colt Technology Services selbst ein langfristiger Kunde in den \u00fcbernommenen Standorten bleiben. Dies sichert die Servicekontinuit\u00e4t und st\u00e4rkt die Zusammenarbeit zwischen beiden Unternehmen weiter.<\/p>\n<p>\u201eUnsere zentrale Bestrebung besteht darin, f\u00fcr einen nahtlosen \u00dcbergang f\u00fcr alle Kunden zu sorgen\u201c, betont Alexandra Schless. \u201eDar\u00fcber hinaus ist es unser Ziel, Mehrwerte durch unsere Expertenteams sowohl in technischen Bereichen als auch im Kundenservice zu schaffen.\u201c[\/vc_column_text]\n    <picture class=\"responsive-picture \">\n                                              <source srcset=\"https:\/\/www.northcdatacenters.com\/de\/wp-content\/uploads\/sites\/5\/2025\/09\/Alexandra-Schless-CEO-NorthC-mobile-1.webp 579w, https:\/\/www.northcdatacenters.com\/de\/wp-content\/uploads\/sites\/5\/2025\/09\/Alexandra-Schless-CEO-NorthC-mobile-1-290x300.webp 290w, https:\/\/www.northcdatacenters.com\/de\/wp-content\/uploads\/sites\/5\/2025\/09\/Alexandra-Schless-CEO-NorthC-mobile-1-175x181.webp 175w, https:\/\/www.northcdatacenters.com\/de\/wp-content\/uploads\/sites\/5\/2025\/09\/Alexandra-Schless-CEO-NorthC-mobile-1-347x360.webp 347w, https:\/\/www.northcdatacenters.com\/de\/wp-content\/uploads\/sites\/5\/2025\/09\/Alexandra-Schless-CEO-NorthC-mobile-1-483x500.webp 483w\" media=\"(min-width: 768px)\">\n                                                  <source srcset=\"https:\/\/www.northcdatacenters.com\/de\/wp-content\/uploads\/sites\/5\/2025\/09\/Alexandra-Schless-CEO-NorthC-mobile-1.webp 579w, https:\/\/www.northcdatacenters.com\/de\/wp-content\/uploads\/sites\/5\/2025\/09\/Alexandra-Schless-CEO-NorthC-mobile-1-290x300.webp 290w, https:\/\/www.northcdatacenters.com\/de\/wp-content\/uploads\/sites\/5\/2025\/09\/Alexandra-Schless-CEO-NorthC-mobile-1-175x181.webp 175w, https:\/\/www.northcdatacenters.com\/de\/wp-content\/uploads\/sites\/5\/2025\/09\/Alexandra-Schless-CEO-NorthC-mobile-1-347x360.webp 347w, https:\/\/www.northcdatacenters.com\/de\/wp-content\/uploads\/sites\/5\/2025\/09\/Alexandra-Schless-CEO-NorthC-mobile-1-483x500.webp 483w\" media=\"(min-width: 576px)\">\n                        \n      <img decoding=\"async\" src=\"https:\/\/www.northcdatacenters.com\/de\/wp-content\/uploads\/sites\/5\/2025\/09\/Alexandra-Schless-CEO-NorthC-mobile-1.webp\" alt=\"\" loading=\"auto\" width=\"\" height=\"\">\n    <\/picture>\n[vc_column_text]<em>Alexandra Schless, Group CEO NorthC<\/em>[\/vc_column_text][\/vc_column][\/vc_row][vc_row el_id=&#8220;insights&#8220;][vc_column]<div class=\"title d-flex flex-wrap  justify-content-between gap-4 mb-12\">\n  <div class=\"d-flex flex-column \">\n          <h3 class=\"chapeau text-base text-gray-500\">Insights<\/h3>\n    \n    <div class=\"d-flex flex-column gap-4\">\n      <h2 class=\"mb-2\">Weitere Pressemitteilungen<\/h2>\n\n              <p class=\"text-base lh15 mb-2\">Hier finden Sie weitere Pressemitteilungen rund um die Colt-Akquisition sowie unsere Expansion in der DACH-Region<\/p>\n          <\/div>\n\n    \n\n  <\/div>\n  <\/div>\n<div class=\"related-insights card-list\">\n      \n<div class=\"card card-horizontal has-description\">\n  <div class=\"card-img-wrap aspect-ratio bg-gray-300\" style=\"--aspect-ratio: 1.41\">\n          <img decoding=\"async\" src=\"https:\/\/www.northcdatacenters.com\/de\/wp-content\/uploads\/sites\/5\/2025\/04\/NorthC-data-centers-Colt-510x360.webp\" srcset=\"\"\n  class=\"card-img h-100 bg-gray-300 inherit-aspect-ratio\" style=\"\"\n  loading=\"lazy\"\n  sizes=\"400px\" \/>    \n    <div class=\"card-img-overlay\">\n              <span class=\"tag text-bg-white\">\n          1 Min. Lesezeit        <\/span>\n          <\/div>\n  <\/div>\n\n  <div class=\"card-body\">\n    <div class=\"card-title mb-2\">\n      NorthC erwirbt sechs Rechenzentren von Colt Technology Services in Deutschland und den Niederlanden    <\/div>\n\n          <div class=\"chapeau\">\n        Artikel      <\/div>\n    \n          <p class=\"card-text mb-0\">\n        Die Transaktion umfasst Rechenzentren in wichtigen Metropolregionen wie Frankfurt, Berlin, Hamburg, M\u00fcnchen, D\u00fcsseldorf und Amsterdam. Die Datacenter haben zusammen eine Leistungsverf\u00fcgbarkeit von \u00fcber 25 MW.      <\/p>\n      <\/div>\n\n  \n  <a href=\"https:\/\/www.northcdatacenters.com\/de\/nachrichten\/uebernahme-rechenzentren-colt\/\" class=\"stretched-link\" target=\"\">\n    <span class=\"card-btn material-symbols-outlined m-0\" aria-hidden=\"true\"><jello-icon name=\"material\/arrow_right_alt\"><\/jello-icon><\/span>\n  <\/a>\n<\/div>      \n<div class=\"card card-horizontal\">\n  <div class=\"card-img-wrap aspect-ratio bg-gray-300\" style=\"--aspect-ratio: 1.41\">\n          <img decoding=\"async\" src=\"https:\/\/www.northcdatacenters.com\/de\/wp-content\/uploads\/sites\/5\/2025\/03\/cropped-img-wintherthur-basel-2@2x-510x360.webp\" srcset=\"\"\n  class=\"card-img h-100 bg-gray-300 inherit-aspect-ratio\" style=\"\"\n  loading=\"lazy\"\n  sizes=\"400px\" \/>    \n    <div class=\"card-img-overlay\">\n              <span class=\"tag text-bg-white\">\n          2 Min. Lesezeit        <\/span>\n          <\/div>\n  <\/div>\n\n  <div class=\"card-body\">\n    <div class=\"card-title mb-2\">\n      NorthC weiht Datacenter in Winterthur offiziell ein    <\/div>\n\n          <div class=\"chapeau\">\n        Artikel      <\/div>\n    \n      <\/div>\n\n  \n  <a href=\"https:\/\/www.northcdatacenters.com\/de\/nachrichten\/northc-weiht-datacenter-in-winterthur-offiziell-ein\/\" class=\"stretched-link\" target=\"\">\n    <span class=\"card-btn material-symbols-outlined m-0\" aria-hidden=\"true\"><jello-icon name=\"material\/arrow_right_alt\"><\/jello-icon><\/span>\n  <\/a>\n<\/div>      \n<div class=\"card card-horizontal\">\n  <div class=\"card-img-wrap aspect-ratio bg-gray-300\" style=\"--aspect-ratio: 1.41\">\n          <img decoding=\"async\" src=\"https:\/\/www.northcdatacenters.com\/de\/wp-content\/uploads\/sites\/5\/2024\/01\/MicrosoftTeams-image-3-510x360.webp\" srcset=\"\"\n  class=\"card-img h-100 bg-gray-300 inherit-aspect-ratio\" style=\"\"\n  loading=\"lazy\"\n  sizes=\"400px\" \/>    \n    <div class=\"card-img-overlay\">\n              <span class=\"tag text-bg-white\">\n          1 Min. Lesezeit        <\/span>\n          <\/div>\n  <\/div>\n\n  <div class=\"card-body\">\n    <div class=\"card-title mb-2\">\n      NorthC steigt in den Frankfurter Rechenzentrumsmarkt ein    <\/div>\n\n          <div class=\"chapeau\">\n        Artikel      <\/div>\n    \n      <\/div>\n\n  \n  <a href=\"https:\/\/www.northcdatacenters.com\/de\/nachrichten\/northc-steigt-in-den-frankfurter-rechenzentrumsmarkt-ein\/\" class=\"stretched-link\" target=\"\">\n    <span class=\"card-btn material-symbols-outlined m-0\" aria-hidden=\"true\"><jello-icon name=\"material\/arrow_right_alt\"><\/jello-icon><\/span>\n  <\/a>\n<\/div>  <\/div>\n\n[\/vc_column][\/vc_row][vc_row full_width=&#8220;stretch_row&#8220; north_c_background_color=&#8220;bg-gray-200&#8243;][vc_column]<div class=\"cta\">\n  <div class=\"cta-grid\">\n    <div class=\"cta-picture\">\n      <picture class=\"responsive-picture d-block\">\n  <img decoding=\"async\" src=\"https:\/\/www.northcdatacenters.com\/de\/wp-content\/uploads\/sites\/5\/2025\/06\/Murat-Turgut-Kontakt-NorthC-1256x1256.webp\" srcset=\"https:\/\/www.northcdatacenters.com\/de\/wp-content\/uploads\/sites\/5\/2025\/06\/Murat-Turgut-Kontakt-NorthC-1256x1256.webp 1256w, https:\/\/www.northcdatacenters.com\/de\/wp-content\/uploads\/sites\/5\/2025\/06\/Murat-Turgut-Kontakt-NorthC-300x300.webp 300w, https:\/\/www.northcdatacenters.com\/de\/wp-content\/uploads\/sites\/5\/2025\/06\/Murat-Turgut-Kontakt-NorthC-1024x1024.webp 1024w, https:\/\/www.northcdatacenters.com\/de\/wp-content\/uploads\/sites\/5\/2025\/06\/Murat-Turgut-Kontakt-NorthC-768x768.webp 768w, https:\/\/www.northcdatacenters.com\/de\/wp-content\/uploads\/sites\/5\/2025\/06\/Murat-Turgut-Kontakt-NorthC-1536x1536.webp 1536w, https:\/\/www.northcdatacenters.com\/de\/wp-content\/uploads\/sites\/5\/2025\/06\/Murat-Turgut-Kontakt-NorthC-250x250.webp 250w, https:\/\/www.northcdatacenters.com\/de\/wp-content\/uploads\/sites\/5\/2025\/06\/Murat-Turgut-Kontakt-NorthC-740x740.webp 740w, https:\/\/www.northcdatacenters.com\/de\/wp-content\/uploads\/sites\/5\/2025\/06\/Murat-Turgut-Kontakt-NorthC-175x175.webp 175w, https:\/\/www.northcdatacenters.com\/de\/wp-content\/uploads\/sites\/5\/2025\/06\/Murat-Turgut-Kontakt-NorthC-360x360.webp 360w, https:\/\/www.northcdatacenters.com\/de\/wp-content\/uploads\/sites\/5\/2025\/06\/Murat-Turgut-Kontakt-NorthC-500x500.webp 500w, https:\/\/www.northcdatacenters.com\/de\/wp-content\/uploads\/sites\/5\/2025\/06\/Murat-Turgut-Kontakt-NorthC.webp 1920w\"\n  class=\"\" style=\"\"\n  loading=\"lazy\"\n  sizes=\"(min-width: 992px) 1280px, 100vw\" \/><\/picture>\n          <\/div>\n\n    <div class=\"text text-white d-flex flex-column gap-4 justify-content-center align-items-center p-6 pb-12 px-lg-12 px-xxl-28\">\n      <h6 class=\"text-primary lh214 font-extrabold text-center mb-0\">Kontakt <\/h6>\n      <h3 class=\"mb-2 text-center text-sm-5xl mb-sm-6 text-balance\">M\u00f6chten Sie weitere Neuigkeiten, Tipps und Wissens-Updates von uns erhalten?<\/h3>\n      <div class=\"buttons d-flex flex-column flex-lg-row flex-wrap gap-4 align-items-center justify-content-center dark-background\">\n                  \n  <button class=\"btn btn-primary\" type=\"button\" data-bs-toggle=\"offcanvas\" data-bs-target=\"#offcanvas_39\" aria-controls=\"offcanvas_39\">\n    Newsletter anmelden  <\/button>\n                  \n  \n  <button class=\"btn btn-secondary\" type=\"button\" data-bs-toggle=\"offcanvas\" data-bs-target=\"#offcanvas_28\" aria-controls=\"offcanvas_28\">\n    Kontakt aufnehmen  <\/button>\n\n              <\/div>\n    <\/div>\n  <\/div>\n<\/div>[\/vc_column][\/vc_row]<\/p>\n<\/div>","protected":false},"excerpt":{"rendered":"<p>[vc_row vc_row_spacing=&#8220;dont-add-spacer adds-own-spacer add-spacer-top&#8220;][vc_column][vc_column_text]Amsterdam, Niederlande, 01. September 2025 &#8211; NorthC, ein f\u00fchrender regionaler Anbieter von Datacenter in Nordwesteuropa, hat den Abschluss seiner Akquisition von sechs Rechenzentren der Colt Technology Services bekanntgegeben. Zum 1. September \u00fcbernimmt NorthC den Betrieb der Standorte in Frankfurt, Berlin, Hamburg, M\u00fcnchen und D\u00fcsseldorf sowie Amsterdam in den Niederlanden.[\/vc_column_text][\/vc_column][\/vc_row][vc_row full_width=&#8220;stretch_row_content&#8220;][vc_column][\/vc_column][\/vc_row][vc_row vc_row_spacing=&#8220;dont-add-spacer adds-own-spacer &#8230;<\/p>\n","protected":false},"author":17,"featured_media":27369,"comment_status":"closed","ping_status":"closed","sticky":false,"template":"","format":"standard","meta":{"_acf_changed":false,"_relevanssi_hide_post":"","_relevanssi_hide_content":"","_relevanssi_pin_for_all":"","_relevanssi_pin_keywords":"","_relevanssi_unpin_keywords":"","_relevanssi_related_keywords":"","_relevanssi_related_include_ids":"","_relevanssi_related_exclude_ids":"","_relevanssi_related_no_append":"","_relevanssi_related_not_related":"","_relevanssi_related_posts":"","_relevanssi_noindex_reason":"","footnotes":""},"categories":[1],"tags":[],"class_list":["post-27368","post","type-post","status-publish","format-standard","has-post-thumbnail","hentry","category-nachrichten"],"acf":[],"yoast_head":"<!-- This site is optimized with the Yoast SEO Premium plugin v27.4 (Yoast SEO v27.4) - https:\/\/yoast.com\/product\/yoast-seo-premium-wordpress\/ -->\n<title>NorthC schlie\u00dft Akquisition von sechs Rechenzentren der Colt Technology Services ab - NorthC Datacenters (DE)<\/title>\n<meta name=\"robots\" content=\"index, follow, max-snippet:-1, max-image-preview:large, max-video-preview:-1\" \/>\n<link rel=\"canonical\" href=\"https:\/\/www.northcdatacenters.com\/de\/nachrichten\/northc-schliesst-akquisition-von-sechs-rechenzentren-der-colt-technology-services-ab\/\" \/>\n<meta property=\"og:locale\" content=\"de_DE\" \/>\n<meta property=\"og:type\" content=\"article\" \/>\n<meta property=\"og:title\" content=\"NorthC schlie\u00dft Akquisition von sechs Rechenzentren der Colt Technology Services ab\" \/>\n<meta property=\"og:description\" content=\"[vc_row vc_row_spacing=&#8220;dont-add-spacer adds-own-spacer add-spacer-top&#8220;][vc_column][vc_column_text]Amsterdam, Niederlande, 01. September 2025 &#8211; NorthC, ein f\u00fchrender regionaler Anbieter von Datacenter in Nordwesteuropa, hat den Abschluss seiner Akquisition von sechs Rechenzentren der Colt Technology Services bekanntgegeben. Zum 1. September \u00fcbernimmt NorthC den Betrieb der Standorte in Frankfurt, Berlin, Hamburg, M\u00fcnchen und D\u00fcsseldorf sowie Amsterdam in den Niederlanden.[\/vc_column_text][\/vc_column][\/vc_row][vc_row full_width=&#8220;stretch_row_content&#8220;][vc_column][\/vc_column][\/vc_row][vc_row vc_row_spacing=&#8220;dont-add-spacer adds-own-spacer ...\" \/>\n<meta property=\"og:url\" content=\"https:\/\/www.northcdatacenters.com\/de\/nachrichten\/northc-schliesst-akquisition-von-sechs-rechenzentren-der-colt-technology-services-ab\/\" \/>\n<meta property=\"og:site_name\" content=\"NorthC Datacenters (DE)\" \/>\n<meta property=\"article:published_time\" content=\"2025-09-01T09:25:26+00:00\" \/>\n<meta property=\"article:modified_time\" content=\"2025-09-01T09:31:09+00:00\" \/>\n<meta property=\"og:image\" content=\"https:\/\/www.northcdatacenters.com\/de\/wp-content\/uploads\/sites\/5\/2025\/09\/NorthC-Germany-Netherlands.webp\" \/>\n\t<meta property=\"og:image:width\" content=\"1920\" \/>\n\t<meta property=\"og:image:height\" content=\"910\" \/>\n\t<meta property=\"og:image:type\" content=\"image\/jpeg\" \/>\n<meta name=\"author\" content=\"christianleupold\" \/>\n<meta name=\"twitter:card\" content=\"summary_large_image\" \/>\n<meta name=\"twitter:label1\" content=\"Verfasst von\" \/>\n\t<meta name=\"twitter:data1\" content=\"christianleupold\" \/>\n\t<meta name=\"twitter:label2\" content=\"Gesch\u00e4tzte Lesezeit\" \/>\n\t<meta name=\"twitter:data2\" content=\"3\u00a0Minuten\" \/>\n<script type=\"application\/ld+json\" class=\"yoast-schema-graph\">{\"@context\":\"https:\\\/\\\/schema.org\",\"@graph\":[{\"@type\":\"Article\",\"@id\":\"https:\\\/\\\/www.northcdatacenters.com\\\/de\\\/nachrichten\\\/northc-schliesst-akquisition-von-sechs-rechenzentren-der-colt-technology-services-ab\\\/#article\",\"isPartOf\":{\"@id\":\"https:\\\/\\\/www.northcdatacenters.com\\\/de\\\/nachrichten\\\/northc-schliesst-akquisition-von-sechs-rechenzentren-der-colt-technology-services-ab\\\/\"},\"author\":{\"name\":\"christianleupold\",\"@id\":\"https:\\\/\\\/www.northcdatacenters.com\\\/de\\\/#\\\/schema\\\/person\\\/d463beb3495e572be9b31117077a7018\"},\"headline\":\"NorthC schlie\u00dft Akquisition von sechs Rechenzentren der Colt Technology Services ab\",\"datePublished\":\"2025-09-01T09:25:26+00:00\",\"dateModified\":\"2025-09-01T09:31:09+00:00\",\"mainEntityOfPage\":{\"@id\":\"https:\\\/\\\/www.northcdatacenters.com\\\/de\\\/nachrichten\\\/northc-schliesst-akquisition-von-sechs-rechenzentren-der-colt-technology-services-ab\\\/\"},\"wordCount\":694,\"publisher\":{\"@id\":\"https:\\\/\\\/www.northcdatacenters.com\\\/de\\\/#organization\"},\"image\":{\"@id\":\"https:\\\/\\\/www.northcdatacenters.com\\\/de\\\/nachrichten\\\/northc-schliesst-akquisition-von-sechs-rechenzentren-der-colt-technology-services-ab\\\/#primaryimage\"},\"thumbnailUrl\":\"https:\\\/\\\/www.northcdatacenters.com\\\/de\\\/wp-content\\\/uploads\\\/sites\\\/5\\\/2025\\\/09\\\/NorthC-Germany-Netherlands.webp\",\"articleSection\":[\"Nachrichten\"],\"inLanguage\":\"de\"},{\"@type\":\"WebPage\",\"@id\":\"https:\\\/\\\/www.northcdatacenters.com\\\/de\\\/nachrichten\\\/northc-schliesst-akquisition-von-sechs-rechenzentren-der-colt-technology-services-ab\\\/\",\"url\":\"https:\\\/\\\/www.northcdatacenters.com\\\/de\\\/nachrichten\\\/northc-schliesst-akquisition-von-sechs-rechenzentren-der-colt-technology-services-ab\\\/\",\"name\":\"NorthC schlie\u00dft Akquisition von sechs Rechenzentren der Colt Technology Services ab - NorthC Datacenters (DE)\",\"isPartOf\":{\"@id\":\"https:\\\/\\\/www.northcdatacenters.com\\\/de\\\/#website\"},\"primaryImageOfPage\":{\"@id\":\"https:\\\/\\\/www.northcdatacenters.com\\\/de\\\/nachrichten\\\/northc-schliesst-akquisition-von-sechs-rechenzentren-der-colt-technology-services-ab\\\/#primaryimage\"},\"image\":{\"@id\":\"https:\\\/\\\/www.northcdatacenters.com\\\/de\\\/nachrichten\\\/northc-schliesst-akquisition-von-sechs-rechenzentren-der-colt-technology-services-ab\\\/#primaryimage\"},\"thumbnailUrl\":\"https:\\\/\\\/www.northcdatacenters.com\\\/de\\\/wp-content\\\/uploads\\\/sites\\\/5\\\/2025\\\/09\\\/NorthC-Germany-Netherlands.webp\",\"datePublished\":\"2025-09-01T09:25:26+00:00\",\"dateModified\":\"2025-09-01T09:31:09+00:00\",\"breadcrumb\":{\"@id\":\"https:\\\/\\\/www.northcdatacenters.com\\\/de\\\/nachrichten\\\/northc-schliesst-akquisition-von-sechs-rechenzentren-der-colt-technology-services-ab\\\/#breadcrumb\"},\"inLanguage\":\"de\",\"potentialAction\":[{\"@type\":\"ReadAction\",\"target\":[\"https:\\\/\\\/www.northcdatacenters.com\\\/de\\\/nachrichten\\\/northc-schliesst-akquisition-von-sechs-rechenzentren-der-colt-technology-services-ab\\\/\"]}]},{\"@type\":\"ImageObject\",\"inLanguage\":\"de\",\"@id\":\"https:\\\/\\\/www.northcdatacenters.com\\\/de\\\/nachrichten\\\/northc-schliesst-akquisition-von-sechs-rechenzentren-der-colt-technology-services-ab\\\/#primaryimage\",\"url\":\"https:\\\/\\\/www.northcdatacenters.com\\\/de\\\/wp-content\\\/uploads\\\/sites\\\/5\\\/2025\\\/09\\\/NorthC-Germany-Netherlands.webp\",\"contentUrl\":\"https:\\\/\\\/www.northcdatacenters.com\\\/de\\\/wp-content\\\/uploads\\\/sites\\\/5\\\/2025\\\/09\\\/NorthC-Germany-Netherlands.webp\",\"width\":1920,\"height\":910},{\"@type\":\"BreadcrumbList\",\"@id\":\"https:\\\/\\\/www.northcdatacenters.com\\\/de\\\/nachrichten\\\/northc-schliesst-akquisition-von-sechs-rechenzentren-der-colt-technology-services-ab\\\/#breadcrumb\",\"itemListElement\":[{\"@type\":\"ListItem\",\"position\":1,\"name\":\"Home\",\"item\":\"https:\\\/\\\/www.northcdatacenters.com\\\/de\\\/\"},{\"@type\":\"ListItem\",\"position\":2,\"name\":\"NorthC schlie\u00dft Akquisition von sechs Rechenzentren der Colt Technology Services ab\"}]},{\"@type\":\"WebSite\",\"@id\":\"https:\\\/\\\/www.northcdatacenters.com\\\/de\\\/#website\",\"url\":\"https:\\\/\\\/www.northcdatacenters.com\\\/de\\\/\",\"name\":\"NorthC Datacenters\",\"description\":\"Digital business, Personal connections.\",\"publisher\":{\"@id\":\"https:\\\/\\\/www.northcdatacenters.com\\\/de\\\/#organization\"},\"potentialAction\":[{\"@type\":\"SearchAction\",\"target\":{\"@type\":\"EntryPoint\",\"urlTemplate\":\"https:\\\/\\\/www.northcdatacenters.com\\\/de\\\/?s={search_term_string}\"},\"query-input\":{\"@type\":\"PropertyValueSpecification\",\"valueRequired\":true,\"valueName\":\"search_term_string\"}}],\"inLanguage\":\"de\"},{\"@type\":\"Organization\",\"@id\":\"https:\\\/\\\/www.northcdatacenters.com\\\/de\\\/#organization\",\"name\":\"NorthC Datacenters\",\"url\":\"https:\\\/\\\/www.northcdatacenters.com\\\/de\\\/\",\"logo\":{\"@type\":\"ImageObject\",\"inLanguage\":\"de\",\"@id\":\"https:\\\/\\\/www.northcdatacenters.com\\\/de\\\/#\\\/schema\\\/logo\\\/image\\\/\",\"url\":\"https:\\\/\\\/www.northcdatacenters.com\\\/de\\\/wp-content\\\/uploads\\\/sites\\\/5\\\/2024\\\/11\\\/Logo_NorthC.svg\",\"contentUrl\":\"https:\\\/\\\/www.northcdatacenters.com\\\/de\\\/wp-content\\\/uploads\\\/sites\\\/5\\\/2024\\\/11\\\/Logo_NorthC.svg\",\"width\":110,\"height\":24,\"caption\":\"NorthC Datacenters\"},\"image\":{\"@id\":\"https:\\\/\\\/www.northcdatacenters.com\\\/de\\\/#\\\/schema\\\/logo\\\/image\\\/\"},\"sameAs\":[\"https:\\\/\\\/www.linkedin.com\\\/company\\\/northc-datacenters-deutschland\\\/\"]},{\"@type\":\"Person\",\"@id\":\"https:\\\/\\\/www.northcdatacenters.com\\\/de\\\/#\\\/schema\\\/person\\\/d463beb3495e572be9b31117077a7018\",\"name\":\"christianleupold\",\"url\":\"https:\\\/\\\/www.northcdatacenters.com\\\/de\\\/author\\\/christianleupold\\\/\"}]}<\/script>\n<!-- \/ Yoast SEO Premium plugin. -->","yoast_head_json":{"title":"NorthC schlie\u00dft Akquisition von sechs Rechenzentren der Colt Technology Services ab - NorthC Datacenters (DE)","robots":{"index":"index","follow":"follow","max-snippet":"max-snippet:-1","max-image-preview":"max-image-preview:large","max-video-preview":"max-video-preview:-1"},"canonical":"https:\/\/www.northcdatacenters.com\/de\/nachrichten\/northc-schliesst-akquisition-von-sechs-rechenzentren-der-colt-technology-services-ab\/","og_locale":"de_DE","og_type":"article","og_title":"NorthC schlie\u00dft Akquisition von sechs Rechenzentren der Colt Technology Services ab","og_description":"[vc_row vc_row_spacing=&#8220;dont-add-spacer adds-own-spacer add-spacer-top&#8220;][vc_column][vc_column_text]Amsterdam, Niederlande, 01. September 2025 &#8211; NorthC, ein f\u00fchrender regionaler Anbieter von Datacenter in Nordwesteuropa, hat den Abschluss seiner Akquisition von sechs Rechenzentren der Colt Technology Services bekanntgegeben. Zum 1. September \u00fcbernimmt NorthC den Betrieb der Standorte in Frankfurt, Berlin, Hamburg, M\u00fcnchen und D\u00fcsseldorf sowie Amsterdam in den Niederlanden.[\/vc_column_text][\/vc_column][\/vc_row][vc_row full_width=&#8220;stretch_row_content&#8220;][vc_column][\/vc_column][\/vc_row][vc_row vc_row_spacing=&#8220;dont-add-spacer adds-own-spacer ...","og_url":"https:\/\/www.northcdatacenters.com\/de\/nachrichten\/northc-schliesst-akquisition-von-sechs-rechenzentren-der-colt-technology-services-ab\/","og_site_name":"NorthC Datacenters (DE)","article_published_time":"2025-09-01T09:25:26+00:00","article_modified_time":"2025-09-01T09:31:09+00:00","og_image":[{"width":1920,"height":910,"url":"https:\/\/www.northcdatacenters.com\/de\/wp-content\/uploads\/sites\/5\/2025\/09\/NorthC-Germany-Netherlands.webp","type":"image\/jpeg"}],"author":"christianleupold","twitter_card":"summary_large_image","twitter_misc":{"Verfasst von":"christianleupold","Gesch\u00e4tzte Lesezeit":"3\u00a0Minuten"},"schema":{"@context":"https:\/\/schema.org","@graph":[{"@type":"Article","@id":"https:\/\/www.northcdatacenters.com\/de\/nachrichten\/northc-schliesst-akquisition-von-sechs-rechenzentren-der-colt-technology-services-ab\/#article","isPartOf":{"@id":"https:\/\/www.northcdatacenters.com\/de\/nachrichten\/northc-schliesst-akquisition-von-sechs-rechenzentren-der-colt-technology-services-ab\/"},"author":{"name":"christianleupold","@id":"https:\/\/www.northcdatacenters.com\/de\/#\/schema\/person\/d463beb3495e572be9b31117077a7018"},"headline":"NorthC schlie\u00dft Akquisition von sechs Rechenzentren der Colt Technology Services ab","datePublished":"2025-09-01T09:25:26+00:00","dateModified":"2025-09-01T09:31:09+00:00","mainEntityOfPage":{"@id":"https:\/\/www.northcdatacenters.com\/de\/nachrichten\/northc-schliesst-akquisition-von-sechs-rechenzentren-der-colt-technology-services-ab\/"},"wordCount":694,"publisher":{"@id":"https:\/\/www.northcdatacenters.com\/de\/#organization"},"image":{"@id":"https:\/\/www.northcdatacenters.com\/de\/nachrichten\/northc-schliesst-akquisition-von-sechs-rechenzentren-der-colt-technology-services-ab\/#primaryimage"},"thumbnailUrl":"https:\/\/www.northcdatacenters.com\/de\/wp-content\/uploads\/sites\/5\/2025\/09\/NorthC-Germany-Netherlands.webp","articleSection":["Nachrichten"],"inLanguage":"de"},{"@type":"WebPage","@id":"https:\/\/www.northcdatacenters.com\/de\/nachrichten\/northc-schliesst-akquisition-von-sechs-rechenzentren-der-colt-technology-services-ab\/","url":"https:\/\/www.northcdatacenters.com\/de\/nachrichten\/northc-schliesst-akquisition-von-sechs-rechenzentren-der-colt-technology-services-ab\/","name":"NorthC schlie\u00dft Akquisition von sechs Rechenzentren der Colt Technology Services ab - NorthC Datacenters (DE)","isPartOf":{"@id":"https:\/\/www.northcdatacenters.com\/de\/#website"},"primaryImageOfPage":{"@id":"https:\/\/www.northcdatacenters.com\/de\/nachrichten\/northc-schliesst-akquisition-von-sechs-rechenzentren-der-colt-technology-services-ab\/#primaryimage"},"image":{"@id":"https:\/\/www.northcdatacenters.com\/de\/nachrichten\/northc-schliesst-akquisition-von-sechs-rechenzentren-der-colt-technology-services-ab\/#primaryimage"},"thumbnailUrl":"https:\/\/www.northcdatacenters.com\/de\/wp-content\/uploads\/sites\/5\/2025\/09\/NorthC-Germany-Netherlands.webp","datePublished":"2025-09-01T09:25:26+00:00","dateModified":"2025-09-01T09:31:09+00:00","breadcrumb":{"@id":"https:\/\/www.northcdatacenters.com\/de\/nachrichten\/northc-schliesst-akquisition-von-sechs-rechenzentren-der-colt-technology-services-ab\/#breadcrumb"},"inLanguage":"de","potentialAction":[{"@type":"ReadAction","target":["https:\/\/www.northcdatacenters.com\/de\/nachrichten\/northc-schliesst-akquisition-von-sechs-rechenzentren-der-colt-technology-services-ab\/"]}]},{"@type":"ImageObject","inLanguage":"de","@id":"https:\/\/www.northcdatacenters.com\/de\/nachrichten\/northc-schliesst-akquisition-von-sechs-rechenzentren-der-colt-technology-services-ab\/#primaryimage","url":"https:\/\/www.northcdatacenters.com\/de\/wp-content\/uploads\/sites\/5\/2025\/09\/NorthC-Germany-Netherlands.webp","contentUrl":"https:\/\/www.northcdatacenters.com\/de\/wp-content\/uploads\/sites\/5\/2025\/09\/NorthC-Germany-Netherlands.webp","width":1920,"height":910},{"@type":"BreadcrumbList","@id":"https:\/\/www.northcdatacenters.com\/de\/nachrichten\/northc-schliesst-akquisition-von-sechs-rechenzentren-der-colt-technology-services-ab\/#breadcrumb","itemListElement":[{"@type":"ListItem","position":1,"name":"Home","item":"https:\/\/www.northcdatacenters.com\/de\/"},{"@type":"ListItem","position":2,"name":"NorthC schlie\u00dft Akquisition von sechs Rechenzentren der Colt Technology Services ab"}]},{"@type":"WebSite","@id":"https:\/\/www.northcdatacenters.com\/de\/#website","url":"https:\/\/www.northcdatacenters.com\/de\/","name":"NorthC Datacenters","description":"Digital business, Personal connections.","publisher":{"@id":"https:\/\/www.northcdatacenters.com\/de\/#organization"},"potentialAction":[{"@type":"SearchAction","target":{"@type":"EntryPoint","urlTemplate":"https:\/\/www.northcdatacenters.com\/de\/?s={search_term_string}"},"query-input":{"@type":"PropertyValueSpecification","valueRequired":true,"valueName":"search_term_string"}}],"inLanguage":"de"},{"@type":"Organization","@id":"https:\/\/www.northcdatacenters.com\/de\/#organization","name":"NorthC Datacenters","url":"https:\/\/www.northcdatacenters.com\/de\/","logo":{"@type":"ImageObject","inLanguage":"de","@id":"https:\/\/www.northcdatacenters.com\/de\/#\/schema\/logo\/image\/","url":"https:\/\/www.northcdatacenters.com\/de\/wp-content\/uploads\/sites\/5\/2024\/11\/Logo_NorthC.svg","contentUrl":"https:\/\/www.northcdatacenters.com\/de\/wp-content\/uploads\/sites\/5\/2024\/11\/Logo_NorthC.svg","width":110,"height":24,"caption":"NorthC Datacenters"},"image":{"@id":"https:\/\/www.northcdatacenters.com\/de\/#\/schema\/logo\/image\/"},"sameAs":["https:\/\/www.linkedin.com\/company\/northc-datacenters-deutschland\/"]},{"@type":"Person","@id":"https:\/\/www.northcdatacenters.com\/de\/#\/schema\/person\/d463beb3495e572be9b31117077a7018","name":"christianleupold","url":"https:\/\/www.northcdatacenters.com\/de\/author\/christianleupold\/"}]}},"_links":{"self":[{"href":"https:\/\/www.northcdatacenters.com\/de\/wp-json\/wp\/v2\/posts\/27368","targetHints":{"allow":["GET"]}}],"collection":[{"href":"https:\/\/www.northcdatacenters.com\/de\/wp-json\/wp\/v2\/posts"}],"about":[{"href":"https:\/\/www.northcdatacenters.com\/de\/wp-json\/wp\/v2\/types\/post"}],"author":[{"embeddable":true,"href":"https:\/\/www.northcdatacenters.com\/de\/wp-json\/wp\/v2\/users\/17"}],"replies":[{"embeddable":true,"href":"https:\/\/www.northcdatacenters.com\/de\/wp-json\/wp\/v2\/comments?post=27368"}],"version-history":[{"count":5,"href":"https:\/\/www.northcdatacenters.com\/de\/wp-json\/wp\/v2\/posts\/27368\/revisions"}],"predecessor-version":[{"id":27416,"href":"https:\/\/www.northcdatacenters.com\/de\/wp-json\/wp\/v2\/posts\/27368\/revisions\/27416"}],"wp:featuredmedia":[{"embeddable":true,"href":"https:\/\/www.northcdatacenters.com\/de\/wp-json\/wp\/v2\/media\/27369"}],"wp:attachment":[{"href":"https:\/\/www.northcdatacenters.com\/de\/wp-json\/wp\/v2\/media?parent=27368"}],"wp:term":[{"taxonomy":"category","embeddable":true,"href":"https:\/\/www.northcdatacenters.com\/de\/wp-json\/wp\/v2\/categories?post=27368"},{"taxonomy":"post_tag","embeddable":true,"href":"https:\/\/www.northcdatacenters.com\/de\/wp-json\/wp\/v2\/tags?post=27368"}],"curies":[{"name":"wp","href":"https:\/\/api.w.org\/{rel}","templated":true}]}}